{"id":50934,"date":"2016-05-10T00:00:00","date_gmt":"2016-05-10T00:00:00","guid":{"rendered":"http:\/\/www.fondazionepirelli.org\/fondazione-pirelli\/cittadinanza-dimpresa\/"},"modified":"2019-05-27T12:44:12","modified_gmt":"2019-05-27T12:44:12","slug":"cittadinanza-dimpresa","status":"publish","type":"post","link":"https:\/\/www.fondazionepirelli.org\/it\/cultura-dimpresa\/cittadinanza-dimpresa\/","title":{"rendered":"Cittadinanza d\u2019impresa"},"content":{"rendered":"<p style=\"text-align: justify;\">Un articolo appena pubblicato nel Michigan, fornisce una nuova visione dell\u2019agire sociale delle organizzazioni della produzione<\/p>\n<p style=\"text-align: justify;\">L\u2019impresa \u00e8 un elemento del sistema sociale. Coinvolge uomini e donne, d\u00e0 un\u2019impronta al territorio, fornisce ovviamente strumenti per vivere, condiziona rapporti umani, pu\u00f2 essere elemento positivo per il futuro ma, occorre dirlo, pu\u00f2 trasformarsi in ipoteca per le generazioni prossime. Di questo ruolo pressoch\u00e9 tutti ne sono ormai consapevoli. E si d\u00e0 spazio, per conseguenza, a ci\u00f2 che viene indicata sinteticamente come Responsabilit\u00e0 sociale d\u2019impresa (Rsi). Insieme ancora fluttuante di azioni e reazioni, di idee verso l\u2019esterno e di riflessi all\u2019interno dell\u2019organizzazione della produzione, la Rsi deve essere compresa bene per coglierne le possibilit\u00e0 e i limiti.<\/p>\n<p style=\"text-align: justify;\">\nLeggere \u201cResponsible Innovation in Industry: A Cautionary Note on Corporate Social Responsibility\u201d di Thomas A. Hemphill (della School of Management, University of Michigan-Flint), \u00e8 cosa utile anche per il concetto nuovo che introduce: quello di \u201ccittadinanza d\u2019impresa\u201d (corporate citizenship).<\/p>\n<p style=\"text-align: justify;\">\nHemphill prende in considerazione la Responsabilit\u00e0 sociale d\u2019impresa (RSI) nel campo dell&#8217;innovazione e delle tecnologie emergenti vista come strumento di influenza sulla gestione delle realt\u00e0 produttive di questi comparti. Dopo le imprese della prima e della seconda rivoluzione industriale \u2013 \u00e8 l\u2019idea alla base dell\u2019articolo -, sono in effetti quelle legate alle nuove tecnologie ad essere pi\u00f9 colpite dalle loro responsabilit\u00e0 nei confronti della societ\u00e0. Hemphill, quindi, parte da questa categoria per proporre appunto l\u2019idea di \u201ccittadinanza d&#8217;impresa\u201d che incorpora il concetto di responsabilit\u00e0 sociale nella struttura organizzativa della societ\u00e0 e deriva anche tecnicamente dalla norma ISO 26000 volontaria assunta come standard internazionale da seguire per questo particolare aspetto dell\u2019organizzazione della produzione.<\/p>\n<p style=\"text-align: justify;\">\nL\u2019autore interpreta la \u201ccittadinanza d&#8217;impresa\u201d come quel ruolo, che le organizzazione della produzione possono assumere, fatto di azioni e reazioni nei confronti della societ\u00e0, di considerazione da parte degli altri elementi costitutivi della stessa, di immagine e di contenuti che possono essere promossi da parte di aziende che si occupano di biotecnologie, nanotecnologie e delle tecnologie dell&#8217;informazione; tutto correlato ai rispettivi effetti etici, ambientali e politici. Ne emerge un\u2019immagine a suo modo affascinante: dopo il cittadino che diventa imprenditore, anche la sua creazione pu\u00f2 assumere un ruolo sociale pi\u00f9 definito.<\/p>\n<p style=\"text-align: justify;\">\nArticolo visionario, quello di Hemphill \u00e8 da leggere con attenzione e magari rileggere fra qualche tempo.<\/p><p style=\"text-align: justify;\"><a href=\"\/\/www.tandfonline.com\/doi\/abs\/10.1080\/23299460.2016.1178896\"><strong>Responsible Innovation in Industry: A Cautionary Note on Corporate Social Responsibility<\/strong><\/a><br \/>\nThomas A. Hemphill<br \/>\nJournal of Responsible Innovation, aprile 2016<\/p>\n","protected":false},"excerpt":{"rendered":"<p>Un articolo appena pubblicato nel Michigan, fornisce una nuova visione dell\u2019agire sociale delle organizzazioni della produzione<\/p>\n","protected":false},"author":1,"featured_media":0,"comment_status":"open","ping_status":"open","sticky":false,"template":"","format":"standard","meta":{"footnotes":""},"categories":[54,52],"tags":[],"class_list":["post-50934","post","type-post","status-publish","format-standard","hentry","category-approfondimenti","category-cultura-dimpresa"],"acf":[],"yoast_head":"<!-- This site is optimized with the Yoast SEO plugin v25.0 - https:\/\/yoast.com\/wordpress\/plugins\/seo\/ -->\n<title>Cittadinanza d\u2019impresa - Fondazione Pirelli<\/title>\n<meta name=\"robots\" content=\"index, follow, max-snippet:-1, max-image-preview:large, max-video-preview:-1\" \/>\n<link rel=\"canonical\" href=\"https:\/\/www.fondazionepirelli.org\/it\/cultura-dimpresa\/cittadinanza-dimpresa\/\" \/>\n<meta property=\"og:locale\" content=\"it_IT\" \/>\n<meta property=\"og:type\" content=\"article\" \/>\n<meta property=\"og:title\" content=\"Cittadinanza d\u2019impresa - Fondazione Pirelli\" \/>\n<meta property=\"og:description\" content=\"Un articolo appena pubblicato nel Michigan, fornisce una nuova visione dell\u2019agire sociale delle organizzazioni della produzione\" \/>\n<meta property=\"og:url\" content=\"https:\/\/www.fondazionepirelli.org\/it\/cultura-dimpresa\/cittadinanza-dimpresa\/\" \/>\n<meta property=\"og:site_name\" content=\"Fondazione Pirelli\" \/>\n<meta property=\"article:published_time\" content=\"2016-05-10T00:00:00+00:00\" \/>\n<meta property=\"article:modified_time\" content=\"2019-05-27T12:44:12+00:00\" \/>\n<meta name=\"author\" content=\"fondadmin\" \/>\n<meta name=\"twitter:card\" content=\"summary_large_image\" \/>\n<meta name=\"twitter:label1\" content=\"Scritto da\" \/>\n\t<meta name=\"twitter:data1\" content=\"fondadmin\" \/>\n\t<meta name=\"twitter:label2\" content=\"Tempo di lettura stimato\" \/>\n\t<meta name=\"twitter:data2\" content=\"2 minuti\" \/>\n<script type=\"application\/ld+json\" class=\"yoast-schema-graph\">{\"@context\":\"https:\/\/schema.org\",\"@graph\":[{\"@type\":\"WebPage\",\"@id\":\"https:\/\/www.fondazionepirelli.org\/it\/cultura-dimpresa\/cittadinanza-dimpresa\/\",\"url\":\"https:\/\/www.fondazionepirelli.org\/it\/cultura-dimpresa\/cittadinanza-dimpresa\/\",\"name\":\"Cittadinanza d\u2019impresa - Fondazione Pirelli\",\"isPartOf\":{\"@id\":\"https:\/\/www.fondazionepirelli.org\/it\/#website\"},\"datePublished\":\"2016-05-10T00:00:00+00:00\",\"dateModified\":\"2019-05-27T12:44:12+00:00\",\"author\":{\"@id\":\"https:\/\/www.fondazionepirelli.org\/it\/#\/schema\/person\/f47d097000832c4a6e54538c791fdf25\"},\"breadcrumb\":{\"@id\":\"https:\/\/www.fondazionepirelli.org\/it\/cultura-dimpresa\/cittadinanza-dimpresa\/#breadcrumb\"},\"inLanguage\":\"it-IT\",\"potentialAction\":[{\"@type\":\"ReadAction\",\"target\":[\"https:\/\/www.fondazionepirelli.org\/it\/cultura-dimpresa\/cittadinanza-dimpresa\/\"]}]},{\"@type\":\"BreadcrumbList\",\"@id\":\"https:\/\/www.fondazionepirelli.org\/it\/cultura-dimpresa\/cittadinanza-dimpresa\/#breadcrumb\",\"itemListElement\":[{\"@type\":\"ListItem\",\"position\":1,\"name\":\"Home\",\"item\":\"https:\/\/www.fondazionepirelli.org\/it\/\"},{\"@type\":\"ListItem\",\"position\":2,\"name\":\"Cittadinanza d\u2019impresa\"}]},{\"@type\":\"WebSite\",\"@id\":\"https:\/\/www.fondazionepirelli.org\/it\/#website\",\"url\":\"https:\/\/www.fondazionepirelli.org\/it\/\",\"name\":\"Fondazione Pirelli\",\"description\":\"\",\"potentialAction\":[{\"@type\":\"SearchAction\",\"target\":{\"@type\":\"EntryPoint\",\"urlTemplate\":\"https:\/\/www.fondazionepirelli.org\/it\/?s={search_term_string}\"},\"query-input\":{\"@type\":\"PropertyValueSpecification\",\"valueRequired\":true,\"valueName\":\"search_term_string\"}}],\"inLanguage\":\"it-IT\"},{\"@type\":\"Person\",\"@id\":\"https:\/\/www.fondazionepirelli.org\/it\/#\/schema\/person\/f47d097000832c4a6e54538c791fdf25\",\"name\":\"fondadmin\",\"image\":{\"@type\":\"ImageObject\",\"inLanguage\":\"it-IT\",\"@id\":\"https:\/\/www.fondazionepirelli.org\/it\/#\/schema\/person\/image\/\",\"url\":\"https:\/\/secure.gravatar.com\/avatar\/e69498a9175ca244966e51e53c88712c024fcebe41f9a05f75657f1bb25e489b?s=96&d=mm&r=g\",\"contentUrl\":\"https:\/\/secure.gravatar.com\/avatar\/e69498a9175ca244966e51e53c88712c024fcebe41f9a05f75657f1bb25e489b?s=96&d=mm&r=g\",\"caption\":\"fondadmin\"},\"url\":\"https:\/\/www.fondazionepirelli.org\/it\/author\/fondadmin\/\"}]}<\/script>\n<!-- \/ Yoast SEO plugin. -->","yoast_head_json":{"title":"Cittadinanza d\u2019impresa - Fondazione Pirelli","robots":{"index":"index","follow":"follow","max-snippet":"max-snippet:-1","max-image-preview":"max-image-preview:large","max-video-preview":"max-video-preview:-1"},"canonical":"https:\/\/www.fondazionepirelli.org\/it\/cultura-dimpresa\/cittadinanza-dimpresa\/","og_locale":"it_IT","og_type":"article","og_title":"Cittadinanza d\u2019impresa - Fondazione Pirelli","og_description":"Un articolo appena pubblicato nel Michigan, fornisce una nuova visione dell\u2019agire sociale delle organizzazioni della produzione","og_url":"https:\/\/www.fondazionepirelli.org\/it\/cultura-dimpresa\/cittadinanza-dimpresa\/","og_site_name":"Fondazione Pirelli","article_published_time":"2016-05-10T00:00:00+00:00","article_modified_time":"2019-05-27T12:44:12+00:00","author":"fondadmin","twitter_card":"summary_large_image","twitter_misc":{"Scritto da":"fondadmin","Tempo di lettura stimato":"2 minuti"},"schema":{"@context":"https:\/\/schema.org","@graph":[{"@type":"WebPage","@id":"https:\/\/www.fondazionepirelli.org\/it\/cultura-dimpresa\/cittadinanza-dimpresa\/","url":"https:\/\/www.fondazionepirelli.org\/it\/cultura-dimpresa\/cittadinanza-dimpresa\/","name":"Cittadinanza d\u2019impresa - Fondazione Pirelli","isPartOf":{"@id":"https:\/\/www.fondazionepirelli.org\/it\/#website"},"datePublished":"2016-05-10T00:00:00+00:00","dateModified":"2019-05-27T12:44:12+00:00","author":{"@id":"https:\/\/www.fondazionepirelli.org\/it\/#\/schema\/person\/f47d097000832c4a6e54538c791fdf25"},"breadcrumb":{"@id":"https:\/\/www.fondazionepirelli.org\/it\/cultura-dimpresa\/cittadinanza-dimpresa\/#breadcrumb"},"inLanguage":"it-IT","potentialAction":[{"@type":"ReadAction","target":["https:\/\/www.fondazionepirelli.org\/it\/cultura-dimpresa\/cittadinanza-dimpresa\/"]}]},{"@type":"BreadcrumbList","@id":"https:\/\/www.fondazionepirelli.org\/it\/cultura-dimpresa\/cittadinanza-dimpresa\/#breadcrumb","itemListElement":[{"@type":"ListItem","position":1,"name":"Home","item":"https:\/\/www.fondazionepirelli.org\/it\/"},{"@type":"ListItem","position":2,"name":"Cittadinanza d\u2019impresa"}]},{"@type":"WebSite","@id":"https:\/\/www.fondazionepirelli.org\/it\/#website","url":"https:\/\/www.fondazionepirelli.org\/it\/","name":"Fondazione Pirelli","description":"","potentialAction":[{"@type":"SearchAction","target":{"@type":"EntryPoint","urlTemplate":"https:\/\/www.fondazionepirelli.org\/it\/?s={search_term_string}"},"query-input":{"@type":"PropertyValueSpecification","valueRequired":true,"valueName":"search_term_string"}}],"inLanguage":"it-IT"},{"@type":"Person","@id":"https:\/\/www.fondazionepirelli.org\/it\/#\/schema\/person\/f47d097000832c4a6e54538c791fdf25","name":"fondadmin","image":{"@type":"ImageObject","inLanguage":"it-IT","@id":"https:\/\/www.fondazionepirelli.org\/it\/#\/schema\/person\/image\/","url":"https:\/\/secure.gravatar.com\/avatar\/e69498a9175ca244966e51e53c88712c024fcebe41f9a05f75657f1bb25e489b?s=96&d=mm&r=g","contentUrl":"https:\/\/secure.gravatar.com\/avatar\/e69498a9175ca244966e51e53c88712c024fcebe41f9a05f75657f1bb25e489b?s=96&d=mm&r=g","caption":"fondadmin"},"url":"https:\/\/www.fondazionepirelli.org\/it\/author\/fondadmin\/"}]}},"_links":{"self":[{"href":"https:\/\/www.fondazionepirelli.org\/it\/wp-json\/wp\/v2\/posts\/50934\/"}],"collection":[{"href":"https:\/\/www.fondazionepirelli.org\/it\/wp-json\/wp\/v2\/posts\/"}],"about":[{"href":"https:\/\/www.fondazionepirelli.org\/it\/wp-json\/wp\/v2\/types\/post\/"}],"author":[{"embeddable":true,"href":"https:\/\/www.fondazionepirelli.org\/it\/wp-json\/wp\/v2\/users\/1\/"}],"replies":[{"embeddable":true,"href":"https:\/\/www.fondazionepirelli.org\/it\/wp-json\/wp\/v2\/comments\/?post=50934"}],"version-history":[{"count":2,"href":"https:\/\/www.fondazionepirelli.org\/it\/wp-json\/wp\/v2\/posts\/50934\/revisions\/"}],"predecessor-version":[{"id":56170,"href":"https:\/\/www.fondazionepirelli.org\/it\/wp-json\/wp\/v2\/posts\/50934\/revisions\/56170\/"}],"wp:attachment":[{"href":"https:\/\/www.fondazionepirelli.org\/it\/wp-json\/wp\/v2\/media\/?parent=50934"}],"wp:term":[{"taxonomy":"category","embeddable":true,"href":"https:\/\/www.fondazionepirelli.org\/it\/wp-json\/wp\/v2\/categories\/?post=50934"},{"taxonomy":"post_tag","embeddable":true,"href":"https:\/\/www.fondazionepirelli.org\/it\/wp-json\/wp\/v2\/tags\/?post=50934"}],"curies":[{"name":"wp","href":"https:\/\/api.w.org\/{rel}","templated":true}]}}