{"id":50943,"date":"2016-05-03T00:00:00","date_gmt":"2016-05-03T00:00:00","guid":{"rendered":"http:\/\/www.fondazionepirelli.org\/fondazione-pirelli\/la-nuova-cultura-dellimpresa-ibrida\/"},"modified":"2019-10-29T13:03:16","modified_gmt":"2019-10-29T11:03:16","slug":"la-nuova-cultura-dellimpresa-ibrida","status":"publish","type":"post","link":"https:\/\/www.fondazionepirelli.org\/it\/cultura-dimpresa\/la-nuova-cultura-dellimpresa-ibrida\/","title":{"rendered":"La nuova cultura dell\u2019impresa ibrida"},"content":{"rendered":"<p style=\"text-align: justify;\"><em>Un libro appena pubblicato, racconta come le vecchie organizzazioni stiano cambiando verso nuove modalit\u00e0 del produrre<\/em><\/p><p style=\"text-align: justify;\">L\u2019azienda moderna ha tanti volti: nasce e vive per fare profitto, ma il mondo la spinge anche verso quella che ormai si chiama responsabilit\u00e0 sociale d\u2019impresa, che a sua volta d\u00e0 vita a organizzazioni della produzione che hanno per scopo altro oltre alla chiusura numerica in positivo dei bilanci. Cambia, in tutto questo, la cultura stessa del produrre. Nascono nuove forme d\u2019impresa che, in un certo modo, possono costituire il nuovo orizzonte del sistema industriale ed economico moderno.<\/p>\n<p style=\"text-align: justify;\">Capire cosa sta accadendo e cosa sta nascendo \u00e8 fondamentale. Leggere \u201cImprese ibride. Modelli d\u2019innovazione sociale per rigenerare valori\u201d di Paolo Venturi e Flaviano Zandonai, serve proprio per comprendere meglio cosa succede.<\/p>\n<p style=\"text-align: justify;\">Il ragionamento dei due autori parte da uno sguardo sulla realt\u00e0 in cui attivit\u00e0 profit e non profit, pubblico e privato, lavoro e volontariato si fondono e confondo ormai con una certa frequenza. E\u2019 la comparsa di \u201csfere ibride\u201d in cui si affermano nuove e molteplici modalit\u00e0 di produrre valore da parte di imprese di capitali, organizzazioni non profit e amministrazioni pubbliche.<\/p>\n<p style=\"text-align: justify;\">I movimenti nell\u2019ambito del sistema della produzione, tuttavia, non sono a senso unico. Venturi e Zandonai, infatti, spiegano come le imprese nel senso tradizionale del termine stiano cambiando l\u2019organizzazione della produzione di beni e servizi, fondendo in misura crescente nel loro modello le dimensioni economica, sociale e ambientale. Al tempo stesso, i soggetti non profit tendono a incrementare la percentuale di beni e servizi scambiati sul mercato con un accrescimento della componente produttiva. Infine, lo Stato assume il ruolo di soggetto promotore e attore di processi che vedono la partecipazione attiva dei cittadini, mettendo a disposizione il patrimonio di infrastrutture inutilizzate e degradate.<\/p>\n<p style=\"text-align: justify;\">Nasce, come si diceva sopra, \u201cun modo nuovo di essere e agire per creare valore condiviso, sviluppare soluzioni innovative a bisogni non soddisfatti, creare spazi di innovazione sociale che mettono al centro la persona\u201d.<\/p>\n<p style=\"text-align: justify;\">Il libro, in particolare, esplora il lato no profit delle imprese, sia dal punto di vista dell\u2019imprenditorialit\u00e0, sia da quello delle capacit\u00e0 di cooperazione e di generazione di reti fra strutture produttive diverse.<\/p>\n<p style=\"text-align: justify;\">\u201cImprese ibride\u201d non \u00e8 sempre scritto con facilit\u00e0 di linguaggio, ma \u00e8 una lettura che vale la fatica di essere fatta.<\/p><p style=\"text-align: justify;\"><strong>Imprese ibride. Modelli d\u2019innovazione sociale per rigenerare valori <\/strong><\/p>\n<p style=\"text-align: justify;\">Paolo Venturi, Flaviano Zandonai<\/p>\n<p style=\"text-align: justify;\">Egea, 2016<\/p>\n","protected":false},"excerpt":{"rendered":"<p>Un libro appena pubblicato, racconta come le vecchie organizzazioni stiano cambiando verso nuove modalit\u00e0 del produrre<\/p>\n","protected":false},"author":1,"featured_media":50944,"comment_status":"open","ping_status":"open","sticky":false,"template":"","format":"standard","meta":{"footnotes":""},"categories":[52,58],"tags":[],"class_list":["post-50943","post","type-post","status-publish","format-standard","has-post-thumbnail","hentry","category-cultura-dimpresa","category-recensioni-libri"],"acf":[],"yoast_head":"<!-- This site is optimized with the Yoast SEO plugin v25.0 - https:\/\/yoast.com\/wordpress\/plugins\/seo\/ -->\n<title>La nuova cultura dell\u2019impresa ibrida - Fondazione Pirelli<\/title>\n<meta name=\"robots\" content=\"index, follow, max-snippet:-1, max-image-preview:large, max-video-preview:-1\" \/>\n<link rel=\"canonical\" href=\"https:\/\/www.fondazionepirelli.org\/it\/cultura-dimpresa\/la-nuova-cultura-dellimpresa-ibrida\/\" \/>\n<meta property=\"og:locale\" content=\"it_IT\" \/>\n<meta property=\"og:type\" content=\"article\" \/>\n<meta property=\"og:title\" content=\"La nuova cultura dell\u2019impresa ibrida - Fondazione Pirelli\" \/>\n<meta property=\"og:description\" content=\"Un libro appena pubblicato, racconta come le vecchie organizzazioni stiano cambiando verso nuove modalit\u00e0 del produrre\" \/>\n<meta property=\"og:url\" content=\"https:\/\/www.fondazionepirelli.org\/it\/cultura-dimpresa\/la-nuova-cultura-dellimpresa-ibrida\/\" \/>\n<meta property=\"og:site_name\" content=\"Fondazione Pirelli\" \/>\n<meta property=\"article:published_time\" content=\"2016-05-03T00:00:00+00:00\" \/>\n<meta property=\"article:modified_time\" content=\"2019-10-29T11:03:16+00:00\" \/>\n<meta property=\"og:image\" content=\"https:\/\/wpsite-assets.fondazionepirelli.org\/wp-content\/uploads\/2019\/05\/20101548\/649438.jpg\" \/>\n\t<meta property=\"og:image:width\" content=\"230\" \/>\n\t<meta property=\"og:image:height\" content=\"364\" \/>\n\t<meta property=\"og:image:type\" content=\"image\/jpeg\" \/>\n<meta name=\"author\" content=\"fondadmin\" \/>\n<meta name=\"twitter:card\" content=\"summary_large_image\" \/>\n<meta name=\"twitter:label1\" content=\"Scritto da\" \/>\n\t<meta name=\"twitter:data1\" content=\"fondadmin\" \/>\n\t<meta name=\"twitter:label2\" content=\"Tempo di lettura stimato\" \/>\n\t<meta name=\"twitter:data2\" content=\"2 minuti\" \/>\n<script type=\"application\/ld+json\" class=\"yoast-schema-graph\">{\"@context\":\"https:\/\/schema.org\",\"@graph\":[{\"@type\":\"WebPage\",\"@id\":\"https:\/\/www.fondazionepirelli.org\/it\/cultura-dimpresa\/la-nuova-cultura-dellimpresa-ibrida\/\",\"url\":\"https:\/\/www.fondazionepirelli.org\/it\/cultura-dimpresa\/la-nuova-cultura-dellimpresa-ibrida\/\",\"name\":\"La nuova cultura dell\u2019impresa ibrida - Fondazione Pirelli\",\"isPartOf\":{\"@id\":\"https:\/\/www.fondazionepirelli.org\/it\/#website\"},\"primaryImageOfPage\":{\"@id\":\"https:\/\/www.fondazionepirelli.org\/it\/cultura-dimpresa\/la-nuova-cultura-dellimpresa-ibrida\/#primaryimage\"},\"image\":{\"@id\":\"https:\/\/www.fondazionepirelli.org\/it\/cultura-dimpresa\/la-nuova-cultura-dellimpresa-ibrida\/#primaryimage\"},\"thumbnailUrl\":\"https:\/\/wpsite-assets.fondazionepirelli.org\/wp-content\/uploads\/2019\/05\/20101548\/649438.jpg\",\"datePublished\":\"2016-05-03T00:00:00+00:00\",\"dateModified\":\"2019-10-29T11:03:16+00:00\",\"author\":{\"@id\":\"https:\/\/www.fondazionepirelli.org\/it\/#\/schema\/person\/f47d097000832c4a6e54538c791fdf25\"},\"breadcrumb\":{\"@id\":\"https:\/\/www.fondazionepirelli.org\/it\/cultura-dimpresa\/la-nuova-cultura-dellimpresa-ibrida\/#breadcrumb\"},\"inLanguage\":\"it-IT\",\"potentialAction\":[{\"@type\":\"ReadAction\",\"target\":[\"https:\/\/www.fondazionepirelli.org\/it\/cultura-dimpresa\/la-nuova-cultura-dellimpresa-ibrida\/\"]}]},{\"@type\":\"ImageObject\",\"inLanguage\":\"it-IT\",\"@id\":\"https:\/\/www.fondazionepirelli.org\/it\/cultura-dimpresa\/la-nuova-cultura-dellimpresa-ibrida\/#primaryimage\",\"url\":\"https:\/\/wpsite-assets.fondazionepirelli.org\/wp-content\/uploads\/2019\/05\/20101548\/649438.jpg\",\"contentUrl\":\"https:\/\/wpsite-assets.fondazionepirelli.org\/wp-content\/uploads\/2019\/05\/20101548\/649438.jpg\",\"width\":230,\"height\":364,\"caption\":\"Imprese ibride\"},{\"@type\":\"BreadcrumbList\",\"@id\":\"https:\/\/www.fondazionepirelli.org\/it\/cultura-dimpresa\/la-nuova-cultura-dellimpresa-ibrida\/#breadcrumb\",\"itemListElement\":[{\"@type\":\"ListItem\",\"position\":1,\"name\":\"Home\",\"item\":\"https:\/\/www.fondazionepirelli.org\/it\/\"},{\"@type\":\"ListItem\",\"position\":2,\"name\":\"La nuova cultura dell\u2019impresa ibrida\"}]},{\"@type\":\"WebSite\",\"@id\":\"https:\/\/www.fondazionepirelli.org\/it\/#website\",\"url\":\"https:\/\/www.fondazionepirelli.org\/it\/\",\"name\":\"Fondazione Pirelli\",\"description\":\"\",\"potentialAction\":[{\"@type\":\"SearchAction\",\"target\":{\"@type\":\"EntryPoint\",\"urlTemplate\":\"https:\/\/www.fondazionepirelli.org\/it\/?s={search_term_string}\"},\"query-input\":{\"@type\":\"PropertyValueSpecification\",\"valueRequired\":true,\"valueName\":\"search_term_string\"}}],\"inLanguage\":\"it-IT\"},{\"@type\":\"Person\",\"@id\":\"https:\/\/www.fondazionepirelli.org\/it\/#\/schema\/person\/f47d097000832c4a6e54538c791fdf25\",\"name\":\"fondadmin\",\"image\":{\"@type\":\"ImageObject\",\"inLanguage\":\"it-IT\",\"@id\":\"https:\/\/www.fondazionepirelli.org\/it\/#\/schema\/person\/image\/\",\"url\":\"https:\/\/secure.gravatar.com\/avatar\/e69498a9175ca244966e51e53c88712c024fcebe41f9a05f75657f1bb25e489b?s=96&d=mm&r=g\",\"contentUrl\":\"https:\/\/secure.gravatar.com\/avatar\/e69498a9175ca244966e51e53c88712c024fcebe41f9a05f75657f1bb25e489b?s=96&d=mm&r=g\",\"caption\":\"fondadmin\"},\"url\":\"https:\/\/www.fondazionepirelli.org\/it\/author\/fondadmin\/\"}]}<\/script>\n<!-- \/ Yoast SEO plugin. -->","yoast_head_json":{"title":"La nuova cultura dell\u2019impresa ibrida - Fondazione Pirelli","robots":{"index":"index","follow":"follow","max-snippet":"max-snippet:-1","max-image-preview":"max-image-preview:large","max-video-preview":"max-video-preview:-1"},"canonical":"https:\/\/www.fondazionepirelli.org\/it\/cultura-dimpresa\/la-nuova-cultura-dellimpresa-ibrida\/","og_locale":"it_IT","og_type":"article","og_title":"La nuova cultura dell\u2019impresa ibrida - Fondazione Pirelli","og_description":"Un libro appena pubblicato, racconta come le vecchie organizzazioni stiano cambiando verso nuove modalit\u00e0 del produrre","og_url":"https:\/\/www.fondazionepirelli.org\/it\/cultura-dimpresa\/la-nuova-cultura-dellimpresa-ibrida\/","og_site_name":"Fondazione Pirelli","article_published_time":"2016-05-03T00:00:00+00:00","article_modified_time":"2019-10-29T11:03:16+00:00","og_image":[{"width":230,"height":364,"url":"https:\/\/wpsite-assets.fondazionepirelli.org\/wp-content\/uploads\/2019\/05\/20101548\/649438.jpg","type":"image\/jpeg"}],"author":"fondadmin","twitter_card":"summary_large_image","twitter_misc":{"Scritto da":"fondadmin","Tempo di lettura stimato":"2 minuti"},"schema":{"@context":"https:\/\/schema.org","@graph":[{"@type":"WebPage","@id":"https:\/\/www.fondazionepirelli.org\/it\/cultura-dimpresa\/la-nuova-cultura-dellimpresa-ibrida\/","url":"https:\/\/www.fondazionepirelli.org\/it\/cultura-dimpresa\/la-nuova-cultura-dellimpresa-ibrida\/","name":"La nuova cultura dell\u2019impresa ibrida - Fondazione Pirelli","isPartOf":{"@id":"https:\/\/www.fondazionepirelli.org\/it\/#website"},"primaryImageOfPage":{"@id":"https:\/\/www.fondazionepirelli.org\/it\/cultura-dimpresa\/la-nuova-cultura-dellimpresa-ibrida\/#primaryimage"},"image":{"@id":"https:\/\/www.fondazionepirelli.org\/it\/cultura-dimpresa\/la-nuova-cultura-dellimpresa-ibrida\/#primaryimage"},"thumbnailUrl":"https:\/\/wpsite-assets.fondazionepirelli.org\/wp-content\/uploads\/2019\/05\/20101548\/649438.jpg","datePublished":"2016-05-03T00:00:00+00:00","dateModified":"2019-10-29T11:03:16+00:00","author":{"@id":"https:\/\/www.fondazionepirelli.org\/it\/#\/schema\/person\/f47d097000832c4a6e54538c791fdf25"},"breadcrumb":{"@id":"https:\/\/www.fondazionepirelli.org\/it\/cultura-dimpresa\/la-nuova-cultura-dellimpresa-ibrida\/#breadcrumb"},"inLanguage":"it-IT","potentialAction":[{"@type":"ReadAction","target":["https:\/\/www.fondazionepirelli.org\/it\/cultura-dimpresa\/la-nuova-cultura-dellimpresa-ibrida\/"]}]},{"@type":"ImageObject","inLanguage":"it-IT","@id":"https:\/\/www.fondazionepirelli.org\/it\/cultura-dimpresa\/la-nuova-cultura-dellimpresa-ibrida\/#primaryimage","url":"https:\/\/wpsite-assets.fondazionepirelli.org\/wp-content\/uploads\/2019\/05\/20101548\/649438.jpg","contentUrl":"https:\/\/wpsite-assets.fondazionepirelli.org\/wp-content\/uploads\/2019\/05\/20101548\/649438.jpg","width":230,"height":364,"caption":"Imprese ibride"},{"@type":"BreadcrumbList","@id":"https:\/\/www.fondazionepirelli.org\/it\/cultura-dimpresa\/la-nuova-cultura-dellimpresa-ibrida\/#breadcrumb","itemListElement":[{"@type":"ListItem","position":1,"name":"Home","item":"https:\/\/www.fondazionepirelli.org\/it\/"},{"@type":"ListItem","position":2,"name":"La nuova cultura dell\u2019impresa ibrida"}]},{"@type":"WebSite","@id":"https:\/\/www.fondazionepirelli.org\/it\/#website","url":"https:\/\/www.fondazionepirelli.org\/it\/","name":"Fondazione Pirelli","description":"","potentialAction":[{"@type":"SearchAction","target":{"@type":"EntryPoint","urlTemplate":"https:\/\/www.fondazionepirelli.org\/it\/?s={search_term_string}"},"query-input":{"@type":"PropertyValueSpecification","valueRequired":true,"valueName":"search_term_string"}}],"inLanguage":"it-IT"},{"@type":"Person","@id":"https:\/\/www.fondazionepirelli.org\/it\/#\/schema\/person\/f47d097000832c4a6e54538c791fdf25","name":"fondadmin","image":{"@type":"ImageObject","inLanguage":"it-IT","@id":"https:\/\/www.fondazionepirelli.org\/it\/#\/schema\/person\/image\/","url":"https:\/\/secure.gravatar.com\/avatar\/e69498a9175ca244966e51e53c88712c024fcebe41f9a05f75657f1bb25e489b?s=96&d=mm&r=g","contentUrl":"https:\/\/secure.gravatar.com\/avatar\/e69498a9175ca244966e51e53c88712c024fcebe41f9a05f75657f1bb25e489b?s=96&d=mm&r=g","caption":"fondadmin"},"url":"https:\/\/www.fondazionepirelli.org\/it\/author\/fondadmin\/"}]}},"_links":{"self":[{"href":"https:\/\/www.fondazionepirelli.org\/it\/wp-json\/wp\/v2\/posts\/50943\/"}],"collection":[{"href":"https:\/\/www.fondazionepirelli.org\/it\/wp-json\/wp\/v2\/posts\/"}],"about":[{"href":"https:\/\/www.fondazionepirelli.org\/it\/wp-json\/wp\/v2\/types\/post\/"}],"author":[{"embeddable":true,"href":"https:\/\/www.fondazionepirelli.org\/it\/wp-json\/wp\/v2\/users\/1\/"}],"replies":[{"embeddable":true,"href":"https:\/\/www.fondazionepirelli.org\/it\/wp-json\/wp\/v2\/comments\/?post=50943"}],"version-history":[{"count":2,"href":"https:\/\/www.fondazionepirelli.org\/it\/wp-json\/wp\/v2\/posts\/50943\/revisions\/"}],"predecessor-version":[{"id":70911,"href":"https:\/\/www.fondazionepirelli.org\/it\/wp-json\/wp\/v2\/posts\/50943\/revisions\/70911\/"}],"wp:featuredmedia":[{"embeddable":true,"href":"https:\/\/www.fondazionepirelli.org\/it\/wp-json\/wp\/v2\/media\/50944\/"}],"wp:attachment":[{"href":"https:\/\/www.fondazionepirelli.org\/it\/wp-json\/wp\/v2\/media\/?parent=50943"}],"wp:term":[{"taxonomy":"category","embeddable":true,"href":"https:\/\/www.fondazionepirelli.org\/it\/wp-json\/wp\/v2\/categories\/?post=50943"},{"taxonomy":"post_tag","embeddable":true,"href":"https:\/\/www.fondazionepirelli.org\/it\/wp-json\/wp\/v2\/tags\/?post=50943"}],"curies":[{"name":"wp","href":"https:\/\/api.w.org\/{rel}","templated":true}]}}