{"id":50954,"date":"2016-04-26T00:00:00","date_gmt":"2016-04-26T00:00:00","guid":{"rendered":"http:\/\/www.fondazionepirelli.org\/fondazione-pirelli\/vera-realta-dimpresa\/"},"modified":"2019-10-29T13:04:39","modified_gmt":"2019-10-29T11:04:39","slug":"vera-realta-dimpresa","status":"publish","type":"post","link":"https:\/\/www.fondazionepirelli.org\/it\/cultura-dimpresa\/vera-realta-dimpresa\/","title":{"rendered":"\u201cVera realt\u00e0\u201d d\u2019impresa"},"content":{"rendered":"<p style=\"text-align: justify;\"><em>In un libro il racconto del viaggio attraverso la concreta capacit\u00e0 produttiva italiana<\/em><\/p><p style=\"text-align: justify;\">Per conoscere davvero la realt\u00e0 occorre viaggiare. Vale anche per le imprese. Tutte le imprese. Anche perch\u00e9 ogni organizzazione della produzione \u00e8 diversa dalle altre. Anche se si guarda all\u2019interno di uno stesso comparto. Perch\u00e9 produrre non \u00e8 solo questione meccanica, ma soprattutto umana. Libri come \u201cIl futuro nelle mani. Viaggio nell&#8217;Italia dei giovani artigiani\u201d di Marina Puricelli da poco pubblicato, servono allora per capire meglio la realt\u00e0 d\u2019impresa che ci circonda. Seppur quella limitata ad un particolare modo di fare imprese: quello artigiano e giovanile.<\/p>\n<p style=\"text-align: justify;\">La fatica di Puricelli pu\u00f2 essere assunta a libro-esempio di come sia possibile condensare in relativamente poche pagine (nemmeno duecento), un racconto lungo un viaggio per tutta l\u2019Italia alla ricerca di esempi d\u2019impresa che mettano insieme due cose: lo spirito artigiano (che poi \u00e8 comune anche ad aziende che di artigiano hanno poco), e la presenza giovanile. Il volume quindi approfondisce la situazione dell\u2019artigianato in Italia raccontato come una particolare attivit\u00e0 di produzione con una sua particolare cultura d\u2019impresa. Puricelli \u00e8 avezza a raccontare bene i fatti dell\u2019industria e dell\u2019economia italiane di oggi e inizia con una frase bella e positiva che dice tutto dello spirito del volume: \u201cQuesto libro \u00e8 un diario di viaggio e di incontri con alcuni giovani che hanno deciso di fare impresa in Italia, in questi anni, nonostante tutto\u201d. Una trentina di tappe da Nord a Sud per incontrare altrettanti giovani imprenditori (raccolti da Confartigianato), che hanno accettato di raccontarsi alla penna dell\u2019autrice.<br \/>\nSi legge nella presentazione: \u201cNon bastano i grandi numeri, non basta dire che sono oltre un milione. Al di l\u00e0 delle cifre ci sono una cultura, una forza d&#8217;animo, un&#8217;etica\u201d che devono essere descritte\u201d. La forza del volume sta proprio l\u00ec: pochi numeri, molti racconti che riescono a spiegare una particolare cultura d\u2019impresa che la teoria non riesce a scovare.<\/p>\n<p style=\"text-align: justify;\">Perch\u00e9 l\u2019indicazione di fondo che emerge da tutto il libro \u00e8 ancora una volta una sola: la realt\u00e0, osservata da vicino, sconfessa una mistica composita che spesso miscela importanti verit\u00e0 con abusati luoghi comuni. Si scopre cos\u00ec \u2013 si legge sempre nella presentazione del libro -, che le <em>startup<\/em> di successo non sono solo quelle che nascono dalla frontiera tecnologica e che le altre imprese, quelle dei cosiddetti settori tradizionali, non nascono gi\u00e0 spacciate. Che non \u00e8 necessario avere uno o pi\u00f9 <em>master<\/em> per diventare giovani imprenditori. Che non \u00e8 indispensabile, per acquisire lo <em>standing<\/em> di impresa, avere una dimensione internazionale abbandonando il proprio territorio. Cos\u00ec come non occorre che un&#8217;azienda raggiunga in tempi rapidi grandi dimensioni per trovare spazio sul mercato.<br \/>\nEmerge dalle pagine di \u201cIl futuro nelle mani\u201d, la grande semplicit\u00e0 dell\u2019Italia produttiva alla quale tutti si appellano ma pochi per davvero conoscono a fondo.<br \/>\nChiude il libro un capitolo \u2013 \u201cImparare strada facendo\u201d -, composto dalle riposte a sette domande: da leggere con attenzione.<\/p><p style=\"text-align: justify;\"><strong>Il futuro nelle mani. Viaggio nell&#8217;Italia dei giovani artigiani<\/strong><br \/>\nMarina Puricelli<br \/>\nEgea, 2016<\/p>\n","protected":false},"excerpt":{"rendered":"<p>In un libro il racconto del viaggio attraverso la concreta capacit\u00e0 produttiva italiana.<\/p>\n","protected":false},"author":1,"featured_media":50955,"comment_status":"open","ping_status":"open","sticky":false,"template":"","format":"standard","meta":{"footnotes":""},"categories":[52,58],"tags":[],"class_list":["post-50954","post","type-post","status-publish","format-standard","has-post-thumbnail","hentry","category-cultura-dimpresa","category-recensioni-libri"],"acf":[],"yoast_head":"<!-- This site is optimized with the Yoast SEO plugin v25.0 - https:\/\/yoast.com\/wordpress\/plugins\/seo\/ -->\n<title>\u201cVera realt\u00e0\u201d d\u2019impresa - Fondazione Pirelli<\/title>\n<meta name=\"robots\" content=\"index, follow, max-snippet:-1, max-image-preview:large, max-video-preview:-1\" \/>\n<link rel=\"canonical\" href=\"https:\/\/www.fondazionepirelli.org\/it\/cultura-dimpresa\/vera-realta-dimpresa\/\" \/>\n<meta property=\"og:locale\" content=\"it_IT\" \/>\n<meta property=\"og:type\" content=\"article\" \/>\n<meta property=\"og:title\" content=\"\u201cVera realt\u00e0\u201d d\u2019impresa - Fondazione Pirelli\" \/>\n<meta property=\"og:description\" content=\"In un libro il racconto del viaggio attraverso la concreta capacit\u00e0 produttiva italiana.\" \/>\n<meta property=\"og:url\" content=\"https:\/\/127.0.0.1\/it\/cultura-dimpresa\/vera-realta-dimpresa\/\" \/>\n<meta property=\"og:site_name\" content=\"Fondazione Pirelli\" \/>\n<meta property=\"article:published_time\" content=\"2016-04-26T00:00:00+00:00\" \/>\n<meta property=\"article:modified_time\" content=\"2019-10-29T11:04:39+00:00\" \/>\n<meta property=\"og:image\" content=\"https:\/\/wpsite-assets.fondazionepirelli.org\/wp-content\/uploads\/2019\/05\/20101545\/71itgDO96tL.jpg\" \/>\n\t<meta property=\"og:image:width\" content=\"250\" \/>\n\t<meta property=\"og:image:height\" content=\"389\" \/>\n\t<meta property=\"og:image:type\" content=\"image\/jpeg\" \/>\n<meta name=\"author\" content=\"fondadmin\" \/>\n<meta name=\"twitter:card\" content=\"summary_large_image\" \/>\n<meta name=\"twitter:label1\" content=\"Scritto da\" \/>\n\t<meta name=\"twitter:data1\" content=\"fondadmin\" \/>\n\t<meta name=\"twitter:label2\" content=\"Tempo di lettura stimato\" \/>\n\t<meta name=\"twitter:data2\" content=\"3 minuti\" \/>\n<script type=\"application\/ld+json\" class=\"yoast-schema-graph\">{\"@context\":\"https:\/\/schema.org\",\"@graph\":[{\"@type\":\"WebPage\",\"@id\":\"https:\/\/127.0.0.1\/it\/cultura-dimpresa\/vera-realta-dimpresa\/\",\"url\":\"https:\/\/127.0.0.1\/it\/cultura-dimpresa\/vera-realta-dimpresa\/\",\"name\":\"\u201cVera realt\u00e0\u201d d\u2019impresa - Fondazione Pirelli\",\"isPartOf\":{\"@id\":\"https:\/\/www.fondazionepirelli.org\/it\/#website\"},\"primaryImageOfPage\":{\"@id\":\"https:\/\/127.0.0.1\/it\/cultura-dimpresa\/vera-realta-dimpresa\/#primaryimage\"},\"image\":{\"@id\":\"https:\/\/127.0.0.1\/it\/cultura-dimpresa\/vera-realta-dimpresa\/#primaryimage\"},\"thumbnailUrl\":\"https:\/\/wpsite-assets.fondazionepirelli.org\/wp-content\/uploads\/2019\/05\/20101545\/71itgDO96tL.jpg\",\"datePublished\":\"2016-04-26T00:00:00+00:00\",\"dateModified\":\"2019-10-29T11:04:39+00:00\",\"author\":{\"@id\":\"https:\/\/www.fondazionepirelli.org\/it\/#\/schema\/person\/f47d097000832c4a6e54538c791fdf25\"},\"breadcrumb\":{\"@id\":\"https:\/\/127.0.0.1\/it\/cultura-dimpresa\/vera-realta-dimpresa\/#breadcrumb\"},\"inLanguage\":\"it-IT\",\"potentialAction\":[{\"@type\":\"ReadAction\",\"target\":[\"https:\/\/127.0.0.1\/it\/cultura-dimpresa\/vera-realta-dimpresa\/\"]}]},{\"@type\":\"ImageObject\",\"inLanguage\":\"it-IT\",\"@id\":\"https:\/\/127.0.0.1\/it\/cultura-dimpresa\/vera-realta-dimpresa\/#primaryimage\",\"url\":\"https:\/\/wpsite-assets.fondazionepirelli.org\/wp-content\/uploads\/2019\/05\/20101545\/71itgDO96tL.jpg\",\"contentUrl\":\"https:\/\/wpsite-assets.fondazionepirelli.org\/wp-content\/uploads\/2019\/05\/20101545\/71itgDO96tL.jpg\",\"width\":250,\"height\":389},{\"@type\":\"BreadcrumbList\",\"@id\":\"https:\/\/127.0.0.1\/it\/cultura-dimpresa\/vera-realta-dimpresa\/#breadcrumb\",\"itemListElement\":[{\"@type\":\"ListItem\",\"position\":1,\"name\":\"Home\",\"item\":\"https:\/\/www.fondazionepirelli.org\/it\/\"},{\"@type\":\"ListItem\",\"position\":2,\"name\":\"\u201cVera realt\u00e0\u201d d\u2019impresa\"}]},{\"@type\":\"WebSite\",\"@id\":\"https:\/\/www.fondazionepirelli.org\/it\/#website\",\"url\":\"https:\/\/www.fondazionepirelli.org\/it\/\",\"name\":\"Fondazione Pirelli\",\"description\":\"\",\"potentialAction\":[{\"@type\":\"SearchAction\",\"target\":{\"@type\":\"EntryPoint\",\"urlTemplate\":\"https:\/\/www.fondazionepirelli.org\/it\/?s={search_term_string}\"},\"query-input\":{\"@type\":\"PropertyValueSpecification\",\"valueRequired\":true,\"valueName\":\"search_term_string\"}}],\"inLanguage\":\"it-IT\"},{\"@type\":\"Person\",\"@id\":\"https:\/\/www.fondazionepirelli.org\/it\/#\/schema\/person\/f47d097000832c4a6e54538c791fdf25\",\"name\":\"fondadmin\",\"image\":{\"@type\":\"ImageObject\",\"inLanguage\":\"it-IT\",\"@id\":\"https:\/\/www.fondazionepirelli.org\/it\/#\/schema\/person\/image\/\",\"url\":\"https:\/\/secure.gravatar.com\/avatar\/e69498a9175ca244966e51e53c88712c024fcebe41f9a05f75657f1bb25e489b?s=96&d=mm&r=g\",\"contentUrl\":\"https:\/\/secure.gravatar.com\/avatar\/e69498a9175ca244966e51e53c88712c024fcebe41f9a05f75657f1bb25e489b?s=96&d=mm&r=g\",\"caption\":\"fondadmin\"},\"url\":\"https:\/\/www.fondazionepirelli.org\/it\/author\/fondadmin\/\"}]}<\/script>\n<!-- \/ Yoast SEO plugin. -->","yoast_head_json":{"title":"\u201cVera realt\u00e0\u201d d\u2019impresa - Fondazione Pirelli","robots":{"index":"index","follow":"follow","max-snippet":"max-snippet:-1","max-image-preview":"max-image-preview:large","max-video-preview":"max-video-preview:-1"},"canonical":"https:\/\/www.fondazionepirelli.org\/it\/cultura-dimpresa\/vera-realta-dimpresa\/","og_locale":"it_IT","og_type":"article","og_title":"\u201cVera realt\u00e0\u201d d\u2019impresa - Fondazione Pirelli","og_description":"In un libro il racconto del viaggio attraverso la concreta capacit\u00e0 produttiva italiana.","og_url":"https:\/\/127.0.0.1\/it\/cultura-dimpresa\/vera-realta-dimpresa\/","og_site_name":"Fondazione Pirelli","article_published_time":"2016-04-26T00:00:00+00:00","article_modified_time":"2019-10-29T11:04:39+00:00","og_image":[{"width":250,"height":389,"url":"https:\/\/wpsite-assets.fondazionepirelli.org\/wp-content\/uploads\/2019\/05\/20101545\/71itgDO96tL.jpg","type":"image\/jpeg"}],"author":"fondadmin","twitter_card":"summary_large_image","twitter_misc":{"Scritto da":"fondadmin","Tempo di lettura stimato":"3 minuti"},"schema":{"@context":"https:\/\/schema.org","@graph":[{"@type":"WebPage","@id":"https:\/\/127.0.0.1\/it\/cultura-dimpresa\/vera-realta-dimpresa\/","url":"https:\/\/127.0.0.1\/it\/cultura-dimpresa\/vera-realta-dimpresa\/","name":"\u201cVera realt\u00e0\u201d d\u2019impresa - Fondazione Pirelli","isPartOf":{"@id":"https:\/\/www.fondazionepirelli.org\/it\/#website"},"primaryImageOfPage":{"@id":"https:\/\/127.0.0.1\/it\/cultura-dimpresa\/vera-realta-dimpresa\/#primaryimage"},"image":{"@id":"https:\/\/127.0.0.1\/it\/cultura-dimpresa\/vera-realta-dimpresa\/#primaryimage"},"thumbnailUrl":"https:\/\/wpsite-assets.fondazionepirelli.org\/wp-content\/uploads\/2019\/05\/20101545\/71itgDO96tL.jpg","datePublished":"2016-04-26T00:00:00+00:00","dateModified":"2019-10-29T11:04:39+00:00","author":{"@id":"https:\/\/www.fondazionepirelli.org\/it\/#\/schema\/person\/f47d097000832c4a6e54538c791fdf25"},"breadcrumb":{"@id":"https:\/\/127.0.0.1\/it\/cultura-dimpresa\/vera-realta-dimpresa\/#breadcrumb"},"inLanguage":"it-IT","potentialAction":[{"@type":"ReadAction","target":["https:\/\/127.0.0.1\/it\/cultura-dimpresa\/vera-realta-dimpresa\/"]}]},{"@type":"ImageObject","inLanguage":"it-IT","@id":"https:\/\/127.0.0.1\/it\/cultura-dimpresa\/vera-realta-dimpresa\/#primaryimage","url":"https:\/\/wpsite-assets.fondazionepirelli.org\/wp-content\/uploads\/2019\/05\/20101545\/71itgDO96tL.jpg","contentUrl":"https:\/\/wpsite-assets.fondazionepirelli.org\/wp-content\/uploads\/2019\/05\/20101545\/71itgDO96tL.jpg","width":250,"height":389},{"@type":"BreadcrumbList","@id":"https:\/\/127.0.0.1\/it\/cultura-dimpresa\/vera-realta-dimpresa\/#breadcrumb","itemListElement":[{"@type":"ListItem","position":1,"name":"Home","item":"https:\/\/www.fondazionepirelli.org\/it\/"},{"@type":"ListItem","position":2,"name":"\u201cVera realt\u00e0\u201d d\u2019impresa"}]},{"@type":"WebSite","@id":"https:\/\/www.fondazionepirelli.org\/it\/#website","url":"https:\/\/www.fondazionepirelli.org\/it\/","name":"Fondazione Pirelli","description":"","potentialAction":[{"@type":"SearchAction","target":{"@type":"EntryPoint","urlTemplate":"https:\/\/www.fondazionepirelli.org\/it\/?s={search_term_string}"},"query-input":{"@type":"PropertyValueSpecification","valueRequired":true,"valueName":"search_term_string"}}],"inLanguage":"it-IT"},{"@type":"Person","@id":"https:\/\/www.fondazionepirelli.org\/it\/#\/schema\/person\/f47d097000832c4a6e54538c791fdf25","name":"fondadmin","image":{"@type":"ImageObject","inLanguage":"it-IT","@id":"https:\/\/www.fondazionepirelli.org\/it\/#\/schema\/person\/image\/","url":"https:\/\/secure.gravatar.com\/avatar\/e69498a9175ca244966e51e53c88712c024fcebe41f9a05f75657f1bb25e489b?s=96&d=mm&r=g","contentUrl":"https:\/\/secure.gravatar.com\/avatar\/e69498a9175ca244966e51e53c88712c024fcebe41f9a05f75657f1bb25e489b?s=96&d=mm&r=g","caption":"fondadmin"},"url":"https:\/\/www.fondazionepirelli.org\/it\/author\/fondadmin\/"}]}},"_links":{"self":[{"href":"https:\/\/www.fondazionepirelli.org\/it\/wp-json\/wp\/v2\/posts\/50954\/"}],"collection":[{"href":"https:\/\/www.fondazionepirelli.org\/it\/wp-json\/wp\/v2\/posts\/"}],"about":[{"href":"https:\/\/www.fondazionepirelli.org\/it\/wp-json\/wp\/v2\/types\/post\/"}],"author":[{"embeddable":true,"href":"https:\/\/www.fondazionepirelli.org\/it\/wp-json\/wp\/v2\/users\/1\/"}],"replies":[{"embeddable":true,"href":"https:\/\/www.fondazionepirelli.org\/it\/wp-json\/wp\/v2\/comments\/?post=50954"}],"version-history":[{"count":2,"href":"https:\/\/www.fondazionepirelli.org\/it\/wp-json\/wp\/v2\/posts\/50954\/revisions\/"}],"predecessor-version":[{"id":70912,"href":"https:\/\/www.fondazionepirelli.org\/it\/wp-json\/wp\/v2\/posts\/50954\/revisions\/70912\/"}],"wp:featuredmedia":[{"embeddable":true,"href":"https:\/\/www.fondazionepirelli.org\/it\/wp-json\/wp\/v2\/media\/50955\/"}],"wp:attachment":[{"href":"https:\/\/www.fondazionepirelli.org\/it\/wp-json\/wp\/v2\/media\/?parent=50954"}],"wp:term":[{"taxonomy":"category","embeddable":true,"href":"https:\/\/www.fondazionepirelli.org\/it\/wp-json\/wp\/v2\/categories\/?post=50954"},{"taxonomy":"post_tag","embeddable":true,"href":"https:\/\/www.fondazionepirelli.org\/it\/wp-json\/wp\/v2\/tags\/?post=50954"}],"curies":[{"name":"wp","href":"https:\/\/api.w.org\/{rel}","templated":true}]}}