{"id":50975,"date":"2016-04-12T00:00:00","date_gmt":"2016-04-12T00:00:00","guid":{"rendered":"http:\/\/www.fondazionepirelli.org\/fondazione-pirelli\/gli-imprenditori-piacciono-poco-agli-italiani-ma-sta-nelle-loro-mani-la-chiave-duno-sviluppo-migliore\/"},"modified":"2019-05-23T10:59:49","modified_gmt":"2019-05-23T10:59:49","slug":"gli-imprenditori-piacciono-poco-agli-italiani-ma-sta-nelle-loro-mani-la-chiave-duno-sviluppo-migliore","status":"publish","type":"post","link":"https:\/\/www.fondazionepirelli.org\/it\/cultura-dimpresa\/gli-imprenditori-piacciono-poco-agli-italiani-ma-sta-nelle-loro-mani-la-chiave-duno-sviluppo-migliore\/","title":{"rendered":"Gli imprenditori piacciono poco agli italiani, ma sta nelle loro mani la chiave d&#8217;uno sviluppo migliore"},"content":{"rendered":"<p style=\"text-align: justify;\">Agli italiani piacciono le imprese, le considerano il principale motore dello sviluppo economico, quelle piccole e medie soprattutto. Ma non apprezzano gli <strong>imprenditori<\/strong>. Siamo un paese strabico, insomma. E in buona parte inconsapevole della sua forza, della sua ricchezza: l\u2019<strong>industria<\/strong>. E\u2019 questo, in sintesi, il risultato di un\u2019indagine appena condotta dell\u2019Ipsos, l\u2019autorevole istituto di ricerche guidato da Nando Pagnoncelli e presentata venerd\u00ec scorso a Parma, al convegno del <strong>Centro Studi Confindustria<\/strong> dedicato al tema \u201c<strong>Imprenditori, i geni dello sviluppo<\/strong>\u201d. Indagine spiazzante, non tanto perch\u00e9 sorprendente (gli indici di popolarit\u00e0 degli imprenditori sono da tempo calanti, nella generale crisi di credibilit\u00e0 e affidabilit\u00e0 che coinvolge tutta la classe dirigente) quanto perch\u00e9 rischia di mettere in ombra, proprio nel momento in cui bisogna rafforzare la fragile ripresa, le energie positive che, anche negli anni della lunga recessione, hanno comunque costruito ricchezza, lavoro, coesione sociale: le imprese, chi le guida, chi garantisce loro un futuro.<\/p>\n<p style=\"text-align: justify;\">Mettere su un\u2019impresa, documenta l\u2019<strong>Ipsos<\/strong> sulla base di un\u2019indagine condotta su un campione di mille italiani e approfondita da una serie di altri elementi statistici, riscuote minore appeal di dieci anni fa, quando si raccoglievano incoraggiamenti da parte d\u2019un quarto della popolazione: oggi, lo valuta positivamente appena un quinto. E se si chiede agli intervistati un consiglio sulla professione da ricercare, il campione mette sullo stesso piano \u201cimprenditore\u201d e \u201cdipendente pubblico\u201d (20%) ed esprime invece un grande apprezzamento per la \u201clibera professione\u201d (35%). E\u2019 un\u2019Italia di impiegati, medici e avvocati, soprattutto. Che non ci pone la domanda su chi costruisca ricchezza e innovazione. Commenta Pagnoncelli: \u201cNon c\u2019\u00e8 un\u2019immagine aggiornata dell\u2019imprenditore che sia capace di coniugare crescita, competitivit\u00e0 e attenzione al sociale. E cos\u00ec il 45% pensa che l\u2019operato degli imprenditori si sia involuto rispetto al passato\u201d.<\/p>\n<p style=\"text-align: justify;\">L\u2019<strong>Italia<\/strong> \u00e8 il secondo paese manifatturiero d\u2019Europa, dopo la Germania e tra i primi cinque paesi al mondo con un surplus manifatturiero superiore ai <strong>100 miliardi di dollari<\/strong> (soprattutto per merito della sua eccellente industria meccanica, prima ancora che di arredamento, abbigliamento e agro-alimentare). Ma gli italiani non lo sanno. E non se ne curano. Ma se si vuole andare avanti sulla strada dello sviluppo economico, della competitivit\u00e0, delle opportunit\u00e0 di lavoro per le nuove generazioni, tocca proprio agli imprenditori imparare ad affrontare la grande sfida, culturale e sociale, ma anche politica, d\u2019una nuova e migliore percezione del loro ruolo.<\/p>\n<p style=\"text-align: justify;\">\u201cLa sfida che attende <strong>Confindustria<\/strong> \u2013 sostiene Giorgio Squinzi, davanti alla platea degli imprenditori riuniti a Parma, una sorta di passaggio di testimone al suo successore Vincenzo Boccia \u2013 \u00e8 di costruire una nuova visione e una nuova sensibilit\u00e0 nei confronti dei nostri mondi produttivi\u201d. Dunque, un miglior racconto dell\u2019impresa, su cui sono chiamati a confrontarsi pure politici, economisti, uomini e donne dei mondi della cultura e della creativit\u00e0: imprenditori come innovatori, ma anche come attori sociali responsabili della qualit\u00e0 della crescita economica e del lavoro, abili a maneggiare le nuove tecnologie come chiavi dello sviluppo sostenibile, ambientalmente e socialmente.<\/p>\n<p style=\"text-align: justify;\">E\u2019 una strada gi\u00e0 intrapresa dalle imprese migliori, fuori dalle trappole del familismo e dalle ideologie distorte del \u201c<strong>piccolo \u00e8 bello<\/strong>\u201d. Ma da continuare a seguire, sulla strategia gi\u00e0 impostata da quelle \u201cmultinazionali tascabili\u201d, le imprese medie e medio-grandi forti di robuste radici familiari ma ben managerializzate, innovative, con una presenza sui territori d\u2019origine ma una lungimirante attenzione ai mercati internazionali: le manifatture testimonial del miglior \u201c<strong>made in Italy<\/strong>\u201d.<\/p>\n<p style=\"text-align: justify;\">Circola, nel paese, \u00e8 vero, una diffusa sub-cultura anti-impresa. E ci sono settori di opinione pubblica (e di attori istituzionali) che pensano agli imprenditori e ai manager come personaggi attenti solo al profitto, agli affari comunque portati al successo, spregiudicati, inclini a ogni pur basso compromesso. E\u2019 una dimensione da controbattere.<\/p>\n<p style=\"text-align: justify;\">\u201c<strong>Lotta ai corrotti, non il mercat<\/strong>o\u201d, ha scritto giustamente Antonio Polito in un editoriale sul \u201cCorriere della Sera\u201d sabato 9 aprile: \u201cLa corruzione va combattuta senza quartiere perch\u00e9 \u00e8 distruttiva dell\u2019economia, ma guai se pensassimo di stroncarla stroncando gli affari: la qualit\u00e0 della nostra vita e il nostro reddito dipendono dal livello di sviluppo e di tecnologia del Paese in cui viviamo\u201d.<\/p>\n<p style=\"text-align: justify;\">La sfida non \u00e8 solo imprenditoriale, culturale e sociale. Ma anche morale. E se ne \u00e8 discusso per due giorni, venerd\u00ec e sabato, al \u201c<strong>Positive Economy Forum<\/strong>\u201d di San Patrignano, su iniziativa di Letizia Moratti, con un dibattito internazionale che ha visto la partecipazione di imprenditori, economisti, artisti: \u201dRiplasmare lo spirito del capitalismo, fare prevalere l\u2019altruismo sull\u2019egoismo e l\u2019interesse generale su quello particolare\u201d, \u00a0ha sintetizzato \u201cIl Sole24Ore\u201d. Responsabilit\u00e0, sostenibilit\u00e0, partecipazione, qualit\u00e0 dello sviluppo, \u201cdoing well by doing good\u201d, fare bene facendo del bene, secondo il motto di Kasturi Rangar, professore alla Harvard Business School. E\u2019 la nuova frontiera anche per le imprese: sviluppo e qualit\u00e0. Un obiettivo possibile.<\/p>\n","protected":false},"excerpt":{"rendered":"<p>Agli italiani piacciono le imprese, le considerano il principale motore dello sviluppo economico, quelle piccole e medie soprattutto.<\/p>\n","protected":false},"author":1,"featured_media":50976,"comment_status":"open","ping_status":"open","sticky":false,"template":"","format":"standard","meta":{"footnotes":""},"categories":[53,52],"tags":[],"class_list":["post-50975","post","type-post","status-publish","format-standard","has-post-thumbnail","hentry","category-blog","category-cultura-dimpresa"],"acf":[],"yoast_head":"<!-- This site is optimized with the Yoast SEO plugin v25.0 - https:\/\/yoast.com\/wordpress\/plugins\/seo\/ -->\n<title>Gli imprenditori piacciono poco agli italiani, ma sta nelle loro mani la chiave d&#039;uno sviluppo migliore - Fondazione Pirelli<\/title>\n<meta name=\"robots\" content=\"index, follow, max-snippet:-1, max-image-preview:large, max-video-preview:-1\" \/>\n<link rel=\"canonical\" href=\"https:\/\/www.fondazionepirelli.org\/it\/cultura-dimpresa\/gli-imprenditori-piacciono-poco-agli-italiani-ma-sta-nelle-loro-mani-la-chiave-duno-sviluppo-migliore\/\" \/>\n<meta property=\"og:locale\" content=\"it_IT\" \/>\n<meta property=\"og:type\" content=\"article\" \/>\n<meta property=\"og:title\" content=\"Gli imprenditori piacciono poco agli italiani, ma sta nelle loro mani la chiave d&#039;uno sviluppo migliore - Fondazione Pirelli\" \/>\n<meta property=\"og:description\" content=\"Agli italiani piacciono le imprese, le considerano il principale motore dello sviluppo economico, quelle piccole e medie soprattutto.\" \/>\n<meta property=\"og:url\" content=\"https:\/\/www.fondazionepirelli.org\/it\/cultura-dimpresa\/gli-imprenditori-piacciono-poco-agli-italiani-ma-sta-nelle-loro-mani-la-chiave-duno-sviluppo-migliore\/\" \/>\n<meta property=\"og:site_name\" content=\"Fondazione Pirelli\" \/>\n<meta property=\"article:published_time\" content=\"2016-04-12T00:00:00+00:00\" \/>\n<meta property=\"article:modified_time\" content=\"2019-05-23T10:59:49+00:00\" \/>\n<meta property=\"og:image\" content=\"https:\/\/wpsite-assets.fondazionepirelli.org\/wp-content\/uploads\/2019\/05\/20101542\/14592577261532525586.jpg\" \/>\n\t<meta property=\"og:image:width\" content=\"250\" \/>\n\t<meta property=\"og:image:height\" content=\"250\" \/>\n\t<meta property=\"og:image:type\" content=\"image\/jpeg\" \/>\n<meta name=\"author\" content=\"fondadmin\" \/>\n<meta name=\"twitter:card\" content=\"summary_large_image\" \/>\n<meta name=\"twitter:label1\" content=\"Scritto da\" \/>\n\t<meta name=\"twitter:data1\" content=\"fondadmin\" \/>\n\t<meta name=\"twitter:label2\" content=\"Tempo di lettura stimato\" \/>\n\t<meta name=\"twitter:data2\" content=\"4 minuti\" \/>\n<script type=\"application\/ld+json\" class=\"yoast-schema-graph\">{\"@context\":\"https:\/\/schema.org\",\"@graph\":[{\"@type\":\"WebPage\",\"@id\":\"https:\/\/www.fondazionepirelli.org\/it\/cultura-dimpresa\/gli-imprenditori-piacciono-poco-agli-italiani-ma-sta-nelle-loro-mani-la-chiave-duno-sviluppo-migliore\/\",\"url\":\"https:\/\/www.fondazionepirelli.org\/it\/cultura-dimpresa\/gli-imprenditori-piacciono-poco-agli-italiani-ma-sta-nelle-loro-mani-la-chiave-duno-sviluppo-migliore\/\",\"name\":\"Gli imprenditori piacciono poco agli italiani, ma sta nelle loro mani la chiave d'uno sviluppo migliore - Fondazione Pirelli\",\"isPartOf\":{\"@id\":\"https:\/\/www.fondazionepirelli.org\/it\/#website\"},\"primaryImageOfPage\":{\"@id\":\"https:\/\/www.fondazionepirelli.org\/it\/cultura-dimpresa\/gli-imprenditori-piacciono-poco-agli-italiani-ma-sta-nelle-loro-mani-la-chiave-duno-sviluppo-migliore\/#primaryimage\"},\"image\":{\"@id\":\"https:\/\/www.fondazionepirelli.org\/it\/cultura-dimpresa\/gli-imprenditori-piacciono-poco-agli-italiani-ma-sta-nelle-loro-mani-la-chiave-duno-sviluppo-migliore\/#primaryimage\"},\"thumbnailUrl\":\"https:\/\/wpsite-assets.fondazionepirelli.org\/wp-content\/uploads\/2019\/05\/20101542\/14592577261532525586.jpg\",\"datePublished\":\"2016-04-12T00:00:00+00:00\",\"dateModified\":\"2019-05-23T10:59:49+00:00\",\"author\":{\"@id\":\"https:\/\/www.fondazionepirelli.org\/it\/#\/schema\/person\/f47d097000832c4a6e54538c791fdf25\"},\"breadcrumb\":{\"@id\":\"https:\/\/www.fondazionepirelli.org\/it\/cultura-dimpresa\/gli-imprenditori-piacciono-poco-agli-italiani-ma-sta-nelle-loro-mani-la-chiave-duno-sviluppo-migliore\/#breadcrumb\"},\"inLanguage\":\"it-IT\",\"potentialAction\":[{\"@type\":\"ReadAction\",\"target\":[\"https:\/\/www.fondazionepirelli.org\/it\/cultura-dimpresa\/gli-imprenditori-piacciono-poco-agli-italiani-ma-sta-nelle-loro-mani-la-chiave-duno-sviluppo-migliore\/\"]}]},{\"@type\":\"ImageObject\",\"inLanguage\":\"it-IT\",\"@id\":\"https:\/\/www.fondazionepirelli.org\/it\/cultura-dimpresa\/gli-imprenditori-piacciono-poco-agli-italiani-ma-sta-nelle-loro-mani-la-chiave-duno-sviluppo-migliore\/#primaryimage\",\"url\":\"https:\/\/wpsite-assets.fondazionepirelli.org\/wp-content\/uploads\/2019\/05\/20101542\/14592577261532525586.jpg\",\"contentUrl\":\"https:\/\/wpsite-assets.fondazionepirelli.org\/wp-content\/uploads\/2019\/05\/20101542\/14592577261532525586.jpg\",\"width\":250,\"height\":250},{\"@type\":\"BreadcrumbList\",\"@id\":\"https:\/\/www.fondazionepirelli.org\/it\/cultura-dimpresa\/gli-imprenditori-piacciono-poco-agli-italiani-ma-sta-nelle-loro-mani-la-chiave-duno-sviluppo-migliore\/#breadcrumb\",\"itemListElement\":[{\"@type\":\"ListItem\",\"position\":1,\"name\":\"Home\",\"item\":\"https:\/\/www.fondazionepirelli.org\/it\/\"},{\"@type\":\"ListItem\",\"position\":2,\"name\":\"Gli imprenditori piacciono poco agli italiani, ma sta nelle loro mani la chiave d&#8217;uno sviluppo migliore\"}]},{\"@type\":\"WebSite\",\"@id\":\"https:\/\/www.fondazionepirelli.org\/it\/#website\",\"url\":\"https:\/\/www.fondazionepirelli.org\/it\/\",\"name\":\"Fondazione Pirelli\",\"description\":\"\",\"potentialAction\":[{\"@type\":\"SearchAction\",\"target\":{\"@type\":\"EntryPoint\",\"urlTemplate\":\"https:\/\/www.fondazionepirelli.org\/it\/?s={search_term_string}\"},\"query-input\":{\"@type\":\"PropertyValueSpecification\",\"valueRequired\":true,\"valueName\":\"search_term_string\"}}],\"inLanguage\":\"it-IT\"},{\"@type\":\"Person\",\"@id\":\"https:\/\/www.fondazionepirelli.org\/it\/#\/schema\/person\/f47d097000832c4a6e54538c791fdf25\",\"name\":\"fondadmin\",\"image\":{\"@type\":\"ImageObject\",\"inLanguage\":\"it-IT\",\"@id\":\"https:\/\/www.fondazionepirelli.org\/it\/#\/schema\/person\/image\/\",\"url\":\"https:\/\/secure.gravatar.com\/avatar\/e69498a9175ca244966e51e53c88712c024fcebe41f9a05f75657f1bb25e489b?s=96&d=mm&r=g\",\"contentUrl\":\"https:\/\/secure.gravatar.com\/avatar\/e69498a9175ca244966e51e53c88712c024fcebe41f9a05f75657f1bb25e489b?s=96&d=mm&r=g\",\"caption\":\"fondadmin\"},\"url\":\"https:\/\/www.fondazionepirelli.org\/it\/author\/fondadmin\/\"}]}<\/script>\n<!-- \/ Yoast SEO plugin. -->","yoast_head_json":{"title":"Gli imprenditori piacciono poco agli italiani, ma sta nelle loro mani la chiave d'uno sviluppo migliore - Fondazione Pirelli","robots":{"index":"index","follow":"follow","max-snippet":"max-snippet:-1","max-image-preview":"max-image-preview:large","max-video-preview":"max-video-preview:-1"},"canonical":"https:\/\/www.fondazionepirelli.org\/it\/cultura-dimpresa\/gli-imprenditori-piacciono-poco-agli-italiani-ma-sta-nelle-loro-mani-la-chiave-duno-sviluppo-migliore\/","og_locale":"it_IT","og_type":"article","og_title":"Gli imprenditori piacciono poco agli italiani, ma sta nelle loro mani la chiave d'uno sviluppo migliore - Fondazione Pirelli","og_description":"Agli italiani piacciono le imprese, le considerano il principale motore dello sviluppo economico, quelle piccole e medie soprattutto.","og_url":"https:\/\/www.fondazionepirelli.org\/it\/cultura-dimpresa\/gli-imprenditori-piacciono-poco-agli-italiani-ma-sta-nelle-loro-mani-la-chiave-duno-sviluppo-migliore\/","og_site_name":"Fondazione Pirelli","article_published_time":"2016-04-12T00:00:00+00:00","article_modified_time":"2019-05-23T10:59:49+00:00","og_image":[{"width":250,"height":250,"url":"https:\/\/wpsite-assets.fondazionepirelli.org\/wp-content\/uploads\/2019\/05\/20101542\/14592577261532525586.jpg","type":"image\/jpeg"}],"author":"fondadmin","twitter_card":"summary_large_image","twitter_misc":{"Scritto da":"fondadmin","Tempo di lettura stimato":"4 minuti"},"schema":{"@context":"https:\/\/schema.org","@graph":[{"@type":"WebPage","@id":"https:\/\/www.fondazionepirelli.org\/it\/cultura-dimpresa\/gli-imprenditori-piacciono-poco-agli-italiani-ma-sta-nelle-loro-mani-la-chiave-duno-sviluppo-migliore\/","url":"https:\/\/www.fondazionepirelli.org\/it\/cultura-dimpresa\/gli-imprenditori-piacciono-poco-agli-italiani-ma-sta-nelle-loro-mani-la-chiave-duno-sviluppo-migliore\/","name":"Gli imprenditori piacciono poco agli italiani, ma sta nelle loro mani la chiave d'uno sviluppo migliore - Fondazione Pirelli","isPartOf":{"@id":"https:\/\/www.fondazionepirelli.org\/it\/#website"},"primaryImageOfPage":{"@id":"https:\/\/www.fondazionepirelli.org\/it\/cultura-dimpresa\/gli-imprenditori-piacciono-poco-agli-italiani-ma-sta-nelle-loro-mani-la-chiave-duno-sviluppo-migliore\/#primaryimage"},"image":{"@id":"https:\/\/www.fondazionepirelli.org\/it\/cultura-dimpresa\/gli-imprenditori-piacciono-poco-agli-italiani-ma-sta-nelle-loro-mani-la-chiave-duno-sviluppo-migliore\/#primaryimage"},"thumbnailUrl":"https:\/\/wpsite-assets.fondazionepirelli.org\/wp-content\/uploads\/2019\/05\/20101542\/14592577261532525586.jpg","datePublished":"2016-04-12T00:00:00+00:00","dateModified":"2019-05-23T10:59:49+00:00","author":{"@id":"https:\/\/www.fondazionepirelli.org\/it\/#\/schema\/person\/f47d097000832c4a6e54538c791fdf25"},"breadcrumb":{"@id":"https:\/\/www.fondazionepirelli.org\/it\/cultura-dimpresa\/gli-imprenditori-piacciono-poco-agli-italiani-ma-sta-nelle-loro-mani-la-chiave-duno-sviluppo-migliore\/#breadcrumb"},"inLanguage":"it-IT","potentialAction":[{"@type":"ReadAction","target":["https:\/\/www.fondazionepirelli.org\/it\/cultura-dimpresa\/gli-imprenditori-piacciono-poco-agli-italiani-ma-sta-nelle-loro-mani-la-chiave-duno-sviluppo-migliore\/"]}]},{"@type":"ImageObject","inLanguage":"it-IT","@id":"https:\/\/www.fondazionepirelli.org\/it\/cultura-dimpresa\/gli-imprenditori-piacciono-poco-agli-italiani-ma-sta-nelle-loro-mani-la-chiave-duno-sviluppo-migliore\/#primaryimage","url":"https:\/\/wpsite-assets.fondazionepirelli.org\/wp-content\/uploads\/2019\/05\/20101542\/14592577261532525586.jpg","contentUrl":"https:\/\/wpsite-assets.fondazionepirelli.org\/wp-content\/uploads\/2019\/05\/20101542\/14592577261532525586.jpg","width":250,"height":250},{"@type":"BreadcrumbList","@id":"https:\/\/www.fondazionepirelli.org\/it\/cultura-dimpresa\/gli-imprenditori-piacciono-poco-agli-italiani-ma-sta-nelle-loro-mani-la-chiave-duno-sviluppo-migliore\/#breadcrumb","itemListElement":[{"@type":"ListItem","position":1,"name":"Home","item":"https:\/\/www.fondazionepirelli.org\/it\/"},{"@type":"ListItem","position":2,"name":"Gli imprenditori piacciono poco agli italiani, ma sta nelle loro mani la chiave d&#8217;uno sviluppo migliore"}]},{"@type":"WebSite","@id":"https:\/\/www.fondazionepirelli.org\/it\/#website","url":"https:\/\/www.fondazionepirelli.org\/it\/","name":"Fondazione Pirelli","description":"","potentialAction":[{"@type":"SearchAction","target":{"@type":"EntryPoint","urlTemplate":"https:\/\/www.fondazionepirelli.org\/it\/?s={search_term_string}"},"query-input":{"@type":"PropertyValueSpecification","valueRequired":true,"valueName":"search_term_string"}}],"inLanguage":"it-IT"},{"@type":"Person","@id":"https:\/\/www.fondazionepirelli.org\/it\/#\/schema\/person\/f47d097000832c4a6e54538c791fdf25","name":"fondadmin","image":{"@type":"ImageObject","inLanguage":"it-IT","@id":"https:\/\/www.fondazionepirelli.org\/it\/#\/schema\/person\/image\/","url":"https:\/\/secure.gravatar.com\/avatar\/e69498a9175ca244966e51e53c88712c024fcebe41f9a05f75657f1bb25e489b?s=96&d=mm&r=g","contentUrl":"https:\/\/secure.gravatar.com\/avatar\/e69498a9175ca244966e51e53c88712c024fcebe41f9a05f75657f1bb25e489b?s=96&d=mm&r=g","caption":"fondadmin"},"url":"https:\/\/www.fondazionepirelli.org\/it\/author\/fondadmin\/"}]}},"_links":{"self":[{"href":"https:\/\/www.fondazionepirelli.org\/it\/wp-json\/wp\/v2\/posts\/50975\/"}],"collection":[{"href":"https:\/\/www.fondazionepirelli.org\/it\/wp-json\/wp\/v2\/posts\/"}],"about":[{"href":"https:\/\/www.fondazionepirelli.org\/it\/wp-json\/wp\/v2\/types\/post\/"}],"author":[{"embeddable":true,"href":"https:\/\/www.fondazionepirelli.org\/it\/wp-json\/wp\/v2\/users\/1\/"}],"replies":[{"embeddable":true,"href":"https:\/\/www.fondazionepirelli.org\/it\/wp-json\/wp\/v2\/comments\/?post=50975"}],"version-history":[{"count":1,"href":"https:\/\/www.fondazionepirelli.org\/it\/wp-json\/wp\/v2\/posts\/50975\/revisions\/"}],"predecessor-version":[{"id":55786,"href":"https:\/\/www.fondazionepirelli.org\/it\/wp-json\/wp\/v2\/posts\/50975\/revisions\/55786\/"}],"wp:featuredmedia":[{"embeddable":true,"href":"https:\/\/www.fondazionepirelli.org\/it\/wp-json\/wp\/v2\/media\/50976\/"}],"wp:attachment":[{"href":"https:\/\/www.fondazionepirelli.org\/it\/wp-json\/wp\/v2\/media\/?parent=50975"}],"wp:term":[{"taxonomy":"category","embeddable":true,"href":"https:\/\/www.fondazionepirelli.org\/it\/wp-json\/wp\/v2\/categories\/?post=50975"},{"taxonomy":"post_tag","embeddable":true,"href":"https:\/\/www.fondazionepirelli.org\/it\/wp-json\/wp\/v2\/tags\/?post=50975"}],"curies":[{"name":"wp","href":"https:\/\/api.w.org\/{rel}","templated":true}]}}