{"id":50978,"date":"2016-04-05T00:00:00","date_gmt":"2016-04-05T00:00:00","guid":{"rendered":"http:\/\/www.fondazionepirelli.org\/fondazione-pirelli\/condividere-per-crescere\/"},"modified":"2019-05-27T12:36:08","modified_gmt":"2019-05-27T12:36:08","slug":"condividere-per-crescere","status":"publish","type":"post","link":"https:\/\/www.fondazionepirelli.org\/it\/cultura-dimpresa\/condividere-per-crescere\/","title":{"rendered":"Condividere per crescere"},"content":{"rendered":"<p><strong>Una tesi discussa all\u2019Universit\u00e0 di Padova mette in relazione la sharing economy con il modello tradizionale di organizzazione della produzione.<\/strong><\/p>\n<p>L\u2019impresa nasce anche dalla condivisione di obiettivi comuni. E non potrebbe che essere cos\u00ec, visto che la semplice idea imprenditoriale senza strumenti e uomini che ne condividano percorso e traguardi, ha ben poca strada da fare. Oggi questa condizione \u00e8 ancora pi\u00f9 forte e d\u00e0 vita a forme nuove di organizzazione della produzione e d\u2019impresa. \u201cSharing economy e sostenibilit\u00e0 ambientale. Il fattore condivisione nella piattaforma italiana \u201cjojob\u201d\u201d \u00e8 un lavoro utile per comprendere meglio cosa sta cambiando proprio in tema di condivisione e lavoro.<\/p>\n<p>Scritta da Sara Bolcato nell\u2019ambito degli studi di Scienze dell\u2019economia del Corso di Laurea Magistrale in Economia Internazionale (Universit\u00e0 degli Studi di Padova), si tratta di una tesi basata su un percorso di ricerca e analisi che ha l\u2019obiettivo di conoscere e approfondire il fenomeno della sharing economy intesa come, scrive l\u2019autrice, \u201cun modello economico basato sulla condivisione e sulla collaborazione che avviene principalmente tra pari, senza un processo di intermediazione, o che pu\u00f2 avvenire in alternativa, in minor misura, in una dimensione di Business-to-Business o Business-to-Consumer\u201d. In particolare, la sharing economy si \u00e8 proposta, dice sempre Bolcato, \u201ccome modello valoriale e comportamentale alternativo e completamente differente rispetto al sistema di produzione e consumo capitalistico, tanto che \u00e8 considerata una critica al capitalismo e una forma di economia pi\u00f9 democratica, sostenibile e equa che \u00e8 auspicabile sostituire al modello di produzione e consumo attuali\u201d. Ma l\u2019utilit\u00e0 della ricerca non \u00e8 tanto nella critica, quanto nell\u2019analisi di questo modello organizzativo come vero sistema alternativo, in alcuni casi parzialmente sostitutivo, del tradizionale modo di produrre. Un modo culturalmente diverso di affrontare l\u2019attivit\u00e0 d\u2019impresa.<\/p>\n<p>Sara Bolcato, quindi, esplora tutti gli aspetti relativi alla sharing economy partendo da un capitolo che ne analizza la definizione, le cause e le caratteristiche per poi passare all\u2019individuazione dei legami fra sharing economy e ambiente dal punto di vista della sostenibilit\u00e0 dei cicli produttivi, e arrivare alla fine allo studio dei collegamenti fra sharing economy e nuove tecnologie. Chiude la ricerca l\u2019approfondimento dell\u2019iniziativa di condivisione degli autoveicoli lanciata in Italia da \u201cJojob\u201d.<\/p>\n<p>\u201cIpotizzando la complementariet\u00e0 dei due sistemi \u2013 conclude l\u2019autrice del lavoro -, le imprese di tipo tradizionale potrebbero rappresentare una fonte di risorse che potrebbero essere utilizzate della imprese Sharing Economy per far fronte alle difficolt\u00e0 e ostacoli che incontrano nel processo di sviluppo. D&#8217;altra parte anche le imprese di tipo tradizionale potrebbero ricavare benefici dalla cooperazione con la nuova tipologia di imprese. Le imprese Sharing Economy sviluppano mediamente una migliore relazione e dialogo pi\u00f9 diretto e trasparente con il cliente quindi le imprese tradizionali potrebbero sfruttare tali vantaggi al fine di creare una relazione di complementariet\u00e0 tra i due sistemi\u201d.<\/p>\n<p>Il lavoro di Bolcato \u00e8 un buon esempio di analisi e racconto di un modo diverso di fare impresa e di fare cultura d\u2019impresa. Da leggere anche agevolati dalla scorrevolezza del testo.<\/p>\n<p><strong>\u00a0<\/strong><strong>\u00a0<\/strong><\/p>\n<p><strong>Sharing economy e sostenibilit\u00e0 ambientale. Il fattore condivisione nella piattaforma italiana \u201cjojob\u201d<\/strong><\/p>\n<p>Sara Bolcato<\/p>\n<p>Tesi in Scienze dell\u2019economia, Corso di Laurea Magistrale in Economia Internazionale, Universit\u00e0 degli Studi di Padova, 2015-2016.<\/p>\n","protected":false},"excerpt":{"rendered":"<p>Una tesi discussa all\u2019Universit\u00e0 di Padova mette in relazione la sharing economy con il modello tradizionale di organizzazione della produzione.<\/p>\n","protected":false},"author":1,"featured_media":0,"comment_status":"open","ping_status":"open","sticky":false,"template":"","format":"standard","meta":{"footnotes":""},"categories":[54,52],"tags":[],"class_list":["post-50978","post","type-post","status-publish","format-standard","hentry","category-approfondimenti","category-cultura-dimpresa"],"acf":[],"yoast_head":"<!-- This site is optimized with the Yoast SEO plugin v25.0 - https:\/\/yoast.com\/wordpress\/plugins\/seo\/ -->\n<title>Condividere per crescere - Fondazione Pirelli<\/title>\n<meta name=\"robots\" content=\"index, follow, max-snippet:-1, max-image-preview:large, max-video-preview:-1\" \/>\n<link rel=\"canonical\" href=\"https:\/\/www.fondazionepirelli.org\/it\/cultura-dimpresa\/condividere-per-crescere\/\" \/>\n<meta property=\"og:locale\" content=\"it_IT\" \/>\n<meta property=\"og:type\" content=\"article\" \/>\n<meta property=\"og:title\" content=\"Condividere per crescere - Fondazione Pirelli\" \/>\n<meta property=\"og:description\" content=\"Una tesi discussa all\u2019Universit\u00e0 di Padova mette in relazione la sharing economy con il modello tradizionale di organizzazione della produzione.\" \/>\n<meta property=\"og:url\" content=\"https:\/\/www.fondazionepirelli.org\/it\/cultura-dimpresa\/condividere-per-crescere\/\" \/>\n<meta property=\"og:site_name\" content=\"Fondazione Pirelli\" \/>\n<meta property=\"article:published_time\" content=\"2016-04-05T00:00:00+00:00\" \/>\n<meta property=\"article:modified_time\" content=\"2019-05-27T12:36:08+00:00\" \/>\n<meta name=\"author\" content=\"fondadmin\" \/>\n<meta name=\"twitter:card\" content=\"summary_large_image\" \/>\n<meta name=\"twitter:label1\" content=\"Scritto da\" \/>\n\t<meta name=\"twitter:data1\" content=\"fondadmin\" \/>\n\t<meta name=\"twitter:label2\" content=\"Tempo di lettura stimato\" \/>\n\t<meta name=\"twitter:data2\" content=\"3 minuti\" \/>\n<script type=\"application\/ld+json\" class=\"yoast-schema-graph\">{\"@context\":\"https:\/\/schema.org\",\"@graph\":[{\"@type\":\"WebPage\",\"@id\":\"https:\/\/www.fondazionepirelli.org\/it\/cultura-dimpresa\/condividere-per-crescere\/\",\"url\":\"https:\/\/www.fondazionepirelli.org\/it\/cultura-dimpresa\/condividere-per-crescere\/\",\"name\":\"Condividere per crescere - Fondazione Pirelli\",\"isPartOf\":{\"@id\":\"https:\/\/www.fondazionepirelli.org\/it\/#website\"},\"datePublished\":\"2016-04-05T00:00:00+00:00\",\"dateModified\":\"2019-05-27T12:36:08+00:00\",\"author\":{\"@id\":\"https:\/\/www.fondazionepirelli.org\/it\/#\/schema\/person\/f47d097000832c4a6e54538c791fdf25\"},\"breadcrumb\":{\"@id\":\"https:\/\/www.fondazionepirelli.org\/it\/cultura-dimpresa\/condividere-per-crescere\/#breadcrumb\"},\"inLanguage\":\"it-IT\",\"potentialAction\":[{\"@type\":\"ReadAction\",\"target\":[\"https:\/\/www.fondazionepirelli.org\/it\/cultura-dimpresa\/condividere-per-crescere\/\"]}]},{\"@type\":\"BreadcrumbList\",\"@id\":\"https:\/\/www.fondazionepirelli.org\/it\/cultura-dimpresa\/condividere-per-crescere\/#breadcrumb\",\"itemListElement\":[{\"@type\":\"ListItem\",\"position\":1,\"name\":\"Home\",\"item\":\"https:\/\/www.fondazionepirelli.org\/it\/\"},{\"@type\":\"ListItem\",\"position\":2,\"name\":\"Condividere per crescere\"}]},{\"@type\":\"WebSite\",\"@id\":\"https:\/\/www.fondazionepirelli.org\/it\/#website\",\"url\":\"https:\/\/www.fondazionepirelli.org\/it\/\",\"name\":\"Fondazione Pirelli\",\"description\":\"\",\"potentialAction\":[{\"@type\":\"SearchAction\",\"target\":{\"@type\":\"EntryPoint\",\"urlTemplate\":\"https:\/\/www.fondazionepirelli.org\/it\/?s={search_term_string}\"},\"query-input\":{\"@type\":\"PropertyValueSpecification\",\"valueRequired\":true,\"valueName\":\"search_term_string\"}}],\"inLanguage\":\"it-IT\"},{\"@type\":\"Person\",\"@id\":\"https:\/\/www.fondazionepirelli.org\/it\/#\/schema\/person\/f47d097000832c4a6e54538c791fdf25\",\"name\":\"fondadmin\",\"image\":{\"@type\":\"ImageObject\",\"inLanguage\":\"it-IT\",\"@id\":\"https:\/\/www.fondazionepirelli.org\/it\/#\/schema\/person\/image\/\",\"url\":\"https:\/\/secure.gravatar.com\/avatar\/e69498a9175ca244966e51e53c88712c024fcebe41f9a05f75657f1bb25e489b?s=96&d=mm&r=g\",\"contentUrl\":\"https:\/\/secure.gravatar.com\/avatar\/e69498a9175ca244966e51e53c88712c024fcebe41f9a05f75657f1bb25e489b?s=96&d=mm&r=g\",\"caption\":\"fondadmin\"},\"url\":\"https:\/\/www.fondazionepirelli.org\/it\/author\/fondadmin\/\"}]}<\/script>\n<!-- \/ Yoast SEO plugin. -->","yoast_head_json":{"title":"Condividere per crescere - Fondazione Pirelli","robots":{"index":"index","follow":"follow","max-snippet":"max-snippet:-1","max-image-preview":"max-image-preview:large","max-video-preview":"max-video-preview:-1"},"canonical":"https:\/\/www.fondazionepirelli.org\/it\/cultura-dimpresa\/condividere-per-crescere\/","og_locale":"it_IT","og_type":"article","og_title":"Condividere per crescere - Fondazione Pirelli","og_description":"Una tesi discussa all\u2019Universit\u00e0 di Padova mette in relazione la sharing economy con il modello tradizionale di organizzazione della produzione.","og_url":"https:\/\/www.fondazionepirelli.org\/it\/cultura-dimpresa\/condividere-per-crescere\/","og_site_name":"Fondazione Pirelli","article_published_time":"2016-04-05T00:00:00+00:00","article_modified_time":"2019-05-27T12:36:08+00:00","author":"fondadmin","twitter_card":"summary_large_image","twitter_misc":{"Scritto da":"fondadmin","Tempo di lettura stimato":"3 minuti"},"schema":{"@context":"https:\/\/schema.org","@graph":[{"@type":"WebPage","@id":"https:\/\/www.fondazionepirelli.org\/it\/cultura-dimpresa\/condividere-per-crescere\/","url":"https:\/\/www.fondazionepirelli.org\/it\/cultura-dimpresa\/condividere-per-crescere\/","name":"Condividere per crescere - Fondazione Pirelli","isPartOf":{"@id":"https:\/\/www.fondazionepirelli.org\/it\/#website"},"datePublished":"2016-04-05T00:00:00+00:00","dateModified":"2019-05-27T12:36:08+00:00","author":{"@id":"https:\/\/www.fondazionepirelli.org\/it\/#\/schema\/person\/f47d097000832c4a6e54538c791fdf25"},"breadcrumb":{"@id":"https:\/\/www.fondazionepirelli.org\/it\/cultura-dimpresa\/condividere-per-crescere\/#breadcrumb"},"inLanguage":"it-IT","potentialAction":[{"@type":"ReadAction","target":["https:\/\/www.fondazionepirelli.org\/it\/cultura-dimpresa\/condividere-per-crescere\/"]}]},{"@type":"BreadcrumbList","@id":"https:\/\/www.fondazionepirelli.org\/it\/cultura-dimpresa\/condividere-per-crescere\/#breadcrumb","itemListElement":[{"@type":"ListItem","position":1,"name":"Home","item":"https:\/\/www.fondazionepirelli.org\/it\/"},{"@type":"ListItem","position":2,"name":"Condividere per crescere"}]},{"@type":"WebSite","@id":"https:\/\/www.fondazionepirelli.org\/it\/#website","url":"https:\/\/www.fondazionepirelli.org\/it\/","name":"Fondazione Pirelli","description":"","potentialAction":[{"@type":"SearchAction","target":{"@type":"EntryPoint","urlTemplate":"https:\/\/www.fondazionepirelli.org\/it\/?s={search_term_string}"},"query-input":{"@type":"PropertyValueSpecification","valueRequired":true,"valueName":"search_term_string"}}],"inLanguage":"it-IT"},{"@type":"Person","@id":"https:\/\/www.fondazionepirelli.org\/it\/#\/schema\/person\/f47d097000832c4a6e54538c791fdf25","name":"fondadmin","image":{"@type":"ImageObject","inLanguage":"it-IT","@id":"https:\/\/www.fondazionepirelli.org\/it\/#\/schema\/person\/image\/","url":"https:\/\/secure.gravatar.com\/avatar\/e69498a9175ca244966e51e53c88712c024fcebe41f9a05f75657f1bb25e489b?s=96&d=mm&r=g","contentUrl":"https:\/\/secure.gravatar.com\/avatar\/e69498a9175ca244966e51e53c88712c024fcebe41f9a05f75657f1bb25e489b?s=96&d=mm&r=g","caption":"fondadmin"},"url":"https:\/\/www.fondazionepirelli.org\/it\/author\/fondadmin\/"}]}},"_links":{"self":[{"href":"https:\/\/www.fondazionepirelli.org\/it\/wp-json\/wp\/v2\/posts\/50978\/"}],"collection":[{"href":"https:\/\/www.fondazionepirelli.org\/it\/wp-json\/wp\/v2\/posts\/"}],"about":[{"href":"https:\/\/www.fondazionepirelli.org\/it\/wp-json\/wp\/v2\/types\/post\/"}],"author":[{"embeddable":true,"href":"https:\/\/www.fondazionepirelli.org\/it\/wp-json\/wp\/v2\/users\/1\/"}],"replies":[{"embeddable":true,"href":"https:\/\/www.fondazionepirelli.org\/it\/wp-json\/wp\/v2\/comments\/?post=50978"}],"version-history":[{"count":1,"href":"https:\/\/www.fondazionepirelli.org\/it\/wp-json\/wp\/v2\/posts\/50978\/revisions\/"}],"predecessor-version":[{"id":56158,"href":"https:\/\/www.fondazionepirelli.org\/it\/wp-json\/wp\/v2\/posts\/50978\/revisions\/56158\/"}],"wp:attachment":[{"href":"https:\/\/www.fondazionepirelli.org\/it\/wp-json\/wp\/v2\/media\/?parent=50978"}],"wp:term":[{"taxonomy":"category","embeddable":true,"href":"https:\/\/www.fondazionepirelli.org\/it\/wp-json\/wp\/v2\/categories\/?post=50978"},{"taxonomy":"post_tag","embeddable":true,"href":"https:\/\/www.fondazionepirelli.org\/it\/wp-json\/wp\/v2\/tags\/?post=50978"}],"curies":[{"name":"wp","href":"https:\/\/api.w.org\/{rel}","templated":true}]}}