{"id":50982,"date":"2016-04-05T00:00:00","date_gmt":"2016-04-05T00:00:00","guid":{"rendered":"http:\/\/www.fondazionepirelli.org\/fondazione-pirelli\/la-cultura-per-raccontare-limpresa-al-festival-di-vicenza-industria-teatro-scrittura-e-musica\/"},"modified":"2019-05-23T10:56:22","modified_gmt":"2019-05-23T10:56:22","slug":"la-cultura-per-raccontare-limpresa-al-festival-di-vicenza-industria-teatro-scrittura-e-musica","status":"publish","type":"post","link":"https:\/\/www.fondazionepirelli.org\/it\/cultura-dimpresa\/la-cultura-per-raccontare-limpresa-al-festival-di-vicenza-industria-teatro-scrittura-e-musica\/","title":{"rendered":"&#8220;La cultura per raccontare l&#8217;impresa&#8221;: al festival di Vicenza industria, teatro scrittura e musica"},"content":{"rendered":"<p style=\"text-align: justify;\"><strong>Fare cultura<\/strong>, per stimolare la crescita e la competitivit\u00e0 delle nostre imprese, una buona cultura della fabbrica, della qualit\u00e0, dell\u2019innovazione. E rafforzare \u201cle <strong>fabbriche della cultura\u201d<\/strong>, l\u2019editoria, i teatri, i conservatori di musica, i luoghi del cinema e della Tv, le reti creative in cui la memoria si mescola con i nuovi linguaggi digitali. Fare vivere l\u2019industria, insomma. E raccontarla. E\u2019 la doppia sfida che il Paese, gli imprenditori e gli intellettuali hanno davanti a loro, in una stagione di profonde e radicali trasformazioni dell\u2019economia e delle relazioni sociali e culturali. E che va giocata innanzitutto dagli uomini e dalle donne d\u2019impresa, in cerca di nuova e migliore legittimit\u00e0, d\u2019un equilibrio che coniughi \u201cil valore\u201d (il profitto, i legittimi interessi economici che girano attorno all\u2019impresa) con \u201ci valori\u201d, di sostenibilit\u00e0 ambientale e sociale, la competitivit\u00e0 con il bisogno di comunit\u00e0 (entrambe le parole hanno un\u2019origine comune, nel \u201ccum\u201d latino: insieme).<\/p>\n<p style=\"text-align: justify;\">Sono questi, i temi di fondo del dibattito su \u201cLa cultura che racconta l\u2019impresa\u201d, che domenica scorsa ha concluso a Vicenza i tre giorni del \u201c<strong>Festival Citt\u00e0 Impresa<\/strong>\u201d, tradizionale appuntamento tra imprenditori, economisti, ministri, politici, sindacalisti, uomini e donne di cultura, per fare un punto sulla situazione economica e sociale del Paese e soprattutto di un\u2019area, il Nord Est, in cui l\u2019impresa ha una robusta centralit\u00e0, storica e futuribile. Storie d\u2019innovazione e di sfide produttive e culturali. Di radici locali della manifattura e di prospettive internazionali. Di declino dell\u2019ideologia del \u201cpiccolo \u00e8 bello\u201d (con tanto di \u201cfamilismo amorale\u201d che azzoppa le vitalit\u00e0 del capitalismo di territorio). E di bisogno di approfondire le questioni della produttivit\u00e0, della concorrenza, dello sviluppo sostenibile. Della buona cultura d\u2019impresa.<\/p>\n<p style=\"text-align: justify;\"><strong>Cultura<\/strong>, s\u2019\u00e8 detto, come capacit\u00e0 competitiva distintiva dell\u2019impresa italiana. Per capire meglio, si \u00e8 citata la nota, sintetica citazione di un grande storico dell\u2019economia, <strong>Carlo Maria Cipolla<\/strong>: \u201cGli italiani, abituati fin dal Medio Evo a produrre, all\u2019ombra dei campanili, cose belle che piacciono al mondo\u201d. In questa frase c\u2019\u00e8 la sostanza dell\u2019identit\u00e0 industriale del sistema Paese: la tradizione storica, il radicamento territoriale dell\u2019impresa diffusa (\u201call\u2019ombra dei campanili\u201d), la manifattura, il design (\u201ccose belle\u201d) e l\u2019antica vocazione internazionale. Valori storici carichi d\u2019attualit\u00e0. Che producono valore economico.<\/p>\n<p style=\"text-align: justify;\">Parliamo qui d\u2019una \u201c<strong>cultura politecnica<\/strong>\u201d come sintesi continuamente rinnovata tra saperi umanistici e competenze scientifiche, un \u201cunicum\u201d italiano, in questa dimensione. Cultura come strumento essenziale per reggere tutte le nuove sfide dell\u2019innovazione, in tempi di digital manifacturing, stampanti 3D, big data, cloud computing, etc. Cultura per decrittare e riorganizzare complessit\u00e0 e contraddizioni. E per dare forza economica a una innovazione che investe produzioni e prodotti, materiali, linguaggi della comunicazione e del marketing, formazione, relazioni industriali, processi di governance, rapporti con gli stakeholder, comprensione delle diversit\u00e0 culturali e sociali dei diversi paesi in cui le migliori imprese italiane crescono e si internazionalizzano.<\/p>\n<p style=\"text-align: justify;\">\u201cCultura politecnica\u201d, vale la pena aggiungere, come relazione tra la scienza, la tecnologia e la loro rappresentazione. Come si ritrova, per esempio, nelle riflessioni di <strong>Leonardo Sinisgalli<\/strong>, ingegnere-poeta, negli anni Cinquanta manager della <strong>Pirelli<\/strong> e poi dell\u2019<strong>Olivetti<\/strong> (due delle migliori fucine creative della cultura d\u2019impresa italiana) e poi responsabile di \u201c<strong>Civilt\u00e0 delle macchine<\/strong>\u201d, la rivista della Finmeccanica Iri che ha segnato positivamente la stagione del boom economico. Natura da trasformare, rispettandola. E scienza. Fabbrica e buona cultura, ancora una volta. Scrive Sinisgalli: \u201cLa Natura sa fabbricare oggetti, non fabbrica strumenti. La Natura non sente il bisogno di controllare, di misurare, non ha necessit\u00e0 di ripetere esattamente gli stessi gesti, di riposarsi nello stesso pensiero, nella stessa formula. [&#8230;] La natura sa fabbricare i poliedri perfetti, reticoli cubici, reticoli esagonali, simmetrie pentagonali, ovoidi, spirali logaritmiche. [&#8230;] La ruota non \u00e8 una creatura, \u00e8 soltanto una sigla, poco pi\u00f9 di un numero, un numero figurato che pu\u00f2 andare di qua o di l\u00e0. Non pu\u00f2 fermarsi, n\u00e9 tornare indietro. Se non per accidente. La Natura ha rimesso all\u2019uomo queste responsabilit\u00e0\u201d.<\/p>\n<p style=\"text-align: justify;\">Ecco un\u2019altra parola chiave, di cui s\u2019\u00e8 sentita l\u2019eco a Vicenza:<strong>responsabilit\u00e0<\/strong>. D\u2019un miglior modo di produrre. Ma anche di consumare. Di costruire rapporti pi\u00f9 equilibrati tra economia, societ\u00e0, persone. E di fare, di questo lavor\u00eco, un grande racconto, nelle forme che la cultura ci mette a disposizione: la scrittura, la rappresentazione teatrale, la fotografia, il cinema, i prodotti del mondo digitale, o perch\u00e9 no? la musica (scrivere un concerto, una suite, una sinfonia, un \u201ccorale\u201d partendo dalle atmosfere e dai rumori della fabbrica?). In sintesi: fabbriche aperte alla cultura. E uomini e donne di cultura in fabbrica. Per confrontarsi. Capirsi. Riconoscersi come parti essenziali dello sviluppo italiano. E ritrovarsi come comunit\u00e0. Non era comunit\u00e0, d\u2019altronde, la parola chiave della buona cultura d\u2019impresa di Adriano Olivetti?<\/p>\n","protected":false},"excerpt":{"rendered":"<p>Fare cultura, per stimolare la crescita e la competitivit\u00e0 delle nostre imprese, una buona cultura della fabbrica, della qualit\u00e0, dell\u2019innovazione.<\/p>\n","protected":false},"author":1,"featured_media":50976,"comment_status":"open","ping_status":"open","sticky":false,"template":"","format":"standard","meta":{"footnotes":""},"categories":[53,52],"tags":[],"class_list":["post-50982","post","type-post","status-publish","format-standard","has-post-thumbnail","hentry","category-blog","category-cultura-dimpresa"],"acf":[],"yoast_head":"<!-- This site is optimized with the Yoast SEO plugin v25.0 - https:\/\/yoast.com\/wordpress\/plugins\/seo\/ -->\n<title>&quot;La cultura per raccontare l&#039;impresa&quot;: al festival di Vicenza industria, teatro scrittura e musica - Fondazione Pirelli<\/title>\n<meta name=\"robots\" content=\"index, follow, max-snippet:-1, max-image-preview:large, max-video-preview:-1\" \/>\n<link rel=\"canonical\" href=\"https:\/\/www.fondazionepirelli.org\/it\/cultura-dimpresa\/la-cultura-per-raccontare-limpresa-al-festival-di-vicenza-industria-teatro-scrittura-e-musica\/\" \/>\n<meta property=\"og:locale\" content=\"it_IT\" \/>\n<meta property=\"og:type\" content=\"article\" \/>\n<meta property=\"og:title\" content=\"&quot;La cultura per raccontare l&#039;impresa&quot;: al festival di Vicenza industria, teatro scrittura e musica - Fondazione Pirelli\" \/>\n<meta property=\"og:description\" content=\"Fare cultura, per stimolare la crescita e la competitivit\u00e0 delle nostre imprese, una buona cultura della fabbrica, della qualit\u00e0, dell\u2019innovazione.\" \/>\n<meta property=\"og:url\" content=\"https:\/\/127.0.0.1\/it\/cultura-dimpresa\/la-cultura-per-raccontare-limpresa-al-festival-di-vicenza-industria-teatro-scrittura-e-musica\/\" \/>\n<meta property=\"og:site_name\" content=\"Fondazione Pirelli\" \/>\n<meta property=\"article:published_time\" content=\"2016-04-05T00:00:00+00:00\" \/>\n<meta property=\"article:modified_time\" content=\"2019-05-23T10:56:22+00:00\" \/>\n<meta property=\"og:image\" content=\"https:\/\/wpsite-assets.fondazionepirelli.org\/wp-content\/uploads\/2019\/05\/20101542\/14592577261532525586.jpg\" \/>\n\t<meta property=\"og:image:width\" content=\"250\" \/>\n\t<meta property=\"og:image:height\" content=\"250\" \/>\n\t<meta property=\"og:image:type\" content=\"image\/jpeg\" \/>\n<meta name=\"author\" content=\"fondadmin\" \/>\n<meta name=\"twitter:card\" content=\"summary_large_image\" \/>\n<meta name=\"twitter:label1\" content=\"Scritto da\" \/>\n\t<meta name=\"twitter:data1\" content=\"fondadmin\" \/>\n\t<meta name=\"twitter:label2\" content=\"Tempo di lettura stimato\" \/>\n\t<meta name=\"twitter:data2\" content=\"4 minuti\" \/>\n<script type=\"application\/ld+json\" class=\"yoast-schema-graph\">{\"@context\":\"https:\/\/schema.org\",\"@graph\":[{\"@type\":\"WebPage\",\"@id\":\"https:\/\/127.0.0.1\/it\/cultura-dimpresa\/la-cultura-per-raccontare-limpresa-al-festival-di-vicenza-industria-teatro-scrittura-e-musica\/\",\"url\":\"https:\/\/127.0.0.1\/it\/cultura-dimpresa\/la-cultura-per-raccontare-limpresa-al-festival-di-vicenza-industria-teatro-scrittura-e-musica\/\",\"name\":\"\\\"La cultura per raccontare l'impresa\\\": al festival di Vicenza industria, teatro scrittura e musica - Fondazione Pirelli\",\"isPartOf\":{\"@id\":\"https:\/\/www.fondazionepirelli.org\/it\/#website\"},\"primaryImageOfPage\":{\"@id\":\"https:\/\/127.0.0.1\/it\/cultura-dimpresa\/la-cultura-per-raccontare-limpresa-al-festival-di-vicenza-industria-teatro-scrittura-e-musica\/#primaryimage\"},\"image\":{\"@id\":\"https:\/\/127.0.0.1\/it\/cultura-dimpresa\/la-cultura-per-raccontare-limpresa-al-festival-di-vicenza-industria-teatro-scrittura-e-musica\/#primaryimage\"},\"thumbnailUrl\":\"https:\/\/wpsite-assets.fondazionepirelli.org\/wp-content\/uploads\/2019\/05\/20101542\/14592577261532525586.jpg\",\"datePublished\":\"2016-04-05T00:00:00+00:00\",\"dateModified\":\"2019-05-23T10:56:22+00:00\",\"author\":{\"@id\":\"https:\/\/www.fondazionepirelli.org\/it\/#\/schema\/person\/f47d097000832c4a6e54538c791fdf25\"},\"breadcrumb\":{\"@id\":\"https:\/\/127.0.0.1\/it\/cultura-dimpresa\/la-cultura-per-raccontare-limpresa-al-festival-di-vicenza-industria-teatro-scrittura-e-musica\/#breadcrumb\"},\"inLanguage\":\"it-IT\",\"potentialAction\":[{\"@type\":\"ReadAction\",\"target\":[\"https:\/\/127.0.0.1\/it\/cultura-dimpresa\/la-cultura-per-raccontare-limpresa-al-festival-di-vicenza-industria-teatro-scrittura-e-musica\/\"]}]},{\"@type\":\"ImageObject\",\"inLanguage\":\"it-IT\",\"@id\":\"https:\/\/127.0.0.1\/it\/cultura-dimpresa\/la-cultura-per-raccontare-limpresa-al-festival-di-vicenza-industria-teatro-scrittura-e-musica\/#primaryimage\",\"url\":\"https:\/\/wpsite-assets.fondazionepirelli.org\/wp-content\/uploads\/2019\/05\/20101542\/14592577261532525586.jpg\",\"contentUrl\":\"https:\/\/wpsite-assets.fondazionepirelli.org\/wp-content\/uploads\/2019\/05\/20101542\/14592577261532525586.jpg\",\"width\":250,\"height\":250},{\"@type\":\"BreadcrumbList\",\"@id\":\"https:\/\/127.0.0.1\/it\/cultura-dimpresa\/la-cultura-per-raccontare-limpresa-al-festival-di-vicenza-industria-teatro-scrittura-e-musica\/#breadcrumb\",\"itemListElement\":[{\"@type\":\"ListItem\",\"position\":1,\"name\":\"Home\",\"item\":\"https:\/\/www.fondazionepirelli.org\/it\/\"},{\"@type\":\"ListItem\",\"position\":2,\"name\":\"&#8220;La cultura per raccontare l&#8217;impresa&#8221;: al festival di Vicenza industria, teatro scrittura e musica\"}]},{\"@type\":\"WebSite\",\"@id\":\"https:\/\/www.fondazionepirelli.org\/it\/#website\",\"url\":\"https:\/\/www.fondazionepirelli.org\/it\/\",\"name\":\"Fondazione Pirelli\",\"description\":\"\",\"potentialAction\":[{\"@type\":\"SearchAction\",\"target\":{\"@type\":\"EntryPoint\",\"urlTemplate\":\"https:\/\/www.fondazionepirelli.org\/it\/?s={search_term_string}\"},\"query-input\":{\"@type\":\"PropertyValueSpecification\",\"valueRequired\":true,\"valueName\":\"search_term_string\"}}],\"inLanguage\":\"it-IT\"},{\"@type\":\"Person\",\"@id\":\"https:\/\/www.fondazionepirelli.org\/it\/#\/schema\/person\/f47d097000832c4a6e54538c791fdf25\",\"name\":\"fondadmin\",\"image\":{\"@type\":\"ImageObject\",\"inLanguage\":\"it-IT\",\"@id\":\"https:\/\/www.fondazionepirelli.org\/it\/#\/schema\/person\/image\/\",\"url\":\"https:\/\/secure.gravatar.com\/avatar\/e69498a9175ca244966e51e53c88712c024fcebe41f9a05f75657f1bb25e489b?s=96&d=mm&r=g\",\"contentUrl\":\"https:\/\/secure.gravatar.com\/avatar\/e69498a9175ca244966e51e53c88712c024fcebe41f9a05f75657f1bb25e489b?s=96&d=mm&r=g\",\"caption\":\"fondadmin\"},\"url\":\"https:\/\/www.fondazionepirelli.org\/it\/author\/fondadmin\/\"}]}<\/script>\n<!-- \/ Yoast SEO plugin. -->","yoast_head_json":{"title":"\"La cultura per raccontare l'impresa\": al festival di Vicenza industria, teatro scrittura e musica - Fondazione Pirelli","robots":{"index":"index","follow":"follow","max-snippet":"max-snippet:-1","max-image-preview":"max-image-preview:large","max-video-preview":"max-video-preview:-1"},"canonical":"https:\/\/www.fondazionepirelli.org\/it\/cultura-dimpresa\/la-cultura-per-raccontare-limpresa-al-festival-di-vicenza-industria-teatro-scrittura-e-musica\/","og_locale":"it_IT","og_type":"article","og_title":"\"La cultura per raccontare l'impresa\": al festival di Vicenza industria, teatro scrittura e musica - Fondazione Pirelli","og_description":"Fare cultura, per stimolare la crescita e la competitivit\u00e0 delle nostre imprese, una buona cultura della fabbrica, della qualit\u00e0, dell\u2019innovazione.","og_url":"https:\/\/127.0.0.1\/it\/cultura-dimpresa\/la-cultura-per-raccontare-limpresa-al-festival-di-vicenza-industria-teatro-scrittura-e-musica\/","og_site_name":"Fondazione Pirelli","article_published_time":"2016-04-05T00:00:00+00:00","article_modified_time":"2019-05-23T10:56:22+00:00","og_image":[{"width":250,"height":250,"url":"https:\/\/wpsite-assets.fondazionepirelli.org\/wp-content\/uploads\/2019\/05\/20101542\/14592577261532525586.jpg","type":"image\/jpeg"}],"author":"fondadmin","twitter_card":"summary_large_image","twitter_misc":{"Scritto da":"fondadmin","Tempo di lettura stimato":"4 minuti"},"schema":{"@context":"https:\/\/schema.org","@graph":[{"@type":"WebPage","@id":"https:\/\/127.0.0.1\/it\/cultura-dimpresa\/la-cultura-per-raccontare-limpresa-al-festival-di-vicenza-industria-teatro-scrittura-e-musica\/","url":"https:\/\/127.0.0.1\/it\/cultura-dimpresa\/la-cultura-per-raccontare-limpresa-al-festival-di-vicenza-industria-teatro-scrittura-e-musica\/","name":"\"La cultura per raccontare l'impresa\": al festival di Vicenza industria, teatro scrittura e musica - Fondazione Pirelli","isPartOf":{"@id":"https:\/\/www.fondazionepirelli.org\/it\/#website"},"primaryImageOfPage":{"@id":"https:\/\/127.0.0.1\/it\/cultura-dimpresa\/la-cultura-per-raccontare-limpresa-al-festival-di-vicenza-industria-teatro-scrittura-e-musica\/#primaryimage"},"image":{"@id":"https:\/\/127.0.0.1\/it\/cultura-dimpresa\/la-cultura-per-raccontare-limpresa-al-festival-di-vicenza-industria-teatro-scrittura-e-musica\/#primaryimage"},"thumbnailUrl":"https:\/\/wpsite-assets.fondazionepirelli.org\/wp-content\/uploads\/2019\/05\/20101542\/14592577261532525586.jpg","datePublished":"2016-04-05T00:00:00+00:00","dateModified":"2019-05-23T10:56:22+00:00","author":{"@id":"https:\/\/www.fondazionepirelli.org\/it\/#\/schema\/person\/f47d097000832c4a6e54538c791fdf25"},"breadcrumb":{"@id":"https:\/\/127.0.0.1\/it\/cultura-dimpresa\/la-cultura-per-raccontare-limpresa-al-festival-di-vicenza-industria-teatro-scrittura-e-musica\/#breadcrumb"},"inLanguage":"it-IT","potentialAction":[{"@type":"ReadAction","target":["https:\/\/127.0.0.1\/it\/cultura-dimpresa\/la-cultura-per-raccontare-limpresa-al-festival-di-vicenza-industria-teatro-scrittura-e-musica\/"]}]},{"@type":"ImageObject","inLanguage":"it-IT","@id":"https:\/\/127.0.0.1\/it\/cultura-dimpresa\/la-cultura-per-raccontare-limpresa-al-festival-di-vicenza-industria-teatro-scrittura-e-musica\/#primaryimage","url":"https:\/\/wpsite-assets.fondazionepirelli.org\/wp-content\/uploads\/2019\/05\/20101542\/14592577261532525586.jpg","contentUrl":"https:\/\/wpsite-assets.fondazionepirelli.org\/wp-content\/uploads\/2019\/05\/20101542\/14592577261532525586.jpg","width":250,"height":250},{"@type":"BreadcrumbList","@id":"https:\/\/127.0.0.1\/it\/cultura-dimpresa\/la-cultura-per-raccontare-limpresa-al-festival-di-vicenza-industria-teatro-scrittura-e-musica\/#breadcrumb","itemListElement":[{"@type":"ListItem","position":1,"name":"Home","item":"https:\/\/www.fondazionepirelli.org\/it\/"},{"@type":"ListItem","position":2,"name":"&#8220;La cultura per raccontare l&#8217;impresa&#8221;: al festival di Vicenza industria, teatro scrittura e musica"}]},{"@type":"WebSite","@id":"https:\/\/www.fondazionepirelli.org\/it\/#website","url":"https:\/\/www.fondazionepirelli.org\/it\/","name":"Fondazione Pirelli","description":"","potentialAction":[{"@type":"SearchAction","target":{"@type":"EntryPoint","urlTemplate":"https:\/\/www.fondazionepirelli.org\/it\/?s={search_term_string}"},"query-input":{"@type":"PropertyValueSpecification","valueRequired":true,"valueName":"search_term_string"}}],"inLanguage":"it-IT"},{"@type":"Person","@id":"https:\/\/www.fondazionepirelli.org\/it\/#\/schema\/person\/f47d097000832c4a6e54538c791fdf25","name":"fondadmin","image":{"@type":"ImageObject","inLanguage":"it-IT","@id":"https:\/\/www.fondazionepirelli.org\/it\/#\/schema\/person\/image\/","url":"https:\/\/secure.gravatar.com\/avatar\/e69498a9175ca244966e51e53c88712c024fcebe41f9a05f75657f1bb25e489b?s=96&d=mm&r=g","contentUrl":"https:\/\/secure.gravatar.com\/avatar\/e69498a9175ca244966e51e53c88712c024fcebe41f9a05f75657f1bb25e489b?s=96&d=mm&r=g","caption":"fondadmin"},"url":"https:\/\/www.fondazionepirelli.org\/it\/author\/fondadmin\/"}]}},"_links":{"self":[{"href":"https:\/\/www.fondazionepirelli.org\/it\/wp-json\/wp\/v2\/posts\/50982\/"}],"collection":[{"href":"https:\/\/www.fondazionepirelli.org\/it\/wp-json\/wp\/v2\/posts\/"}],"about":[{"href":"https:\/\/www.fondazionepirelli.org\/it\/wp-json\/wp\/v2\/types\/post\/"}],"author":[{"embeddable":true,"href":"https:\/\/www.fondazionepirelli.org\/it\/wp-json\/wp\/v2\/users\/1\/"}],"replies":[{"embeddable":true,"href":"https:\/\/www.fondazionepirelli.org\/it\/wp-json\/wp\/v2\/comments\/?post=50982"}],"version-history":[{"count":1,"href":"https:\/\/www.fondazionepirelli.org\/it\/wp-json\/wp\/v2\/posts\/50982\/revisions\/"}],"predecessor-version":[{"id":55784,"href":"https:\/\/www.fondazionepirelli.org\/it\/wp-json\/wp\/v2\/posts\/50982\/revisions\/55784\/"}],"wp:featuredmedia":[{"embeddable":true,"href":"https:\/\/www.fondazionepirelli.org\/it\/wp-json\/wp\/v2\/media\/50976\/"}],"wp:attachment":[{"href":"https:\/\/www.fondazionepirelli.org\/it\/wp-json\/wp\/v2\/media\/?parent=50982"}],"wp:term":[{"taxonomy":"category","embeddable":true,"href":"https:\/\/www.fondazionepirelli.org\/it\/wp-json\/wp\/v2\/categories\/?post=50982"},{"taxonomy":"post_tag","embeddable":true,"href":"https:\/\/www.fondazionepirelli.org\/it\/wp-json\/wp\/v2\/tags\/?post=50982"}],"curies":[{"name":"wp","href":"https:\/\/api.w.org\/{rel}","templated":true}]}}