{"id":51032,"date":"2016-03-21T00:00:00","date_gmt":"2016-03-21T00:00:00","guid":{"rendered":"http:\/\/www.fondazionepirelli.org\/fondazione-pirelli\/milano-futura-smart-city-costruita-su-innovazione-e-inclusione\/"},"modified":"2019-05-23T10:44:54","modified_gmt":"2019-05-23T10:44:54","slug":"milano-futura-smart-city-costruita-su-innovazione-e-inclusione","status":"publish","type":"post","link":"https:\/\/www.fondazionepirelli.org\/it\/cultura-dimpresa\/milano-futura-smart-city-costruita-su-innovazione-e-inclusione\/","title":{"rendered":"Milano futura, smart city costruita su innovazione e inclusione"},"content":{"rendered":"<p>Nelle <strong>megacitt\u00e0<\/strong> c\u2019\u00e8 la frontiera dell\u2019innovazione\u201d, sostiene <strong>Maurizio Molinari<\/strong>, direttore de \u201cLa Stampa\u201d (13 marzo), ricordando che nel mondo il 30% del Pil globale e la maggiore fonte d\u2019innovazione tecnologica vengono dalle 100 citt\u00e0 pi\u00f9 popolose, come accerta una recente ricerca McKinsey e che proprio l\u00ec si giocano le carte principali della <strong>competitivit\u00e0 internazionale<\/strong>: o ci stai dentro o sei condannato alla marginalit\u00e0. Una grande sfida. Che riguarda anche il nostro Paese. E qui, per le particolari condizioni che vive proprio in questi anni, innanzitutto <strong>Milano<\/strong>. Milano metropoli, naturalmente. Come cardine d\u2019un processo di crescita che riguarda tutta l\u2019Italia. E chiama in causa <strong>progettualit\u00e0<\/strong>, capacit\u00e0 di <strong>concretezza<\/strong> e senso di <strong>responsabilit\u00e0<\/strong> dell\u2019intera classe dirigente, non solo politica. Cui tocca essere anche lei \u201csmart\u201d. Vivace, veloce, creativa, produttiva.<\/p>\n<p>Quale Milano? Una citt\u00e0 al centro dell\u2019Europa, innanzitutto.<\/p>\n<p>\u201cUna citt\u00e0 come Milano \u2013 si legge sull\u2019Huffington Post Italia &#8211; si pu\u00f2 provare a definirla con una misura di tempo. Un\u2019ora per andare in treno a Torino, Bologna o Verona. Un\u2019ora per raggiungere in aereo Roma, Francoforte, Monaco e Zurigo e poco di pi\u00f9 per arrivare a Parigi o a Londra. Un\u2019ora, per l\u2019andata e poi per il ritorno. Viaggio in giornata. <strong>Commuting<\/strong>. Tempi svelti degli incontri d\u2019affari ma anche degli incroci di vita. Un\u2019ora, per sottolineare una centralit\u00e0. Milano, nel cuore europeo svelto e creativo\u201d.<\/p>\n<p>L\u2019alta velocit\u00e0 ferroviaria e una maggiore efficienza degli aeroporti stanno cambiando la geografia economica, sociale, perfino sentimentale e familiare. E le nuove dimensioni delle <strong>interconnessioni<\/strong>, non solo fisiche ma anche e soprattutto digitali, pongono a chi governa e governer\u00e0 le metropoli come Milano questioni essenziali sui servizi, la mobilit\u00e0, l\u2019organizzazione degli spazi urbani, la nuova scansione dei tempi di lavoro e di vita: temi politici fondamentali, proprio adesso che, per esempio, sia Milano che Torino sono alla vigilia di elezioni per i nuovi sindaci. Chi e come pensa al futuro di <strong>MiTo<\/strong>, grande metropoli integrata, ben pi\u00f9 dei legami attuali mostrati da finanza e cultura?<\/p>\n<p>La <strong>centralit\u00e0<\/strong> di Milano \u00e8 geografica, secondo tradizione storica e attualit\u00e0: citt\u00e0 da sempre aperta, rotonda pure per struttura urbana, mai tagliente negli spigoli d\u2019angolo anche quando conflittuale, accogliente, tendenzialmente inclusiva. Ed \u00e8 economica, rispetto all\u2019Italia che vuole avere una dimensione europea: nel raggio di 60 chilometri si produce il 25% dell\u2019export italiano e altrettanto valore aggiunto manifatturiero, una dimensione da record nel contesto Ue. In questa metropoli (la \u201cMilano grande\u201d) vivono pi\u00f9 di<strong> tre milioni<\/strong> di abitanti, di cui <strong>500<\/strong>mila stranieri, ci sono oltre 200mila studenti (di cui quasi 20mila stranieri, un numero in crescita negli ultimi anni), hanno sede <strong>288<\/strong> mila imprese, 123 delle quali con un fatturato superiore a un miliardo di euro (pi\u00f9 che a Monaco o a Barcellona). E sempre qui ci sono 3.100 multinazionali estere, che rafforzano il carattere internazionale della citt\u00e0. \u201cUna grande Milano supermetropolitana\u201d, sostiene <strong>Gianfelice Rocca<\/strong>, presidente dell\u2019Assolombarda, nella prefazione al bel libro \u201cMilano metropoli possibile\u201d curato da Vittorio Biondi e pubblicato da Marsilio.<\/p>\n<p>Bisogna fare attenzione a quell\u2019aggettivo, \u201c<strong>possibile\u201d<\/strong>, per fare un passo avanti nel ragionamento. Insistere su quel che c\u2019\u00e8. E avere sguardo lungo. In quel \u201cpossibile\u201d c\u2019\u00e8 una grade sfida culturale, sociale e, naturalmente, politica.<\/p>\n<p>Milano, infatti, ha gi\u00e0 adesso dimensione metropolitana. Ma deve rapidamente crescere, per salvaguardare e rilanciare la sua competitivit\u00e0. Negli ultimi anni ha fatto importanti passi avanti, sulla strada dello sviluppo di qualit\u00e0, dopo le stagioni in grigio delle incertezze economiche e amministrative, dopo il declino degli assetti tradizionali dell\u2019economia e della politica. Nel primo decennio del Duemila, \u00e8 ripartita. L\u2019Expo ha fatto da catalizzatore dell\u2019innovazione. Ma non ci si pu\u00f2 fermare.<\/p>\n<p>Assolombarda parla di \u201ccinque citt\u00e0 in una\u201d, partendo dalla forza di un settore manifatturiero che vale il 29% del Pil (ne abbiamo parlato nel blog della scorsa settimana), gi\u00e0 adesso ben oltre gli ambiziosi obiettivi che Bruxelles ha posto a tutta la Ue, il raggiungimento entro il 2020 di una incidenza del 20%: la citt\u00e0 dell\u2019<strong>innovazione<\/strong>, della bellezza, del fare, del benessere e della creativit\u00e0. Sono indicazioni importanti, che hanno gi\u00e0 adesso forza di progetti e d\u2019iniziative in corso, nella consapevolezza imprenditoriale che bisogna \u201c<strong>far volare Milano per far volare l\u2019Italia<\/strong>\u201d.<\/p>\n<p>La sfida sul futuro dell\u2019area ex <strong>Expo<\/strong>, con \u201c<strong>Human Technopole<\/strong>\u201d, i padiglioni scientifici dell\u2019Universit\u00e0 Statale e gli insediamenti di una serie d\u2019imprese innovative, dalle multinazionali pi\u00f9 note alle start up pi\u00f9 creative, va in questa direzione.<\/p>\n<p>Altri passi sono essenziali. Qualificare Milano come \u201c<strong>smart city<\/strong>\u201d, lavorando su tutte le caratteristiche dell\u2019innovazione nel quadro dell\u2019\u201deconomia della conoscenza\u201d: processi produttivi, prodotti, relazioni, competenze, ricerca, nuove ibridazioni tra talenti creativi e radicate competenze manifatturiere. Ma anche insistere su altre caratteristiche su cui Milano ha gi\u00e0 adesso buone qualit\u00e0 da giocare: una \u201c<strong>sharing economy<\/strong>\u201d che, dentro le culture dell\u2019economia circolare, lavori su territorio, energie, capitale umano e capitale sociale, inclusione, come ha spiegato bene Aldo Bonomi (Il Sole24Ore, 13 marzo). E innovazione, vale la pena ripeterlo, \u00e8 la parola chiave. Innovazione continua.<\/p>\n","protected":false},"excerpt":{"rendered":"<p>Nelle megacitt\u00e0 c\u2019\u00e8 la frontiera dell\u2019innovazione\u201d, sostiene Maurizio Molinari, direttore de \u201cLa Stampa\u201d (13 marzo), ricordando che nel mondo il 30% del Pil globale e la maggiore fonte d\u2019innovazione tecnologica vengono dalle 100 citt\u00e0 pi\u00f9 popolose, come accerta una recente ricerca McKinsey e che proprio l\u00ec si giocano le carte principali della competitivit\u00e0 internazionale: o [&hellip;]<\/p>\n","protected":false},"author":1,"featured_media":51033,"comment_status":"open","ping_status":"open","sticky":false,"template":"","format":"standard","meta":{"footnotes":""},"categories":[53,52],"tags":[],"class_list":["post-51032","post","type-post","status-publish","format-standard","has-post-thumbnail","hentry","category-blog","category-cultura-dimpresa"],"acf":[],"yoast_head":"<!-- This site is optimized with the Yoast SEO plugin v25.0 - https:\/\/yoast.com\/wordpress\/plugins\/seo\/ -->\n<title>Milano futura, smart city costruita su innovazione e inclusione - Fondazione Pirelli<\/title>\n<meta name=\"robots\" content=\"index, follow, max-snippet:-1, max-image-preview:large, max-video-preview:-1\" \/>\n<link rel=\"canonical\" href=\"https:\/\/www.fondazionepirelli.org\/it\/cultura-dimpresa\/milano-futura-smart-city-costruita-su-innovazione-e-inclusione\/\" \/>\n<meta property=\"og:locale\" content=\"it_IT\" \/>\n<meta property=\"og:type\" content=\"article\" \/>\n<meta property=\"og:title\" content=\"Milano futura, smart city costruita su innovazione e inclusione - Fondazione Pirelli\" \/>\n<meta property=\"og:description\" content=\"Nelle megacitt\u00e0 c\u2019\u00e8 la frontiera dell\u2019innovazione\u201d, sostiene Maurizio Molinari, direttore de \u201cLa Stampa\u201d (13 marzo), ricordando che nel mondo il 30% del Pil globale e la maggiore fonte d\u2019innovazione tecnologica vengono dalle 100 citt\u00e0 pi\u00f9 popolose, come accerta una recente ricerca McKinsey e che proprio l\u00ec si giocano le carte principali della competitivit\u00e0 internazionale: o [&hellip;]\" \/>\n<meta property=\"og:url\" content=\"https:\/\/127.0.0.1\/it\/cultura-dimpresa\/milano-futura-smart-city-costruita-su-innovazione-e-inclusione\/\" \/>\n<meta property=\"og:site_name\" content=\"Fondazione Pirelli\" \/>\n<meta property=\"article:published_time\" content=\"2016-03-21T00:00:00+00:00\" \/>\n<meta property=\"article:modified_time\" content=\"2019-05-23T10:44:54+00:00\" \/>\n<meta property=\"og:image\" content=\"https:\/\/wpsite-assets.fondazionepirelli.org\/wp-content\/uploads\/2019\/05\/20101531\/14586340031417337069.jpg\" \/>\n\t<meta property=\"og:image:width\" content=\"250\" \/>\n\t<meta property=\"og:image:height\" content=\"250\" \/>\n\t<meta property=\"og:image:type\" content=\"image\/jpeg\" \/>\n<meta name=\"author\" content=\"fondadmin\" \/>\n<meta name=\"twitter:card\" content=\"summary_large_image\" \/>\n<meta name=\"twitter:label1\" content=\"Scritto da\" \/>\n\t<meta name=\"twitter:data1\" content=\"fondadmin\" \/>\n\t<meta name=\"twitter:label2\" content=\"Tempo di lettura stimato\" \/>\n\t<meta name=\"twitter:data2\" content=\"4 minuti\" \/>\n<script type=\"application\/ld+json\" class=\"yoast-schema-graph\">{\"@context\":\"https:\/\/schema.org\",\"@graph\":[{\"@type\":\"WebPage\",\"@id\":\"https:\/\/127.0.0.1\/it\/cultura-dimpresa\/milano-futura-smart-city-costruita-su-innovazione-e-inclusione\/\",\"url\":\"https:\/\/127.0.0.1\/it\/cultura-dimpresa\/milano-futura-smart-city-costruita-su-innovazione-e-inclusione\/\",\"name\":\"Milano futura, smart city costruita su innovazione e inclusione - Fondazione Pirelli\",\"isPartOf\":{\"@id\":\"https:\/\/www.fondazionepirelli.org\/it\/#website\"},\"primaryImageOfPage\":{\"@id\":\"https:\/\/127.0.0.1\/it\/cultura-dimpresa\/milano-futura-smart-city-costruita-su-innovazione-e-inclusione\/#primaryimage\"},\"image\":{\"@id\":\"https:\/\/127.0.0.1\/it\/cultura-dimpresa\/milano-futura-smart-city-costruita-su-innovazione-e-inclusione\/#primaryimage\"},\"thumbnailUrl\":\"https:\/\/wpsite-assets.fondazionepirelli.org\/wp-content\/uploads\/2019\/05\/20101531\/14586340031417337069.jpg\",\"datePublished\":\"2016-03-21T00:00:00+00:00\",\"dateModified\":\"2019-05-23T10:44:54+00:00\",\"author\":{\"@id\":\"https:\/\/www.fondazionepirelli.org\/it\/#\/schema\/person\/f47d097000832c4a6e54538c791fdf25\"},\"breadcrumb\":{\"@id\":\"https:\/\/127.0.0.1\/it\/cultura-dimpresa\/milano-futura-smart-city-costruita-su-innovazione-e-inclusione\/#breadcrumb\"},\"inLanguage\":\"it-IT\",\"potentialAction\":[{\"@type\":\"ReadAction\",\"target\":[\"https:\/\/127.0.0.1\/it\/cultura-dimpresa\/milano-futura-smart-city-costruita-su-innovazione-e-inclusione\/\"]}]},{\"@type\":\"ImageObject\",\"inLanguage\":\"it-IT\",\"@id\":\"https:\/\/127.0.0.1\/it\/cultura-dimpresa\/milano-futura-smart-city-costruita-su-innovazione-e-inclusione\/#primaryimage\",\"url\":\"https:\/\/wpsite-assets.fondazionepirelli.org\/wp-content\/uploads\/2019\/05\/20101531\/14586340031417337069.jpg\",\"contentUrl\":\"https:\/\/wpsite-assets.fondazionepirelli.org\/wp-content\/uploads\/2019\/05\/20101531\/14586340031417337069.jpg\",\"width\":250,\"height\":250},{\"@type\":\"BreadcrumbList\",\"@id\":\"https:\/\/127.0.0.1\/it\/cultura-dimpresa\/milano-futura-smart-city-costruita-su-innovazione-e-inclusione\/#breadcrumb\",\"itemListElement\":[{\"@type\":\"ListItem\",\"position\":1,\"name\":\"Home\",\"item\":\"https:\/\/www.fondazionepirelli.org\/it\/\"},{\"@type\":\"ListItem\",\"position\":2,\"name\":\"Milano futura, smart city costruita su innovazione e inclusione\"}]},{\"@type\":\"WebSite\",\"@id\":\"https:\/\/www.fondazionepirelli.org\/it\/#website\",\"url\":\"https:\/\/www.fondazionepirelli.org\/it\/\",\"name\":\"Fondazione Pirelli\",\"description\":\"\",\"potentialAction\":[{\"@type\":\"SearchAction\",\"target\":{\"@type\":\"EntryPoint\",\"urlTemplate\":\"https:\/\/www.fondazionepirelli.org\/it\/?s={search_term_string}\"},\"query-input\":{\"@type\":\"PropertyValueSpecification\",\"valueRequired\":true,\"valueName\":\"search_term_string\"}}],\"inLanguage\":\"it-IT\"},{\"@type\":\"Person\",\"@id\":\"https:\/\/www.fondazionepirelli.org\/it\/#\/schema\/person\/f47d097000832c4a6e54538c791fdf25\",\"name\":\"fondadmin\",\"image\":{\"@type\":\"ImageObject\",\"inLanguage\":\"it-IT\",\"@id\":\"https:\/\/www.fondazionepirelli.org\/it\/#\/schema\/person\/image\/\",\"url\":\"https:\/\/secure.gravatar.com\/avatar\/e69498a9175ca244966e51e53c88712c024fcebe41f9a05f75657f1bb25e489b?s=96&d=mm&r=g\",\"contentUrl\":\"https:\/\/secure.gravatar.com\/avatar\/e69498a9175ca244966e51e53c88712c024fcebe41f9a05f75657f1bb25e489b?s=96&d=mm&r=g\",\"caption\":\"fondadmin\"},\"url\":\"https:\/\/www.fondazionepirelli.org\/it\/author\/fondadmin\/\"}]}<\/script>\n<!-- \/ Yoast SEO plugin. -->","yoast_head_json":{"title":"Milano futura, smart city costruita su innovazione e inclusione - Fondazione Pirelli","robots":{"index":"index","follow":"follow","max-snippet":"max-snippet:-1","max-image-preview":"max-image-preview:large","max-video-preview":"max-video-preview:-1"},"canonical":"https:\/\/www.fondazionepirelli.org\/it\/cultura-dimpresa\/milano-futura-smart-city-costruita-su-innovazione-e-inclusione\/","og_locale":"it_IT","og_type":"article","og_title":"Milano futura, smart city costruita su innovazione e inclusione - Fondazione Pirelli","og_description":"Nelle megacitt\u00e0 c\u2019\u00e8 la frontiera dell\u2019innovazione\u201d, sostiene Maurizio Molinari, direttore de \u201cLa Stampa\u201d (13 marzo), ricordando che nel mondo il 30% del Pil globale e la maggiore fonte d\u2019innovazione tecnologica vengono dalle 100 citt\u00e0 pi\u00f9 popolose, come accerta una recente ricerca McKinsey e che proprio l\u00ec si giocano le carte principali della competitivit\u00e0 internazionale: o [&hellip;]","og_url":"https:\/\/127.0.0.1\/it\/cultura-dimpresa\/milano-futura-smart-city-costruita-su-innovazione-e-inclusione\/","og_site_name":"Fondazione Pirelli","article_published_time":"2016-03-21T00:00:00+00:00","article_modified_time":"2019-05-23T10:44:54+00:00","og_image":[{"width":250,"height":250,"url":"https:\/\/wpsite-assets.fondazionepirelli.org\/wp-content\/uploads\/2019\/05\/20101531\/14586340031417337069.jpg","type":"image\/jpeg"}],"author":"fondadmin","twitter_card":"summary_large_image","twitter_misc":{"Scritto da":"fondadmin","Tempo di lettura stimato":"4 minuti"},"schema":{"@context":"https:\/\/schema.org","@graph":[{"@type":"WebPage","@id":"https:\/\/127.0.0.1\/it\/cultura-dimpresa\/milano-futura-smart-city-costruita-su-innovazione-e-inclusione\/","url":"https:\/\/127.0.0.1\/it\/cultura-dimpresa\/milano-futura-smart-city-costruita-su-innovazione-e-inclusione\/","name":"Milano futura, smart city costruita su innovazione e inclusione - Fondazione Pirelli","isPartOf":{"@id":"https:\/\/www.fondazionepirelli.org\/it\/#website"},"primaryImageOfPage":{"@id":"https:\/\/127.0.0.1\/it\/cultura-dimpresa\/milano-futura-smart-city-costruita-su-innovazione-e-inclusione\/#primaryimage"},"image":{"@id":"https:\/\/127.0.0.1\/it\/cultura-dimpresa\/milano-futura-smart-city-costruita-su-innovazione-e-inclusione\/#primaryimage"},"thumbnailUrl":"https:\/\/wpsite-assets.fondazionepirelli.org\/wp-content\/uploads\/2019\/05\/20101531\/14586340031417337069.jpg","datePublished":"2016-03-21T00:00:00+00:00","dateModified":"2019-05-23T10:44:54+00:00","author":{"@id":"https:\/\/www.fondazionepirelli.org\/it\/#\/schema\/person\/f47d097000832c4a6e54538c791fdf25"},"breadcrumb":{"@id":"https:\/\/127.0.0.1\/it\/cultura-dimpresa\/milano-futura-smart-city-costruita-su-innovazione-e-inclusione\/#breadcrumb"},"inLanguage":"it-IT","potentialAction":[{"@type":"ReadAction","target":["https:\/\/127.0.0.1\/it\/cultura-dimpresa\/milano-futura-smart-city-costruita-su-innovazione-e-inclusione\/"]}]},{"@type":"ImageObject","inLanguage":"it-IT","@id":"https:\/\/127.0.0.1\/it\/cultura-dimpresa\/milano-futura-smart-city-costruita-su-innovazione-e-inclusione\/#primaryimage","url":"https:\/\/wpsite-assets.fondazionepirelli.org\/wp-content\/uploads\/2019\/05\/20101531\/14586340031417337069.jpg","contentUrl":"https:\/\/wpsite-assets.fondazionepirelli.org\/wp-content\/uploads\/2019\/05\/20101531\/14586340031417337069.jpg","width":250,"height":250},{"@type":"BreadcrumbList","@id":"https:\/\/127.0.0.1\/it\/cultura-dimpresa\/milano-futura-smart-city-costruita-su-innovazione-e-inclusione\/#breadcrumb","itemListElement":[{"@type":"ListItem","position":1,"name":"Home","item":"https:\/\/www.fondazionepirelli.org\/it\/"},{"@type":"ListItem","position":2,"name":"Milano futura, smart city costruita su innovazione e inclusione"}]},{"@type":"WebSite","@id":"https:\/\/www.fondazionepirelli.org\/it\/#website","url":"https:\/\/www.fondazionepirelli.org\/it\/","name":"Fondazione Pirelli","description":"","potentialAction":[{"@type":"SearchAction","target":{"@type":"EntryPoint","urlTemplate":"https:\/\/www.fondazionepirelli.org\/it\/?s={search_term_string}"},"query-input":{"@type":"PropertyValueSpecification","valueRequired":true,"valueName":"search_term_string"}}],"inLanguage":"it-IT"},{"@type":"Person","@id":"https:\/\/www.fondazionepirelli.org\/it\/#\/schema\/person\/f47d097000832c4a6e54538c791fdf25","name":"fondadmin","image":{"@type":"ImageObject","inLanguage":"it-IT","@id":"https:\/\/www.fondazionepirelli.org\/it\/#\/schema\/person\/image\/","url":"https:\/\/secure.gravatar.com\/avatar\/e69498a9175ca244966e51e53c88712c024fcebe41f9a05f75657f1bb25e489b?s=96&d=mm&r=g","contentUrl":"https:\/\/secure.gravatar.com\/avatar\/e69498a9175ca244966e51e53c88712c024fcebe41f9a05f75657f1bb25e489b?s=96&d=mm&r=g","caption":"fondadmin"},"url":"https:\/\/www.fondazionepirelli.org\/it\/author\/fondadmin\/"}]}},"_links":{"self":[{"href":"https:\/\/www.fondazionepirelli.org\/it\/wp-json\/wp\/v2\/posts\/51032\/"}],"collection":[{"href":"https:\/\/www.fondazionepirelli.org\/it\/wp-json\/wp\/v2\/posts\/"}],"about":[{"href":"https:\/\/www.fondazionepirelli.org\/it\/wp-json\/wp\/v2\/types\/post\/"}],"author":[{"embeddable":true,"href":"https:\/\/www.fondazionepirelli.org\/it\/wp-json\/wp\/v2\/users\/1\/"}],"replies":[{"embeddable":true,"href":"https:\/\/www.fondazionepirelli.org\/it\/wp-json\/wp\/v2\/comments\/?post=51032"}],"version-history":[{"count":1,"href":"https:\/\/www.fondazionepirelli.org\/it\/wp-json\/wp\/v2\/posts\/51032\/revisions\/"}],"predecessor-version":[{"id":55778,"href":"https:\/\/www.fondazionepirelli.org\/it\/wp-json\/wp\/v2\/posts\/51032\/revisions\/55778\/"}],"wp:featuredmedia":[{"embeddable":true,"href":"https:\/\/www.fondazionepirelli.org\/it\/wp-json\/wp\/v2\/media\/51033\/"}],"wp:attachment":[{"href":"https:\/\/www.fondazionepirelli.org\/it\/wp-json\/wp\/v2\/media\/?parent=51032"}],"wp:term":[{"taxonomy":"category","embeddable":true,"href":"https:\/\/www.fondazionepirelli.org\/it\/wp-json\/wp\/v2\/categories\/?post=51032"},{"taxonomy":"post_tag","embeddable":true,"href":"https:\/\/www.fondazionepirelli.org\/it\/wp-json\/wp\/v2\/tags\/?post=51032"}],"curies":[{"name":"wp","href":"https:\/\/api.w.org\/{rel}","templated":true}]}}