{"id":51035,"date":"2016-03-21T00:00:00","date_gmt":"2016-03-21T00:00:00","guid":{"rendered":"http:\/\/www.fondazionepirelli.org\/fondazione-pirelli\/reti-per-crescere-insieme\/"},"modified":"2019-05-27T12:30:59","modified_gmt":"2019-05-27T12:30:59","slug":"reti-per-crescere-insieme","status":"publish","type":"post","link":"https:\/\/www.fondazionepirelli.org\/it\/cultura-dimpresa\/reti-per-crescere-insieme\/","title":{"rendered":"Reti per crescere insieme"},"content":{"rendered":"<p>Creare reti per crescere e conquistare nuovi mercati. E\u2019 uno dei mantra della buona gestione d\u2019impresa moderna. Che, al di l\u00e0 delle indicazioni precettistiche, nasconde un cambiamento di cultura. E che non si ferma al precetto, ma si evolve seguendo l\u2019evoluzione del sistema delle produzione e del consumo. Capirne il percorso \u00e8 quindi fondamentale. \u00a0Leggere \u201cThe emerging wave of agility-oriented business networks in Italy: a new strategy for facing global competition\u201d appena pubblicato da Silvia Cantele, Silvia Vernizzi \u00a0e Francesca Ricciardi (del Dipartimento di Amministrazione aziendale dell\u2019Universit\u00e0 di Verona), pu\u00f2 essere cosa utile a questo scopo.<\/p>\n<p>La ricerca parte dalla presenza di un nuovo modo di creare reti di lavoro tra le imprese che sta emergendo in Italia e che \u00e8 basato sulla forma giuridica del Contratto di rete. Al di l\u00e0 degli aspetti normativi del contratto, l\u2019articolo indaga sulle \u201cvere cause\u201d del successo oppure dell\u2019insuccesso delle diverse esperienze. L&#8217;analisi evidenzia cos\u00ec in quali condizioni il contratto di rete pu\u00f2 essere sfruttato per migliorare la capacit\u00e0 delle imprese partecipanti ad affrontare il nuovo contesto competitivo globale. L\u2019obiettivo \u00e8 quello di comprendere, infatti, non la bont\u00e0 del contratto ma i vincoli di cui occorre tenere conto per fare in modo che lo stesso, applicato in un determinato contesto, abbia davvero successo.<\/p>\n<p>Ma cosa ci deve essere, quindi? Per Vernizzi, Ricciardi e Cantele le condizioni sono diversificate ma si basano su alcuni punti fermi: la convinzione condivisa che \u00e8 necessario un nuovo modo di \u201cfare business\u201d, la fiducia reciproca tra le imprese, l&#8217;impegno e la personalit\u00e0 degli imprenditori coinvolti, l&#8217;equilibrio di cooperazione e concorrenza nei rapporti all&#8217;interno della rete e la percezione che il successo della rete \u00e8 un risultato condiviso. Andando per parole d\u2019ordine, queste quindi potrebbero essere convinzione, fiducia, impegno, equilibrio, cooperazione, condivisione. Termini dietro ai quali stanno concetti operativi non facile da realizzare e da mantenere. Ma \u00e8 d\u2019altra parte proprio da questa condizione che si capisce la difficolt\u00e0 di realizzazione efficace delle reti d\u2019impresa e il peso del cambiamento culturale che esse comportano.<\/p>\n<p>Ma la ricerca non si ferma qui. Le tre ricercatrici, infatti, arrivano a proporre una nuova idea d\u2019impresa che, per avere successo nell\u2019ambito dei contratti di rete, deve essere agility-oriented che \u00e8 come dire un\u2019impresa la cui cultura sia naturalmente \u00a0orientata verso la cooperazione e la collaborazione. Realt\u00e0 non facili da realizzarsi, come si diceva, ma che pure esistono.<\/p><p><a title=\"the emerging of agility\" href=\"\/\/www.inderscienceonline.com\/doi\/abs\/10.1504\/WREMSD.2016.074967%20\" target=\"_blank\" rel=\"noopener noreferrer\"><strong>The emerging wave of agility-oriented business networks in Italy: a new strategy for facing global competition<\/strong><\/a><\/p>\n<p>Silvia Cantele, Silvia Vernizzi, Francesca Ricciardi<\/p>\n<p>World Review of Entrepreneurship, Management and Sustainable Development , Volume 12, Issue 2-3<\/p>\n","protected":false},"excerpt":{"rendered":"<p>Creare reti per crescere e conquistare nuovi mercati. E\u2019 uno dei mantra della buona gestione d\u2019impresa moderna. Che, al di l\u00e0 delle indicazioni precettistiche, nasconde un cambiamento di cultura. E che non si ferma al precetto, ma si evolve seguendo l\u2019evoluzione del sistema delle produzione e del consumo. Capirne il percorso \u00e8 quindi fondamentale. \u00a0Leggere [&hellip;]<\/p>\n","protected":false},"author":1,"featured_media":0,"comment_status":"open","ping_status":"open","sticky":false,"template":"","format":"standard","meta":{"footnotes":""},"categories":[54,52],"tags":[],"class_list":["post-51035","post","type-post","status-publish","format-standard","hentry","category-approfondimenti","category-cultura-dimpresa"],"acf":[],"yoast_head":"<!-- This site is optimized with the Yoast SEO plugin v25.0 - https:\/\/yoast.com\/wordpress\/plugins\/seo\/ -->\n<title>Reti per crescere insieme - Fondazione Pirelli<\/title>\n<meta name=\"robots\" content=\"index, follow, max-snippet:-1, max-image-preview:large, max-video-preview:-1\" \/>\n<link rel=\"canonical\" href=\"https:\/\/www.fondazionepirelli.org\/it\/cultura-dimpresa\/reti-per-crescere-insieme\/\" \/>\n<meta property=\"og:locale\" content=\"it_IT\" \/>\n<meta property=\"og:type\" content=\"article\" \/>\n<meta property=\"og:title\" content=\"Reti per crescere insieme - Fondazione Pirelli\" \/>\n<meta property=\"og:description\" content=\"Creare reti per crescere e conquistare nuovi mercati. E\u2019 uno dei mantra della buona gestione d\u2019impresa moderna. Che, al di l\u00e0 delle indicazioni precettistiche, nasconde un cambiamento di cultura. E che non si ferma al precetto, ma si evolve seguendo l\u2019evoluzione del sistema delle produzione e del consumo. Capirne il percorso \u00e8 quindi fondamentale. \u00a0Leggere [&hellip;]\" \/>\n<meta property=\"og:url\" content=\"https:\/\/www.fondazionepirelli.org\/it\/cultura-dimpresa\/reti-per-crescere-insieme\/\" \/>\n<meta property=\"og:site_name\" content=\"Fondazione Pirelli\" \/>\n<meta property=\"article:published_time\" content=\"2016-03-21T00:00:00+00:00\" \/>\n<meta property=\"article:modified_time\" content=\"2019-05-27T12:30:59+00:00\" \/>\n<meta name=\"author\" content=\"fondadmin\" \/>\n<meta name=\"twitter:card\" content=\"summary_large_image\" \/>\n<meta name=\"twitter:label1\" content=\"Scritto da\" \/>\n\t<meta name=\"twitter:data1\" content=\"fondadmin\" \/>\n\t<meta name=\"twitter:label2\" content=\"Tempo di lettura stimato\" \/>\n\t<meta name=\"twitter:data2\" content=\"2 minuti\" \/>\n<script type=\"application\/ld+json\" class=\"yoast-schema-graph\">{\"@context\":\"https:\/\/schema.org\",\"@graph\":[{\"@type\":\"WebPage\",\"@id\":\"https:\/\/www.fondazionepirelli.org\/it\/cultura-dimpresa\/reti-per-crescere-insieme\/\",\"url\":\"https:\/\/www.fondazionepirelli.org\/it\/cultura-dimpresa\/reti-per-crescere-insieme\/\",\"name\":\"Reti per crescere insieme - Fondazione Pirelli\",\"isPartOf\":{\"@id\":\"https:\/\/www.fondazionepirelli.org\/it\/#website\"},\"datePublished\":\"2016-03-21T00:00:00+00:00\",\"dateModified\":\"2019-05-27T12:30:59+00:00\",\"author\":{\"@id\":\"https:\/\/www.fondazionepirelli.org\/it\/#\/schema\/person\/f47d097000832c4a6e54538c791fdf25\"},\"breadcrumb\":{\"@id\":\"https:\/\/www.fondazionepirelli.org\/it\/cultura-dimpresa\/reti-per-crescere-insieme\/#breadcrumb\"},\"inLanguage\":\"it-IT\",\"potentialAction\":[{\"@type\":\"ReadAction\",\"target\":[\"https:\/\/www.fondazionepirelli.org\/it\/cultura-dimpresa\/reti-per-crescere-insieme\/\"]}]},{\"@type\":\"BreadcrumbList\",\"@id\":\"https:\/\/www.fondazionepirelli.org\/it\/cultura-dimpresa\/reti-per-crescere-insieme\/#breadcrumb\",\"itemListElement\":[{\"@type\":\"ListItem\",\"position\":1,\"name\":\"Home\",\"item\":\"https:\/\/www.fondazionepirelli.org\/it\/\"},{\"@type\":\"ListItem\",\"position\":2,\"name\":\"Reti per crescere insieme\"}]},{\"@type\":\"WebSite\",\"@id\":\"https:\/\/www.fondazionepirelli.org\/it\/#website\",\"url\":\"https:\/\/www.fondazionepirelli.org\/it\/\",\"name\":\"Fondazione Pirelli\",\"description\":\"\",\"potentialAction\":[{\"@type\":\"SearchAction\",\"target\":{\"@type\":\"EntryPoint\",\"urlTemplate\":\"https:\/\/www.fondazionepirelli.org\/it\/?s={search_term_string}\"},\"query-input\":{\"@type\":\"PropertyValueSpecification\",\"valueRequired\":true,\"valueName\":\"search_term_string\"}}],\"inLanguage\":\"it-IT\"},{\"@type\":\"Person\",\"@id\":\"https:\/\/www.fondazionepirelli.org\/it\/#\/schema\/person\/f47d097000832c4a6e54538c791fdf25\",\"name\":\"fondadmin\",\"image\":{\"@type\":\"ImageObject\",\"inLanguage\":\"it-IT\",\"@id\":\"https:\/\/www.fondazionepirelli.org\/it\/#\/schema\/person\/image\/\",\"url\":\"https:\/\/secure.gravatar.com\/avatar\/e69498a9175ca244966e51e53c88712c024fcebe41f9a05f75657f1bb25e489b?s=96&d=mm&r=g\",\"contentUrl\":\"https:\/\/secure.gravatar.com\/avatar\/e69498a9175ca244966e51e53c88712c024fcebe41f9a05f75657f1bb25e489b?s=96&d=mm&r=g\",\"caption\":\"fondadmin\"},\"url\":\"https:\/\/www.fondazionepirelli.org\/it\/author\/fondadmin\/\"}]}<\/script>\n<!-- \/ Yoast SEO plugin. -->","yoast_head_json":{"title":"Reti per crescere insieme - Fondazione Pirelli","robots":{"index":"index","follow":"follow","max-snippet":"max-snippet:-1","max-image-preview":"max-image-preview:large","max-video-preview":"max-video-preview:-1"},"canonical":"https:\/\/www.fondazionepirelli.org\/it\/cultura-dimpresa\/reti-per-crescere-insieme\/","og_locale":"it_IT","og_type":"article","og_title":"Reti per crescere insieme - Fondazione Pirelli","og_description":"Creare reti per crescere e conquistare nuovi mercati. E\u2019 uno dei mantra della buona gestione d\u2019impresa moderna. Che, al di l\u00e0 delle indicazioni precettistiche, nasconde un cambiamento di cultura. E che non si ferma al precetto, ma si evolve seguendo l\u2019evoluzione del sistema delle produzione e del consumo. Capirne il percorso \u00e8 quindi fondamentale. \u00a0Leggere [&hellip;]","og_url":"https:\/\/www.fondazionepirelli.org\/it\/cultura-dimpresa\/reti-per-crescere-insieme\/","og_site_name":"Fondazione Pirelli","article_published_time":"2016-03-21T00:00:00+00:00","article_modified_time":"2019-05-27T12:30:59+00:00","author":"fondadmin","twitter_card":"summary_large_image","twitter_misc":{"Scritto da":"fondadmin","Tempo di lettura stimato":"2 minuti"},"schema":{"@context":"https:\/\/schema.org","@graph":[{"@type":"WebPage","@id":"https:\/\/www.fondazionepirelli.org\/it\/cultura-dimpresa\/reti-per-crescere-insieme\/","url":"https:\/\/www.fondazionepirelli.org\/it\/cultura-dimpresa\/reti-per-crescere-insieme\/","name":"Reti per crescere insieme - Fondazione Pirelli","isPartOf":{"@id":"https:\/\/www.fondazionepirelli.org\/it\/#website"},"datePublished":"2016-03-21T00:00:00+00:00","dateModified":"2019-05-27T12:30:59+00:00","author":{"@id":"https:\/\/www.fondazionepirelli.org\/it\/#\/schema\/person\/f47d097000832c4a6e54538c791fdf25"},"breadcrumb":{"@id":"https:\/\/www.fondazionepirelli.org\/it\/cultura-dimpresa\/reti-per-crescere-insieme\/#breadcrumb"},"inLanguage":"it-IT","potentialAction":[{"@type":"ReadAction","target":["https:\/\/www.fondazionepirelli.org\/it\/cultura-dimpresa\/reti-per-crescere-insieme\/"]}]},{"@type":"BreadcrumbList","@id":"https:\/\/www.fondazionepirelli.org\/it\/cultura-dimpresa\/reti-per-crescere-insieme\/#breadcrumb","itemListElement":[{"@type":"ListItem","position":1,"name":"Home","item":"https:\/\/www.fondazionepirelli.org\/it\/"},{"@type":"ListItem","position":2,"name":"Reti per crescere insieme"}]},{"@type":"WebSite","@id":"https:\/\/www.fondazionepirelli.org\/it\/#website","url":"https:\/\/www.fondazionepirelli.org\/it\/","name":"Fondazione Pirelli","description":"","potentialAction":[{"@type":"SearchAction","target":{"@type":"EntryPoint","urlTemplate":"https:\/\/www.fondazionepirelli.org\/it\/?s={search_term_string}"},"query-input":{"@type":"PropertyValueSpecification","valueRequired":true,"valueName":"search_term_string"}}],"inLanguage":"it-IT"},{"@type":"Person","@id":"https:\/\/www.fondazionepirelli.org\/it\/#\/schema\/person\/f47d097000832c4a6e54538c791fdf25","name":"fondadmin","image":{"@type":"ImageObject","inLanguage":"it-IT","@id":"https:\/\/www.fondazionepirelli.org\/it\/#\/schema\/person\/image\/","url":"https:\/\/secure.gravatar.com\/avatar\/e69498a9175ca244966e51e53c88712c024fcebe41f9a05f75657f1bb25e489b?s=96&d=mm&r=g","contentUrl":"https:\/\/secure.gravatar.com\/avatar\/e69498a9175ca244966e51e53c88712c024fcebe41f9a05f75657f1bb25e489b?s=96&d=mm&r=g","caption":"fondadmin"},"url":"https:\/\/www.fondazionepirelli.org\/it\/author\/fondadmin\/"}]}},"_links":{"self":[{"href":"https:\/\/www.fondazionepirelli.org\/it\/wp-json\/wp\/v2\/posts\/51035\/"}],"collection":[{"href":"https:\/\/www.fondazionepirelli.org\/it\/wp-json\/wp\/v2\/posts\/"}],"about":[{"href":"https:\/\/www.fondazionepirelli.org\/it\/wp-json\/wp\/v2\/types\/post\/"}],"author":[{"embeddable":true,"href":"https:\/\/www.fondazionepirelli.org\/it\/wp-json\/wp\/v2\/users\/1\/"}],"replies":[{"embeddable":true,"href":"https:\/\/www.fondazionepirelli.org\/it\/wp-json\/wp\/v2\/comments\/?post=51035"}],"version-history":[{"count":1,"href":"https:\/\/www.fondazionepirelli.org\/it\/wp-json\/wp\/v2\/posts\/51035\/revisions\/"}],"predecessor-version":[{"id":56152,"href":"https:\/\/www.fondazionepirelli.org\/it\/wp-json\/wp\/v2\/posts\/51035\/revisions\/56152\/"}],"wp:attachment":[{"href":"https:\/\/www.fondazionepirelli.org\/it\/wp-json\/wp\/v2\/media\/?parent=51035"}],"wp:term":[{"taxonomy":"category","embeddable":true,"href":"https:\/\/www.fondazionepirelli.org\/it\/wp-json\/wp\/v2\/categories\/?post=51035"},{"taxonomy":"post_tag","embeddable":true,"href":"https:\/\/www.fondazionepirelli.org\/it\/wp-json\/wp\/v2\/tags\/?post=51035"}],"curies":[{"name":"wp","href":"https:\/\/api.w.org\/{rel}","templated":true}]}}