{"id":51043,"date":"2016-03-14T00:00:00","date_gmt":"2016-03-14T00:00:00","guid":{"rendered":"http:\/\/www.fondazionepirelli.org\/fondazione-pirelli\/condannati-dai-numeri\/"},"modified":"2019-10-29T15:05:17","modified_gmt":"2019-10-29T13:05:17","slug":"condannati-dai-numeri","status":"publish","type":"post","link":"https:\/\/www.fondazionepirelli.org\/it\/cultura-dimpresa\/condannati-dai-numeri\/","title":{"rendered":"Condannati dai numeri?"},"content":{"rendered":"<p>Conoscere per decidere meglio. E\u2019 la versione \u201cd\u2019impresa\u201d della frase celebre e mai troppo ricordata di Luigi Einaudi: \u201cConoscere per deliberare\u201d. Oggi forse ancora pi\u00f9 di ieri. Anche se il conoscere sembra pi\u00f9 facile (e in realt\u00e0 non lo \u00e8), rispetto al passato. \u00a0L\u2019indicazione, appunto, vale anche per le aziende e per chi le governa.<\/p>\n<p>Leggere allora \u201cUltimi. Cos\u00ec le statistiche condannano l\u2019Italia\u201d di Antonio Galdo appena pubblicato, \u00e8 buona cosa un po\u2019 per tutti.<\/p>\n<p>Giornalista e scrittore, Galdo racconta una storia, quella dell\u2019Italia di oggi, solo apparentemente tutta dai toni negativi (anche se la conclusione \u00e8 piuttosto brutale).<\/p>\n<p>Il titolo pu\u00f2 trarre un po\u2019 in inganno: la condanna delle statistiche \u00e8 fatto pesante, matematico, inconfutabile. Dai numeri, tuttavia, \u00e8 possibile sfuggire, ovviamente con impegno e sfruttando quanto di buono e vivace e seriamente impegnato nella crescita del nostro Paese ancora c\u2019\u00e8. Le poco pi\u00f9 di cento pagine del libro, quindi, scorrono via fra dati negativi ed esempi positivi, fra ci\u00f2 che di buono \u00e8 andato perso nel corso della nostra storia pi\u00f9 o meno recente e quanto invece ancora di eccellente esiste e sulla cui base si pu\u00f2 costruire ci\u00f2 che serve per ripartire. Si tratta di esempi che vanno dagli asili alle industrie, passando per il sociale, per il turismo, per la cultura nazionali. Si parla cos\u00ec di scuola a tutti i livelli, di rapporti fra generazioni, di lavoro e poi ancora di imprese troppo piccole, della ricerca, dell\u2019eterno problema del Mezzogiorno, della sanit\u00e0 e della giustizia, dei meccanismi degli appalti, di quelli di \u201cnon-tutela\u201d dell\u2019ambiente e del miraggio dell\u2019era digitale che non c\u2019\u00e8. \u00a0Galdo enumera statistiche che danno contro l\u2019Italia, e poi esempi che, invece, dicono che tutto sommato del buono c\u2019\u00e8 ancora accanto a molto da rifare.<\/p>\n<p>Ma Galdo nella Introduzione scrive: \u201cL\u2019Italia non \u00e8 un malato terminale, n\u00e9 il destino cinico e baro ci costringe alla rassegnazione. Al contrario, abbiamo tutte le energie e le possibilit\u00e0 per riprenderci con una ragionevole velocit\u00e0, come abbiamo fatto durante il ciclo vitale del boom economico, quando in pochi anni un popolo di analfabeti e di contadini si \u00e8 trasformato in una delle nazioni pi\u00fa ricche del mondo. Proprio le statistiche ci avvertono che non tutto affonda nella palude del regresso\u201d. E poi ancora: \u201cIn Italia soffia un vento promettente di voglia di cambiamento e di modernizzazione. Incrociarlo, \u00e8 la nostra occasione. Per riuscirci, per\u00f2, non possiamo sentirci rassicurati e gonfiare il petto attraverso una narrazione del Paese distante dalla realt\u00e0, piegata alle leggi della propaganda politica e scollegata dall\u2019analisi dei fatti\u201d.<\/p>\n<p>L\u2019ultimo libro di Galdo contiene certamente numerosi passaggi in grado di far arrabbiare molti, ma che servono anche per guardare la realt\u00e0 con occhiali diversi che possono completare la conoscenza di quanto ruota attorno alle imprese e a tutti noi. Conoscere per deliberare, come si diceva.<\/p><p><strong>Ultimi. Cos\u00ec le statistiche condannano l\u2019Italia\u00a0<\/strong><\/p>\n<p>Antonio Galdo<\/p>\n<p>Einaudi, 2016<\/p>","protected":false},"excerpt":{"rendered":"<p>Conoscere per decidere meglio. E\u2019 la versione \u201cd\u2019impresa\u201d della frase celebre e mai troppo ricordata di Luigi Einaudi: \u201cConoscere per deliberare\u201d. Oggi forse ancora pi\u00f9 di ieri. Anche se il conoscere sembra pi\u00f9 facile (e in realt\u00e0 non lo \u00e8), rispetto al passato. \u00a0L\u2019indicazione, appunto, vale anche per le aziende e per chi le governa. [&hellip;]<\/p>\n","protected":false},"author":1,"featured_media":51044,"comment_status":"open","ping_status":"open","sticky":false,"template":"","format":"standard","meta":{"footnotes":""},"categories":[52,58],"tags":[],"class_list":["post-51043","post","type-post","status-publish","format-standard","has-post-thumbnail","hentry","category-cultura-dimpresa","category-recensioni-libri"],"acf":[],"yoast_head":"<!-- This site is optimized with the Yoast SEO plugin v25.0 - https:\/\/yoast.com\/wordpress\/plugins\/seo\/ -->\n<title>Condannati dai numeri? - Fondazione Pirelli<\/title>\n<meta name=\"robots\" content=\"index, follow, max-snippet:-1, max-image-preview:large, max-video-preview:-1\" \/>\n<link rel=\"canonical\" href=\"https:\/\/www.fondazionepirelli.org\/it\/cultura-dimpresa\/condannati-dai-numeri\/\" \/>\n<meta property=\"og:locale\" content=\"it_IT\" \/>\n<meta property=\"og:type\" content=\"article\" \/>\n<meta property=\"og:title\" content=\"Condannati dai numeri? - Fondazione Pirelli\" \/>\n<meta property=\"og:description\" content=\"Conoscere per decidere meglio. E\u2019 la versione \u201cd\u2019impresa\u201d della frase celebre e mai troppo ricordata di Luigi Einaudi: \u201cConoscere per deliberare\u201d. Oggi forse ancora pi\u00f9 di ieri. Anche se il conoscere sembra pi\u00f9 facile (e in realt\u00e0 non lo \u00e8), rispetto al passato. \u00a0L\u2019indicazione, appunto, vale anche per le aziende e per chi le governa. [&hellip;]\" \/>\n<meta property=\"og:url\" content=\"https:\/\/www.fondazionepirelli.org\/it\/cultura-dimpresa\/condannati-dai-numeri\/\" \/>\n<meta property=\"og:site_name\" content=\"Fondazione Pirelli\" \/>\n<meta property=\"article:published_time\" content=\"2016-03-14T00:00:00+00:00\" \/>\n<meta property=\"article:modified_time\" content=\"2019-10-29T13:05:17+00:00\" \/>\n<meta property=\"og:image\" content=\"https:\/\/wpsite-assets.fondazionepirelli.org\/wp-content\/uploads\/2019\/05\/20101530\/1458033769187131882.jpg\" \/>\n\t<meta property=\"og:image:width\" content=\"250\" \/>\n\t<meta property=\"og:image:height\" content=\"350\" \/>\n\t<meta property=\"og:image:type\" content=\"image\/jpeg\" \/>\n<meta name=\"author\" content=\"fondadmin\" \/>\n<meta name=\"twitter:card\" content=\"summary_large_image\" \/>\n<meta name=\"twitter:label1\" content=\"Scritto da\" \/>\n\t<meta name=\"twitter:data1\" content=\"fondadmin\" \/>\n\t<meta name=\"twitter:label2\" content=\"Tempo di lettura stimato\" \/>\n\t<meta name=\"twitter:data2\" content=\"2 minuti\" \/>\n<script type=\"application\/ld+json\" class=\"yoast-schema-graph\">{\"@context\":\"https:\/\/schema.org\",\"@graph\":[{\"@type\":\"WebPage\",\"@id\":\"https:\/\/www.fondazionepirelli.org\/it\/cultura-dimpresa\/condannati-dai-numeri\/\",\"url\":\"https:\/\/www.fondazionepirelli.org\/it\/cultura-dimpresa\/condannati-dai-numeri\/\",\"name\":\"Condannati dai numeri? - Fondazione Pirelli\",\"isPartOf\":{\"@id\":\"https:\/\/www.fondazionepirelli.org\/it\/#website\"},\"primaryImageOfPage\":{\"@id\":\"https:\/\/www.fondazionepirelli.org\/it\/cultura-dimpresa\/condannati-dai-numeri\/#primaryimage\"},\"image\":{\"@id\":\"https:\/\/www.fondazionepirelli.org\/it\/cultura-dimpresa\/condannati-dai-numeri\/#primaryimage\"},\"thumbnailUrl\":\"https:\/\/wpsite-assets.fondazionepirelli.org\/wp-content\/uploads\/2019\/05\/20101530\/1458033769187131882.jpg\",\"datePublished\":\"2016-03-14T00:00:00+00:00\",\"dateModified\":\"2019-10-29T13:05:17+00:00\",\"author\":{\"@id\":\"https:\/\/www.fondazionepirelli.org\/it\/#\/schema\/person\/f47d097000832c4a6e54538c791fdf25\"},\"breadcrumb\":{\"@id\":\"https:\/\/www.fondazionepirelli.org\/it\/cultura-dimpresa\/condannati-dai-numeri\/#breadcrumb\"},\"inLanguage\":\"it-IT\",\"potentialAction\":[{\"@type\":\"ReadAction\",\"target\":[\"https:\/\/www.fondazionepirelli.org\/it\/cultura-dimpresa\/condannati-dai-numeri\/\"]}]},{\"@type\":\"ImageObject\",\"inLanguage\":\"it-IT\",\"@id\":\"https:\/\/www.fondazionepirelli.org\/it\/cultura-dimpresa\/condannati-dai-numeri\/#primaryimage\",\"url\":\"https:\/\/wpsite-assets.fondazionepirelli.org\/wp-content\/uploads\/2019\/05\/20101530\/1458033769187131882.jpg\",\"contentUrl\":\"https:\/\/wpsite-assets.fondazionepirelli.org\/wp-content\/uploads\/2019\/05\/20101530\/1458033769187131882.jpg\",\"width\":250,\"height\":350},{\"@type\":\"BreadcrumbList\",\"@id\":\"https:\/\/www.fondazionepirelli.org\/it\/cultura-dimpresa\/condannati-dai-numeri\/#breadcrumb\",\"itemListElement\":[{\"@type\":\"ListItem\",\"position\":1,\"name\":\"Home\",\"item\":\"https:\/\/www.fondazionepirelli.org\/it\/\"},{\"@type\":\"ListItem\",\"position\":2,\"name\":\"Condannati dai numeri?\"}]},{\"@type\":\"WebSite\",\"@id\":\"https:\/\/www.fondazionepirelli.org\/it\/#website\",\"url\":\"https:\/\/www.fondazionepirelli.org\/it\/\",\"name\":\"Fondazione Pirelli\",\"description\":\"\",\"potentialAction\":[{\"@type\":\"SearchAction\",\"target\":{\"@type\":\"EntryPoint\",\"urlTemplate\":\"https:\/\/www.fondazionepirelli.org\/it\/?s={search_term_string}\"},\"query-input\":{\"@type\":\"PropertyValueSpecification\",\"valueRequired\":true,\"valueName\":\"search_term_string\"}}],\"inLanguage\":\"it-IT\"},{\"@type\":\"Person\",\"@id\":\"https:\/\/www.fondazionepirelli.org\/it\/#\/schema\/person\/f47d097000832c4a6e54538c791fdf25\",\"name\":\"fondadmin\",\"image\":{\"@type\":\"ImageObject\",\"inLanguage\":\"it-IT\",\"@id\":\"https:\/\/www.fondazionepirelli.org\/it\/#\/schema\/person\/image\/\",\"url\":\"https:\/\/secure.gravatar.com\/avatar\/e69498a9175ca244966e51e53c88712c024fcebe41f9a05f75657f1bb25e489b?s=96&d=mm&r=g\",\"contentUrl\":\"https:\/\/secure.gravatar.com\/avatar\/e69498a9175ca244966e51e53c88712c024fcebe41f9a05f75657f1bb25e489b?s=96&d=mm&r=g\",\"caption\":\"fondadmin\"},\"url\":\"https:\/\/www.fondazionepirelli.org\/it\/author\/fondadmin\/\"}]}<\/script>\n<!-- \/ Yoast SEO plugin. -->","yoast_head_json":{"title":"Condannati dai numeri? - Fondazione Pirelli","robots":{"index":"index","follow":"follow","max-snippet":"max-snippet:-1","max-image-preview":"max-image-preview:large","max-video-preview":"max-video-preview:-1"},"canonical":"https:\/\/www.fondazionepirelli.org\/it\/cultura-dimpresa\/condannati-dai-numeri\/","og_locale":"it_IT","og_type":"article","og_title":"Condannati dai numeri? - Fondazione Pirelli","og_description":"Conoscere per decidere meglio. E\u2019 la versione \u201cd\u2019impresa\u201d della frase celebre e mai troppo ricordata di Luigi Einaudi: \u201cConoscere per deliberare\u201d. Oggi forse ancora pi\u00f9 di ieri. Anche se il conoscere sembra pi\u00f9 facile (e in realt\u00e0 non lo \u00e8), rispetto al passato. \u00a0L\u2019indicazione, appunto, vale anche per le aziende e per chi le governa. [&hellip;]","og_url":"https:\/\/www.fondazionepirelli.org\/it\/cultura-dimpresa\/condannati-dai-numeri\/","og_site_name":"Fondazione Pirelli","article_published_time":"2016-03-14T00:00:00+00:00","article_modified_time":"2019-10-29T13:05:17+00:00","og_image":[{"width":250,"height":350,"url":"https:\/\/wpsite-assets.fondazionepirelli.org\/wp-content\/uploads\/2019\/05\/20101530\/1458033769187131882.jpg","type":"image\/jpeg"}],"author":"fondadmin","twitter_card":"summary_large_image","twitter_misc":{"Scritto da":"fondadmin","Tempo di lettura stimato":"2 minuti"},"schema":{"@context":"https:\/\/schema.org","@graph":[{"@type":"WebPage","@id":"https:\/\/www.fondazionepirelli.org\/it\/cultura-dimpresa\/condannati-dai-numeri\/","url":"https:\/\/www.fondazionepirelli.org\/it\/cultura-dimpresa\/condannati-dai-numeri\/","name":"Condannati dai numeri? - Fondazione Pirelli","isPartOf":{"@id":"https:\/\/www.fondazionepirelli.org\/it\/#website"},"primaryImageOfPage":{"@id":"https:\/\/www.fondazionepirelli.org\/it\/cultura-dimpresa\/condannati-dai-numeri\/#primaryimage"},"image":{"@id":"https:\/\/www.fondazionepirelli.org\/it\/cultura-dimpresa\/condannati-dai-numeri\/#primaryimage"},"thumbnailUrl":"https:\/\/wpsite-assets.fondazionepirelli.org\/wp-content\/uploads\/2019\/05\/20101530\/1458033769187131882.jpg","datePublished":"2016-03-14T00:00:00+00:00","dateModified":"2019-10-29T13:05:17+00:00","author":{"@id":"https:\/\/www.fondazionepirelli.org\/it\/#\/schema\/person\/f47d097000832c4a6e54538c791fdf25"},"breadcrumb":{"@id":"https:\/\/www.fondazionepirelli.org\/it\/cultura-dimpresa\/condannati-dai-numeri\/#breadcrumb"},"inLanguage":"it-IT","potentialAction":[{"@type":"ReadAction","target":["https:\/\/www.fondazionepirelli.org\/it\/cultura-dimpresa\/condannati-dai-numeri\/"]}]},{"@type":"ImageObject","inLanguage":"it-IT","@id":"https:\/\/www.fondazionepirelli.org\/it\/cultura-dimpresa\/condannati-dai-numeri\/#primaryimage","url":"https:\/\/wpsite-assets.fondazionepirelli.org\/wp-content\/uploads\/2019\/05\/20101530\/1458033769187131882.jpg","contentUrl":"https:\/\/wpsite-assets.fondazionepirelli.org\/wp-content\/uploads\/2019\/05\/20101530\/1458033769187131882.jpg","width":250,"height":350},{"@type":"BreadcrumbList","@id":"https:\/\/www.fondazionepirelli.org\/it\/cultura-dimpresa\/condannati-dai-numeri\/#breadcrumb","itemListElement":[{"@type":"ListItem","position":1,"name":"Home","item":"https:\/\/www.fondazionepirelli.org\/it\/"},{"@type":"ListItem","position":2,"name":"Condannati dai numeri?"}]},{"@type":"WebSite","@id":"https:\/\/www.fondazionepirelli.org\/it\/#website","url":"https:\/\/www.fondazionepirelli.org\/it\/","name":"Fondazione Pirelli","description":"","potentialAction":[{"@type":"SearchAction","target":{"@type":"EntryPoint","urlTemplate":"https:\/\/www.fondazionepirelli.org\/it\/?s={search_term_string}"},"query-input":{"@type":"PropertyValueSpecification","valueRequired":true,"valueName":"search_term_string"}}],"inLanguage":"it-IT"},{"@type":"Person","@id":"https:\/\/www.fondazionepirelli.org\/it\/#\/schema\/person\/f47d097000832c4a6e54538c791fdf25","name":"fondadmin","image":{"@type":"ImageObject","inLanguage":"it-IT","@id":"https:\/\/www.fondazionepirelli.org\/it\/#\/schema\/person\/image\/","url":"https:\/\/secure.gravatar.com\/avatar\/e69498a9175ca244966e51e53c88712c024fcebe41f9a05f75657f1bb25e489b?s=96&d=mm&r=g","contentUrl":"https:\/\/secure.gravatar.com\/avatar\/e69498a9175ca244966e51e53c88712c024fcebe41f9a05f75657f1bb25e489b?s=96&d=mm&r=g","caption":"fondadmin"},"url":"https:\/\/www.fondazionepirelli.org\/it\/author\/fondadmin\/"}]}},"_links":{"self":[{"href":"https:\/\/www.fondazionepirelli.org\/it\/wp-json\/wp\/v2\/posts\/51043\/"}],"collection":[{"href":"https:\/\/www.fondazionepirelli.org\/it\/wp-json\/wp\/v2\/posts\/"}],"about":[{"href":"https:\/\/www.fondazionepirelli.org\/it\/wp-json\/wp\/v2\/types\/post\/"}],"author":[{"embeddable":true,"href":"https:\/\/www.fondazionepirelli.org\/it\/wp-json\/wp\/v2\/users\/1\/"}],"replies":[{"embeddable":true,"href":"https:\/\/www.fondazionepirelli.org\/it\/wp-json\/wp\/v2\/comments\/?post=51043"}],"version-history":[{"count":2,"href":"https:\/\/www.fondazionepirelli.org\/it\/wp-json\/wp\/v2\/posts\/51043\/revisions\/"}],"predecessor-version":[{"id":70919,"href":"https:\/\/www.fondazionepirelli.org\/it\/wp-json\/wp\/v2\/posts\/51043\/revisions\/70919\/"}],"wp:featuredmedia":[{"embeddable":true,"href":"https:\/\/www.fondazionepirelli.org\/it\/wp-json\/wp\/v2\/media\/51044\/"}],"wp:attachment":[{"href":"https:\/\/www.fondazionepirelli.org\/it\/wp-json\/wp\/v2\/media\/?parent=51043"}],"wp:term":[{"taxonomy":"category","embeddable":true,"href":"https:\/\/www.fondazionepirelli.org\/it\/wp-json\/wp\/v2\/categories\/?post=51043"},{"taxonomy":"post_tag","embeddable":true,"href":"https:\/\/www.fondazionepirelli.org\/it\/wp-json\/wp\/v2\/tags\/?post=51043"}],"curies":[{"name":"wp","href":"https:\/\/api.w.org\/{rel}","templated":true}]}}