{"id":51049,"date":"2016-03-07T00:00:00","date_gmt":"2016-03-07T00:00:00","guid":{"rendered":"http:\/\/www.fondazionepirelli.org\/fondazione-pirelli\/crescita-dimpresa-non-solo-distretti\/"},"modified":"2019-05-27T12:27:39","modified_gmt":"2019-05-27T12:27:39","slug":"crescita-dimpresa-non-solo-distretti","status":"publish","type":"post","link":"https:\/\/www.fondazionepirelli.org\/it\/cultura-dimpresa\/crescita-dimpresa-non-solo-distretti\/","title":{"rendered":"Crescita d\u2019impresa, non solo distretti"},"content":{"rendered":"<p>Le imprese crescono se trovano \u201cterreno\u201d buono per svilupparsi. Non da sole \u2013 ormai -, ma sempre pi\u00f9 spesso insieme ad altre. Questione anche di cultura d\u2019impresa che cambia, si fa pi\u00f9 complessa, mutevole, adattabile alle circostanze. E spesso, devono essere create condizioni fisiche perch\u00e9 le imprese nascano e si sviluppino. I distretti tecnologici hanno fatto una significativa parte della recente storia industriale moderna, anche in Italia. Ma spesso non bastano.<\/p>\n<p>Uno degli ultimi Occasional Papers di Banca d\u2019Italia dimostra proprio quanto sia complessa l\u2019alchimia che serve per lo sviluppo d\u2019impresa. Distretti tecnologici a parte, appunto. \u00a0\u201cLocal policies for innovation: the case of technology districts in Italy\u201d, scritto da Federica Bertamino, Raffaello Bronzini, Marco De Maggio e Davide Revelli \u00a0analizza infatti gli effetti della politica regionale che ha dato vita ai distretti tecnologici, avviata in Italia nell\u2019ultimo decennio con l\u2019obiettivo di favorire l\u2019innovazione e quindi la crescita di imprese.<\/p>\n<p>Gli autori hanno esaminato prima le caratteristiche dei distretti tecnologici e delle imprese che ne fanno parte, e successivamente valutato i risultati delle imprese \u201cdistrettuali\u201d. Nel testo, quindi, dopo un inquadramento teorico, \u00e8 presente una puntuale disamina di 29 distretti sorti nel nostro Paese e collocati in 18 Regioni (sono escluse le Marche e la Valle d\u2019Aosta), che nel tempo hanno coinvolto 2.298 imprese.<\/p>\n<p>Dal lavoro emerge come nelle regioni meridionali siano stati creati pi\u00f9 distretti tecnologici che nel resto del Paese, ma che questi siano pi\u00f9 piccoli, meno diversificati settorialmente e pi\u00f9 distanti dalla struttura economica della Regione. Oltre a questo, i ricercatori ha rilevato che nel complesso, prima della nascita di un distretto le imprese che poi vi hanno aderito erano in media pi\u00f9 grandi, innovative e redditizie di quelle appartenenti alla stessa area e settore che non vi hanno aderito.<\/p>\n<p>Ma emerge un dato: \u201cDopo la nascita del distretto \u2013 viene spiegato -, la performance delle imprese distrettuali non si \u00e8 differenziata significativamente da quella di imprese simili non appartenenti a un distretto\u201d. Una condizione colta dai numeri che equivale a dire come non bastino condizioni create dall\u2019alto per far scattare la molla della crescita e dello sviluppo ma che, invece, imprenditorialit\u00e0 diffusa, reti d\u2019impresa informali e capacit\u00e0 di organizzare la produzione siano determinanti al di l\u00e0 della presenza di distretti tecnologici.<\/p>\n<p>Il lavoro di Bertamino, Bronzini, De Maggio e Revelli spiega con efficacia quanto pu\u00f2 accadere.<\/p><p><strong>Local policies for innovation: the case of technology districts in Italy\u00a0<\/strong><\/p>\n<p><strong>Politiche locali per l&#8217;innovazione: il caso dei distretti tecnologici in Italia<\/strong><\/p>\n<p>Federica Bertamino, Raffaello Bronzini, Marco De Maggio, Davide Revelli<\/p>\n<p>Occasional Papers Banca d&#8217;Italia, n 313, Febbraio 2016<\/p>\n","protected":false},"excerpt":{"rendered":"<p>Le imprese crescono se trovano \u201cterreno\u201d buono per svilupparsi. Non da sole \u2013 ormai -, ma sempre pi\u00f9 spesso insieme ad altre. Questione anche di cultura d\u2019impresa che cambia, si fa pi\u00f9 complessa, mutevole, adattabile alle circostanze. E spesso, devono essere create condizioni fisiche perch\u00e9 le imprese nascano e si sviluppino. I distretti tecnologici hanno [&hellip;]<\/p>\n","protected":false},"author":1,"featured_media":0,"comment_status":"open","ping_status":"open","sticky":false,"template":"","format":"standard","meta":{"footnotes":""},"categories":[54,52],"tags":[],"class_list":["post-51049","post","type-post","status-publish","format-standard","hentry","category-approfondimenti","category-cultura-dimpresa"],"acf":[],"yoast_head":"<!-- This site is optimized with the Yoast SEO plugin v25.0 - https:\/\/yoast.com\/wordpress\/plugins\/seo\/ -->\n<title>Crescita d\u2019impresa, non solo distretti - Fondazione Pirelli<\/title>\n<meta name=\"robots\" content=\"index, follow, max-snippet:-1, max-image-preview:large, max-video-preview:-1\" \/>\n<link rel=\"canonical\" href=\"https:\/\/www.fondazionepirelli.org\/it\/cultura-dimpresa\/crescita-dimpresa-non-solo-distretti\/\" \/>\n<meta property=\"og:locale\" content=\"it_IT\" \/>\n<meta property=\"og:type\" content=\"article\" \/>\n<meta property=\"og:title\" content=\"Crescita d\u2019impresa, non solo distretti - Fondazione Pirelli\" \/>\n<meta property=\"og:description\" content=\"Le imprese crescono se trovano \u201cterreno\u201d buono per svilupparsi. Non da sole \u2013 ormai -, ma sempre pi\u00f9 spesso insieme ad altre. Questione anche di cultura d\u2019impresa che cambia, si fa pi\u00f9 complessa, mutevole, adattabile alle circostanze. E spesso, devono essere create condizioni fisiche perch\u00e9 le imprese nascano e si sviluppino. I distretti tecnologici hanno [&hellip;]\" \/>\n<meta property=\"og:url\" content=\"https:\/\/127.0.0.1\/it\/cultura-dimpresa\/crescita-dimpresa-non-solo-distretti\/\" \/>\n<meta property=\"og:site_name\" content=\"Fondazione Pirelli\" \/>\n<meta property=\"article:published_time\" content=\"2016-03-07T00:00:00+00:00\" \/>\n<meta property=\"article:modified_time\" content=\"2019-05-27T12:27:39+00:00\" \/>\n<meta name=\"author\" content=\"fondadmin\" \/>\n<meta name=\"twitter:card\" content=\"summary_large_image\" \/>\n<meta name=\"twitter:label1\" content=\"Scritto da\" \/>\n\t<meta name=\"twitter:data1\" content=\"fondadmin\" \/>\n\t<meta name=\"twitter:label2\" content=\"Tempo di lettura stimato\" \/>\n\t<meta name=\"twitter:data2\" content=\"2 minuti\" \/>\n<script type=\"application\/ld+json\" class=\"yoast-schema-graph\">{\"@context\":\"https:\/\/schema.org\",\"@graph\":[{\"@type\":\"WebPage\",\"@id\":\"https:\/\/127.0.0.1\/it\/cultura-dimpresa\/crescita-dimpresa-non-solo-distretti\/\",\"url\":\"https:\/\/127.0.0.1\/it\/cultura-dimpresa\/crescita-dimpresa-non-solo-distretti\/\",\"name\":\"Crescita d\u2019impresa, non solo distretti - Fondazione Pirelli\",\"isPartOf\":{\"@id\":\"https:\/\/www.fondazionepirelli.org\/it\/#website\"},\"datePublished\":\"2016-03-07T00:00:00+00:00\",\"dateModified\":\"2019-05-27T12:27:39+00:00\",\"author\":{\"@id\":\"https:\/\/www.fondazionepirelli.org\/it\/#\/schema\/person\/f47d097000832c4a6e54538c791fdf25\"},\"breadcrumb\":{\"@id\":\"https:\/\/127.0.0.1\/it\/cultura-dimpresa\/crescita-dimpresa-non-solo-distretti\/#breadcrumb\"},\"inLanguage\":\"it-IT\",\"potentialAction\":[{\"@type\":\"ReadAction\",\"target\":[\"https:\/\/127.0.0.1\/it\/cultura-dimpresa\/crescita-dimpresa-non-solo-distretti\/\"]}]},{\"@type\":\"BreadcrumbList\",\"@id\":\"https:\/\/127.0.0.1\/it\/cultura-dimpresa\/crescita-dimpresa-non-solo-distretti\/#breadcrumb\",\"itemListElement\":[{\"@type\":\"ListItem\",\"position\":1,\"name\":\"Home\",\"item\":\"https:\/\/www.fondazionepirelli.org\/it\/\"},{\"@type\":\"ListItem\",\"position\":2,\"name\":\"Crescita d\u2019impresa, non solo distretti\"}]},{\"@type\":\"WebSite\",\"@id\":\"https:\/\/www.fondazionepirelli.org\/it\/#website\",\"url\":\"https:\/\/www.fondazionepirelli.org\/it\/\",\"name\":\"Fondazione Pirelli\",\"description\":\"\",\"potentialAction\":[{\"@type\":\"SearchAction\",\"target\":{\"@type\":\"EntryPoint\",\"urlTemplate\":\"https:\/\/www.fondazionepirelli.org\/it\/?s={search_term_string}\"},\"query-input\":{\"@type\":\"PropertyValueSpecification\",\"valueRequired\":true,\"valueName\":\"search_term_string\"}}],\"inLanguage\":\"it-IT\"},{\"@type\":\"Person\",\"@id\":\"https:\/\/www.fondazionepirelli.org\/it\/#\/schema\/person\/f47d097000832c4a6e54538c791fdf25\",\"name\":\"fondadmin\",\"image\":{\"@type\":\"ImageObject\",\"inLanguage\":\"it-IT\",\"@id\":\"https:\/\/www.fondazionepirelli.org\/it\/#\/schema\/person\/image\/\",\"url\":\"https:\/\/secure.gravatar.com\/avatar\/e69498a9175ca244966e51e53c88712c024fcebe41f9a05f75657f1bb25e489b?s=96&d=mm&r=g\",\"contentUrl\":\"https:\/\/secure.gravatar.com\/avatar\/e69498a9175ca244966e51e53c88712c024fcebe41f9a05f75657f1bb25e489b?s=96&d=mm&r=g\",\"caption\":\"fondadmin\"},\"url\":\"https:\/\/www.fondazionepirelli.org\/it\/author\/fondadmin\/\"}]}<\/script>\n<!-- \/ Yoast SEO plugin. -->","yoast_head_json":{"title":"Crescita d\u2019impresa, non solo distretti - Fondazione Pirelli","robots":{"index":"index","follow":"follow","max-snippet":"max-snippet:-1","max-image-preview":"max-image-preview:large","max-video-preview":"max-video-preview:-1"},"canonical":"https:\/\/www.fondazionepirelli.org\/it\/cultura-dimpresa\/crescita-dimpresa-non-solo-distretti\/","og_locale":"it_IT","og_type":"article","og_title":"Crescita d\u2019impresa, non solo distretti - Fondazione Pirelli","og_description":"Le imprese crescono se trovano \u201cterreno\u201d buono per svilupparsi. Non da sole \u2013 ormai -, ma sempre pi\u00f9 spesso insieme ad altre. Questione anche di cultura d\u2019impresa che cambia, si fa pi\u00f9 complessa, mutevole, adattabile alle circostanze. E spesso, devono essere create condizioni fisiche perch\u00e9 le imprese nascano e si sviluppino. I distretti tecnologici hanno [&hellip;]","og_url":"https:\/\/127.0.0.1\/it\/cultura-dimpresa\/crescita-dimpresa-non-solo-distretti\/","og_site_name":"Fondazione Pirelli","article_published_time":"2016-03-07T00:00:00+00:00","article_modified_time":"2019-05-27T12:27:39+00:00","author":"fondadmin","twitter_card":"summary_large_image","twitter_misc":{"Scritto da":"fondadmin","Tempo di lettura stimato":"2 minuti"},"schema":{"@context":"https:\/\/schema.org","@graph":[{"@type":"WebPage","@id":"https:\/\/127.0.0.1\/it\/cultura-dimpresa\/crescita-dimpresa-non-solo-distretti\/","url":"https:\/\/127.0.0.1\/it\/cultura-dimpresa\/crescita-dimpresa-non-solo-distretti\/","name":"Crescita d\u2019impresa, non solo distretti - Fondazione Pirelli","isPartOf":{"@id":"https:\/\/www.fondazionepirelli.org\/it\/#website"},"datePublished":"2016-03-07T00:00:00+00:00","dateModified":"2019-05-27T12:27:39+00:00","author":{"@id":"https:\/\/www.fondazionepirelli.org\/it\/#\/schema\/person\/f47d097000832c4a6e54538c791fdf25"},"breadcrumb":{"@id":"https:\/\/127.0.0.1\/it\/cultura-dimpresa\/crescita-dimpresa-non-solo-distretti\/#breadcrumb"},"inLanguage":"it-IT","potentialAction":[{"@type":"ReadAction","target":["https:\/\/127.0.0.1\/it\/cultura-dimpresa\/crescita-dimpresa-non-solo-distretti\/"]}]},{"@type":"BreadcrumbList","@id":"https:\/\/127.0.0.1\/it\/cultura-dimpresa\/crescita-dimpresa-non-solo-distretti\/#breadcrumb","itemListElement":[{"@type":"ListItem","position":1,"name":"Home","item":"https:\/\/www.fondazionepirelli.org\/it\/"},{"@type":"ListItem","position":2,"name":"Crescita d\u2019impresa, non solo distretti"}]},{"@type":"WebSite","@id":"https:\/\/www.fondazionepirelli.org\/it\/#website","url":"https:\/\/www.fondazionepirelli.org\/it\/","name":"Fondazione Pirelli","description":"","potentialAction":[{"@type":"SearchAction","target":{"@type":"EntryPoint","urlTemplate":"https:\/\/www.fondazionepirelli.org\/it\/?s={search_term_string}"},"query-input":{"@type":"PropertyValueSpecification","valueRequired":true,"valueName":"search_term_string"}}],"inLanguage":"it-IT"},{"@type":"Person","@id":"https:\/\/www.fondazionepirelli.org\/it\/#\/schema\/person\/f47d097000832c4a6e54538c791fdf25","name":"fondadmin","image":{"@type":"ImageObject","inLanguage":"it-IT","@id":"https:\/\/www.fondazionepirelli.org\/it\/#\/schema\/person\/image\/","url":"https:\/\/secure.gravatar.com\/avatar\/e69498a9175ca244966e51e53c88712c024fcebe41f9a05f75657f1bb25e489b?s=96&d=mm&r=g","contentUrl":"https:\/\/secure.gravatar.com\/avatar\/e69498a9175ca244966e51e53c88712c024fcebe41f9a05f75657f1bb25e489b?s=96&d=mm&r=g","caption":"fondadmin"},"url":"https:\/\/www.fondazionepirelli.org\/it\/author\/fondadmin\/"}]}},"_links":{"self":[{"href":"https:\/\/www.fondazionepirelli.org\/it\/wp-json\/wp\/v2\/posts\/51049\/"}],"collection":[{"href":"https:\/\/www.fondazionepirelli.org\/it\/wp-json\/wp\/v2\/posts\/"}],"about":[{"href":"https:\/\/www.fondazionepirelli.org\/it\/wp-json\/wp\/v2\/types\/post\/"}],"author":[{"embeddable":true,"href":"https:\/\/www.fondazionepirelli.org\/it\/wp-json\/wp\/v2\/users\/1\/"}],"replies":[{"embeddable":true,"href":"https:\/\/www.fondazionepirelli.org\/it\/wp-json\/wp\/v2\/comments\/?post=51049"}],"version-history":[{"count":1,"href":"https:\/\/www.fondazionepirelli.org\/it\/wp-json\/wp\/v2\/posts\/51049\/revisions\/"}],"predecessor-version":[{"id":56148,"href":"https:\/\/www.fondazionepirelli.org\/it\/wp-json\/wp\/v2\/posts\/51049\/revisions\/56148\/"}],"wp:attachment":[{"href":"https:\/\/www.fondazionepirelli.org\/it\/wp-json\/wp\/v2\/media\/?parent=51049"}],"wp:term":[{"taxonomy":"category","embeddable":true,"href":"https:\/\/www.fondazionepirelli.org\/it\/wp-json\/wp\/v2\/categories\/?post=51049"},{"taxonomy":"post_tag","embeddable":true,"href":"https:\/\/www.fondazionepirelli.org\/it\/wp-json\/wp\/v2\/tags\/?post=51049"}],"curies":[{"name":"wp","href":"https:\/\/api.w.org\/{rel}","templated":true}]}}