{"id":51050,"date":"2016-03-07T00:00:00","date_gmt":"2016-03-07T00:00:00","guid":{"rendered":"http:\/\/www.fondazionepirelli.org\/fondazione-pirelli\/immagini-di-cultura-dimpresa\/"},"modified":"2019-10-29T15:06:19","modified_gmt":"2019-10-29T13:06:19","slug":"immagini-di-cultura-dimpresa","status":"publish","type":"post","link":"https:\/\/www.fondazionepirelli.org\/it\/cultura-dimpresa\/immagini-di-cultura-dimpresa\/","title":{"rendered":"Immagini di cultura d\u2019impresa"},"content":{"rendered":"<p>La cultura d\u2019impresa si nutre anche d\u2019immagini. Che, a ben vedere, arrivano prima dell\u2019analisi \u00a0scritta della realt\u00e0 che riproducono. Ed \u00e8 cos\u00ec soprattutto oggi, in un intreccio inestricabile, fitto e affascinante in cui la cultura del produrre si allaccia con il futuro e prende forza dal presente e dal passato, e in cui in ogni momento proprio le immagini servono per innescare comportamenti d\u2019acquisto, sintetizzare organizzazioni efficienti del prodotto, condensare approcci aziendali diversi. Cos\u00ec \u00e8 anche del passato. Che poi condiziona pure il presente.<\/p>\n<p>Un bell\u2019esempio di cultura d\u2019impresa che si fa cultura dell\u2019immagine d\u2019impresa \u00e8 il libro appena diffuso \u201cTorino \u2018900. La citt\u00e0 delle fabbriche\u201d \u00a0scritto da Enrico Miletto e Donatella Sasso.<\/p>\n<p>Libro non solo e non tanto \u201cscritto\u201d, ma soprattutto fitto di fotografie, disegni, manifesti \u2013 immagini d\u2019impresa appunto -, che raccontano la storia di Torino dalle origini della citt\u00e0 industriale fino alle trasformazioni dei giorni nostri con la riconversione degli stabilimenti. \u00a0E\u2019 la storia di una citt\u00e0 che per un secolo si \u00e8 identificata con \u201cla fabbrica\u201d (quella delle auto), ma che in realt\u00e0 \u00e8 stata percorsa \u00a0anche da altre avventure d\u2019impresa come quelle del tessile, dell\u2019alimentare, del cinema e del teatro, dell\u2019aeronautica, della gomma.<\/p>\n<p>Gli autori mettono quindi in fila otto capitoli: le origini, i primi passi verso la modernit\u00e0, la prima guerra mondiale, il ventennio, le fabbriche e la guerra, la ricostruzione e il boom economico, la crisi degli anni \u201970, l\u2019oggi. Ogni capitolo \u00e8 caratterizzato da una breve introduzione che ricorda i passaggi principali del periodo e i nomi di fabbriche e di protagonisti che hanno costellato la storia industriale torinese. Poi una sequenza d\u2019immagini, ognuna spiegata da lunghe didascalie che approfondiscono ci\u00f2 che si vede e ne restituiscono il pezzo di storia d\u2019azienda di cui fa parte. Fabbriche certo, ma anche manifesti pubblicitari, persone sconosciute, protagonisti mondiali \u00a0della storia industriale, scioperi, scontri, donne, bambini, operai e operaie, auto, aeroplani, elementi d\u2019architettura industriale, frammenti di vita privata e di eventi pubblici, distruzioni, ricostruzioni, dibattiti, scatti in posa e rubati.<\/p>\n<p>La citt\u00e0 delle fabbriche di Miletto e Sasso racconta visivamente se\u2019 stessa e la sua cultura del produrre, facendo compiere a chi guarda e legge una viaggio nel tempo passato e in quello presente. \u00a0Un bel viaggio che vale la pena fare.<\/p><p><strong>Torino \u2018900. La citt\u00e0 delle fabbriche<\/strong><\/p>\n<p>Enrico Miletto, Donatella Sasso<\/p>\n<p>Edizioni del Capricorno, 2016<\/p>\n","protected":false},"excerpt":{"rendered":"<p>La cultura d\u2019impresa si nutre anche d\u2019immagini. Che, a ben vedere, arrivano prima dell\u2019analisi \u00a0scritta della realt\u00e0 che riproducono. Ed \u00e8 cos\u00ec soprattutto oggi, in un intreccio inestricabile, fitto e affascinante in cui la cultura del produrre si allaccia con il futuro e prende forza dal presente e dal passato, e in cui in ogni [&hellip;]<\/p>\n","protected":false},"author":1,"featured_media":51051,"comment_status":"open","ping_status":"open","sticky":false,"template":"","format":"standard","meta":{"footnotes":""},"categories":[52,58],"tags":[],"class_list":["post-51050","post","type-post","status-publish","format-standard","has-post-thumbnail","hentry","category-cultura-dimpresa","category-recensioni-libri"],"acf":[],"yoast_head":"<!-- This site is optimized with the Yoast SEO plugin v25.0 - https:\/\/yoast.com\/wordpress\/plugins\/seo\/ -->\n<title>Immagini di cultura d\u2019impresa - Fondazione Pirelli<\/title>\n<meta name=\"robots\" content=\"index, follow, max-snippet:-1, max-image-preview:large, max-video-preview:-1\" \/>\n<link rel=\"canonical\" href=\"https:\/\/www.fondazionepirelli.org\/it\/cultura-dimpresa\/immagini-di-cultura-dimpresa\/\" \/>\n<meta property=\"og:locale\" content=\"it_IT\" \/>\n<meta property=\"og:type\" content=\"article\" \/>\n<meta property=\"og:title\" content=\"Immagini di cultura d\u2019impresa - Fondazione Pirelli\" \/>\n<meta property=\"og:description\" content=\"La cultura d\u2019impresa si nutre anche d\u2019immagini. Che, a ben vedere, arrivano prima dell\u2019analisi \u00a0scritta della realt\u00e0 che riproducono. Ed \u00e8 cos\u00ec soprattutto oggi, in un intreccio inestricabile, fitto e affascinante in cui la cultura del produrre si allaccia con il futuro e prende forza dal presente e dal passato, e in cui in ogni [&hellip;]\" \/>\n<meta property=\"og:url\" content=\"https:\/\/127.0.0.1\/it\/cultura-dimpresa\/immagini-di-cultura-dimpresa\/\" \/>\n<meta property=\"og:site_name\" content=\"Fondazione Pirelli\" \/>\n<meta property=\"article:published_time\" content=\"2016-03-07T00:00:00+00:00\" \/>\n<meta property=\"article:modified_time\" content=\"2019-10-29T13:06:19+00:00\" \/>\n<meta property=\"og:image\" content=\"https:\/\/wpsite-assets.fondazionepirelli.org\/wp-content\/uploads\/2019\/05\/20101527\/1457425566116737418.jpg\" \/>\n\t<meta property=\"og:image:width\" content=\"250\" \/>\n\t<meta property=\"og:image:height\" content=\"361\" \/>\n\t<meta property=\"og:image:type\" content=\"image\/jpeg\" \/>\n<meta name=\"author\" content=\"fondadmin\" \/>\n<meta name=\"twitter:card\" content=\"summary_large_image\" \/>\n<meta name=\"twitter:label1\" content=\"Scritto da\" \/>\n\t<meta name=\"twitter:data1\" content=\"fondadmin\" \/>\n\t<meta name=\"twitter:label2\" content=\"Tempo di lettura stimato\" \/>\n\t<meta name=\"twitter:data2\" content=\"2 minuti\" \/>\n<script type=\"application\/ld+json\" class=\"yoast-schema-graph\">{\"@context\":\"https:\/\/schema.org\",\"@graph\":[{\"@type\":\"WebPage\",\"@id\":\"https:\/\/127.0.0.1\/it\/cultura-dimpresa\/immagini-di-cultura-dimpresa\/\",\"url\":\"https:\/\/127.0.0.1\/it\/cultura-dimpresa\/immagini-di-cultura-dimpresa\/\",\"name\":\"Immagini di cultura d\u2019impresa - Fondazione Pirelli\",\"isPartOf\":{\"@id\":\"https:\/\/www.fondazionepirelli.org\/it\/#website\"},\"primaryImageOfPage\":{\"@id\":\"https:\/\/127.0.0.1\/it\/cultura-dimpresa\/immagini-di-cultura-dimpresa\/#primaryimage\"},\"image\":{\"@id\":\"https:\/\/127.0.0.1\/it\/cultura-dimpresa\/immagini-di-cultura-dimpresa\/#primaryimage\"},\"thumbnailUrl\":\"https:\/\/wpsite-assets.fondazionepirelli.org\/wp-content\/uploads\/2019\/05\/20101527\/1457425566116737418.jpg\",\"datePublished\":\"2016-03-07T00:00:00+00:00\",\"dateModified\":\"2019-10-29T13:06:19+00:00\",\"author\":{\"@id\":\"https:\/\/www.fondazionepirelli.org\/it\/#\/schema\/person\/f47d097000832c4a6e54538c791fdf25\"},\"breadcrumb\":{\"@id\":\"https:\/\/127.0.0.1\/it\/cultura-dimpresa\/immagini-di-cultura-dimpresa\/#breadcrumb\"},\"inLanguage\":\"it-IT\",\"potentialAction\":[{\"@type\":\"ReadAction\",\"target\":[\"https:\/\/127.0.0.1\/it\/cultura-dimpresa\/immagini-di-cultura-dimpresa\/\"]}]},{\"@type\":\"ImageObject\",\"inLanguage\":\"it-IT\",\"@id\":\"https:\/\/127.0.0.1\/it\/cultura-dimpresa\/immagini-di-cultura-dimpresa\/#primaryimage\",\"url\":\"https:\/\/wpsite-assets.fondazionepirelli.org\/wp-content\/uploads\/2019\/05\/20101527\/1457425566116737418.jpg\",\"contentUrl\":\"https:\/\/wpsite-assets.fondazionepirelli.org\/wp-content\/uploads\/2019\/05\/20101527\/1457425566116737418.jpg\",\"width\":250,\"height\":361},{\"@type\":\"BreadcrumbList\",\"@id\":\"https:\/\/127.0.0.1\/it\/cultura-dimpresa\/immagini-di-cultura-dimpresa\/#breadcrumb\",\"itemListElement\":[{\"@type\":\"ListItem\",\"position\":1,\"name\":\"Home\",\"item\":\"https:\/\/www.fondazionepirelli.org\/it\/\"},{\"@type\":\"ListItem\",\"position\":2,\"name\":\"Immagini di cultura d\u2019impresa\"}]},{\"@type\":\"WebSite\",\"@id\":\"https:\/\/www.fondazionepirelli.org\/it\/#website\",\"url\":\"https:\/\/www.fondazionepirelli.org\/it\/\",\"name\":\"Fondazione Pirelli\",\"description\":\"\",\"potentialAction\":[{\"@type\":\"SearchAction\",\"target\":{\"@type\":\"EntryPoint\",\"urlTemplate\":\"https:\/\/www.fondazionepirelli.org\/it\/?s={search_term_string}\"},\"query-input\":{\"@type\":\"PropertyValueSpecification\",\"valueRequired\":true,\"valueName\":\"search_term_string\"}}],\"inLanguage\":\"it-IT\"},{\"@type\":\"Person\",\"@id\":\"https:\/\/www.fondazionepirelli.org\/it\/#\/schema\/person\/f47d097000832c4a6e54538c791fdf25\",\"name\":\"fondadmin\",\"image\":{\"@type\":\"ImageObject\",\"inLanguage\":\"it-IT\",\"@id\":\"https:\/\/www.fondazionepirelli.org\/it\/#\/schema\/person\/image\/\",\"url\":\"https:\/\/secure.gravatar.com\/avatar\/e69498a9175ca244966e51e53c88712c024fcebe41f9a05f75657f1bb25e489b?s=96&d=mm&r=g\",\"contentUrl\":\"https:\/\/secure.gravatar.com\/avatar\/e69498a9175ca244966e51e53c88712c024fcebe41f9a05f75657f1bb25e489b?s=96&d=mm&r=g\",\"caption\":\"fondadmin\"},\"url\":\"https:\/\/www.fondazionepirelli.org\/it\/author\/fondadmin\/\"}]}<\/script>\n<!-- \/ Yoast SEO plugin. -->","yoast_head_json":{"title":"Immagini di cultura d\u2019impresa - Fondazione Pirelli","robots":{"index":"index","follow":"follow","max-snippet":"max-snippet:-1","max-image-preview":"max-image-preview:large","max-video-preview":"max-video-preview:-1"},"canonical":"https:\/\/www.fondazionepirelli.org\/it\/cultura-dimpresa\/immagini-di-cultura-dimpresa\/","og_locale":"it_IT","og_type":"article","og_title":"Immagini di cultura d\u2019impresa - Fondazione Pirelli","og_description":"La cultura d\u2019impresa si nutre anche d\u2019immagini. Che, a ben vedere, arrivano prima dell\u2019analisi \u00a0scritta della realt\u00e0 che riproducono. Ed \u00e8 cos\u00ec soprattutto oggi, in un intreccio inestricabile, fitto e affascinante in cui la cultura del produrre si allaccia con il futuro e prende forza dal presente e dal passato, e in cui in ogni [&hellip;]","og_url":"https:\/\/127.0.0.1\/it\/cultura-dimpresa\/immagini-di-cultura-dimpresa\/","og_site_name":"Fondazione Pirelli","article_published_time":"2016-03-07T00:00:00+00:00","article_modified_time":"2019-10-29T13:06:19+00:00","og_image":[{"width":250,"height":361,"url":"https:\/\/wpsite-assets.fondazionepirelli.org\/wp-content\/uploads\/2019\/05\/20101527\/1457425566116737418.jpg","type":"image\/jpeg"}],"author":"fondadmin","twitter_card":"summary_large_image","twitter_misc":{"Scritto da":"fondadmin","Tempo di lettura stimato":"2 minuti"},"schema":{"@context":"https:\/\/schema.org","@graph":[{"@type":"WebPage","@id":"https:\/\/127.0.0.1\/it\/cultura-dimpresa\/immagini-di-cultura-dimpresa\/","url":"https:\/\/127.0.0.1\/it\/cultura-dimpresa\/immagini-di-cultura-dimpresa\/","name":"Immagini di cultura d\u2019impresa - Fondazione Pirelli","isPartOf":{"@id":"https:\/\/www.fondazionepirelli.org\/it\/#website"},"primaryImageOfPage":{"@id":"https:\/\/127.0.0.1\/it\/cultura-dimpresa\/immagini-di-cultura-dimpresa\/#primaryimage"},"image":{"@id":"https:\/\/127.0.0.1\/it\/cultura-dimpresa\/immagini-di-cultura-dimpresa\/#primaryimage"},"thumbnailUrl":"https:\/\/wpsite-assets.fondazionepirelli.org\/wp-content\/uploads\/2019\/05\/20101527\/1457425566116737418.jpg","datePublished":"2016-03-07T00:00:00+00:00","dateModified":"2019-10-29T13:06:19+00:00","author":{"@id":"https:\/\/www.fondazionepirelli.org\/it\/#\/schema\/person\/f47d097000832c4a6e54538c791fdf25"},"breadcrumb":{"@id":"https:\/\/127.0.0.1\/it\/cultura-dimpresa\/immagini-di-cultura-dimpresa\/#breadcrumb"},"inLanguage":"it-IT","potentialAction":[{"@type":"ReadAction","target":["https:\/\/127.0.0.1\/it\/cultura-dimpresa\/immagini-di-cultura-dimpresa\/"]}]},{"@type":"ImageObject","inLanguage":"it-IT","@id":"https:\/\/127.0.0.1\/it\/cultura-dimpresa\/immagini-di-cultura-dimpresa\/#primaryimage","url":"https:\/\/wpsite-assets.fondazionepirelli.org\/wp-content\/uploads\/2019\/05\/20101527\/1457425566116737418.jpg","contentUrl":"https:\/\/wpsite-assets.fondazionepirelli.org\/wp-content\/uploads\/2019\/05\/20101527\/1457425566116737418.jpg","width":250,"height":361},{"@type":"BreadcrumbList","@id":"https:\/\/127.0.0.1\/it\/cultura-dimpresa\/immagini-di-cultura-dimpresa\/#breadcrumb","itemListElement":[{"@type":"ListItem","position":1,"name":"Home","item":"https:\/\/www.fondazionepirelli.org\/it\/"},{"@type":"ListItem","position":2,"name":"Immagini di cultura d\u2019impresa"}]},{"@type":"WebSite","@id":"https:\/\/www.fondazionepirelli.org\/it\/#website","url":"https:\/\/www.fondazionepirelli.org\/it\/","name":"Fondazione Pirelli","description":"","potentialAction":[{"@type":"SearchAction","target":{"@type":"EntryPoint","urlTemplate":"https:\/\/www.fondazionepirelli.org\/it\/?s={search_term_string}"},"query-input":{"@type":"PropertyValueSpecification","valueRequired":true,"valueName":"search_term_string"}}],"inLanguage":"it-IT"},{"@type":"Person","@id":"https:\/\/www.fondazionepirelli.org\/it\/#\/schema\/person\/f47d097000832c4a6e54538c791fdf25","name":"fondadmin","image":{"@type":"ImageObject","inLanguage":"it-IT","@id":"https:\/\/www.fondazionepirelli.org\/it\/#\/schema\/person\/image\/","url":"https:\/\/secure.gravatar.com\/avatar\/e69498a9175ca244966e51e53c88712c024fcebe41f9a05f75657f1bb25e489b?s=96&d=mm&r=g","contentUrl":"https:\/\/secure.gravatar.com\/avatar\/e69498a9175ca244966e51e53c88712c024fcebe41f9a05f75657f1bb25e489b?s=96&d=mm&r=g","caption":"fondadmin"},"url":"https:\/\/www.fondazionepirelli.org\/it\/author\/fondadmin\/"}]}},"_links":{"self":[{"href":"https:\/\/www.fondazionepirelli.org\/it\/wp-json\/wp\/v2\/posts\/51050\/"}],"collection":[{"href":"https:\/\/www.fondazionepirelli.org\/it\/wp-json\/wp\/v2\/posts\/"}],"about":[{"href":"https:\/\/www.fondazionepirelli.org\/it\/wp-json\/wp\/v2\/types\/post\/"}],"author":[{"embeddable":true,"href":"https:\/\/www.fondazionepirelli.org\/it\/wp-json\/wp\/v2\/users\/1\/"}],"replies":[{"embeddable":true,"href":"https:\/\/www.fondazionepirelli.org\/it\/wp-json\/wp\/v2\/comments\/?post=51050"}],"version-history":[{"count":2,"href":"https:\/\/www.fondazionepirelli.org\/it\/wp-json\/wp\/v2\/posts\/51050\/revisions\/"}],"predecessor-version":[{"id":70920,"href":"https:\/\/www.fondazionepirelli.org\/it\/wp-json\/wp\/v2\/posts\/51050\/revisions\/70920\/"}],"wp:featuredmedia":[{"embeddable":true,"href":"https:\/\/www.fondazionepirelli.org\/it\/wp-json\/wp\/v2\/media\/51051\/"}],"wp:attachment":[{"href":"https:\/\/www.fondazionepirelli.org\/it\/wp-json\/wp\/v2\/media\/?parent=51050"}],"wp:term":[{"taxonomy":"category","embeddable":true,"href":"https:\/\/www.fondazionepirelli.org\/it\/wp-json\/wp\/v2\/categories\/?post=51050"},{"taxonomy":"post_tag","embeddable":true,"href":"https:\/\/www.fondazionepirelli.org\/it\/wp-json\/wp\/v2\/tags\/?post=51050"}],"curies":[{"name":"wp","href":"https:\/\/api.w.org\/{rel}","templated":true}]}}