{"id":51059,"date":"2016-02-29T00:00:00","date_gmt":"2016-02-29T00:00:00","guid":{"rendered":"http:\/\/www.fondazionepirelli.org\/fondazione-pirelli\/il-papa-chiede-agli-imprenditori-la-persona-e-la-sua-dignita-siano-al-centro-dellimpresa\/"},"modified":"2019-05-23T10:23:59","modified_gmt":"2019-05-23T10:23:59","slug":"il-papa-chiede-agli-imprenditori-la-persona-e-la-sua-dignita-siano-al-centro-dellimpresa","status":"publish","type":"post","link":"https:\/\/www.fondazionepirelli.org\/it\/cultura-dimpresa\/il-papa-chiede-agli-imprenditori-la-persona-e-la-sua-dignita-siano-al-centro-dellimpresa\/","title":{"rendered":"Il Papa chiede agli imprenditori:  la persona e la sua dignit\u00e0 siano al centro dell\u2019impresa"},"content":{"rendered":"<p><strong>Papa Francesco<\/strong> dice agli imprenditori: \u201cIl bene comune sia bussola per l\u2019attivit\u00e0 produttiva\u201d. Chiede \u201c<strong>un nuovo umanesimo del lavoro<\/strong>\u201d. Riconosce il ruolo cardine dell\u2019impresa per lo sviluppo, per quell\u2019\u201d<strong>economia giusta<\/strong>\u201d che gli sta tanto a cuore e ha rilanciato nei suoi discorsi. E sollecita \u201cnuove strategie, stili, atteggiamenti\u201d per \u201cinvestire in progetti che sappiano coinvolgere soggetti spesso dimenticati o trascurati\u201d, cio\u00e8 gli anziani \u201ctroppo spesso scartati perch\u00e9 inutili o improduttivi\u201d e i giovani \u201cprigionieri della precariet\u00e0 o di una troppo lunga disoccupazione\u201d. Insiste perch\u00e9 \u201c<strong>la persona sia al centro dell\u2019impresa<\/strong>\u201d. Ed esorta uomini e donne d\u2019impresa: \u201cLa via maestra sia sempre la giustizia, che rifiuta le scorciatoie delle raccomandazioni e dei favoritismi e le deviazioni pericolose della disonest\u00e0 e dei facili compromessi\u201d. Il monito \u00e8 netto: \u201cAssoluta \u00e8 la dignit\u00e0, non il mercato\u201d. Gli imprenditori applaudono.<\/p>\n<p>Sono in settemila, riuniti della grande e solenne <strong>Sala Nervi<\/strong> del Vaticano, in un sabato mattina grigio e piovigginoso. Settemila tra imprenditori e familiari. Sono riuniti per il \u201c<strong>Giubileo dell\u2019industria<\/strong>\u201d. E ascoltano il Papa con attenzione, rispetto, partecipazione sincera. Poco prima del discorso del Santo Padre, il presidente di Confindustria <strong>Giorgio Squinzi<\/strong>, in un breve intervento, ha ricordato come \u201cl\u2019unico vero antidoto alla speculazione \u00e8 l\u2019impresa\u201d, con i suoi valori, la sua attenzione alle persona, la sua idea che la dignit\u00e0 sia nel lavoro ben fatto.<\/p>\n<p>E\u2019 un incontro importante, quello tra il Papa e gli imprenditori di Confindustria. Una novit\u00e0 assoluta. E mostra come in tempi di crisi, la risposta non sia da trovare nelle secche economiciste, ma in una nuova visione della persona, del lavoro, dell\u2019intraprendere. Nei valori.<\/p>\n<p>Ecco il punto chiave. Il <strong>valore.<\/strong> \u00c8 una parola cardine, nel lessico dell&#8217;impresa. &#8220;<strong>Creare valore per gli azionisti&#8221;<\/strong>, si chiede a chi l&#8217;amministra: redditivit\u00e0, cio\u00e8, profitti, crescita dei titoli quotati in Borsa, dividendi, risorse finanziarie per avviare nuovi investimenti e dunque fare aumentare ancora di pi\u00f9 &#8220;il valore&#8221;.<\/p>\n<p>Questa parola si pu\u00f2, appunto, declinare al plurale: &#8220;valori&#8221;. E, facendo ancora un passo avanti rispetto alla visione pi\u00f9 specifica dello &#8220;spirito del capitalismo&#8221;, ha senso affermare che oggi non si crea alcun valore se non si sta con l&#8217;attenzione vigile rivolta, appunto, ai valori: il rispetto delle persone e dell&#8217;ambiente, la sicurezza, la tutela dei diritti di lavoratori e consumatori, l&#8217;armonia tra l&#8217;impresa e i territori in cui si avverte la sua presenza. Non solo non c&#8217;\u00e8 contraddizione tra valore (anche nel senso specifico del profitto d&#8217;impresa) e valori. Ma solo in questa nuova prospettiva le imprese possono crescere e il Paese avere uno sviluppo equilibrato, migliore, pi\u00f9 \u201cgiusto\u201d.<\/p>\n<p>&#8220;<strong>Fare impresa per creare valori&#8221;<\/strong>, scrive il cardinale Gianfranco Ravasi, presidente del Pontificio Consiglio per la Cultura, sulla prima pagina de &#8220;Il Sole24Ore&#8221;, presentando il seminario &#8220;<strong>Fare insieme<\/strong>&#8220;, l&#8217;incontro tra Confindustria e Vaticano che si \u00e8 svolto venerd\u00ec 26 febbraio al Centro Congressi Augustinianum alla vigilia dell\u2019udienza papale. E, in modo speculare, il presidente di Confindustria Giorgio Squinzi ha scritto un articolo su \u201cAvvenire\u201d, cercando \u201crisposte alle domande difficili\u201d appunto sui valori, il senso del fare impresa, la responsabilit\u00e0 di \u201ccostruire in modo creativo opportunit\u00e0 di crescita anche per chi ha meno, per innovare, generare nuovo lavoro e capitale sociale\u201d, definire insomma \u201cinsieme\u201d (ecco la parola che ricorre) \u201cun nuovo contratto sociale\u201d.<\/p>\n<p>\u00c8 un&#8217;iniziativa inedita, un incontro importante, quello tra la Chiesa e l&#8217;organizzazione degli imprenditori italiani: nasce nel segno del dialogo, del confronto sincero tra posizioni diverse in cerca di convergenze e sintesi comuni, guarda con impegno condiviso allo sviluppo non solo economico, ma anche e soprattutto umano e sociale, prova a coniugare l&#8217;importanza del &#8220;fare&#8221; (l&#8217;intraprendenza, il lavoro, la costruzione di qualcosa che non c&#8217;era) caro agli imprenditori con i valori dell'&#8221;insieme&#8221;: la solidariet\u00e0, la comunit\u00e0, l&#8217;inclusione.<\/p>\n<p>Con l\u2019incontro di venerd\u00ec (cui hanno partecipato economisti, imprenditori, esponenti vaticani, intellettuali sensibili ai temi dell&#8217;etica e dell&#8217;economia) si \u00e8 andati oltre l&#8217;abituale confronto tra Chiesa e imprenditori cattolici per cercare di inserire l&#8217;impresa in quanto tale dentro un universo di significati positivi.<\/p>\n<p>L&#8217;impresa si confronta con valori generali, in parte gi\u00e0 suoi, in parte da accogliere come sfide, in cerca anche di una nuova e migliore legittimazione sociale, che permetta di mettere da canto quelle culture anti-impresa purtroppo ancora diffuse in Italia. La Chiesa, autorit\u00e0 morale tra le poche oggi riconosciute ed ascoltate, si pone di fronte ai temi d&#8217;una modernit\u00e0 che pu\u00f2 conoscere allarmanti derive individualistiche (egoistiche, sarebbe meglio dire) o invece indirizzarsi su strade nuove di condivisione e solidariet\u00e0. E proprio l&#8217;impresa pu\u00f2 essere, come nelle stagioni migliori d&#8217;una storia che si rinnova, luogo d&#8217;inclusione, cittadinanza, elaborazione di sintesi positive tra diritti e doveri, responsabilit\u00e0 personale e valenze solidali.<\/p>\n<p>&#8220;La vocazione di un imprenditore \u00e8 un nobile lavoro, sempre che si lasci interrogare da un significato pi\u00f9 ampio della vita&#8221;, ha sostenuto Papa Francesco, nella sua &#8220;<strong>Evangelii Gaudium<\/strong>&#8220;, cercando di delineare i tratti di una &#8220;economia giusta&#8221; che sappia andare oltre &#8220;il feticismo del denaro&#8221;. Sulla scia delle parole del Papa, il filosofo Michael Novak commenta: &#8220;Fare impresa \u00e8 una vocazione, salver\u00e0 il mondo dalla povert\u00e0&#8221;.). &#8220;L&#8217;industria ha incontrato il Santo Padre&#8221;, sintetizza il cardinale Ravasi, in cerca di un &#8220;ethos comune&#8221; su temi come &#8220;la giustizia, la libert\u00e0, la dignit\u00e0 della persona, la solidariet\u00e0, la conoscenza e l&#8217;istruzione, la responsabilit\u00e0 e i diritti individuali e sociali, , il lavoro, la fede autentica e la morale&#8221;. Parole importanti. Da declinare &#8220;liberandoli dagli stereotipi vagamente moraleggianti&#8221; e dando loro nuovo senso, concreto, di vita vissuta e orizzonti possibili di lavoro comune.<\/p>\n<p>D&#8217;altronde, una parola cara alla letteratura d&#8217;impresa, &#8220;competizione&#8221; o anche &#8220;competitivit\u00e0&#8221;, va proprio ricondotta ai valori gi\u00e0 espressi nelle sue radici, in quel latino &#8220;cum petere&#8221;, andare insieme verso un obiettivo, cui oggi guardano non solo le imprese migliori ma anche un modo economico che parla di &#8220;economia circolare&#8221;, sostenibilit\u00e0, nuove condizioni di collaborazione e condivisione. C&#8217;\u00e8 sempre un &#8220;cum&#8221;, in tutti questi discorsi. Comunit\u00e0. Riprendendo e recuperando anche la bella lezione di Adriano Olivetti, dei Pirelli, degli imprenditori pi\u00f9 colti, attenti, socialmente responsabili.<\/p>\n<p>Viviamo in un mondo alla ricerca di migliori ragioni di sviluppo e di crescita non solo quantitativa (quella misurata dal Pil) ma soprattutto qualitativa (il benessere, secondo nuovi indicatori che gi\u00e0 l&#8217;Istat ha messo a punto, il Bes, &#8220;benessere equo e sostenibile&#8221;, appunto, una sofisticata strumentazione cui anche l&#8217;Onu guarda con molto interesse, per il suo &#8220;indice di sviluppo umano&#8221;). E dopo la Grande Crisi dell&#8217;economia di carta e dei disastri provocati dalla rapacit\u00e0 della finanza d&#8217;assalto, anche il mondo dell&#8217;impresa italiana si interroga sull&#8217;importanza della sostenibilit\u00e0 ambientale e sociale ed elabora una &#8220;nuova cultura d&#8217;impresa&#8221; in cui proprio la &#8220;responsabilit\u00e0 sociale&#8221; va considerata come strumento fondamentale di competitivit\u00e0. Per dirla in sintesi: le imprese crescono e si affermano, in un universo competitivo internazionale molto selettivo, se puntano sulla qualit\u00e0 di processi e prodotti, sulle positive relazioni \u00a0non solo con gli shareholders (gli azionisti) ma soprattutto con gli stakeholders (clienti, fornitori, dipendenti, i sindacati e le associazioni territoriali, etc.). Si torna anche lungo questa strada ai valori. Di cui, appunto, si \u00e8 a lungo parlato negli incontri in Vaticano. Un confronto da continuare.<\/p>\n","protected":false},"excerpt":{"rendered":"<p>Papa Francesco dice agli imprenditori: \u201cIl bene comune sia bussola per l\u2019attivit\u00e0 produttiva\u201d. Chiede \u201cun nuovo umanesimo del lavoro\u201d. Riconosce il ruolo cardine dell\u2019impresa per lo sviluppo, per quell\u2019\u201deconomia giusta\u201d che gli sta tanto a cuore e ha rilanciato nei suoi discorsi. E sollecita \u201cnuove strategie, stili, atteggiamenti\u201d per \u201cinvestire in progetti che sappiano coinvolgere [&hellip;]<\/p>\n","protected":false},"author":1,"featured_media":51060,"comment_status":"open","ping_status":"open","sticky":false,"template":"","format":"standard","meta":{"footnotes":""},"categories":[53,52],"tags":[],"class_list":["post-51059","post","type-post","status-publish","format-standard","has-post-thumbnail","hentry","category-blog","category-cultura-dimpresa"],"acf":[],"yoast_head":"<!-- This site is optimized with the Yoast SEO plugin v25.0 - https:\/\/yoast.com\/wordpress\/plugins\/seo\/ -->\n<title>Il Papa chiede agli imprenditori: la persona e la sua dignit\u00e0 siano al centro dell\u2019impresa - Fondazione Pirelli<\/title>\n<meta name=\"robots\" content=\"index, follow, max-snippet:-1, max-image-preview:large, max-video-preview:-1\" \/>\n<link rel=\"canonical\" href=\"https:\/\/www.fondazionepirelli.org\/it\/cultura-dimpresa\/il-papa-chiede-agli-imprenditori-la-persona-e-la-sua-dignita-siano-al-centro-dellimpresa\/\" \/>\n<meta property=\"og:locale\" content=\"it_IT\" \/>\n<meta property=\"og:type\" content=\"article\" \/>\n<meta property=\"og:title\" content=\"Il Papa chiede agli imprenditori: la persona e la sua dignit\u00e0 siano al centro dell\u2019impresa - Fondazione Pirelli\" \/>\n<meta property=\"og:description\" content=\"Papa Francesco dice agli imprenditori: \u201cIl bene comune sia bussola per l\u2019attivit\u00e0 produttiva\u201d. Chiede \u201cun nuovo umanesimo del lavoro\u201d. Riconosce il ruolo cardine dell\u2019impresa per lo sviluppo, per quell\u2019\u201deconomia giusta\u201d che gli sta tanto a cuore e ha rilanciato nei suoi discorsi. E sollecita \u201cnuove strategie, stili, atteggiamenti\u201d per \u201cinvestire in progetti che sappiano coinvolgere [&hellip;]\" \/>\n<meta property=\"og:url\" content=\"https:\/\/127.0.0.1\/it\/cultura-dimpresa\/il-papa-chiede-agli-imprenditori-la-persona-e-la-sua-dignita-siano-al-centro-dellimpresa\/\" \/>\n<meta property=\"og:site_name\" content=\"Fondazione Pirelli\" \/>\n<meta property=\"article:published_time\" content=\"2016-02-29T00:00:00+00:00\" \/>\n<meta property=\"article:modified_time\" content=\"2019-05-23T10:23:59+00:00\" \/>\n<meta property=\"og:image\" content=\"https:\/\/wpsite-assets.fondazionepirelli.org\/wp-content\/uploads\/2019\/05\/20101526\/14568284151345964444.jpg\" \/>\n\t<meta property=\"og:image:width\" content=\"250\" \/>\n\t<meta property=\"og:image:height\" content=\"250\" \/>\n\t<meta property=\"og:image:type\" content=\"image\/jpeg\" \/>\n<meta name=\"author\" content=\"fondadmin\" \/>\n<meta name=\"twitter:card\" content=\"summary_large_image\" \/>\n<meta name=\"twitter:label1\" content=\"Scritto da\" \/>\n\t<meta name=\"twitter:data1\" content=\"fondadmin\" \/>\n\t<meta name=\"twitter:label2\" content=\"Tempo di lettura stimato\" \/>\n\t<meta name=\"twitter:data2\" content=\"6 minuti\" \/>\n<script type=\"application\/ld+json\" class=\"yoast-schema-graph\">{\"@context\":\"https:\/\/schema.org\",\"@graph\":[{\"@type\":\"WebPage\",\"@id\":\"https:\/\/127.0.0.1\/it\/cultura-dimpresa\/il-papa-chiede-agli-imprenditori-la-persona-e-la-sua-dignita-siano-al-centro-dellimpresa\/\",\"url\":\"https:\/\/127.0.0.1\/it\/cultura-dimpresa\/il-papa-chiede-agli-imprenditori-la-persona-e-la-sua-dignita-siano-al-centro-dellimpresa\/\",\"name\":\"Il Papa chiede agli imprenditori: la persona e la sua dignit\u00e0 siano al centro dell\u2019impresa - Fondazione Pirelli\",\"isPartOf\":{\"@id\":\"https:\/\/www.fondazionepirelli.org\/it\/#website\"},\"primaryImageOfPage\":{\"@id\":\"https:\/\/127.0.0.1\/it\/cultura-dimpresa\/il-papa-chiede-agli-imprenditori-la-persona-e-la-sua-dignita-siano-al-centro-dellimpresa\/#primaryimage\"},\"image\":{\"@id\":\"https:\/\/127.0.0.1\/it\/cultura-dimpresa\/il-papa-chiede-agli-imprenditori-la-persona-e-la-sua-dignita-siano-al-centro-dellimpresa\/#primaryimage\"},\"thumbnailUrl\":\"https:\/\/wpsite-assets.fondazionepirelli.org\/wp-content\/uploads\/2019\/05\/20101526\/14568284151345964444.jpg\",\"datePublished\":\"2016-02-29T00:00:00+00:00\",\"dateModified\":\"2019-05-23T10:23:59+00:00\",\"author\":{\"@id\":\"https:\/\/www.fondazionepirelli.org\/it\/#\/schema\/person\/f47d097000832c4a6e54538c791fdf25\"},\"breadcrumb\":{\"@id\":\"https:\/\/127.0.0.1\/it\/cultura-dimpresa\/il-papa-chiede-agli-imprenditori-la-persona-e-la-sua-dignita-siano-al-centro-dellimpresa\/#breadcrumb\"},\"inLanguage\":\"it-IT\",\"potentialAction\":[{\"@type\":\"ReadAction\",\"target\":[\"https:\/\/127.0.0.1\/it\/cultura-dimpresa\/il-papa-chiede-agli-imprenditori-la-persona-e-la-sua-dignita-siano-al-centro-dellimpresa\/\"]}]},{\"@type\":\"ImageObject\",\"inLanguage\":\"it-IT\",\"@id\":\"https:\/\/127.0.0.1\/it\/cultura-dimpresa\/il-papa-chiede-agli-imprenditori-la-persona-e-la-sua-dignita-siano-al-centro-dellimpresa\/#primaryimage\",\"url\":\"https:\/\/wpsite-assets.fondazionepirelli.org\/wp-content\/uploads\/2019\/05\/20101526\/14568284151345964444.jpg\",\"contentUrl\":\"https:\/\/wpsite-assets.fondazionepirelli.org\/wp-content\/uploads\/2019\/05\/20101526\/14568284151345964444.jpg\",\"width\":250,\"height\":250},{\"@type\":\"BreadcrumbList\",\"@id\":\"https:\/\/127.0.0.1\/it\/cultura-dimpresa\/il-papa-chiede-agli-imprenditori-la-persona-e-la-sua-dignita-siano-al-centro-dellimpresa\/#breadcrumb\",\"itemListElement\":[{\"@type\":\"ListItem\",\"position\":1,\"name\":\"Home\",\"item\":\"https:\/\/www.fondazionepirelli.org\/it\/\"},{\"@type\":\"ListItem\",\"position\":2,\"name\":\"Il Papa chiede agli imprenditori: la persona e la sua dignit\u00e0 siano al centro dell\u2019impresa\"}]},{\"@type\":\"WebSite\",\"@id\":\"https:\/\/www.fondazionepirelli.org\/it\/#website\",\"url\":\"https:\/\/www.fondazionepirelli.org\/it\/\",\"name\":\"Fondazione Pirelli\",\"description\":\"\",\"potentialAction\":[{\"@type\":\"SearchAction\",\"target\":{\"@type\":\"EntryPoint\",\"urlTemplate\":\"https:\/\/www.fondazionepirelli.org\/it\/?s={search_term_string}\"},\"query-input\":{\"@type\":\"PropertyValueSpecification\",\"valueRequired\":true,\"valueName\":\"search_term_string\"}}],\"inLanguage\":\"it-IT\"},{\"@type\":\"Person\",\"@id\":\"https:\/\/www.fondazionepirelli.org\/it\/#\/schema\/person\/f47d097000832c4a6e54538c791fdf25\",\"name\":\"fondadmin\",\"image\":{\"@type\":\"ImageObject\",\"inLanguage\":\"it-IT\",\"@id\":\"https:\/\/www.fondazionepirelli.org\/it\/#\/schema\/person\/image\/\",\"url\":\"https:\/\/secure.gravatar.com\/avatar\/e69498a9175ca244966e51e53c88712c024fcebe41f9a05f75657f1bb25e489b?s=96&d=mm&r=g\",\"contentUrl\":\"https:\/\/secure.gravatar.com\/avatar\/e69498a9175ca244966e51e53c88712c024fcebe41f9a05f75657f1bb25e489b?s=96&d=mm&r=g\",\"caption\":\"fondadmin\"},\"url\":\"https:\/\/www.fondazionepirelli.org\/it\/author\/fondadmin\/\"}]}<\/script>\n<!-- \/ Yoast SEO plugin. -->","yoast_head_json":{"title":"Il Papa chiede agli imprenditori: la persona e la sua dignit\u00e0 siano al centro dell\u2019impresa - Fondazione Pirelli","robots":{"index":"index","follow":"follow","max-snippet":"max-snippet:-1","max-image-preview":"max-image-preview:large","max-video-preview":"max-video-preview:-1"},"canonical":"https:\/\/www.fondazionepirelli.org\/it\/cultura-dimpresa\/il-papa-chiede-agli-imprenditori-la-persona-e-la-sua-dignita-siano-al-centro-dellimpresa\/","og_locale":"it_IT","og_type":"article","og_title":"Il Papa chiede agli imprenditori: la persona e la sua dignit\u00e0 siano al centro dell\u2019impresa - Fondazione Pirelli","og_description":"Papa Francesco dice agli imprenditori: \u201cIl bene comune sia bussola per l\u2019attivit\u00e0 produttiva\u201d. Chiede \u201cun nuovo umanesimo del lavoro\u201d. Riconosce il ruolo cardine dell\u2019impresa per lo sviluppo, per quell\u2019\u201deconomia giusta\u201d che gli sta tanto a cuore e ha rilanciato nei suoi discorsi. E sollecita \u201cnuove strategie, stili, atteggiamenti\u201d per \u201cinvestire in progetti che sappiano coinvolgere [&hellip;]","og_url":"https:\/\/127.0.0.1\/it\/cultura-dimpresa\/il-papa-chiede-agli-imprenditori-la-persona-e-la-sua-dignita-siano-al-centro-dellimpresa\/","og_site_name":"Fondazione Pirelli","article_published_time":"2016-02-29T00:00:00+00:00","article_modified_time":"2019-05-23T10:23:59+00:00","og_image":[{"width":250,"height":250,"url":"https:\/\/wpsite-assets.fondazionepirelli.org\/wp-content\/uploads\/2019\/05\/20101526\/14568284151345964444.jpg","type":"image\/jpeg"}],"author":"fondadmin","twitter_card":"summary_large_image","twitter_misc":{"Scritto da":"fondadmin","Tempo di lettura stimato":"6 minuti"},"schema":{"@context":"https:\/\/schema.org","@graph":[{"@type":"WebPage","@id":"https:\/\/127.0.0.1\/it\/cultura-dimpresa\/il-papa-chiede-agli-imprenditori-la-persona-e-la-sua-dignita-siano-al-centro-dellimpresa\/","url":"https:\/\/127.0.0.1\/it\/cultura-dimpresa\/il-papa-chiede-agli-imprenditori-la-persona-e-la-sua-dignita-siano-al-centro-dellimpresa\/","name":"Il Papa chiede agli imprenditori: la persona e la sua dignit\u00e0 siano al centro dell\u2019impresa - Fondazione Pirelli","isPartOf":{"@id":"https:\/\/www.fondazionepirelli.org\/it\/#website"},"primaryImageOfPage":{"@id":"https:\/\/127.0.0.1\/it\/cultura-dimpresa\/il-papa-chiede-agli-imprenditori-la-persona-e-la-sua-dignita-siano-al-centro-dellimpresa\/#primaryimage"},"image":{"@id":"https:\/\/127.0.0.1\/it\/cultura-dimpresa\/il-papa-chiede-agli-imprenditori-la-persona-e-la-sua-dignita-siano-al-centro-dellimpresa\/#primaryimage"},"thumbnailUrl":"https:\/\/wpsite-assets.fondazionepirelli.org\/wp-content\/uploads\/2019\/05\/20101526\/14568284151345964444.jpg","datePublished":"2016-02-29T00:00:00+00:00","dateModified":"2019-05-23T10:23:59+00:00","author":{"@id":"https:\/\/www.fondazionepirelli.org\/it\/#\/schema\/person\/f47d097000832c4a6e54538c791fdf25"},"breadcrumb":{"@id":"https:\/\/127.0.0.1\/it\/cultura-dimpresa\/il-papa-chiede-agli-imprenditori-la-persona-e-la-sua-dignita-siano-al-centro-dellimpresa\/#breadcrumb"},"inLanguage":"it-IT","potentialAction":[{"@type":"ReadAction","target":["https:\/\/127.0.0.1\/it\/cultura-dimpresa\/il-papa-chiede-agli-imprenditori-la-persona-e-la-sua-dignita-siano-al-centro-dellimpresa\/"]}]},{"@type":"ImageObject","inLanguage":"it-IT","@id":"https:\/\/127.0.0.1\/it\/cultura-dimpresa\/il-papa-chiede-agli-imprenditori-la-persona-e-la-sua-dignita-siano-al-centro-dellimpresa\/#primaryimage","url":"https:\/\/wpsite-assets.fondazionepirelli.org\/wp-content\/uploads\/2019\/05\/20101526\/14568284151345964444.jpg","contentUrl":"https:\/\/wpsite-assets.fondazionepirelli.org\/wp-content\/uploads\/2019\/05\/20101526\/14568284151345964444.jpg","width":250,"height":250},{"@type":"BreadcrumbList","@id":"https:\/\/127.0.0.1\/it\/cultura-dimpresa\/il-papa-chiede-agli-imprenditori-la-persona-e-la-sua-dignita-siano-al-centro-dellimpresa\/#breadcrumb","itemListElement":[{"@type":"ListItem","position":1,"name":"Home","item":"https:\/\/www.fondazionepirelli.org\/it\/"},{"@type":"ListItem","position":2,"name":"Il Papa chiede agli imprenditori: la persona e la sua dignit\u00e0 siano al centro dell\u2019impresa"}]},{"@type":"WebSite","@id":"https:\/\/www.fondazionepirelli.org\/it\/#website","url":"https:\/\/www.fondazionepirelli.org\/it\/","name":"Fondazione Pirelli","description":"","potentialAction":[{"@type":"SearchAction","target":{"@type":"EntryPoint","urlTemplate":"https:\/\/www.fondazionepirelli.org\/it\/?s={search_term_string}"},"query-input":{"@type":"PropertyValueSpecification","valueRequired":true,"valueName":"search_term_string"}}],"inLanguage":"it-IT"},{"@type":"Person","@id":"https:\/\/www.fondazionepirelli.org\/it\/#\/schema\/person\/f47d097000832c4a6e54538c791fdf25","name":"fondadmin","image":{"@type":"ImageObject","inLanguage":"it-IT","@id":"https:\/\/www.fondazionepirelli.org\/it\/#\/schema\/person\/image\/","url":"https:\/\/secure.gravatar.com\/avatar\/e69498a9175ca244966e51e53c88712c024fcebe41f9a05f75657f1bb25e489b?s=96&d=mm&r=g","contentUrl":"https:\/\/secure.gravatar.com\/avatar\/e69498a9175ca244966e51e53c88712c024fcebe41f9a05f75657f1bb25e489b?s=96&d=mm&r=g","caption":"fondadmin"},"url":"https:\/\/www.fondazionepirelli.org\/it\/author\/fondadmin\/"}]}},"_links":{"self":[{"href":"https:\/\/www.fondazionepirelli.org\/it\/wp-json\/wp\/v2\/posts\/51059\/"}],"collection":[{"href":"https:\/\/www.fondazionepirelli.org\/it\/wp-json\/wp\/v2\/posts\/"}],"about":[{"href":"https:\/\/www.fondazionepirelli.org\/it\/wp-json\/wp\/v2\/types\/post\/"}],"author":[{"embeddable":true,"href":"https:\/\/www.fondazionepirelli.org\/it\/wp-json\/wp\/v2\/users\/1\/"}],"replies":[{"embeddable":true,"href":"https:\/\/www.fondazionepirelli.org\/it\/wp-json\/wp\/v2\/comments\/?post=51059"}],"version-history":[{"count":2,"href":"https:\/\/www.fondazionepirelli.org\/it\/wp-json\/wp\/v2\/posts\/51059\/revisions\/"}],"predecessor-version":[{"id":55770,"href":"https:\/\/www.fondazionepirelli.org\/it\/wp-json\/wp\/v2\/posts\/51059\/revisions\/55770\/"}],"wp:featuredmedia":[{"embeddable":true,"href":"https:\/\/www.fondazionepirelli.org\/it\/wp-json\/wp\/v2\/media\/51060\/"}],"wp:attachment":[{"href":"https:\/\/www.fondazionepirelli.org\/it\/wp-json\/wp\/v2\/media\/?parent=51059"}],"wp:term":[{"taxonomy":"category","embeddable":true,"href":"https:\/\/www.fondazionepirelli.org\/it\/wp-json\/wp\/v2\/categories\/?post=51059"},{"taxonomy":"post_tag","embeddable":true,"href":"https:\/\/www.fondazionepirelli.org\/it\/wp-json\/wp\/v2\/tags\/?post=51059"}],"curies":[{"name":"wp","href":"https:\/\/api.w.org\/{rel}","templated":true}]}}