{"id":51063,"date":"2016-02-29T00:00:00","date_gmt":"2016-02-29T00:00:00","guid":{"rendered":"http:\/\/www.fondazionepirelli.org\/fondazione-pirelli\/inalienabile-spirito-dimpresa\/"},"modified":"2019-10-29T15:10:37","modified_gmt":"2019-10-29T13:10:37","slug":"inalienabile-spirito-dimpresa","status":"publish","type":"post","link":"https:\/\/www.fondazionepirelli.org\/it\/cultura-dimpresa\/inalienabile-spirito-dimpresa\/","title":{"rendered":"Inalienabile spirito d\u2019impresa"},"content":{"rendered":"<p>La cultura d\u2019impresa \u2013 quella buona -, nasce e cresce anche guardando a ci\u00f2 che di buono \u00e8 gi\u00e0 stato fatto. Questione di educazione e di ambiente, ma anche di imitazione accorta e sensata. Esempi, dunque, ma senza pretesa di diventare ogni volta lezioni di management. Storie di imprenditori che hanno tentato la loro strada e, spesso, sono riusciti a percorrerla con successo. Ma non sempre.<\/p>\n<p>E\u2019 questo il senso di \u201cDai che ce la facciamo! Storie di quelli con la fila di fuori\u201d di Gianluca Spadoni, un volume di poco pi\u00f9 di 110 pagine appena pubblicato che non \u00e8 altro che la raccolta di 16 storie d\u2019impresa e di intraprendenza raccontate per davvero, quasi in presa diretta.<\/p>\n<p>Spadoni insegna \u00a0all&#8217;Executive Master di Sales e Marketing di Alma Mater, la Business School dell&#8217;Universit\u00e0 di Bologna e si occupa di anni di imprese e dei loro percorsi di crescita. Scrive di ci\u00f2 che ha visto. E lo fa bene.<\/p>\n<p>Il libro, quindi, contiene una dietro l\u2019altra storie di imprenditori (tutti italiani), non certo noti al grande pubblico ma veri e di cui semplicemente viene raccontata la vicenda. E\u2019 ci\u00f2 che \u00e8 accaduto ad insegnare qualcosa a chi legge. Ogni capitolo \u00e8 caratterizzato da un titolo brevissimo \u2013 spesso di una sola parola -, e per questo efficace, che sintetizza la qualit\u00e0 o il tratto principale dell\u2019imprenditore protagonista. Al fondo del racconto, una riquadro di \u201cinsegnamenti\u201d con non pi\u00f9 di 4-5 righe. Si parla cos\u00ec di perseveranza, visione, fiducia, passione, gioia, unicit\u00e0, coraggio, sacrificio, capacit\u00e0 di ricominciare, capacit\u00e0 di mettere nel giusto ordine le cose, capacit\u00e0 di trarre qualcosa di utile da tutto. Lungo le pagine, quindi, \u00a0si susseguono le vite di imprenditori \u00a0del turismo e della ristorazione, agricoltori e imprenditori metalmeccanici, e poi ancora tessili e del design, e di altri dediti all\u2019immobiliare e alla vendita ambulante, e ancora di gene che ha creato imprese attive nel settore della comunicazione e dell\u2019immagine oltre che della cosmetica.<\/p>\n<p>\u201cDai che ce la facciamo!\u201d si legge in qualche ora appassionata, prende e, soprattutto, ha un grande pregio: si tratta di un libro positivo, anche se parla di cose italiane. Le parole di Spadoni \u2013 \u00e8 necessario dirlo -, non nascondono le difficolt\u00e0, gli sbagli, gli insuccessi dei singoli. Ma nelle pagine c\u2019\u00e8 un forte spirito d\u2019avventura unito ad un altrettanto forte raziocino e ad un incontenibile entusiasmo. E nessuna formula precostituita. Scrive l\u2019autore al fondo della sua corsa letteraria: \u201cScopriamo cos\u00ec che non ci sono regole valide per tutti, che non si pu\u00f2 estrarre un vademecum applicabile a qualsiasi situazione, ma esistono atteggiamenti e disposizioni d\u2019animo che restano saldi e solidi anche quando cambiano le circostanze e che garantiscono la buona riuscita dell\u2019impresa\u201d.<\/p><p><strong>Dai che ce la facciamo! Storie di quelli con la fila di fuori<\/strong><\/p>\n<p>Gianluca Spadoni<\/p>\n<p>Franco Angeli, 2016<\/p>\n","protected":false},"excerpt":{"rendered":"<p>La cultura d\u2019impresa \u2013 quella buona -, nasce e cresce anche guardando a ci\u00f2 che di buono \u00e8 gi\u00e0 stato fatto. Questione di educazione e di ambiente, ma anche di imitazione accorta e sensata. Esempi, dunque, ma senza pretesa di diventare ogni volta lezioni di management. Storie di imprenditori che hanno tentato la loro strada [&hellip;]<\/p>\n","protected":false},"author":1,"featured_media":51064,"comment_status":"open","ping_status":"open","sticky":false,"template":"","format":"standard","meta":{"footnotes":""},"categories":[52,58],"tags":[],"class_list":["post-51063","post","type-post","status-publish","format-standard","has-post-thumbnail","hentry","category-cultura-dimpresa","category-recensioni-libri"],"acf":[],"yoast_head":"<!-- This site is optimized with the Yoast SEO plugin v25.0 - https:\/\/yoast.com\/wordpress\/plugins\/seo\/ -->\n<title>Inalienabile spirito d\u2019impresa - Fondazione Pirelli<\/title>\n<meta name=\"robots\" content=\"index, follow, max-snippet:-1, max-image-preview:large, max-video-preview:-1\" \/>\n<link rel=\"canonical\" href=\"https:\/\/www.fondazionepirelli.org\/it\/cultura-dimpresa\/inalienabile-spirito-dimpresa\/\" \/>\n<meta property=\"og:locale\" content=\"it_IT\" \/>\n<meta property=\"og:type\" content=\"article\" \/>\n<meta property=\"og:title\" content=\"Inalienabile spirito d\u2019impresa - Fondazione Pirelli\" \/>\n<meta property=\"og:description\" content=\"La cultura d\u2019impresa \u2013 quella buona -, nasce e cresce anche guardando a ci\u00f2 che di buono \u00e8 gi\u00e0 stato fatto. Questione di educazione e di ambiente, ma anche di imitazione accorta e sensata. Esempi, dunque, ma senza pretesa di diventare ogni volta lezioni di management. Storie di imprenditori che hanno tentato la loro strada [&hellip;]\" \/>\n<meta property=\"og:url\" content=\"https:\/\/www.fondazionepirelli.org\/it\/cultura-dimpresa\/inalienabile-spirito-dimpresa\/\" \/>\n<meta property=\"og:site_name\" content=\"Fondazione Pirelli\" \/>\n<meta property=\"article:published_time\" content=\"2016-02-29T00:00:00+00:00\" \/>\n<meta property=\"article:modified_time\" content=\"2019-10-29T13:10:37+00:00\" \/>\n<meta property=\"og:image\" content=\"https:\/\/wpsite-assets.fondazionepirelli.org\/wp-content\/uploads\/2019\/05\/20101524\/1456828564881407876.jpg\" \/>\n\t<meta property=\"og:image:width\" content=\"241\" \/>\n\t<meta property=\"og:image:height\" content=\"379\" \/>\n\t<meta property=\"og:image:type\" content=\"image\/jpeg\" \/>\n<meta name=\"author\" content=\"fondadmin\" \/>\n<meta name=\"twitter:card\" content=\"summary_large_image\" \/>\n<meta name=\"twitter:label1\" content=\"Scritto da\" \/>\n\t<meta name=\"twitter:data1\" content=\"fondadmin\" \/>\n\t<meta name=\"twitter:label2\" content=\"Tempo di lettura stimato\" \/>\n\t<meta name=\"twitter:data2\" content=\"2 minuti\" \/>\n<script type=\"application\/ld+json\" class=\"yoast-schema-graph\">{\"@context\":\"https:\/\/schema.org\",\"@graph\":[{\"@type\":\"WebPage\",\"@id\":\"https:\/\/www.fondazionepirelli.org\/it\/cultura-dimpresa\/inalienabile-spirito-dimpresa\/\",\"url\":\"https:\/\/www.fondazionepirelli.org\/it\/cultura-dimpresa\/inalienabile-spirito-dimpresa\/\",\"name\":\"Inalienabile spirito d\u2019impresa - Fondazione Pirelli\",\"isPartOf\":{\"@id\":\"https:\/\/www.fondazionepirelli.org\/it\/#website\"},\"primaryImageOfPage\":{\"@id\":\"https:\/\/www.fondazionepirelli.org\/it\/cultura-dimpresa\/inalienabile-spirito-dimpresa\/#primaryimage\"},\"image\":{\"@id\":\"https:\/\/www.fondazionepirelli.org\/it\/cultura-dimpresa\/inalienabile-spirito-dimpresa\/#primaryimage\"},\"thumbnailUrl\":\"https:\/\/wpsite-assets.fondazionepirelli.org\/wp-content\/uploads\/2019\/05\/20101524\/1456828564881407876.jpg\",\"datePublished\":\"2016-02-29T00:00:00+00:00\",\"dateModified\":\"2019-10-29T13:10:37+00:00\",\"author\":{\"@id\":\"https:\/\/www.fondazionepirelli.org\/it\/#\/schema\/person\/f47d097000832c4a6e54538c791fdf25\"},\"breadcrumb\":{\"@id\":\"https:\/\/www.fondazionepirelli.org\/it\/cultura-dimpresa\/inalienabile-spirito-dimpresa\/#breadcrumb\"},\"inLanguage\":\"it-IT\",\"potentialAction\":[{\"@type\":\"ReadAction\",\"target\":[\"https:\/\/www.fondazionepirelli.org\/it\/cultura-dimpresa\/inalienabile-spirito-dimpresa\/\"]}]},{\"@type\":\"ImageObject\",\"inLanguage\":\"it-IT\",\"@id\":\"https:\/\/www.fondazionepirelli.org\/it\/cultura-dimpresa\/inalienabile-spirito-dimpresa\/#primaryimage\",\"url\":\"https:\/\/wpsite-assets.fondazionepirelli.org\/wp-content\/uploads\/2019\/05\/20101524\/1456828564881407876.jpg\",\"contentUrl\":\"https:\/\/wpsite-assets.fondazionepirelli.org\/wp-content\/uploads\/2019\/05\/20101524\/1456828564881407876.jpg\",\"width\":241,\"height\":379},{\"@type\":\"BreadcrumbList\",\"@id\":\"https:\/\/www.fondazionepirelli.org\/it\/cultura-dimpresa\/inalienabile-spirito-dimpresa\/#breadcrumb\",\"itemListElement\":[{\"@type\":\"ListItem\",\"position\":1,\"name\":\"Home\",\"item\":\"https:\/\/www.fondazionepirelli.org\/it\/\"},{\"@type\":\"ListItem\",\"position\":2,\"name\":\"Inalienabile spirito d\u2019impresa\"}]},{\"@type\":\"WebSite\",\"@id\":\"https:\/\/www.fondazionepirelli.org\/it\/#website\",\"url\":\"https:\/\/www.fondazionepirelli.org\/it\/\",\"name\":\"Fondazione Pirelli\",\"description\":\"\",\"potentialAction\":[{\"@type\":\"SearchAction\",\"target\":{\"@type\":\"EntryPoint\",\"urlTemplate\":\"https:\/\/www.fondazionepirelli.org\/it\/?s={search_term_string}\"},\"query-input\":{\"@type\":\"PropertyValueSpecification\",\"valueRequired\":true,\"valueName\":\"search_term_string\"}}],\"inLanguage\":\"it-IT\"},{\"@type\":\"Person\",\"@id\":\"https:\/\/www.fondazionepirelli.org\/it\/#\/schema\/person\/f47d097000832c4a6e54538c791fdf25\",\"name\":\"fondadmin\",\"image\":{\"@type\":\"ImageObject\",\"inLanguage\":\"it-IT\",\"@id\":\"https:\/\/www.fondazionepirelli.org\/it\/#\/schema\/person\/image\/\",\"url\":\"https:\/\/secure.gravatar.com\/avatar\/e69498a9175ca244966e51e53c88712c024fcebe41f9a05f75657f1bb25e489b?s=96&d=mm&r=g\",\"contentUrl\":\"https:\/\/secure.gravatar.com\/avatar\/e69498a9175ca244966e51e53c88712c024fcebe41f9a05f75657f1bb25e489b?s=96&d=mm&r=g\",\"caption\":\"fondadmin\"},\"url\":\"https:\/\/www.fondazionepirelli.org\/it\/author\/fondadmin\/\"}]}<\/script>\n<!-- \/ Yoast SEO plugin. -->","yoast_head_json":{"title":"Inalienabile spirito d\u2019impresa - Fondazione Pirelli","robots":{"index":"index","follow":"follow","max-snippet":"max-snippet:-1","max-image-preview":"max-image-preview:large","max-video-preview":"max-video-preview:-1"},"canonical":"https:\/\/www.fondazionepirelli.org\/it\/cultura-dimpresa\/inalienabile-spirito-dimpresa\/","og_locale":"it_IT","og_type":"article","og_title":"Inalienabile spirito d\u2019impresa - Fondazione Pirelli","og_description":"La cultura d\u2019impresa \u2013 quella buona -, nasce e cresce anche guardando a ci\u00f2 che di buono \u00e8 gi\u00e0 stato fatto. Questione di educazione e di ambiente, ma anche di imitazione accorta e sensata. Esempi, dunque, ma senza pretesa di diventare ogni volta lezioni di management. Storie di imprenditori che hanno tentato la loro strada [&hellip;]","og_url":"https:\/\/www.fondazionepirelli.org\/it\/cultura-dimpresa\/inalienabile-spirito-dimpresa\/","og_site_name":"Fondazione Pirelli","article_published_time":"2016-02-29T00:00:00+00:00","article_modified_time":"2019-10-29T13:10:37+00:00","og_image":[{"width":241,"height":379,"url":"https:\/\/wpsite-assets.fondazionepirelli.org\/wp-content\/uploads\/2019\/05\/20101524\/1456828564881407876.jpg","type":"image\/jpeg"}],"author":"fondadmin","twitter_card":"summary_large_image","twitter_misc":{"Scritto da":"fondadmin","Tempo di lettura stimato":"2 minuti"},"schema":{"@context":"https:\/\/schema.org","@graph":[{"@type":"WebPage","@id":"https:\/\/www.fondazionepirelli.org\/it\/cultura-dimpresa\/inalienabile-spirito-dimpresa\/","url":"https:\/\/www.fondazionepirelli.org\/it\/cultura-dimpresa\/inalienabile-spirito-dimpresa\/","name":"Inalienabile spirito d\u2019impresa - Fondazione Pirelli","isPartOf":{"@id":"https:\/\/www.fondazionepirelli.org\/it\/#website"},"primaryImageOfPage":{"@id":"https:\/\/www.fondazionepirelli.org\/it\/cultura-dimpresa\/inalienabile-spirito-dimpresa\/#primaryimage"},"image":{"@id":"https:\/\/www.fondazionepirelli.org\/it\/cultura-dimpresa\/inalienabile-spirito-dimpresa\/#primaryimage"},"thumbnailUrl":"https:\/\/wpsite-assets.fondazionepirelli.org\/wp-content\/uploads\/2019\/05\/20101524\/1456828564881407876.jpg","datePublished":"2016-02-29T00:00:00+00:00","dateModified":"2019-10-29T13:10:37+00:00","author":{"@id":"https:\/\/www.fondazionepirelli.org\/it\/#\/schema\/person\/f47d097000832c4a6e54538c791fdf25"},"breadcrumb":{"@id":"https:\/\/www.fondazionepirelli.org\/it\/cultura-dimpresa\/inalienabile-spirito-dimpresa\/#breadcrumb"},"inLanguage":"it-IT","potentialAction":[{"@type":"ReadAction","target":["https:\/\/www.fondazionepirelli.org\/it\/cultura-dimpresa\/inalienabile-spirito-dimpresa\/"]}]},{"@type":"ImageObject","inLanguage":"it-IT","@id":"https:\/\/www.fondazionepirelli.org\/it\/cultura-dimpresa\/inalienabile-spirito-dimpresa\/#primaryimage","url":"https:\/\/wpsite-assets.fondazionepirelli.org\/wp-content\/uploads\/2019\/05\/20101524\/1456828564881407876.jpg","contentUrl":"https:\/\/wpsite-assets.fondazionepirelli.org\/wp-content\/uploads\/2019\/05\/20101524\/1456828564881407876.jpg","width":241,"height":379},{"@type":"BreadcrumbList","@id":"https:\/\/www.fondazionepirelli.org\/it\/cultura-dimpresa\/inalienabile-spirito-dimpresa\/#breadcrumb","itemListElement":[{"@type":"ListItem","position":1,"name":"Home","item":"https:\/\/www.fondazionepirelli.org\/it\/"},{"@type":"ListItem","position":2,"name":"Inalienabile spirito d\u2019impresa"}]},{"@type":"WebSite","@id":"https:\/\/www.fondazionepirelli.org\/it\/#website","url":"https:\/\/www.fondazionepirelli.org\/it\/","name":"Fondazione Pirelli","description":"","potentialAction":[{"@type":"SearchAction","target":{"@type":"EntryPoint","urlTemplate":"https:\/\/www.fondazionepirelli.org\/it\/?s={search_term_string}"},"query-input":{"@type":"PropertyValueSpecification","valueRequired":true,"valueName":"search_term_string"}}],"inLanguage":"it-IT"},{"@type":"Person","@id":"https:\/\/www.fondazionepirelli.org\/it\/#\/schema\/person\/f47d097000832c4a6e54538c791fdf25","name":"fondadmin","image":{"@type":"ImageObject","inLanguage":"it-IT","@id":"https:\/\/www.fondazionepirelli.org\/it\/#\/schema\/person\/image\/","url":"https:\/\/secure.gravatar.com\/avatar\/e69498a9175ca244966e51e53c88712c024fcebe41f9a05f75657f1bb25e489b?s=96&d=mm&r=g","contentUrl":"https:\/\/secure.gravatar.com\/avatar\/e69498a9175ca244966e51e53c88712c024fcebe41f9a05f75657f1bb25e489b?s=96&d=mm&r=g","caption":"fondadmin"},"url":"https:\/\/www.fondazionepirelli.org\/it\/author\/fondadmin\/"}]}},"_links":{"self":[{"href":"https:\/\/www.fondazionepirelli.org\/it\/wp-json\/wp\/v2\/posts\/51063\/"}],"collection":[{"href":"https:\/\/www.fondazionepirelli.org\/it\/wp-json\/wp\/v2\/posts\/"}],"about":[{"href":"https:\/\/www.fondazionepirelli.org\/it\/wp-json\/wp\/v2\/types\/post\/"}],"author":[{"embeddable":true,"href":"https:\/\/www.fondazionepirelli.org\/it\/wp-json\/wp\/v2\/users\/1\/"}],"replies":[{"embeddable":true,"href":"https:\/\/www.fondazionepirelli.org\/it\/wp-json\/wp\/v2\/comments\/?post=51063"}],"version-history":[{"count":2,"href":"https:\/\/www.fondazionepirelli.org\/it\/wp-json\/wp\/v2\/posts\/51063\/revisions\/"}],"predecessor-version":[{"id":70922,"href":"https:\/\/www.fondazionepirelli.org\/it\/wp-json\/wp\/v2\/posts\/51063\/revisions\/70922\/"}],"wp:featuredmedia":[{"embeddable":true,"href":"https:\/\/www.fondazionepirelli.org\/it\/wp-json\/wp\/v2\/media\/51064\/"}],"wp:attachment":[{"href":"https:\/\/www.fondazionepirelli.org\/it\/wp-json\/wp\/v2\/media\/?parent=51063"}],"wp:term":[{"taxonomy":"category","embeddable":true,"href":"https:\/\/www.fondazionepirelli.org\/it\/wp-json\/wp\/v2\/categories\/?post=51063"},{"taxonomy":"post_tag","embeddable":true,"href":"https:\/\/www.fondazionepirelli.org\/it\/wp-json\/wp\/v2\/tags\/?post=51063"}],"curies":[{"name":"wp","href":"https:\/\/api.w.org\/{rel}","templated":true}]}}