{"id":51075,"date":"2016-02-22T00:00:00","date_gmt":"2016-02-22T00:00:00","guid":{"rendered":"http:\/\/www.fondazionepirelli.org\/fondazione-pirelli\/conoscere-per-crescere\/"},"modified":"2019-10-29T15:11:36","modified_gmt":"2019-10-29T13:11:36","slug":"conoscere-per-crescere","status":"publish","type":"post","link":"https:\/\/www.fondazionepirelli.org\/it\/cultura-dimpresa\/conoscere-per-crescere\/","title":{"rendered":"Conoscere per crescere"},"content":{"rendered":"<p>La crescita dell\u2019impresa passa anche per una buona politica industriale. Principio apparentemente banale, questo in realt\u00e0 \u00e8 uno dei nodi da sciogliere in Italia e non solo. \u00a0Perch\u00e9 l\u2019azienda che diventa impresa pu\u00f2 aver il migliore imprenditore sul mercato, dotarsi dei pi\u00f9 efficaci manager, effettuare la migliore organizzazione della produzione ma ritrovarsi stretta nei lacci di una politica irrazionale, opposta a quanto serve, dedita all\u2019autopromozione piuttosto che alla valorizzazione delle potenzialit\u00e0 produttive alle quali viene applicata.<\/p>\n<p>Che fare dunque? Una serie di importanti risposte \u2013 che arricchiscono anche la cultura d\u2019impresa non solo degli imprenditori ma anche dei decisori politici e istituzionali -, arriva da Franco Mosconi (professore di Economia industriale all\u2019Universit\u00e0 di Parma ma soprattutto fine conoscitore dei meccanismi di crescita e di declino dell\u2019industria manifatturiera e dei loro legami con quelli delle politiche nazionali ed europee). \u00a0Mosconi ha appena dato alle stampe \u201cThe New European Industrial Policy: Global Competitiveness and the Manufactoring Renaissance\u201d: una sorta di condensato di buone politiche industriali per rilanciare la punta di diamante del sistema produttivo di un Paese: la manifattura.<\/p>\n<p>La proposta contenuta nel libro si basa su una politica industriale che sia almeno europea e non solo nazionale e che punti tutto su una serie di azioni che \u2013 efficacemente -, Mosconi \u00a0riassume nell\u2019immagine di un triangolo. Un lato della figura \u00e8 costituito dalla politica della concorrenza, un altro da quella commerciale (e quindi tutto ci\u00f2 che tocca gli scambi, i dazi e le dogane), il terzo lato, infine, \u00e8 formato dalla politica degli investimenti in conoscenza vista come la vera chiave per far riagguantare alla manifattura la strada della crescita. Tutto, guidato da una governance comune che riesca davvero ad essere tale.<\/p>\n<p>Per dimostrare tutto questo, Mosconi adotta un percorso in cinque tappe (capitoli), che passano dall\u2019analisi dell\u2019attuale politica industriale europea al ruolo delle grandi imprese (ma anche delle medie e delle piccole), dall\u2019approfondimento dei termini del dibattito sui modelli di capitalismo possibile all\u2019esame dei diversi progetti comunitari per finire all\u2019analisi del rapporto fra Stato e mercato.<\/p>\n<p>La fatica letteraria di Mosconi \u00e8 densa, necessita di attenzione per essere letta con efficacia , richiama una notevole mole di ricerche e di approfondimenti sul campo. Ma \u00e8 certamente una buona lettura per chi voglia non solo gestire un\u2019impresa ma anche collocare la sua attivit\u00e0 in un contesto di conoscenze che rispecchia una realt\u00e0 complessa e in movimento.<\/p><p><strong>The New European Industrial Policy: Global Competitiveness and the Manufactoring Renaissance<\/strong><\/p>\n<p>Franco Mosconi<\/p>\n<p>Routledge, 2015<\/p>\n","protected":false},"excerpt":{"rendered":"<p>La crescita dell\u2019impresa passa anche per una buona politica industriale. Principio apparentemente banale, questo in realt\u00e0 \u00e8 uno dei nodi da sciogliere in Italia e non solo. \u00a0Perch\u00e9 l\u2019azienda che diventa impresa pu\u00f2 aver il migliore imprenditore sul mercato, dotarsi dei pi\u00f9 efficaci manager, effettuare la migliore organizzazione della produzione ma ritrovarsi stretta nei lacci [&hellip;]<\/p>\n","protected":false},"author":1,"featured_media":51076,"comment_status":"open","ping_status":"open","sticky":false,"template":"","format":"standard","meta":{"footnotes":""},"categories":[52,58],"tags":[],"class_list":["post-51075","post","type-post","status-publish","format-standard","has-post-thumbnail","hentry","category-cultura-dimpresa","category-recensioni-libri"],"acf":[],"yoast_head":"<!-- This site is optimized with the Yoast SEO plugin v25.0 - https:\/\/yoast.com\/wordpress\/plugins\/seo\/ -->\n<title>Conoscere per crescere - Fondazione Pirelli<\/title>\n<meta name=\"robots\" content=\"index, follow, max-snippet:-1, max-image-preview:large, max-video-preview:-1\" \/>\n<link rel=\"canonical\" href=\"https:\/\/www.fondazionepirelli.org\/it\/cultura-dimpresa\/conoscere-per-crescere\/\" \/>\n<meta property=\"og:locale\" content=\"it_IT\" \/>\n<meta property=\"og:type\" content=\"article\" \/>\n<meta property=\"og:title\" content=\"Conoscere per crescere - Fondazione Pirelli\" \/>\n<meta property=\"og:description\" content=\"La crescita dell\u2019impresa passa anche per una buona politica industriale. Principio apparentemente banale, questo in realt\u00e0 \u00e8 uno dei nodi da sciogliere in Italia e non solo. \u00a0Perch\u00e9 l\u2019azienda che diventa impresa pu\u00f2 aver il migliore imprenditore sul mercato, dotarsi dei pi\u00f9 efficaci manager, effettuare la migliore organizzazione della produzione ma ritrovarsi stretta nei lacci [&hellip;]\" \/>\n<meta property=\"og:url\" content=\"https:\/\/www.fondazionepirelli.org\/it\/cultura-dimpresa\/conoscere-per-crescere\/\" \/>\n<meta property=\"og:site_name\" content=\"Fondazione Pirelli\" \/>\n<meta property=\"article:published_time\" content=\"2016-02-22T00:00:00+00:00\" \/>\n<meta property=\"article:modified_time\" content=\"2019-10-29T13:11:36+00:00\" \/>\n<meta property=\"og:image\" content=\"https:\/\/wpsite-assets.fondazionepirelli.org\/wp-content\/uploads\/2019\/05\/20101522\/1456216985884240476.jpg\" \/>\n\t<meta property=\"og:image:width\" content=\"246\" \/>\n\t<meta property=\"og:image:height\" content=\"379\" \/>\n\t<meta property=\"og:image:type\" content=\"image\/jpeg\" \/>\n<meta name=\"author\" content=\"fondadmin\" \/>\n<meta name=\"twitter:card\" content=\"summary_large_image\" \/>\n<meta name=\"twitter:label1\" content=\"Scritto da\" \/>\n\t<meta name=\"twitter:data1\" content=\"fondadmin\" \/>\n\t<meta name=\"twitter:label2\" content=\"Tempo di lettura stimato\" \/>\n\t<meta name=\"twitter:data2\" content=\"2 minuti\" \/>\n<script type=\"application\/ld+json\" class=\"yoast-schema-graph\">{\"@context\":\"https:\/\/schema.org\",\"@graph\":[{\"@type\":\"WebPage\",\"@id\":\"https:\/\/www.fondazionepirelli.org\/it\/cultura-dimpresa\/conoscere-per-crescere\/\",\"url\":\"https:\/\/www.fondazionepirelli.org\/it\/cultura-dimpresa\/conoscere-per-crescere\/\",\"name\":\"Conoscere per crescere - Fondazione Pirelli\",\"isPartOf\":{\"@id\":\"https:\/\/www.fondazionepirelli.org\/it\/#website\"},\"primaryImageOfPage\":{\"@id\":\"https:\/\/www.fondazionepirelli.org\/it\/cultura-dimpresa\/conoscere-per-crescere\/#primaryimage\"},\"image\":{\"@id\":\"https:\/\/www.fondazionepirelli.org\/it\/cultura-dimpresa\/conoscere-per-crescere\/#primaryimage\"},\"thumbnailUrl\":\"https:\/\/wpsite-assets.fondazionepirelli.org\/wp-content\/uploads\/2019\/05\/20101522\/1456216985884240476.jpg\",\"datePublished\":\"2016-02-22T00:00:00+00:00\",\"dateModified\":\"2019-10-29T13:11:36+00:00\",\"author\":{\"@id\":\"https:\/\/www.fondazionepirelli.org\/it\/#\/schema\/person\/f47d097000832c4a6e54538c791fdf25\"},\"breadcrumb\":{\"@id\":\"https:\/\/www.fondazionepirelli.org\/it\/cultura-dimpresa\/conoscere-per-crescere\/#breadcrumb\"},\"inLanguage\":\"it-IT\",\"potentialAction\":[{\"@type\":\"ReadAction\",\"target\":[\"https:\/\/www.fondazionepirelli.org\/it\/cultura-dimpresa\/conoscere-per-crescere\/\"]}]},{\"@type\":\"ImageObject\",\"inLanguage\":\"it-IT\",\"@id\":\"https:\/\/www.fondazionepirelli.org\/it\/cultura-dimpresa\/conoscere-per-crescere\/#primaryimage\",\"url\":\"https:\/\/wpsite-assets.fondazionepirelli.org\/wp-content\/uploads\/2019\/05\/20101522\/1456216985884240476.jpg\",\"contentUrl\":\"https:\/\/wpsite-assets.fondazionepirelli.org\/wp-content\/uploads\/2019\/05\/20101522\/1456216985884240476.jpg\",\"width\":246,\"height\":379},{\"@type\":\"BreadcrumbList\",\"@id\":\"https:\/\/www.fondazionepirelli.org\/it\/cultura-dimpresa\/conoscere-per-crescere\/#breadcrumb\",\"itemListElement\":[{\"@type\":\"ListItem\",\"position\":1,\"name\":\"Home\",\"item\":\"https:\/\/www.fondazionepirelli.org\/it\/\"},{\"@type\":\"ListItem\",\"position\":2,\"name\":\"Conoscere per crescere\"}]},{\"@type\":\"WebSite\",\"@id\":\"https:\/\/www.fondazionepirelli.org\/it\/#website\",\"url\":\"https:\/\/www.fondazionepirelli.org\/it\/\",\"name\":\"Fondazione Pirelli\",\"description\":\"\",\"potentialAction\":[{\"@type\":\"SearchAction\",\"target\":{\"@type\":\"EntryPoint\",\"urlTemplate\":\"https:\/\/www.fondazionepirelli.org\/it\/?s={search_term_string}\"},\"query-input\":{\"@type\":\"PropertyValueSpecification\",\"valueRequired\":true,\"valueName\":\"search_term_string\"}}],\"inLanguage\":\"it-IT\"},{\"@type\":\"Person\",\"@id\":\"https:\/\/www.fondazionepirelli.org\/it\/#\/schema\/person\/f47d097000832c4a6e54538c791fdf25\",\"name\":\"fondadmin\",\"image\":{\"@type\":\"ImageObject\",\"inLanguage\":\"it-IT\",\"@id\":\"https:\/\/www.fondazionepirelli.org\/it\/#\/schema\/person\/image\/\",\"url\":\"https:\/\/secure.gravatar.com\/avatar\/e69498a9175ca244966e51e53c88712c024fcebe41f9a05f75657f1bb25e489b?s=96&d=mm&r=g\",\"contentUrl\":\"https:\/\/secure.gravatar.com\/avatar\/e69498a9175ca244966e51e53c88712c024fcebe41f9a05f75657f1bb25e489b?s=96&d=mm&r=g\",\"caption\":\"fondadmin\"},\"url\":\"https:\/\/www.fondazionepirelli.org\/it\/author\/fondadmin\/\"}]}<\/script>\n<!-- \/ Yoast SEO plugin. -->","yoast_head_json":{"title":"Conoscere per crescere - Fondazione Pirelli","robots":{"index":"index","follow":"follow","max-snippet":"max-snippet:-1","max-image-preview":"max-image-preview:large","max-video-preview":"max-video-preview:-1"},"canonical":"https:\/\/www.fondazionepirelli.org\/it\/cultura-dimpresa\/conoscere-per-crescere\/","og_locale":"it_IT","og_type":"article","og_title":"Conoscere per crescere - Fondazione Pirelli","og_description":"La crescita dell\u2019impresa passa anche per una buona politica industriale. Principio apparentemente banale, questo in realt\u00e0 \u00e8 uno dei nodi da sciogliere in Italia e non solo. \u00a0Perch\u00e9 l\u2019azienda che diventa impresa pu\u00f2 aver il migliore imprenditore sul mercato, dotarsi dei pi\u00f9 efficaci manager, effettuare la migliore organizzazione della produzione ma ritrovarsi stretta nei lacci [&hellip;]","og_url":"https:\/\/www.fondazionepirelli.org\/it\/cultura-dimpresa\/conoscere-per-crescere\/","og_site_name":"Fondazione Pirelli","article_published_time":"2016-02-22T00:00:00+00:00","article_modified_time":"2019-10-29T13:11:36+00:00","og_image":[{"width":246,"height":379,"url":"https:\/\/wpsite-assets.fondazionepirelli.org\/wp-content\/uploads\/2019\/05\/20101522\/1456216985884240476.jpg","type":"image\/jpeg"}],"author":"fondadmin","twitter_card":"summary_large_image","twitter_misc":{"Scritto da":"fondadmin","Tempo di lettura stimato":"2 minuti"},"schema":{"@context":"https:\/\/schema.org","@graph":[{"@type":"WebPage","@id":"https:\/\/www.fondazionepirelli.org\/it\/cultura-dimpresa\/conoscere-per-crescere\/","url":"https:\/\/www.fondazionepirelli.org\/it\/cultura-dimpresa\/conoscere-per-crescere\/","name":"Conoscere per crescere - Fondazione Pirelli","isPartOf":{"@id":"https:\/\/www.fondazionepirelli.org\/it\/#website"},"primaryImageOfPage":{"@id":"https:\/\/www.fondazionepirelli.org\/it\/cultura-dimpresa\/conoscere-per-crescere\/#primaryimage"},"image":{"@id":"https:\/\/www.fondazionepirelli.org\/it\/cultura-dimpresa\/conoscere-per-crescere\/#primaryimage"},"thumbnailUrl":"https:\/\/wpsite-assets.fondazionepirelli.org\/wp-content\/uploads\/2019\/05\/20101522\/1456216985884240476.jpg","datePublished":"2016-02-22T00:00:00+00:00","dateModified":"2019-10-29T13:11:36+00:00","author":{"@id":"https:\/\/www.fondazionepirelli.org\/it\/#\/schema\/person\/f47d097000832c4a6e54538c791fdf25"},"breadcrumb":{"@id":"https:\/\/www.fondazionepirelli.org\/it\/cultura-dimpresa\/conoscere-per-crescere\/#breadcrumb"},"inLanguage":"it-IT","potentialAction":[{"@type":"ReadAction","target":["https:\/\/www.fondazionepirelli.org\/it\/cultura-dimpresa\/conoscere-per-crescere\/"]}]},{"@type":"ImageObject","inLanguage":"it-IT","@id":"https:\/\/www.fondazionepirelli.org\/it\/cultura-dimpresa\/conoscere-per-crescere\/#primaryimage","url":"https:\/\/wpsite-assets.fondazionepirelli.org\/wp-content\/uploads\/2019\/05\/20101522\/1456216985884240476.jpg","contentUrl":"https:\/\/wpsite-assets.fondazionepirelli.org\/wp-content\/uploads\/2019\/05\/20101522\/1456216985884240476.jpg","width":246,"height":379},{"@type":"BreadcrumbList","@id":"https:\/\/www.fondazionepirelli.org\/it\/cultura-dimpresa\/conoscere-per-crescere\/#breadcrumb","itemListElement":[{"@type":"ListItem","position":1,"name":"Home","item":"https:\/\/www.fondazionepirelli.org\/it\/"},{"@type":"ListItem","position":2,"name":"Conoscere per crescere"}]},{"@type":"WebSite","@id":"https:\/\/www.fondazionepirelli.org\/it\/#website","url":"https:\/\/www.fondazionepirelli.org\/it\/","name":"Fondazione Pirelli","description":"","potentialAction":[{"@type":"SearchAction","target":{"@type":"EntryPoint","urlTemplate":"https:\/\/www.fondazionepirelli.org\/it\/?s={search_term_string}"},"query-input":{"@type":"PropertyValueSpecification","valueRequired":true,"valueName":"search_term_string"}}],"inLanguage":"it-IT"},{"@type":"Person","@id":"https:\/\/www.fondazionepirelli.org\/it\/#\/schema\/person\/f47d097000832c4a6e54538c791fdf25","name":"fondadmin","image":{"@type":"ImageObject","inLanguage":"it-IT","@id":"https:\/\/www.fondazionepirelli.org\/it\/#\/schema\/person\/image\/","url":"https:\/\/secure.gravatar.com\/avatar\/e69498a9175ca244966e51e53c88712c024fcebe41f9a05f75657f1bb25e489b?s=96&d=mm&r=g","contentUrl":"https:\/\/secure.gravatar.com\/avatar\/e69498a9175ca244966e51e53c88712c024fcebe41f9a05f75657f1bb25e489b?s=96&d=mm&r=g","caption":"fondadmin"},"url":"https:\/\/www.fondazionepirelli.org\/it\/author\/fondadmin\/"}]}},"_links":{"self":[{"href":"https:\/\/www.fondazionepirelli.org\/it\/wp-json\/wp\/v2\/posts\/51075\/"}],"collection":[{"href":"https:\/\/www.fondazionepirelli.org\/it\/wp-json\/wp\/v2\/posts\/"}],"about":[{"href":"https:\/\/www.fondazionepirelli.org\/it\/wp-json\/wp\/v2\/types\/post\/"}],"author":[{"embeddable":true,"href":"https:\/\/www.fondazionepirelli.org\/it\/wp-json\/wp\/v2\/users\/1\/"}],"replies":[{"embeddable":true,"href":"https:\/\/www.fondazionepirelli.org\/it\/wp-json\/wp\/v2\/comments\/?post=51075"}],"version-history":[{"count":2,"href":"https:\/\/www.fondazionepirelli.org\/it\/wp-json\/wp\/v2\/posts\/51075\/revisions\/"}],"predecessor-version":[{"id":70923,"href":"https:\/\/www.fondazionepirelli.org\/it\/wp-json\/wp\/v2\/posts\/51075\/revisions\/70923\/"}],"wp:featuredmedia":[{"embeddable":true,"href":"https:\/\/www.fondazionepirelli.org\/it\/wp-json\/wp\/v2\/media\/51076\/"}],"wp:attachment":[{"href":"https:\/\/www.fondazionepirelli.org\/it\/wp-json\/wp\/v2\/media\/?parent=51075"}],"wp:term":[{"taxonomy":"category","embeddable":true,"href":"https:\/\/www.fondazionepirelli.org\/it\/wp-json\/wp\/v2\/categories\/?post=51075"},{"taxonomy":"post_tag","embeddable":true,"href":"https:\/\/www.fondazionepirelli.org\/it\/wp-json\/wp\/v2\/tags\/?post=51075"}],"curies":[{"name":"wp","href":"https:\/\/api.w.org\/{rel}","templated":true}]}}