{"id":51100,"date":"2016-02-08T00:00:00","date_gmt":"2016-02-08T00:00:00","guid":{"rendered":"http:\/\/www.fondazionepirelli.org\/fondazione-pirelli\/ricche-imprese-multiculturali\/"},"modified":"2019-05-27T12:19:23","modified_gmt":"2019-05-27T12:19:23","slug":"ricche-imprese-multiculturali","status":"publish","type":"post","link":"https:\/\/www.fondazionepirelli.org\/it\/cultura-dimpresa\/ricche-imprese-multiculturali\/","title":{"rendered":"Ricche imprese multiculturali"},"content":{"rendered":"<p>L\u2019agire dell\u2019impresa immersa nella globalizzazione comporta che questa diventi consapevole delle sollecitazioni ma anche delle attenzioni che l\u2019essere in \u201cun mondo senza confini\u201d pu\u00f2 richiedere. Non si tratta solo di riuscire a tenere conto di molte pi\u00f9 variabili nell\u2019ambito dei bilanci e dei piani di produzione. L\u2019impresa che si trova in un mondo globalizzato dove \u00e8 tenere conto anche di aspetti molto pi\u00f9 \u201cumani\u201d. Come la creazione di ambienti di lavoro multietnici.<\/p>\n<p>\u00c8 su questi aspetti che si \u00e8 concentrato il lavoro di Jessie Kooyers della Grand Valley State University (USA). \u201cThe United States and Spain: A Comparison of Cultural Values and Behaviors and Their Implications for the Multi-Cultural Workplace\u201d, mette a confronto la cultura degli statunitensi con quella degli spagnoli con particolare attenzione al mondo del lavoro, ai sistemi di relazione che si creano negli ambienti di lavoro, a ci\u00f2 che accade quando rappresentanti dei due Stati devono interagire lavorativamente.<\/p>\n<p>Kooyers parte dalla constatazione che la globalizzazione diventa sempre pi\u00f9 rilevante e crea ambienti culturalmente pi\u00f9 diversi rispetto al passato. Uno degli effetti, dice, \u00e8 \u00a0la \u201cdiversit\u00e0 etnica nei posti di lavoro che offre molte opportunit\u00e0 di arricchimento\u201d. La ricerca focalizza la sua attenzione sul fatto che \u201cmolti manager e dipendenti rimangono mal equipaggiati di fronte al compito di valutare, comprendere e massimizzare la potenza di una forza lavoro multi-culturale\u201d. Kooyers ha l\u2019obiettivo di colmare questa mancanza di conoscenza, dando cos\u00ec modo di cogliere quanto di positivo si pu\u00f2 creare da un ambiente di lavoro multietnico.<\/p>\n<p>Dopo aver esplorato le differenze culturali fra USA e Spagna (guardando ad aspetti come la competitivit\u00e0, la creazione e la tipologia di gerarchie sociali, i modelli di formazione, il grado di individualismo insito nella societ\u00e0, la capacit\u00e0 di guardare a lungo o a breve termine),il lavoro di Kooyers punta l\u2019attenzione su aspetti pi\u00f9 strettamente lavorativi. Sono messi quindi sotto la lente d\u2019ingrandimento le abitudini diverse di accoglienza, di puntualit\u00e0, gli atteggiamenti nel corso delle riunioni e la preparazione delle stesse, la quantit\u00e0 di ore lavorate, i comportamenti collegati alla comunicazione interpersonale.<\/p>\n<p>Quanto scritto da Kooyers costituisce da un lato un buon vademecum per capire meglio come agire in ambienti interculturali e, dall\u2019altro, un bell\u2019esempio di ricerca analitica esposta in maniera semplice e per questo utile.<\/p><p><strong>The United States and Spain: A Comparison of Cultural Values and Behaviors and Their Implications for the Multi-Cultural Workplace<\/strong><\/p>\n<p>Jessie Kooyers (Grand Valley State University), 2015<\/p>\n","protected":false},"excerpt":{"rendered":"<p>L\u2019agire dell\u2019impresa immersa nella globalizzazione comporta che questa diventi consapevole delle sollecitazioni ma anche delle attenzioni che l\u2019essere in \u201cun mondo senza confini\u201d pu\u00f2 richiedere. Non si tratta solo di riuscire a tenere conto di molte pi\u00f9 variabili nell\u2019ambito dei bilanci e dei piani di produzione. L\u2019impresa che si trova in un mondo globalizzato dove [&hellip;]<\/p>\n","protected":false},"author":1,"featured_media":0,"comment_status":"open","ping_status":"open","sticky":false,"template":"","format":"standard","meta":{"footnotes":""},"categories":[54,52],"tags":[],"class_list":["post-51100","post","type-post","status-publish","format-standard","hentry","category-approfondimenti","category-cultura-dimpresa"],"acf":[],"yoast_head":"<!-- This site is optimized with the Yoast SEO plugin v25.0 - https:\/\/yoast.com\/wordpress\/plugins\/seo\/ -->\n<title>Ricche imprese multiculturali - Fondazione Pirelli<\/title>\n<meta name=\"robots\" content=\"index, follow, max-snippet:-1, max-image-preview:large, max-video-preview:-1\" \/>\n<link rel=\"canonical\" href=\"https:\/\/www.fondazionepirelli.org\/it\/cultura-dimpresa\/ricche-imprese-multiculturali\/\" \/>\n<meta property=\"og:locale\" content=\"it_IT\" \/>\n<meta property=\"og:type\" content=\"article\" \/>\n<meta property=\"og:title\" content=\"Ricche imprese multiculturali - Fondazione Pirelli\" \/>\n<meta property=\"og:description\" content=\"L\u2019agire dell\u2019impresa immersa nella globalizzazione comporta che questa diventi consapevole delle sollecitazioni ma anche delle attenzioni che l\u2019essere in \u201cun mondo senza confini\u201d pu\u00f2 richiedere. Non si tratta solo di riuscire a tenere conto di molte pi\u00f9 variabili nell\u2019ambito dei bilanci e dei piani di produzione. L\u2019impresa che si trova in un mondo globalizzato dove [&hellip;]\" \/>\n<meta property=\"og:url\" content=\"https:\/\/127.0.0.1\/it\/cultura-dimpresa\/ricche-imprese-multiculturali\/\" \/>\n<meta property=\"og:site_name\" content=\"Fondazione Pirelli\" \/>\n<meta property=\"article:published_time\" content=\"2016-02-08T00:00:00+00:00\" \/>\n<meta property=\"article:modified_time\" content=\"2019-05-27T12:19:23+00:00\" \/>\n<meta name=\"author\" content=\"fondadmin\" \/>\n<meta name=\"twitter:card\" content=\"summary_large_image\" \/>\n<meta name=\"twitter:label1\" content=\"Scritto da\" \/>\n\t<meta name=\"twitter:data1\" content=\"fondadmin\" \/>\n\t<meta name=\"twitter:label2\" content=\"Tempo di lettura stimato\" \/>\n\t<meta name=\"twitter:data2\" content=\"2 minuti\" \/>\n<script type=\"application\/ld+json\" class=\"yoast-schema-graph\">{\"@context\":\"https:\/\/schema.org\",\"@graph\":[{\"@type\":\"WebPage\",\"@id\":\"https:\/\/127.0.0.1\/it\/cultura-dimpresa\/ricche-imprese-multiculturali\/\",\"url\":\"https:\/\/127.0.0.1\/it\/cultura-dimpresa\/ricche-imprese-multiculturali\/\",\"name\":\"Ricche imprese multiculturali - Fondazione Pirelli\",\"isPartOf\":{\"@id\":\"https:\/\/www.fondazionepirelli.org\/it\/#website\"},\"datePublished\":\"2016-02-08T00:00:00+00:00\",\"dateModified\":\"2019-05-27T12:19:23+00:00\",\"author\":{\"@id\":\"https:\/\/www.fondazionepirelli.org\/it\/#\/schema\/person\/f47d097000832c4a6e54538c791fdf25\"},\"breadcrumb\":{\"@id\":\"https:\/\/127.0.0.1\/it\/cultura-dimpresa\/ricche-imprese-multiculturali\/#breadcrumb\"},\"inLanguage\":\"it-IT\",\"potentialAction\":[{\"@type\":\"ReadAction\",\"target\":[\"https:\/\/127.0.0.1\/it\/cultura-dimpresa\/ricche-imprese-multiculturali\/\"]}]},{\"@type\":\"BreadcrumbList\",\"@id\":\"https:\/\/127.0.0.1\/it\/cultura-dimpresa\/ricche-imprese-multiculturali\/#breadcrumb\",\"itemListElement\":[{\"@type\":\"ListItem\",\"position\":1,\"name\":\"Home\",\"item\":\"https:\/\/www.fondazionepirelli.org\/it\/\"},{\"@type\":\"ListItem\",\"position\":2,\"name\":\"Ricche imprese multiculturali\"}]},{\"@type\":\"WebSite\",\"@id\":\"https:\/\/www.fondazionepirelli.org\/it\/#website\",\"url\":\"https:\/\/www.fondazionepirelli.org\/it\/\",\"name\":\"Fondazione Pirelli\",\"description\":\"\",\"potentialAction\":[{\"@type\":\"SearchAction\",\"target\":{\"@type\":\"EntryPoint\",\"urlTemplate\":\"https:\/\/www.fondazionepirelli.org\/it\/?s={search_term_string}\"},\"query-input\":{\"@type\":\"PropertyValueSpecification\",\"valueRequired\":true,\"valueName\":\"search_term_string\"}}],\"inLanguage\":\"it-IT\"},{\"@type\":\"Person\",\"@id\":\"https:\/\/www.fondazionepirelli.org\/it\/#\/schema\/person\/f47d097000832c4a6e54538c791fdf25\",\"name\":\"fondadmin\",\"image\":{\"@type\":\"ImageObject\",\"inLanguage\":\"it-IT\",\"@id\":\"https:\/\/www.fondazionepirelli.org\/it\/#\/schema\/person\/image\/\",\"url\":\"https:\/\/secure.gravatar.com\/avatar\/e69498a9175ca244966e51e53c88712c024fcebe41f9a05f75657f1bb25e489b?s=96&d=mm&r=g\",\"contentUrl\":\"https:\/\/secure.gravatar.com\/avatar\/e69498a9175ca244966e51e53c88712c024fcebe41f9a05f75657f1bb25e489b?s=96&d=mm&r=g\",\"caption\":\"fondadmin\"},\"url\":\"https:\/\/www.fondazionepirelli.org\/it\/author\/fondadmin\/\"}]}<\/script>\n<!-- \/ Yoast SEO plugin. -->","yoast_head_json":{"title":"Ricche imprese multiculturali - Fondazione Pirelli","robots":{"index":"index","follow":"follow","max-snippet":"max-snippet:-1","max-image-preview":"max-image-preview:large","max-video-preview":"max-video-preview:-1"},"canonical":"https:\/\/www.fondazionepirelli.org\/it\/cultura-dimpresa\/ricche-imprese-multiculturali\/","og_locale":"it_IT","og_type":"article","og_title":"Ricche imprese multiculturali - Fondazione Pirelli","og_description":"L\u2019agire dell\u2019impresa immersa nella globalizzazione comporta che questa diventi consapevole delle sollecitazioni ma anche delle attenzioni che l\u2019essere in \u201cun mondo senza confini\u201d pu\u00f2 richiedere. Non si tratta solo di riuscire a tenere conto di molte pi\u00f9 variabili nell\u2019ambito dei bilanci e dei piani di produzione. L\u2019impresa che si trova in un mondo globalizzato dove [&hellip;]","og_url":"https:\/\/127.0.0.1\/it\/cultura-dimpresa\/ricche-imprese-multiculturali\/","og_site_name":"Fondazione Pirelli","article_published_time":"2016-02-08T00:00:00+00:00","article_modified_time":"2019-05-27T12:19:23+00:00","author":"fondadmin","twitter_card":"summary_large_image","twitter_misc":{"Scritto da":"fondadmin","Tempo di lettura stimato":"2 minuti"},"schema":{"@context":"https:\/\/schema.org","@graph":[{"@type":"WebPage","@id":"https:\/\/127.0.0.1\/it\/cultura-dimpresa\/ricche-imprese-multiculturali\/","url":"https:\/\/127.0.0.1\/it\/cultura-dimpresa\/ricche-imprese-multiculturali\/","name":"Ricche imprese multiculturali - Fondazione Pirelli","isPartOf":{"@id":"https:\/\/www.fondazionepirelli.org\/it\/#website"},"datePublished":"2016-02-08T00:00:00+00:00","dateModified":"2019-05-27T12:19:23+00:00","author":{"@id":"https:\/\/www.fondazionepirelli.org\/it\/#\/schema\/person\/f47d097000832c4a6e54538c791fdf25"},"breadcrumb":{"@id":"https:\/\/127.0.0.1\/it\/cultura-dimpresa\/ricche-imprese-multiculturali\/#breadcrumb"},"inLanguage":"it-IT","potentialAction":[{"@type":"ReadAction","target":["https:\/\/127.0.0.1\/it\/cultura-dimpresa\/ricche-imprese-multiculturali\/"]}]},{"@type":"BreadcrumbList","@id":"https:\/\/127.0.0.1\/it\/cultura-dimpresa\/ricche-imprese-multiculturali\/#breadcrumb","itemListElement":[{"@type":"ListItem","position":1,"name":"Home","item":"https:\/\/www.fondazionepirelli.org\/it\/"},{"@type":"ListItem","position":2,"name":"Ricche imprese multiculturali"}]},{"@type":"WebSite","@id":"https:\/\/www.fondazionepirelli.org\/it\/#website","url":"https:\/\/www.fondazionepirelli.org\/it\/","name":"Fondazione Pirelli","description":"","potentialAction":[{"@type":"SearchAction","target":{"@type":"EntryPoint","urlTemplate":"https:\/\/www.fondazionepirelli.org\/it\/?s={search_term_string}"},"query-input":{"@type":"PropertyValueSpecification","valueRequired":true,"valueName":"search_term_string"}}],"inLanguage":"it-IT"},{"@type":"Person","@id":"https:\/\/www.fondazionepirelli.org\/it\/#\/schema\/person\/f47d097000832c4a6e54538c791fdf25","name":"fondadmin","image":{"@type":"ImageObject","inLanguage":"it-IT","@id":"https:\/\/www.fondazionepirelli.org\/it\/#\/schema\/person\/image\/","url":"https:\/\/secure.gravatar.com\/avatar\/e69498a9175ca244966e51e53c88712c024fcebe41f9a05f75657f1bb25e489b?s=96&d=mm&r=g","contentUrl":"https:\/\/secure.gravatar.com\/avatar\/e69498a9175ca244966e51e53c88712c024fcebe41f9a05f75657f1bb25e489b?s=96&d=mm&r=g","caption":"fondadmin"},"url":"https:\/\/www.fondazionepirelli.org\/it\/author\/fondadmin\/"}]}},"_links":{"self":[{"href":"https:\/\/www.fondazionepirelli.org\/it\/wp-json\/wp\/v2\/posts\/51100\/"}],"collection":[{"href":"https:\/\/www.fondazionepirelli.org\/it\/wp-json\/wp\/v2\/posts\/"}],"about":[{"href":"https:\/\/www.fondazionepirelli.org\/it\/wp-json\/wp\/v2\/types\/post\/"}],"author":[{"embeddable":true,"href":"https:\/\/www.fondazionepirelli.org\/it\/wp-json\/wp\/v2\/users\/1\/"}],"replies":[{"embeddable":true,"href":"https:\/\/www.fondazionepirelli.org\/it\/wp-json\/wp\/v2\/comments\/?post=51100"}],"version-history":[{"count":1,"href":"https:\/\/www.fondazionepirelli.org\/it\/wp-json\/wp\/v2\/posts\/51100\/revisions\/"}],"predecessor-version":[{"id":56138,"href":"https:\/\/www.fondazionepirelli.org\/it\/wp-json\/wp\/v2\/posts\/51100\/revisions\/56138\/"}],"wp:attachment":[{"href":"https:\/\/www.fondazionepirelli.org\/it\/wp-json\/wp\/v2\/media\/?parent=51100"}],"wp:term":[{"taxonomy":"category","embeddable":true,"href":"https:\/\/www.fondazionepirelli.org\/it\/wp-json\/wp\/v2\/categories\/?post=51100"},{"taxonomy":"post_tag","embeddable":true,"href":"https:\/\/www.fondazionepirelli.org\/it\/wp-json\/wp\/v2\/tags\/?post=51100"}],"curies":[{"name":"wp","href":"https:\/\/api.w.org\/{rel}","templated":true}]}}