{"id":51107,"date":"2016-02-01T00:00:00","date_gmt":"2016-02-01T00:00:00","guid":{"rendered":"http:\/\/www.fondazionepirelli.org\/fondazione-pirelli\/bella-cultura-dimpresa\/"},"modified":"2019-05-27T12:15:04","modified_gmt":"2019-05-27T12:15:04","slug":"bella-cultura-dimpresa","status":"publish","type":"post","link":"https:\/\/www.fondazionepirelli.org\/it\/cultura-dimpresa\/bella-cultura-dimpresa\/","title":{"rendered":"Bella cultura d\u2019impresa"},"content":{"rendered":"<p>Le imprese crescono anche attraverso la bellezza di quello che fanno. Anzi, a ben vedere, gli interi sistemi economici si sviluppano spinti dalla \u201cricerca della bellezza\u201d. Apparentemente tutto questo pu\u00f2 sembrare un\u2019assurdit\u00e0. In realt\u00e0, interpretare il lavoro e la cultura d\u2019impresa attraverso il concetto di bellezza, ha un solido fondamento quando si pensi che la bellezza \u00e8 legata alla creativit\u00e0 e quindi all\u2019innovazione e cio\u00e8 ad uno degli elementi di sviluppo aziendale ed economico pi\u00f9 importanti.<\/p>\n<p>Ad esplorare questo percorso di interpretazione della realt\u00e0 ci hanno pensato recentemente Rodolfo Baggio (del Centro &#8220;Carlo F. Dondena&#8221; per la Ricerca sulle Dinamiche Sociali e Politiche Pubbliche Universit\u00e0 Bocconi), e Vincenzo Moretti (della Fondazione Giuseppe Di Vittorio di Roma). Il risultato \u00e8 un viaggio originale attorno e dentro il concetto di bellezza applicato all\u2019impresa e alla produzione.<\/p>\n<p>Gli autori partono quindi dall\u2019esame serio dell\u2019idea stessa di bellezza utilizzando strumenti e categorie prese da discipline ed esperienze come la cosmologia, le scienze (citando per esempio Albert Einstein e Niccol\u00f2 Copernico), per arrivare ovviamente al mondo dell\u2019arte e a quello della biologia. La bellezza viene cos\u00ec affiancata dalla simmetria, dalla semplicit\u00e0 e dalla coerenza; esperienza individuale e soggettiva ma anche sociale e condivisa.<\/p>\n<p>Baggio e Moretti, poi effettuano il collegamento fra l\u2019idea di bellezza, creativit\u00e0 e innovazione alle quali si aggiunge la serendipity (cio\u00e8 quella capacit\u00e0 di osservazione di un dato imprevisto, che fornisce l\u2019occasione per lo sviluppo di una nuova teoria oppure per l\u2019ampliamento di qualcosa di gi\u00e0 esistente). Genio scientifico, dunque, ma anche genio d\u2019impresa, lampo creativo che porta a nuovi prodotti. \u201cAlla base dell\u2019innovazione \u2013 scrivono quindi gli autori -, \u00a0esistono elementi fondamentali, che pure trovano difficile una valutazione puntuale, essi sono fattori estetici, serendipity e immaginazione, oltre ovviamente alla creativit\u00e0\u201d.<\/p>\n<p>Si arriva cos\u00ec all\u2019idea di \u201clavoro ben fatto\u201d, cuore di ogni conquista d\u2019impresa, che mette insieme il sentire imprenditoriale con quello manifatturiero e non solo. Anche nell\u2019era del web e della Rete. Anche nell\u2019Italia di oggi della quale si toccano alcuni aspetti come quelli legati al ruolo dei territori, della formazione e della stessa cultura d\u2019impresa rivolta ai giovani.<\/p>\n<p>Colpiscono e fanno pensare due passaggi \u00a0dell\u2019analisi di Baggio e Moretti. \u00a0Nel primo, viene ricordato quanto dice Nuto ad Anguilla ne \u201cLa luna e i fal\u00f2\u201d di Cesare Pavese: \u201cL\u2019ignorante non si conosce mica dal lavoro che fa, ma da come lo fa\u201d. Nel secondo, si precisa che \u201cla bellezza pu\u00f2 essere, per l\u2019Italia, l\u2019occasione (\u2026) per allungare l\u2019ombra del futuro sul presente, per cogliere le opportunit\u00e0 e moltiplicarle\u201d.<\/p>\n<p>Il lavoro di Baggio e Moretti \u00e8 un testo che vale molto pi\u00f9 del tempo speso per leggerlo.<\/p><p><strong>La bellezza come fattore di sviluppo economico e sociale<\/strong><\/p>\n<p>Rodolfo Baggio, Vincenzo Moretti<\/p>\n<p>Working paper, 2015.<\/p>\n","protected":false},"excerpt":{"rendered":"<p>Le imprese crescono anche attraverso la bellezza di quello che fanno. Anzi, a ben vedere, gli interi sistemi economici si sviluppano spinti dalla \u201cricerca della bellezza\u201d. Apparentemente tutto questo pu\u00f2 sembrare un\u2019assurdit\u00e0. In realt\u00e0, interpretare il lavoro e la cultura d\u2019impresa attraverso il concetto di bellezza, ha un solido fondamento quando si pensi che la [&hellip;]<\/p>\n","protected":false},"author":1,"featured_media":0,"comment_status":"open","ping_status":"open","sticky":false,"template":"","format":"standard","meta":{"footnotes":""},"categories":[54,52],"tags":[],"class_list":["post-51107","post","type-post","status-publish","format-standard","hentry","category-approfondimenti","category-cultura-dimpresa"],"acf":[],"yoast_head":"<!-- This site is optimized with the Yoast SEO plugin v25.0 - https:\/\/yoast.com\/wordpress\/plugins\/seo\/ -->\n<title>Bella cultura d\u2019impresa - Fondazione Pirelli<\/title>\n<meta name=\"robots\" content=\"index, follow, max-snippet:-1, max-image-preview:large, max-video-preview:-1\" \/>\n<link rel=\"canonical\" href=\"https:\/\/www.fondazionepirelli.org\/it\/cultura-dimpresa\/bella-cultura-dimpresa\/\" \/>\n<meta property=\"og:locale\" content=\"it_IT\" \/>\n<meta property=\"og:type\" content=\"article\" \/>\n<meta property=\"og:title\" content=\"Bella cultura d\u2019impresa - Fondazione Pirelli\" \/>\n<meta property=\"og:description\" content=\"Le imprese crescono anche attraverso la bellezza di quello che fanno. Anzi, a ben vedere, gli interi sistemi economici si sviluppano spinti dalla \u201cricerca della bellezza\u201d. Apparentemente tutto questo pu\u00f2 sembrare un\u2019assurdit\u00e0. In realt\u00e0, interpretare il lavoro e la cultura d\u2019impresa attraverso il concetto di bellezza, ha un solido fondamento quando si pensi che la [&hellip;]\" \/>\n<meta property=\"og:url\" content=\"https:\/\/www.fondazionepirelli.org\/it\/cultura-dimpresa\/bella-cultura-dimpresa\/\" \/>\n<meta property=\"og:site_name\" content=\"Fondazione Pirelli\" \/>\n<meta property=\"article:published_time\" content=\"2016-02-01T00:00:00+00:00\" \/>\n<meta property=\"article:modified_time\" content=\"2019-05-27T12:15:04+00:00\" \/>\n<meta name=\"author\" content=\"fondadmin\" \/>\n<meta name=\"twitter:card\" content=\"summary_large_image\" \/>\n<meta name=\"twitter:label1\" content=\"Scritto da\" \/>\n\t<meta name=\"twitter:data1\" content=\"fondadmin\" \/>\n\t<meta name=\"twitter:label2\" content=\"Tempo di lettura stimato\" \/>\n\t<meta name=\"twitter:data2\" content=\"2 minuti\" \/>\n<script type=\"application\/ld+json\" class=\"yoast-schema-graph\">{\"@context\":\"https:\/\/schema.org\",\"@graph\":[{\"@type\":\"WebPage\",\"@id\":\"https:\/\/www.fondazionepirelli.org\/it\/cultura-dimpresa\/bella-cultura-dimpresa\/\",\"url\":\"https:\/\/www.fondazionepirelli.org\/it\/cultura-dimpresa\/bella-cultura-dimpresa\/\",\"name\":\"Bella cultura d\u2019impresa - Fondazione Pirelli\",\"isPartOf\":{\"@id\":\"https:\/\/www.fondazionepirelli.org\/it\/#website\"},\"datePublished\":\"2016-02-01T00:00:00+00:00\",\"dateModified\":\"2019-05-27T12:15:04+00:00\",\"author\":{\"@id\":\"https:\/\/www.fondazionepirelli.org\/it\/#\/schema\/person\/f47d097000832c4a6e54538c791fdf25\"},\"breadcrumb\":{\"@id\":\"https:\/\/www.fondazionepirelli.org\/it\/cultura-dimpresa\/bella-cultura-dimpresa\/#breadcrumb\"},\"inLanguage\":\"it-IT\",\"potentialAction\":[{\"@type\":\"ReadAction\",\"target\":[\"https:\/\/www.fondazionepirelli.org\/it\/cultura-dimpresa\/bella-cultura-dimpresa\/\"]}]},{\"@type\":\"BreadcrumbList\",\"@id\":\"https:\/\/www.fondazionepirelli.org\/it\/cultura-dimpresa\/bella-cultura-dimpresa\/#breadcrumb\",\"itemListElement\":[{\"@type\":\"ListItem\",\"position\":1,\"name\":\"Home\",\"item\":\"https:\/\/www.fondazionepirelli.org\/it\/\"},{\"@type\":\"ListItem\",\"position\":2,\"name\":\"Bella cultura d\u2019impresa\"}]},{\"@type\":\"WebSite\",\"@id\":\"https:\/\/www.fondazionepirelli.org\/it\/#website\",\"url\":\"https:\/\/www.fondazionepirelli.org\/it\/\",\"name\":\"Fondazione Pirelli\",\"description\":\"\",\"potentialAction\":[{\"@type\":\"SearchAction\",\"target\":{\"@type\":\"EntryPoint\",\"urlTemplate\":\"https:\/\/www.fondazionepirelli.org\/it\/?s={search_term_string}\"},\"query-input\":{\"@type\":\"PropertyValueSpecification\",\"valueRequired\":true,\"valueName\":\"search_term_string\"}}],\"inLanguage\":\"it-IT\"},{\"@type\":\"Person\",\"@id\":\"https:\/\/www.fondazionepirelli.org\/it\/#\/schema\/person\/f47d097000832c4a6e54538c791fdf25\",\"name\":\"fondadmin\",\"image\":{\"@type\":\"ImageObject\",\"inLanguage\":\"it-IT\",\"@id\":\"https:\/\/www.fondazionepirelli.org\/it\/#\/schema\/person\/image\/\",\"url\":\"https:\/\/secure.gravatar.com\/avatar\/e69498a9175ca244966e51e53c88712c024fcebe41f9a05f75657f1bb25e489b?s=96&d=mm&r=g\",\"contentUrl\":\"https:\/\/secure.gravatar.com\/avatar\/e69498a9175ca244966e51e53c88712c024fcebe41f9a05f75657f1bb25e489b?s=96&d=mm&r=g\",\"caption\":\"fondadmin\"},\"url\":\"https:\/\/www.fondazionepirelli.org\/it\/author\/fondadmin\/\"}]}<\/script>\n<!-- \/ Yoast SEO plugin. -->","yoast_head_json":{"title":"Bella cultura d\u2019impresa - Fondazione Pirelli","robots":{"index":"index","follow":"follow","max-snippet":"max-snippet:-1","max-image-preview":"max-image-preview:large","max-video-preview":"max-video-preview:-1"},"canonical":"https:\/\/www.fondazionepirelli.org\/it\/cultura-dimpresa\/bella-cultura-dimpresa\/","og_locale":"it_IT","og_type":"article","og_title":"Bella cultura d\u2019impresa - Fondazione Pirelli","og_description":"Le imprese crescono anche attraverso la bellezza di quello che fanno. Anzi, a ben vedere, gli interi sistemi economici si sviluppano spinti dalla \u201cricerca della bellezza\u201d. Apparentemente tutto questo pu\u00f2 sembrare un\u2019assurdit\u00e0. In realt\u00e0, interpretare il lavoro e la cultura d\u2019impresa attraverso il concetto di bellezza, ha un solido fondamento quando si pensi che la [&hellip;]","og_url":"https:\/\/www.fondazionepirelli.org\/it\/cultura-dimpresa\/bella-cultura-dimpresa\/","og_site_name":"Fondazione Pirelli","article_published_time":"2016-02-01T00:00:00+00:00","article_modified_time":"2019-05-27T12:15:04+00:00","author":"fondadmin","twitter_card":"summary_large_image","twitter_misc":{"Scritto da":"fondadmin","Tempo di lettura stimato":"2 minuti"},"schema":{"@context":"https:\/\/schema.org","@graph":[{"@type":"WebPage","@id":"https:\/\/www.fondazionepirelli.org\/it\/cultura-dimpresa\/bella-cultura-dimpresa\/","url":"https:\/\/www.fondazionepirelli.org\/it\/cultura-dimpresa\/bella-cultura-dimpresa\/","name":"Bella cultura d\u2019impresa - Fondazione Pirelli","isPartOf":{"@id":"https:\/\/www.fondazionepirelli.org\/it\/#website"},"datePublished":"2016-02-01T00:00:00+00:00","dateModified":"2019-05-27T12:15:04+00:00","author":{"@id":"https:\/\/www.fondazionepirelli.org\/it\/#\/schema\/person\/f47d097000832c4a6e54538c791fdf25"},"breadcrumb":{"@id":"https:\/\/www.fondazionepirelli.org\/it\/cultura-dimpresa\/bella-cultura-dimpresa\/#breadcrumb"},"inLanguage":"it-IT","potentialAction":[{"@type":"ReadAction","target":["https:\/\/www.fondazionepirelli.org\/it\/cultura-dimpresa\/bella-cultura-dimpresa\/"]}]},{"@type":"BreadcrumbList","@id":"https:\/\/www.fondazionepirelli.org\/it\/cultura-dimpresa\/bella-cultura-dimpresa\/#breadcrumb","itemListElement":[{"@type":"ListItem","position":1,"name":"Home","item":"https:\/\/www.fondazionepirelli.org\/it\/"},{"@type":"ListItem","position":2,"name":"Bella cultura d\u2019impresa"}]},{"@type":"WebSite","@id":"https:\/\/www.fondazionepirelli.org\/it\/#website","url":"https:\/\/www.fondazionepirelli.org\/it\/","name":"Fondazione Pirelli","description":"","potentialAction":[{"@type":"SearchAction","target":{"@type":"EntryPoint","urlTemplate":"https:\/\/www.fondazionepirelli.org\/it\/?s={search_term_string}"},"query-input":{"@type":"PropertyValueSpecification","valueRequired":true,"valueName":"search_term_string"}}],"inLanguage":"it-IT"},{"@type":"Person","@id":"https:\/\/www.fondazionepirelli.org\/it\/#\/schema\/person\/f47d097000832c4a6e54538c791fdf25","name":"fondadmin","image":{"@type":"ImageObject","inLanguage":"it-IT","@id":"https:\/\/www.fondazionepirelli.org\/it\/#\/schema\/person\/image\/","url":"https:\/\/secure.gravatar.com\/avatar\/e69498a9175ca244966e51e53c88712c024fcebe41f9a05f75657f1bb25e489b?s=96&d=mm&r=g","contentUrl":"https:\/\/secure.gravatar.com\/avatar\/e69498a9175ca244966e51e53c88712c024fcebe41f9a05f75657f1bb25e489b?s=96&d=mm&r=g","caption":"fondadmin"},"url":"https:\/\/www.fondazionepirelli.org\/it\/author\/fondadmin\/"}]}},"_links":{"self":[{"href":"https:\/\/www.fondazionepirelli.org\/it\/wp-json\/wp\/v2\/posts\/51107\/"}],"collection":[{"href":"https:\/\/www.fondazionepirelli.org\/it\/wp-json\/wp\/v2\/posts\/"}],"about":[{"href":"https:\/\/www.fondazionepirelli.org\/it\/wp-json\/wp\/v2\/types\/post\/"}],"author":[{"embeddable":true,"href":"https:\/\/www.fondazionepirelli.org\/it\/wp-json\/wp\/v2\/users\/1\/"}],"replies":[{"embeddable":true,"href":"https:\/\/www.fondazionepirelli.org\/it\/wp-json\/wp\/v2\/comments\/?post=51107"}],"version-history":[{"count":1,"href":"https:\/\/www.fondazionepirelli.org\/it\/wp-json\/wp\/v2\/posts\/51107\/revisions\/"}],"predecessor-version":[{"id":56135,"href":"https:\/\/www.fondazionepirelli.org\/it\/wp-json\/wp\/v2\/posts\/51107\/revisions\/56135\/"}],"wp:attachment":[{"href":"https:\/\/www.fondazionepirelli.org\/it\/wp-json\/wp\/v2\/media\/?parent=51107"}],"wp:term":[{"taxonomy":"category","embeddable":true,"href":"https:\/\/www.fondazionepirelli.org\/it\/wp-json\/wp\/v2\/categories\/?post=51107"},{"taxonomy":"post_tag","embeddable":true,"href":"https:\/\/www.fondazionepirelli.org\/it\/wp-json\/wp\/v2\/tags\/?post=51107"}],"curies":[{"name":"wp","href":"https:\/\/api.w.org\/{rel}","templated":true}]}}