{"id":51114,"date":"2016-01-25T00:00:00","date_gmt":"2016-01-25T00:00:00","guid":{"rendered":"http:\/\/www.fondazionepirelli.org\/fondazione-pirelli\/quarta-rivoluzione-industriale-e-5milioni-di-posti-di-lavoro-bruciati-investire-su-nuove-competenze\/"},"modified":"2019-05-21T16:57:08","modified_gmt":"2019-05-21T16:57:08","slug":"quarta-rivoluzione-industriale-e-5milioni-di-posti-di-lavoro-bruciati-investire-su-nuove-competenze","status":"publish","type":"post","link":"https:\/\/www.fondazionepirelli.org\/it\/cultura-dimpresa\/quarta-rivoluzione-industriale-e-5milioni-di-posti-di-lavoro-bruciati-investire-su-nuove-competenze\/","title":{"rendered":"\u201cQuarta rivoluzione industriale\u201d e 5milioni di posti di lavoro bruciati: investire su nuove competenze"},"content":{"rendered":"<p>Mercati volatili, turbolenze, scenari incerti. La ripresa economica \u00e8 fragile, corriamo \u201cpi\u00f9 rischi del previsto\u201d, sostiene <strong>Christine Lagarde<\/strong>, direttore del Fmi. Da Davos, tra le montagne nevose della Svizzera, dove si sono incontrati, come ogni anno, i \u201cpotenti\u201d dell\u2019economia per il<strong> World Economic Forum<\/strong>, sono arrivati segnali di preoccupazione e d\u2019allarme: sul crollo dei prezzi del petrolio e delle altre materie prime, sulla modesta crescita cinese, su crisi in Russia e Brasile, sull\u2019Europa appannata, su politiche monetarie divergenti quando non apertamente conflittuali. Una congiuntura difficile: \u201cDavos, la Grande Paura sorprende i vip dell\u2019economia\u201d, titola con efficacia \u201cLa Stampa\u201d (21 gennaio). Ma anche un filo di speranza: \u201cNon ci sar\u00e0 una replica del 2008\u201d, Cina e petrolio sono punti di crisi ma non innesco d\u2019una nuova Grande Recessione (sempre \u201cLa Stampa\u201d, 24 gennaio, al termine del Forum). Le inquietudini comunque restano. E non riguardano solo l\u2019attualit\u00e0. Ma anche alcune prospettive d\u2019una ripresa che non crea sufficienti posti di lavoro e di una serie di innovazioni tecnologiche che anzi minacciano di distruggerne milioni.<\/p>\n<p>\u201cThe Future of Jobs and Skills\u201d \u00e8 il titolo, apparentemente neutro, d\u2019una ricerca, presentata appunto a Davos, sull\u2019evoluzione del lavoro fino al 2020, sulla base delle indicazioni raccolte tra i responsabili delle Risorse Umane di 350 tra le maggiori aziende mondiali. Il risultato \u00e8 allarmante: nuove tecnologie e fattori demografici mettono a rischio 5 milioni di posti di lavoro. Sono gli effetti della \u201c<strong>quarta rivoluzione industriale<\/strong>\u201d, delle tecnologie Ict e del \u201ccloud computing\u201d applicate ai processi produttivi, del cosiddetto \u201cdigital manifacturing\u201d, di un \u201cinternet delle cose\u201d e delle stampanti 3D, di una nuova dimensione delle fabbriche nel mondo sempre pi\u00f9 innovative, digitali, robotizzate, di una \u201cflessibilizzazione del lavoro\u201d che investe intere generazioni di lavoratori, sia in entrata sul mercato che soprattutto arrivate a met\u00e0 percorso professionale e in affanno rispetto alle applicazioni hi tech.<\/p>\n<p>La \u201cquarta rivoluzione industriale\u201d \u2013 si prevede &#8211; distrugger\u00e0 7 milioni di posti di lavoro, nelle aree amministrative (meno carta, pi\u00f9 files) e in quelle della produzione tradizionale, rispettivamente con 4,8 e 1,6 milioni di posti \u201ccancellati\u201d. Ma ne creer\u00e0 2 mlioni di nuovi, nelle aree della finanza, del management, dei computer e dell\u2019ingegneria, della formazione d\u2019eccellenza, delle vendite on line. 5 milioni, dunque, il saldo. A livello mondiale.<\/p>\n<p>E in Italia? Andr\u00e0 meglio. In pari: 200mila in meno \u201ctradizionali\u201d, 200mila in pi\u00f9 \u201cinnovativi\u201d. Meglio che in Francia e in Germania. Pi\u00f9 o meno come in Gran Bretagna.<\/p>\n<p>Il processo \u00e8 in corso. E non sono escluse sorprese. Come reagire? Puntando fin d\u2019ora su una formazione che modifichi e aggiorni le <strong>competenze<\/strong>. Nel 2020, dicono le elaborazioni di Assolombarda sui dati della ricerca del World Economic Forum, \u201cil problem solving rimarr\u00e0 la soft skill pi\u00f9 ricercata, ma contemporaneamente diventeranno pi\u00f9 importanti il <strong>pensiero critico<\/strong> e la <strong>creativit\u00e0<\/strong>\u201d.<\/p>\n<p>C\u2019\u00e8 una seconda riflessione, nelle rielaborazioni di Assolombarda: \u201cAlla luce delle nuove tendenze tecnologiche, negli ultimi anni molti paesi hanno intrapreso notevoli sforzi per aumentare la quantit\u00e0 di laureati <strong>STEM<\/strong> (un acronimo che indica scienza, tecnologia, ingegneria e matematica) prodotti dai loro sistemi nazionali di istruzione\u201d. In Italia non siamo affatto allineati a questo impegno e dunque rischiamo di pregiudicare il nostro futuro di grande paese manifatturiero europeo: le nostre universit\u00e0 sfornano pochi ingegneri, chimici, matematici (e parecchi di quelli laureati nei centri d\u2019eccellenza, come il Politecnici di Milano e di Torino lasciano l\u2019Italia, in cerca di migliori condizioni di lavoro e carriera) ma anche ai livelli inferiori alla laurea, l\u2019istruzione tecnica, chiave di successo industriale, \u00e8 stata a lungo messa da canto e, di recente riscoperta, non \u00e8 ancora in grado di rispondere alla domanda di mercato.<\/p>\n<p>In Italia, comunque, serve fare un passo in pi\u00f9. E insistere, pi\u00f9 che su STEM, su STEAM, dove la A sta per \u201carts\u201d, il complesso delle competenze culturali umanistiche che assicurano una particolare \u00a0distintivit\u00e0 competitiva ai nostri prodotti e ai nostri servizi. Servono, insomma, competenze da \u201c<strong>umanesimo politecnico<\/strong>\u201d.<\/p>\n<p>Ecco una parola chiave: le competenze, in sintesi originali di storia e futuro. La maggior parte delle imprese coinvolte dal sondaggio di Davos, infatti, ritiene che la chiave per gestire con successo queste dinamiche di lungo termine del mercato del lavoro sia \u201cinvestire nelle competenze\u201d pi\u00f9 che assumere lavoratori a termine o telelavoratori. Una indicazione di grande interesse, di cui fare tesoro.<\/p>\n","protected":false},"excerpt":{"rendered":"<p>Mercati volatili, turbolenze, scenari incerti. La ripresa economica \u00e8 fragile, corriamo \u201cpi\u00f9 rischi del previsto\u201d, sostiene Christine Lagarde, direttore del Fmi. Da Davos, tra le montagne nevose della Svizzera, dove si sono incontrati, come ogni anno, i \u201cpotenti\u201d dell\u2019economia per il World Economic Forum, sono arrivati segnali di preoccupazione e d\u2019allarme: sul crollo dei prezzi [&hellip;]<\/p>\n","protected":false},"author":1,"featured_media":51115,"comment_status":"open","ping_status":"open","sticky":false,"template":"","format":"standard","meta":{"footnotes":""},"categories":[53,52],"tags":[],"class_list":["post-51114","post","type-post","status-publish","format-standard","has-post-thumbnail","hentry","category-blog","category-cultura-dimpresa"],"acf":[],"yoast_head":"<!-- This site is optimized with the Yoast SEO plugin v25.0 - https:\/\/yoast.com\/wordpress\/plugins\/seo\/ -->\n<title>\u201cQuarta rivoluzione industriale\u201d e 5milioni di posti di lavoro bruciati: investire su nuove competenze - Fondazione Pirelli<\/title>\n<meta name=\"robots\" content=\"index, follow, max-snippet:-1, max-image-preview:large, max-video-preview:-1\" \/>\n<link rel=\"canonical\" href=\"https:\/\/www.fondazionepirelli.org\/it\/cultura-dimpresa\/quarta-rivoluzione-industriale-e-5milioni-di-posti-di-lavoro-bruciati-investire-su-nuove-competenze\/\" \/>\n<meta property=\"og:locale\" content=\"it_IT\" \/>\n<meta property=\"og:type\" content=\"article\" \/>\n<meta property=\"og:title\" content=\"\u201cQuarta rivoluzione industriale\u201d e 5milioni di posti di lavoro bruciati: investire su nuove competenze - Fondazione Pirelli\" \/>\n<meta property=\"og:description\" content=\"Mercati volatili, turbolenze, scenari incerti. La ripresa economica \u00e8 fragile, corriamo \u201cpi\u00f9 rischi del previsto\u201d, sostiene Christine Lagarde, direttore del Fmi. Da Davos, tra le montagne nevose della Svizzera, dove si sono incontrati, come ogni anno, i \u201cpotenti\u201d dell\u2019economia per il World Economic Forum, sono arrivati segnali di preoccupazione e d\u2019allarme: sul crollo dei prezzi [&hellip;]\" \/>\n<meta property=\"og:url\" content=\"https:\/\/www.fondazionepirelli.org\/it\/cultura-dimpresa\/quarta-rivoluzione-industriale-e-5milioni-di-posti-di-lavoro-bruciati-investire-su-nuove-competenze\/\" \/>\n<meta property=\"og:site_name\" content=\"Fondazione Pirelli\" \/>\n<meta property=\"article:published_time\" content=\"2016-01-25T00:00:00+00:00\" \/>\n<meta property=\"article:modified_time\" content=\"2019-05-21T16:57:08+00:00\" \/>\n<meta property=\"og:image\" content=\"https:\/\/wpsite-assets.fondazionepirelli.org\/wp-content\/uploads\/2019\/05\/20101514\/14538125001517521212.jpg\" \/>\n\t<meta property=\"og:image:width\" content=\"249\" \/>\n\t<meta property=\"og:image:height\" content=\"375\" \/>\n\t<meta property=\"og:image:type\" content=\"image\/jpeg\" \/>\n<meta name=\"author\" content=\"fondadmin\" \/>\n<meta name=\"twitter:card\" content=\"summary_large_image\" \/>\n<meta name=\"twitter:label1\" content=\"Scritto da\" \/>\n\t<meta name=\"twitter:data1\" content=\"fondadmin\" \/>\n\t<meta name=\"twitter:label2\" content=\"Tempo di lettura stimato\" \/>\n\t<meta name=\"twitter:data2\" content=\"4 minuti\" \/>\n<script type=\"application\/ld+json\" class=\"yoast-schema-graph\">{\"@context\":\"https:\/\/schema.org\",\"@graph\":[{\"@type\":\"WebPage\",\"@id\":\"https:\/\/www.fondazionepirelli.org\/it\/cultura-dimpresa\/quarta-rivoluzione-industriale-e-5milioni-di-posti-di-lavoro-bruciati-investire-su-nuove-competenze\/\",\"url\":\"https:\/\/www.fondazionepirelli.org\/it\/cultura-dimpresa\/quarta-rivoluzione-industriale-e-5milioni-di-posti-di-lavoro-bruciati-investire-su-nuove-competenze\/\",\"name\":\"\u201cQuarta rivoluzione industriale\u201d e 5milioni di posti di lavoro bruciati: investire su nuove competenze - Fondazione Pirelli\",\"isPartOf\":{\"@id\":\"https:\/\/www.fondazionepirelli.org\/it\/#website\"},\"primaryImageOfPage\":{\"@id\":\"https:\/\/www.fondazionepirelli.org\/it\/cultura-dimpresa\/quarta-rivoluzione-industriale-e-5milioni-di-posti-di-lavoro-bruciati-investire-su-nuove-competenze\/#primaryimage\"},\"image\":{\"@id\":\"https:\/\/www.fondazionepirelli.org\/it\/cultura-dimpresa\/quarta-rivoluzione-industriale-e-5milioni-di-posti-di-lavoro-bruciati-investire-su-nuove-competenze\/#primaryimage\"},\"thumbnailUrl\":\"https:\/\/wpsite-assets.fondazionepirelli.org\/wp-content\/uploads\/2019\/05\/20101514\/14538125001517521212.jpg\",\"datePublished\":\"2016-01-25T00:00:00+00:00\",\"dateModified\":\"2019-05-21T16:57:08+00:00\",\"author\":{\"@id\":\"https:\/\/www.fondazionepirelli.org\/it\/#\/schema\/person\/f47d097000832c4a6e54538c791fdf25\"},\"breadcrumb\":{\"@id\":\"https:\/\/www.fondazionepirelli.org\/it\/cultura-dimpresa\/quarta-rivoluzione-industriale-e-5milioni-di-posti-di-lavoro-bruciati-investire-su-nuove-competenze\/#breadcrumb\"},\"inLanguage\":\"it-IT\",\"potentialAction\":[{\"@type\":\"ReadAction\",\"target\":[\"https:\/\/www.fondazionepirelli.org\/it\/cultura-dimpresa\/quarta-rivoluzione-industriale-e-5milioni-di-posti-di-lavoro-bruciati-investire-su-nuove-competenze\/\"]}]},{\"@type\":\"ImageObject\",\"inLanguage\":\"it-IT\",\"@id\":\"https:\/\/www.fondazionepirelli.org\/it\/cultura-dimpresa\/quarta-rivoluzione-industriale-e-5milioni-di-posti-di-lavoro-bruciati-investire-su-nuove-competenze\/#primaryimage\",\"url\":\"https:\/\/wpsite-assets.fondazionepirelli.org\/wp-content\/uploads\/2019\/05\/20101514\/14538125001517521212.jpg\",\"contentUrl\":\"https:\/\/wpsite-assets.fondazionepirelli.org\/wp-content\/uploads\/2019\/05\/20101514\/14538125001517521212.jpg\",\"width\":249,\"height\":375},{\"@type\":\"BreadcrumbList\",\"@id\":\"https:\/\/www.fondazionepirelli.org\/it\/cultura-dimpresa\/quarta-rivoluzione-industriale-e-5milioni-di-posti-di-lavoro-bruciati-investire-su-nuove-competenze\/#breadcrumb\",\"itemListElement\":[{\"@type\":\"ListItem\",\"position\":1,\"name\":\"Home\",\"item\":\"https:\/\/www.fondazionepirelli.org\/it\/\"},{\"@type\":\"ListItem\",\"position\":2,\"name\":\"\u201cQuarta rivoluzione industriale\u201d e 5milioni di posti di lavoro bruciati: investire su nuove competenze\"}]},{\"@type\":\"WebSite\",\"@id\":\"https:\/\/www.fondazionepirelli.org\/it\/#website\",\"url\":\"https:\/\/www.fondazionepirelli.org\/it\/\",\"name\":\"Fondazione Pirelli\",\"description\":\"\",\"potentialAction\":[{\"@type\":\"SearchAction\",\"target\":{\"@type\":\"EntryPoint\",\"urlTemplate\":\"https:\/\/www.fondazionepirelli.org\/it\/?s={search_term_string}\"},\"query-input\":{\"@type\":\"PropertyValueSpecification\",\"valueRequired\":true,\"valueName\":\"search_term_string\"}}],\"inLanguage\":\"it-IT\"},{\"@type\":\"Person\",\"@id\":\"https:\/\/www.fondazionepirelli.org\/it\/#\/schema\/person\/f47d097000832c4a6e54538c791fdf25\",\"name\":\"fondadmin\",\"image\":{\"@type\":\"ImageObject\",\"inLanguage\":\"it-IT\",\"@id\":\"https:\/\/www.fondazionepirelli.org\/it\/#\/schema\/person\/image\/\",\"url\":\"https:\/\/secure.gravatar.com\/avatar\/e69498a9175ca244966e51e53c88712c024fcebe41f9a05f75657f1bb25e489b?s=96&d=mm&r=g\",\"contentUrl\":\"https:\/\/secure.gravatar.com\/avatar\/e69498a9175ca244966e51e53c88712c024fcebe41f9a05f75657f1bb25e489b?s=96&d=mm&r=g\",\"caption\":\"fondadmin\"},\"url\":\"https:\/\/www.fondazionepirelli.org\/it\/author\/fondadmin\/\"}]}<\/script>\n<!-- \/ Yoast SEO plugin. -->","yoast_head_json":{"title":"\u201cQuarta rivoluzione industriale\u201d e 5milioni di posti di lavoro bruciati: investire su nuove competenze - Fondazione Pirelli","robots":{"index":"index","follow":"follow","max-snippet":"max-snippet:-1","max-image-preview":"max-image-preview:large","max-video-preview":"max-video-preview:-1"},"canonical":"https:\/\/www.fondazionepirelli.org\/it\/cultura-dimpresa\/quarta-rivoluzione-industriale-e-5milioni-di-posti-di-lavoro-bruciati-investire-su-nuove-competenze\/","og_locale":"it_IT","og_type":"article","og_title":"\u201cQuarta rivoluzione industriale\u201d e 5milioni di posti di lavoro bruciati: investire su nuove competenze - Fondazione Pirelli","og_description":"Mercati volatili, turbolenze, scenari incerti. La ripresa economica \u00e8 fragile, corriamo \u201cpi\u00f9 rischi del previsto\u201d, sostiene Christine Lagarde, direttore del Fmi. Da Davos, tra le montagne nevose della Svizzera, dove si sono incontrati, come ogni anno, i \u201cpotenti\u201d dell\u2019economia per il World Economic Forum, sono arrivati segnali di preoccupazione e d\u2019allarme: sul crollo dei prezzi [&hellip;]","og_url":"https:\/\/www.fondazionepirelli.org\/it\/cultura-dimpresa\/quarta-rivoluzione-industriale-e-5milioni-di-posti-di-lavoro-bruciati-investire-su-nuove-competenze\/","og_site_name":"Fondazione Pirelli","article_published_time":"2016-01-25T00:00:00+00:00","article_modified_time":"2019-05-21T16:57:08+00:00","og_image":[{"width":249,"height":375,"url":"https:\/\/wpsite-assets.fondazionepirelli.org\/wp-content\/uploads\/2019\/05\/20101514\/14538125001517521212.jpg","type":"image\/jpeg"}],"author":"fondadmin","twitter_card":"summary_large_image","twitter_misc":{"Scritto da":"fondadmin","Tempo di lettura stimato":"4 minuti"},"schema":{"@context":"https:\/\/schema.org","@graph":[{"@type":"WebPage","@id":"https:\/\/www.fondazionepirelli.org\/it\/cultura-dimpresa\/quarta-rivoluzione-industriale-e-5milioni-di-posti-di-lavoro-bruciati-investire-su-nuove-competenze\/","url":"https:\/\/www.fondazionepirelli.org\/it\/cultura-dimpresa\/quarta-rivoluzione-industriale-e-5milioni-di-posti-di-lavoro-bruciati-investire-su-nuove-competenze\/","name":"\u201cQuarta rivoluzione industriale\u201d e 5milioni di posti di lavoro bruciati: investire su nuove competenze - Fondazione Pirelli","isPartOf":{"@id":"https:\/\/www.fondazionepirelli.org\/it\/#website"},"primaryImageOfPage":{"@id":"https:\/\/www.fondazionepirelli.org\/it\/cultura-dimpresa\/quarta-rivoluzione-industriale-e-5milioni-di-posti-di-lavoro-bruciati-investire-su-nuove-competenze\/#primaryimage"},"image":{"@id":"https:\/\/www.fondazionepirelli.org\/it\/cultura-dimpresa\/quarta-rivoluzione-industriale-e-5milioni-di-posti-di-lavoro-bruciati-investire-su-nuove-competenze\/#primaryimage"},"thumbnailUrl":"https:\/\/wpsite-assets.fondazionepirelli.org\/wp-content\/uploads\/2019\/05\/20101514\/14538125001517521212.jpg","datePublished":"2016-01-25T00:00:00+00:00","dateModified":"2019-05-21T16:57:08+00:00","author":{"@id":"https:\/\/www.fondazionepirelli.org\/it\/#\/schema\/person\/f47d097000832c4a6e54538c791fdf25"},"breadcrumb":{"@id":"https:\/\/www.fondazionepirelli.org\/it\/cultura-dimpresa\/quarta-rivoluzione-industriale-e-5milioni-di-posti-di-lavoro-bruciati-investire-su-nuove-competenze\/#breadcrumb"},"inLanguage":"it-IT","potentialAction":[{"@type":"ReadAction","target":["https:\/\/www.fondazionepirelli.org\/it\/cultura-dimpresa\/quarta-rivoluzione-industriale-e-5milioni-di-posti-di-lavoro-bruciati-investire-su-nuove-competenze\/"]}]},{"@type":"ImageObject","inLanguage":"it-IT","@id":"https:\/\/www.fondazionepirelli.org\/it\/cultura-dimpresa\/quarta-rivoluzione-industriale-e-5milioni-di-posti-di-lavoro-bruciati-investire-su-nuove-competenze\/#primaryimage","url":"https:\/\/wpsite-assets.fondazionepirelli.org\/wp-content\/uploads\/2019\/05\/20101514\/14538125001517521212.jpg","contentUrl":"https:\/\/wpsite-assets.fondazionepirelli.org\/wp-content\/uploads\/2019\/05\/20101514\/14538125001517521212.jpg","width":249,"height":375},{"@type":"BreadcrumbList","@id":"https:\/\/www.fondazionepirelli.org\/it\/cultura-dimpresa\/quarta-rivoluzione-industriale-e-5milioni-di-posti-di-lavoro-bruciati-investire-su-nuove-competenze\/#breadcrumb","itemListElement":[{"@type":"ListItem","position":1,"name":"Home","item":"https:\/\/www.fondazionepirelli.org\/it\/"},{"@type":"ListItem","position":2,"name":"\u201cQuarta rivoluzione industriale\u201d e 5milioni di posti di lavoro bruciati: investire su nuove competenze"}]},{"@type":"WebSite","@id":"https:\/\/www.fondazionepirelli.org\/it\/#website","url":"https:\/\/www.fondazionepirelli.org\/it\/","name":"Fondazione Pirelli","description":"","potentialAction":[{"@type":"SearchAction","target":{"@type":"EntryPoint","urlTemplate":"https:\/\/www.fondazionepirelli.org\/it\/?s={search_term_string}"},"query-input":{"@type":"PropertyValueSpecification","valueRequired":true,"valueName":"search_term_string"}}],"inLanguage":"it-IT"},{"@type":"Person","@id":"https:\/\/www.fondazionepirelli.org\/it\/#\/schema\/person\/f47d097000832c4a6e54538c791fdf25","name":"fondadmin","image":{"@type":"ImageObject","inLanguage":"it-IT","@id":"https:\/\/www.fondazionepirelli.org\/it\/#\/schema\/person\/image\/","url":"https:\/\/secure.gravatar.com\/avatar\/e69498a9175ca244966e51e53c88712c024fcebe41f9a05f75657f1bb25e489b?s=96&d=mm&r=g","contentUrl":"https:\/\/secure.gravatar.com\/avatar\/e69498a9175ca244966e51e53c88712c024fcebe41f9a05f75657f1bb25e489b?s=96&d=mm&r=g","caption":"fondadmin"},"url":"https:\/\/www.fondazionepirelli.org\/it\/author\/fondadmin\/"}]}},"_links":{"self":[{"href":"https:\/\/www.fondazionepirelli.org\/it\/wp-json\/wp\/v2\/posts\/51114\/"}],"collection":[{"href":"https:\/\/www.fondazionepirelli.org\/it\/wp-json\/wp\/v2\/posts\/"}],"about":[{"href":"https:\/\/www.fondazionepirelli.org\/it\/wp-json\/wp\/v2\/types\/post\/"}],"author":[{"embeddable":true,"href":"https:\/\/www.fondazionepirelli.org\/it\/wp-json\/wp\/v2\/users\/1\/"}],"replies":[{"embeddable":true,"href":"https:\/\/www.fondazionepirelli.org\/it\/wp-json\/wp\/v2\/comments\/?post=51114"}],"version-history":[{"count":2,"href":"https:\/\/www.fondazionepirelli.org\/it\/wp-json\/wp\/v2\/posts\/51114\/revisions\/"}],"predecessor-version":[{"id":55757,"href":"https:\/\/www.fondazionepirelli.org\/it\/wp-json\/wp\/v2\/posts\/51114\/revisions\/55757\/"}],"wp:featuredmedia":[{"embeddable":true,"href":"https:\/\/www.fondazionepirelli.org\/it\/wp-json\/wp\/v2\/media\/51115\/"}],"wp:attachment":[{"href":"https:\/\/www.fondazionepirelli.org\/it\/wp-json\/wp\/v2\/media\/?parent=51114"}],"wp:term":[{"taxonomy":"category","embeddable":true,"href":"https:\/\/www.fondazionepirelli.org\/it\/wp-json\/wp\/v2\/categories\/?post=51114"},{"taxonomy":"post_tag","embeddable":true,"href":"https:\/\/www.fondazionepirelli.org\/it\/wp-json\/wp\/v2\/tags\/?post=51114"}],"curies":[{"name":"wp","href":"https:\/\/api.w.org\/{rel}","templated":true}]}}