{"id":51136,"date":"2016-01-11T00:00:00","date_gmt":"2016-01-11T00:00:00","guid":{"rendered":"http:\/\/www.fondazionepirelli.org\/fondazione-pirelli\/design-e-industria-la-lezione-attuale-di-sapper-bellezza-come-risultato-dutilita\/"},"modified":"2019-05-21T16:51:15","modified_gmt":"2019-05-21T16:51:15","slug":"design-e-industria-la-lezione-attuale-di-sapper-bellezza-come-risultato-dutilita","status":"publish","type":"post","link":"https:\/\/www.fondazionepirelli.org\/it\/cultura-dimpresa\/design-e-industria-la-lezione-attuale-di-sapper-bellezza-come-risultato-dutilita\/","title":{"rendered":"Design e industria, la lezione attuale di Sapper: bellezza come risultato d\u2019utilit\u00e0"},"content":{"rendered":"<p>\u201cIl buon design non deve essere riconoscibile solo per le belle linee, ma anche per la sua intelligenza\u201d. La definizione \u00e8 di <strong>Deyan Sudjic<\/strong>, direttore del <strong>Design Museum<\/strong> di Londra. E\u2019 dedicata alla memoria di <strong>Richard Sapper<\/strong>, il grande designer tedesco (e molto italiano) morto ai primi di gennaio, a 83 anni (ne parla Stefano Bucci in un bell\u2019articolo sul Corriere della sera del 5 gennaio). Ed \u00e8 utile per ragionare sulla lezione, ancora attualissima, di quei maestri del design e della grande grafica come appunto Sapper, ma anche Ponti, Castiglioni, Magistretti, Mari, Albini, Aulenti, Zanuso, Sottsass, Branzi, Munari, Noorda, Mendini (attivissimi in Pirelli, gli ultimi tre, anche per le pi\u00f9 innovative campagne pubblicitarie degli anni Sessanta e Settanta) e tanti altri ancora, che hanno avuto un ruolo essenziale per l\u2019affermazione del design come asset particolare della competitivit\u00e0 dell\u2019industria italiana, come cardine attorno a cui costruire oggetti segnati da qualit\u00e0 estetica e funzionalit\u00e0, tanto da costruire l\u2019originalit\u00e0 del \u201cbello e ben fatto\u201d. Un valore economico e culturale che ha ancora un suo grande peso.<\/p>\n<p>Tedesco, Sapper. Arrivato in Italia nel 1958, dopo una prima esperienza di lavoro nel reparto styling della Mercedes Benz. E subito ben capace di ambientarsi, nello studio di <strong>Gio Ponti<\/strong> e poi nell\u2019ufficio design della <strong>Rinascente<\/strong>, in quel clima effervescente degli anni che incubavano il \u201c<strong>miracolo economico<\/strong>\u201d, il boom dell\u2019industria italiana aperta all\u2019export e ai successi di un\u2019infinit\u00e0 di oggetti, dall\u2019auto agli elettrodomestici, dai pneumatici Pirelli alle plastiche <strong>Moplen<\/strong> della Montecatini, dall\u2019arredamento alle macchine utensili, confermando cos\u00ec la lezione d\u2019un grande storico dell\u2019economia, Carlo Maria Cipolla, sugli \u201citaliani abituati, fin dal Medio Evo, a produrre all\u2019ombra dei campanili cose belle che piacciono al mondo\u201d.<\/p>\n<p>Milanesissimo, dunque, il \u201ctedesco\u201d Sapper. Milanese per lavoro e per scelta di vita, sino alla fine. Padre di oggetti che hanno segnato vita quotidiana, gusto, stile, di intere generazioni di consumatori italiani e internazionali, dalla geniale ed essenziale lampada \u201c<strong>Tizio<\/strong>\u201d per Artemide alla caffettiera 9090 e al bollitore 9091 per Alessi, dalla \u201c<strong>Sapper Chair Collection<\/strong>\u201d per Knoll ai sistemi d\u2019ufficio \u201cDalle nove alle cinque\u201d per castelli, dai telefoni \u201cGrillo\u201d per Siemens al computer \u201cThink Pad 700 C\u201d per Ibm. Cui sono da aggiungere gli oggetti frutto di lungo e intense collaborazioni con Gae Aulenti e soprattutto con Marco Zanuso, come la radio \u201cCubo\u201d e le Tv per Brionvega: hi tech e bellezza, appunto.<\/p>\n<p>La testimonianza sta nella motivazione con cui nel 2014 gli \u00e8 stato assegnato l\u2019ennesimo \u201c<strong>Compasso d\u2019oro\u201d<\/strong>, l\u2019undicesimo, quello \u201calla carriera\u201d: \u201cPer aver unito il rigore tedesco e la genialit\u00e0 nel disegnare una moltitudine di prodotti straordinari e di grande successo in ambiti anche molto distanti tra loro\u201d.<\/p>\n<p>Un lavoro di lunga durata. E una ricerca costante d\u2019innovazione: \u201cIl tempo \u00e8 una delle poche cose che possono definire la qualit\u00e0 di un oggetto\u201d, amava dire. Una sintesi analoga alla lezione di un altro grande designer italiano, Dino Gavina: \u201cModerno \u00e8 ci\u00f2 che \u00e8 degno di diventare antico\u2026 moderno \u00e8 lo spirito dei tempi, ma la forma vera non pu\u00f2 che essere classica\u201d.<\/p>\n<p>Memoria e futuro, identit\u00e0 e ricerca, appunto. Valori forti, di cui c\u2019\u00e8 ampia traccia anche nelle pagine di questo blog sulla migliore cultura d\u2019impresa italiana. E su cui si continua a giocare buona parte delle competitivit\u00e0 dell\u2019industria manifatturiera italiana. Per dirla alla Sapper, ricordato da Marco Belpoliti su \u201cLa Stampa\u201d: \u201cCreare oggetti belli seguendo il problem solving: dare un senso alla forma, la bellezza quale risultato dell\u2019utilit\u00e0\u201d.<\/p>\n","protected":false},"excerpt":{"rendered":"<p>\u201cIl buon design non deve essere riconoscibile solo per le belle linee, ma anche per la sua intelligenza\u201d. La definizione \u00e8 di Deyan Sudjic, direttore del Design Museum di Londra. E\u2019 dedicata alla memoria di Richard Sapper, il grande designer tedesco (e molto italiano) morto ai primi di gennaio, a 83 anni (ne parla Stefano [&hellip;]<\/p>\n","protected":false},"author":1,"featured_media":51137,"comment_status":"open","ping_status":"open","sticky":false,"template":"","format":"standard","meta":{"footnotes":""},"categories":[53,52],"tags":[],"class_list":["post-51136","post","type-post","status-publish","format-standard","has-post-thumbnail","hentry","category-blog","category-cultura-dimpresa"],"acf":[],"yoast_head":"<!-- This site is optimized with the Yoast SEO plugin v25.0 - https:\/\/yoast.com\/wordpress\/plugins\/seo\/ -->\n<title>Design e industria, la lezione attuale di Sapper: bellezza come risultato d\u2019utilit\u00e0 - Fondazione Pirelli<\/title>\n<meta name=\"robots\" content=\"index, follow, max-snippet:-1, max-image-preview:large, max-video-preview:-1\" \/>\n<link rel=\"canonical\" href=\"https:\/\/www.fondazionepirelli.org\/it\/cultura-dimpresa\/design-e-industria-la-lezione-attuale-di-sapper-bellezza-come-risultato-dutilita\/\" \/>\n<meta property=\"og:locale\" content=\"it_IT\" \/>\n<meta property=\"og:type\" content=\"article\" \/>\n<meta property=\"og:title\" content=\"Design e industria, la lezione attuale di Sapper: bellezza come risultato d\u2019utilit\u00e0 - Fondazione Pirelli\" \/>\n<meta property=\"og:description\" content=\"\u201cIl buon design non deve essere riconoscibile solo per le belle linee, ma anche per la sua intelligenza\u201d. La definizione \u00e8 di Deyan Sudjic, direttore del Design Museum di Londra. E\u2019 dedicata alla memoria di Richard Sapper, il grande designer tedesco (e molto italiano) morto ai primi di gennaio, a 83 anni (ne parla Stefano [&hellip;]\" \/>\n<meta property=\"og:url\" content=\"https:\/\/www.fondazionepirelli.org\/it\/cultura-dimpresa\/design-e-industria-la-lezione-attuale-di-sapper-bellezza-come-risultato-dutilita\/\" \/>\n<meta property=\"og:site_name\" content=\"Fondazione Pirelli\" \/>\n<meta property=\"article:published_time\" content=\"2016-01-11T00:00:00+00:00\" \/>\n<meta property=\"article:modified_time\" content=\"2019-05-21T16:51:15+00:00\" \/>\n<meta property=\"og:image\" content=\"https:\/\/wpsite-assets.fondazionepirelli.org\/wp-content\/uploads\/2019\/05\/20101511\/1452586206983026982.jpg\" \/>\n\t<meta property=\"og:image:width\" content=\"249\" \/>\n\t<meta property=\"og:image:height\" content=\"375\" \/>\n\t<meta property=\"og:image:type\" content=\"image\/jpeg\" \/>\n<meta name=\"author\" content=\"fondadmin\" \/>\n<meta name=\"twitter:card\" content=\"summary_large_image\" \/>\n<meta name=\"twitter:label1\" content=\"Scritto da\" \/>\n\t<meta name=\"twitter:data1\" content=\"fondadmin\" \/>\n\t<meta name=\"twitter:label2\" content=\"Tempo di lettura stimato\" \/>\n\t<meta name=\"twitter:data2\" content=\"3 minuti\" \/>\n<script type=\"application\/ld+json\" class=\"yoast-schema-graph\">{\"@context\":\"https:\/\/schema.org\",\"@graph\":[{\"@type\":\"WebPage\",\"@id\":\"https:\/\/www.fondazionepirelli.org\/it\/cultura-dimpresa\/design-e-industria-la-lezione-attuale-di-sapper-bellezza-come-risultato-dutilita\/\",\"url\":\"https:\/\/www.fondazionepirelli.org\/it\/cultura-dimpresa\/design-e-industria-la-lezione-attuale-di-sapper-bellezza-come-risultato-dutilita\/\",\"name\":\"Design e industria, la lezione attuale di Sapper: bellezza come risultato d\u2019utilit\u00e0 - Fondazione Pirelli\",\"isPartOf\":{\"@id\":\"https:\/\/www.fondazionepirelli.org\/it\/#website\"},\"primaryImageOfPage\":{\"@id\":\"https:\/\/www.fondazionepirelli.org\/it\/cultura-dimpresa\/design-e-industria-la-lezione-attuale-di-sapper-bellezza-come-risultato-dutilita\/#primaryimage\"},\"image\":{\"@id\":\"https:\/\/www.fondazionepirelli.org\/it\/cultura-dimpresa\/design-e-industria-la-lezione-attuale-di-sapper-bellezza-come-risultato-dutilita\/#primaryimage\"},\"thumbnailUrl\":\"https:\/\/wpsite-assets.fondazionepirelli.org\/wp-content\/uploads\/2019\/05\/20101511\/1452586206983026982.jpg\",\"datePublished\":\"2016-01-11T00:00:00+00:00\",\"dateModified\":\"2019-05-21T16:51:15+00:00\",\"author\":{\"@id\":\"https:\/\/www.fondazionepirelli.org\/it\/#\/schema\/person\/f47d097000832c4a6e54538c791fdf25\"},\"breadcrumb\":{\"@id\":\"https:\/\/www.fondazionepirelli.org\/it\/cultura-dimpresa\/design-e-industria-la-lezione-attuale-di-sapper-bellezza-come-risultato-dutilita\/#breadcrumb\"},\"inLanguage\":\"it-IT\",\"potentialAction\":[{\"@type\":\"ReadAction\",\"target\":[\"https:\/\/www.fondazionepirelli.org\/it\/cultura-dimpresa\/design-e-industria-la-lezione-attuale-di-sapper-bellezza-come-risultato-dutilita\/\"]}]},{\"@type\":\"ImageObject\",\"inLanguage\":\"it-IT\",\"@id\":\"https:\/\/www.fondazionepirelli.org\/it\/cultura-dimpresa\/design-e-industria-la-lezione-attuale-di-sapper-bellezza-come-risultato-dutilita\/#primaryimage\",\"url\":\"https:\/\/wpsite-assets.fondazionepirelli.org\/wp-content\/uploads\/2019\/05\/20101511\/1452586206983026982.jpg\",\"contentUrl\":\"https:\/\/wpsite-assets.fondazionepirelli.org\/wp-content\/uploads\/2019\/05\/20101511\/1452586206983026982.jpg\",\"width\":249,\"height\":375},{\"@type\":\"BreadcrumbList\",\"@id\":\"https:\/\/www.fondazionepirelli.org\/it\/cultura-dimpresa\/design-e-industria-la-lezione-attuale-di-sapper-bellezza-come-risultato-dutilita\/#breadcrumb\",\"itemListElement\":[{\"@type\":\"ListItem\",\"position\":1,\"name\":\"Home\",\"item\":\"https:\/\/www.fondazionepirelli.org\/it\/\"},{\"@type\":\"ListItem\",\"position\":2,\"name\":\"Design e industria, la lezione attuale di Sapper: bellezza come risultato d\u2019utilit\u00e0\"}]},{\"@type\":\"WebSite\",\"@id\":\"https:\/\/www.fondazionepirelli.org\/it\/#website\",\"url\":\"https:\/\/www.fondazionepirelli.org\/it\/\",\"name\":\"Fondazione Pirelli\",\"description\":\"\",\"potentialAction\":[{\"@type\":\"SearchAction\",\"target\":{\"@type\":\"EntryPoint\",\"urlTemplate\":\"https:\/\/www.fondazionepirelli.org\/it\/?s={search_term_string}\"},\"query-input\":{\"@type\":\"PropertyValueSpecification\",\"valueRequired\":true,\"valueName\":\"search_term_string\"}}],\"inLanguage\":\"it-IT\"},{\"@type\":\"Person\",\"@id\":\"https:\/\/www.fondazionepirelli.org\/it\/#\/schema\/person\/f47d097000832c4a6e54538c791fdf25\",\"name\":\"fondadmin\",\"image\":{\"@type\":\"ImageObject\",\"inLanguage\":\"it-IT\",\"@id\":\"https:\/\/www.fondazionepirelli.org\/it\/#\/schema\/person\/image\/\",\"url\":\"https:\/\/secure.gravatar.com\/avatar\/e69498a9175ca244966e51e53c88712c024fcebe41f9a05f75657f1bb25e489b?s=96&d=mm&r=g\",\"contentUrl\":\"https:\/\/secure.gravatar.com\/avatar\/e69498a9175ca244966e51e53c88712c024fcebe41f9a05f75657f1bb25e489b?s=96&d=mm&r=g\",\"caption\":\"fondadmin\"},\"url\":\"https:\/\/www.fondazionepirelli.org\/it\/author\/fondadmin\/\"}]}<\/script>\n<!-- \/ Yoast SEO plugin. -->","yoast_head_json":{"title":"Design e industria, la lezione attuale di Sapper: bellezza come risultato d\u2019utilit\u00e0 - Fondazione Pirelli","robots":{"index":"index","follow":"follow","max-snippet":"max-snippet:-1","max-image-preview":"max-image-preview:large","max-video-preview":"max-video-preview:-1"},"canonical":"https:\/\/www.fondazionepirelli.org\/it\/cultura-dimpresa\/design-e-industria-la-lezione-attuale-di-sapper-bellezza-come-risultato-dutilita\/","og_locale":"it_IT","og_type":"article","og_title":"Design e industria, la lezione attuale di Sapper: bellezza come risultato d\u2019utilit\u00e0 - Fondazione Pirelli","og_description":"\u201cIl buon design non deve essere riconoscibile solo per le belle linee, ma anche per la sua intelligenza\u201d. La definizione \u00e8 di Deyan Sudjic, direttore del Design Museum di Londra. E\u2019 dedicata alla memoria di Richard Sapper, il grande designer tedesco (e molto italiano) morto ai primi di gennaio, a 83 anni (ne parla Stefano [&hellip;]","og_url":"https:\/\/www.fondazionepirelli.org\/it\/cultura-dimpresa\/design-e-industria-la-lezione-attuale-di-sapper-bellezza-come-risultato-dutilita\/","og_site_name":"Fondazione Pirelli","article_published_time":"2016-01-11T00:00:00+00:00","article_modified_time":"2019-05-21T16:51:15+00:00","og_image":[{"width":249,"height":375,"url":"https:\/\/wpsite-assets.fondazionepirelli.org\/wp-content\/uploads\/2019\/05\/20101511\/1452586206983026982.jpg","type":"image\/jpeg"}],"author":"fondadmin","twitter_card":"summary_large_image","twitter_misc":{"Scritto da":"fondadmin","Tempo di lettura stimato":"3 minuti"},"schema":{"@context":"https:\/\/schema.org","@graph":[{"@type":"WebPage","@id":"https:\/\/www.fondazionepirelli.org\/it\/cultura-dimpresa\/design-e-industria-la-lezione-attuale-di-sapper-bellezza-come-risultato-dutilita\/","url":"https:\/\/www.fondazionepirelli.org\/it\/cultura-dimpresa\/design-e-industria-la-lezione-attuale-di-sapper-bellezza-come-risultato-dutilita\/","name":"Design e industria, la lezione attuale di Sapper: bellezza come risultato d\u2019utilit\u00e0 - Fondazione Pirelli","isPartOf":{"@id":"https:\/\/www.fondazionepirelli.org\/it\/#website"},"primaryImageOfPage":{"@id":"https:\/\/www.fondazionepirelli.org\/it\/cultura-dimpresa\/design-e-industria-la-lezione-attuale-di-sapper-bellezza-come-risultato-dutilita\/#primaryimage"},"image":{"@id":"https:\/\/www.fondazionepirelli.org\/it\/cultura-dimpresa\/design-e-industria-la-lezione-attuale-di-sapper-bellezza-come-risultato-dutilita\/#primaryimage"},"thumbnailUrl":"https:\/\/wpsite-assets.fondazionepirelli.org\/wp-content\/uploads\/2019\/05\/20101511\/1452586206983026982.jpg","datePublished":"2016-01-11T00:00:00+00:00","dateModified":"2019-05-21T16:51:15+00:00","author":{"@id":"https:\/\/www.fondazionepirelli.org\/it\/#\/schema\/person\/f47d097000832c4a6e54538c791fdf25"},"breadcrumb":{"@id":"https:\/\/www.fondazionepirelli.org\/it\/cultura-dimpresa\/design-e-industria-la-lezione-attuale-di-sapper-bellezza-come-risultato-dutilita\/#breadcrumb"},"inLanguage":"it-IT","potentialAction":[{"@type":"ReadAction","target":["https:\/\/www.fondazionepirelli.org\/it\/cultura-dimpresa\/design-e-industria-la-lezione-attuale-di-sapper-bellezza-come-risultato-dutilita\/"]}]},{"@type":"ImageObject","inLanguage":"it-IT","@id":"https:\/\/www.fondazionepirelli.org\/it\/cultura-dimpresa\/design-e-industria-la-lezione-attuale-di-sapper-bellezza-come-risultato-dutilita\/#primaryimage","url":"https:\/\/wpsite-assets.fondazionepirelli.org\/wp-content\/uploads\/2019\/05\/20101511\/1452586206983026982.jpg","contentUrl":"https:\/\/wpsite-assets.fondazionepirelli.org\/wp-content\/uploads\/2019\/05\/20101511\/1452586206983026982.jpg","width":249,"height":375},{"@type":"BreadcrumbList","@id":"https:\/\/www.fondazionepirelli.org\/it\/cultura-dimpresa\/design-e-industria-la-lezione-attuale-di-sapper-bellezza-come-risultato-dutilita\/#breadcrumb","itemListElement":[{"@type":"ListItem","position":1,"name":"Home","item":"https:\/\/www.fondazionepirelli.org\/it\/"},{"@type":"ListItem","position":2,"name":"Design e industria, la lezione attuale di Sapper: bellezza come risultato d\u2019utilit\u00e0"}]},{"@type":"WebSite","@id":"https:\/\/www.fondazionepirelli.org\/it\/#website","url":"https:\/\/www.fondazionepirelli.org\/it\/","name":"Fondazione Pirelli","description":"","potentialAction":[{"@type":"SearchAction","target":{"@type":"EntryPoint","urlTemplate":"https:\/\/www.fondazionepirelli.org\/it\/?s={search_term_string}"},"query-input":{"@type":"PropertyValueSpecification","valueRequired":true,"valueName":"search_term_string"}}],"inLanguage":"it-IT"},{"@type":"Person","@id":"https:\/\/www.fondazionepirelli.org\/it\/#\/schema\/person\/f47d097000832c4a6e54538c791fdf25","name":"fondadmin","image":{"@type":"ImageObject","inLanguage":"it-IT","@id":"https:\/\/www.fondazionepirelli.org\/it\/#\/schema\/person\/image\/","url":"https:\/\/secure.gravatar.com\/avatar\/e69498a9175ca244966e51e53c88712c024fcebe41f9a05f75657f1bb25e489b?s=96&d=mm&r=g","contentUrl":"https:\/\/secure.gravatar.com\/avatar\/e69498a9175ca244966e51e53c88712c024fcebe41f9a05f75657f1bb25e489b?s=96&d=mm&r=g","caption":"fondadmin"},"url":"https:\/\/www.fondazionepirelli.org\/it\/author\/fondadmin\/"}]}},"_links":{"self":[{"href":"https:\/\/www.fondazionepirelli.org\/it\/wp-json\/wp\/v2\/posts\/51136\/"}],"collection":[{"href":"https:\/\/www.fondazionepirelli.org\/it\/wp-json\/wp\/v2\/posts\/"}],"about":[{"href":"https:\/\/www.fondazionepirelli.org\/it\/wp-json\/wp\/v2\/types\/post\/"}],"author":[{"embeddable":true,"href":"https:\/\/www.fondazionepirelli.org\/it\/wp-json\/wp\/v2\/users\/1\/"}],"replies":[{"embeddable":true,"href":"https:\/\/www.fondazionepirelli.org\/it\/wp-json\/wp\/v2\/comments\/?post=51136"}],"version-history":[{"count":1,"href":"https:\/\/www.fondazionepirelli.org\/it\/wp-json\/wp\/v2\/posts\/51136\/revisions\/"}],"predecessor-version":[{"id":55753,"href":"https:\/\/www.fondazionepirelli.org\/it\/wp-json\/wp\/v2\/posts\/51136\/revisions\/55753\/"}],"wp:featuredmedia":[{"embeddable":true,"href":"https:\/\/www.fondazionepirelli.org\/it\/wp-json\/wp\/v2\/media\/51137\/"}],"wp:attachment":[{"href":"https:\/\/www.fondazionepirelli.org\/it\/wp-json\/wp\/v2\/media\/?parent=51136"}],"wp:term":[{"taxonomy":"category","embeddable":true,"href":"https:\/\/www.fondazionepirelli.org\/it\/wp-json\/wp\/v2\/categories\/?post=51136"},{"taxonomy":"post_tag","embeddable":true,"href":"https:\/\/www.fondazionepirelli.org\/it\/wp-json\/wp\/v2\/tags\/?post=51136"}],"curies":[{"name":"wp","href":"https:\/\/api.w.org\/{rel}","templated":true}]}}