{"id":51390,"date":"2017-12-05T00:00:00","date_gmt":"2017-12-04T22:00:00","guid":{"rendered":"http:\/\/www.fondazionepirelli.org\/fondazione-pirelli\/imprese-in-cerca-di-nuovi-sogni-da-realizzare\/"},"modified":"2019-10-28T17:18:20","modified_gmt":"2019-10-28T15:18:20","slug":"imprese-in-cerca-di-nuovi-sogni-da-realizzare","status":"publish","type":"post","link":"https:\/\/www.fondazionepirelli.org\/it\/cultura-dimpresa\/imprese-in-cerca-di-nuovi-sogni-da-realizzare\/","title":{"rendered":"Imprese in cerca di nuovi sogni da realizzare"},"content":{"rendered":"<p><em>Pubblicato il 51\u00b0 Rapporto Censis che delinea il quadro nel quale si colloca l\u2019agire delle aziende<\/em><\/p>\n<p>Comprendere in quale contesto si svolge la propria attivit\u00e0 \u00e8 importante; per l\u2019impresa diventa fondamentale. Componente determinante di una avveduta cultura del produrre, la consapevolezza dell\u2019ambito sociale (oltre che economico), nel quale si agisce, fa bene ai bilanci e alle strategie, ma anche al clima d\u2019azienda e all\u2019organizzazione umana della produzione. Leggere l\u2019annuale Rapporto Censis sulla situazione sociale del Paese \u00e8 quindi cosa utile per gli imprenditori e i <em>manager <\/em>\u00a0attenti. Soprattutto quest\u2019anno.<\/p>\n<p>Censis delinea una situazione caratterizzata dalla ripartenza dell\u2019industria ma da quello che pare lo smarrimento delle istanze positive della societ\u00e0. Riprende a crescere il benessere, ma sembra si stiano perdendo \u00a0le spinte alla coesione e verso gli ideali di un buon assetto sociale. Segnali preoccupanti anche per le imprese e soprattutto per la formazione e alimentazione di una cultura del produrre che sia corretta, universale e sostenibile.<\/p>\n<p>Censis \u00e8 impietoso e parla del fatto che gli \u201citaliani vivono un quieto andare nella ripresa dopo i duri anni del \u2018taglia e sopravvivi\u2019\u201d. E non solo. Il Rapporto spiega come lo stesso migliore clima economico e produttivo nasconda pericoli importanti. \u201cNella ripresa \u2013 viene scritto -, \u00a0persistono trascinamenti inerziali da maneggiare con cura. Non si \u00e8 distribuito il dividendo sociale della ripresa economica e il blocco della mobilit\u00e0 sociale crea rancore\u201d. Censis poi prosegue facendo un confronto importante: \u201cNell\u2019Italia del miracolo economico il ciclo espansivo era accompagnato da miti positivi che fungevano da motore alla crescita economica e identitaria della nazione. Ma adesso l\u2019immaginario collettivo ha perso forza propulsiva\u201d.<\/p>\n<p>Certo, gli elementi positivi non mancano, ma \u00e8 soprattutto con le situazioni fragili e delicate che deve confrontarsi l\u2019agire delle organizzazioni della produzione e l\u2019idea stessa di impresa che possono originare. Fabbriche, uffici e contesti produttivi devono cio\u00e8 fare i conti con un quadro in cui pare non vi siano pi\u00f9 sogni da rendere realt\u00e0. Spiega in una nota al Rapporto lo stesso Censis: \u201cIl futuro si \u00e8 incollato al presente. Ma proprio lo spazio che separa il presente dal futuro \u00e8 il luogo della crescita. Il prezzo che abbiamo pagato a questo decennio di progresso sottotraccia \u00e8 proprio il consumo, senza sostituzione, di quella passione per il futuro che esorta, sospinge, sprona ad affrettarsi, senza volgersi indietro. Ora il nostro futuro si prepara sul binomio tecnologia-territorio: sulla preparazione alla tecnologia con solidi sistemi di formazione e sulla valorizzazione del territorio con adeguate funzioni di rappresentanza politica ed economica\u201d.<\/p>\n<p>Il Rapporto Censis \u00e8 come di consueto una lettura da fare e rifare con attenzione e che indica con chiarezza il quadro generale e quelli particolari di un Paese che continua ad avere dalla sua grandi risorse ma altrettanto grandi carenze. E nel quale le imprese e la loro migliore cultura del produrre devono trovare spazi nuovi d\u2019azione.<\/p><p><strong>51\u00b0 Rapporto sulla situazione sociale del Paese\/2017<\/strong><\/p>\n<p>Censis<\/p>\n<p>Franco Angeli, 2017<\/p>","protected":false},"excerpt":{"rendered":"<p>Pubblicato il 51\u00b0 Rapporto Censis che delinea il quadro nel quale si colloca l\u2019agire delle aziende Comprendere in quale contesto si svolge la propria attivit\u00e0 \u00e8 importante; per l\u2019impresa diventa fondamentale. Componente determinante di una avveduta cultura del produrre, la consapevolezza dell\u2019ambito sociale (oltre che economico), nel quale si agisce, fa bene ai bilanci e [&hellip;]<\/p>\n","protected":false},"author":1,"featured_media":51391,"comment_status":"open","ping_status":"open","sticky":false,"template":"","format":"standard","meta":{"footnotes":""},"categories":[54,52],"tags":[],"class_list":["post-51390","post","type-post","status-publish","format-standard","has-post-thumbnail","hentry","category-approfondimenti","category-cultura-dimpresa"],"acf":[],"yoast_head":"<!-- This site is optimized with the Yoast SEO plugin v25.0 - https:\/\/yoast.com\/wordpress\/plugins\/seo\/ -->\n<title>Imprese in cerca di nuovi sogni da realizzare - Fondazione Pirelli<\/title>\n<meta name=\"robots\" content=\"index, follow, max-snippet:-1, max-image-preview:large, max-video-preview:-1\" \/>\n<link rel=\"canonical\" href=\"https:\/\/www.fondazionepirelli.org\/it\/cultura-dimpresa\/imprese-in-cerca-di-nuovi-sogni-da-realizzare\/\" \/>\n<meta property=\"og:locale\" content=\"it_IT\" \/>\n<meta property=\"og:type\" content=\"article\" \/>\n<meta property=\"og:title\" content=\"Imprese in cerca di nuovi sogni da realizzare - Fondazione Pirelli\" \/>\n<meta property=\"og:description\" content=\"Pubblicato il 51\u00b0 Rapporto Censis che delinea il quadro nel quale si colloca l\u2019agire delle aziende Comprendere in quale contesto si svolge la propria attivit\u00e0 \u00e8 importante; per l\u2019impresa diventa fondamentale. Componente determinante di una avveduta cultura del produrre, la consapevolezza dell\u2019ambito sociale (oltre che economico), nel quale si agisce, fa bene ai bilanci e [&hellip;]\" \/>\n<meta property=\"og:url\" content=\"https:\/\/www.fondazionepirelli.org\/it\/cultura-dimpresa\/imprese-in-cerca-di-nuovi-sogni-da-realizzare\/\" \/>\n<meta property=\"og:site_name\" content=\"Fondazione Pirelli\" \/>\n<meta property=\"article:published_time\" content=\"2017-12-04T22:00:00+00:00\" \/>\n<meta property=\"article:modified_time\" content=\"2019-10-28T15:18:20+00:00\" \/>\n<meta property=\"og:image\" content=\"https:\/\/wpsite-assets.fondazionepirelli.org\/wp-content\/uploads\/2019\/05\/20101443\/141_223.jpg\" \/>\n\t<meta property=\"og:image:width\" content=\"497\" \/>\n\t<meta property=\"og:image:height\" content=\"681\" \/>\n\t<meta property=\"og:image:type\" content=\"image\/jpeg\" \/>\n<meta name=\"author\" content=\"fondadmin\" \/>\n<meta name=\"twitter:card\" content=\"summary_large_image\" \/>\n<meta name=\"twitter:label1\" content=\"Scritto da\" \/>\n\t<meta name=\"twitter:data1\" content=\"fondadmin\" \/>\n\t<meta name=\"twitter:label2\" content=\"Tempo di lettura stimato\" \/>\n\t<meta name=\"twitter:data2\" content=\"2 minuti\" \/>\n<script type=\"application\/ld+json\" class=\"yoast-schema-graph\">{\"@context\":\"https:\/\/schema.org\",\"@graph\":[{\"@type\":\"WebPage\",\"@id\":\"https:\/\/www.fondazionepirelli.org\/it\/cultura-dimpresa\/imprese-in-cerca-di-nuovi-sogni-da-realizzare\/\",\"url\":\"https:\/\/www.fondazionepirelli.org\/it\/cultura-dimpresa\/imprese-in-cerca-di-nuovi-sogni-da-realizzare\/\",\"name\":\"Imprese in cerca di nuovi sogni da realizzare - Fondazione Pirelli\",\"isPartOf\":{\"@id\":\"https:\/\/www.fondazionepirelli.org\/it\/#website\"},\"primaryImageOfPage\":{\"@id\":\"https:\/\/www.fondazionepirelli.org\/it\/cultura-dimpresa\/imprese-in-cerca-di-nuovi-sogni-da-realizzare\/#primaryimage\"},\"image\":{\"@id\":\"https:\/\/www.fondazionepirelli.org\/it\/cultura-dimpresa\/imprese-in-cerca-di-nuovi-sogni-da-realizzare\/#primaryimage\"},\"thumbnailUrl\":\"https:\/\/wpsite-assets.fondazionepirelli.org\/wp-content\/uploads\/2019\/05\/20101443\/141_223.jpg\",\"datePublished\":\"2017-12-04T22:00:00+00:00\",\"dateModified\":\"2019-10-28T15:18:20+00:00\",\"author\":{\"@id\":\"https:\/\/www.fondazionepirelli.org\/it\/#\/schema\/person\/f47d097000832c4a6e54538c791fdf25\"},\"breadcrumb\":{\"@id\":\"https:\/\/www.fondazionepirelli.org\/it\/cultura-dimpresa\/imprese-in-cerca-di-nuovi-sogni-da-realizzare\/#breadcrumb\"},\"inLanguage\":\"it-IT\",\"potentialAction\":[{\"@type\":\"ReadAction\",\"target\":[\"https:\/\/www.fondazionepirelli.org\/it\/cultura-dimpresa\/imprese-in-cerca-di-nuovi-sogni-da-realizzare\/\"]}]},{\"@type\":\"ImageObject\",\"inLanguage\":\"it-IT\",\"@id\":\"https:\/\/www.fondazionepirelli.org\/it\/cultura-dimpresa\/imprese-in-cerca-di-nuovi-sogni-da-realizzare\/#primaryimage\",\"url\":\"https:\/\/wpsite-assets.fondazionepirelli.org\/wp-content\/uploads\/2019\/05\/20101443\/141_223.jpg\",\"contentUrl\":\"https:\/\/wpsite-assets.fondazionepirelli.org\/wp-content\/uploads\/2019\/05\/20101443\/141_223.jpg\",\"width\":497,\"height\":681,\"caption\":\"||||||\"},{\"@type\":\"BreadcrumbList\",\"@id\":\"https:\/\/www.fondazionepirelli.org\/it\/cultura-dimpresa\/imprese-in-cerca-di-nuovi-sogni-da-realizzare\/#breadcrumb\",\"itemListElement\":[{\"@type\":\"ListItem\",\"position\":1,\"name\":\"Home\",\"item\":\"https:\/\/www.fondazionepirelli.org\/it\/\"},{\"@type\":\"ListItem\",\"position\":2,\"name\":\"Imprese in cerca di nuovi sogni da realizzare\"}]},{\"@type\":\"WebSite\",\"@id\":\"https:\/\/www.fondazionepirelli.org\/it\/#website\",\"url\":\"https:\/\/www.fondazionepirelli.org\/it\/\",\"name\":\"Fondazione Pirelli\",\"description\":\"\",\"potentialAction\":[{\"@type\":\"SearchAction\",\"target\":{\"@type\":\"EntryPoint\",\"urlTemplate\":\"https:\/\/www.fondazionepirelli.org\/it\/?s={search_term_string}\"},\"query-input\":{\"@type\":\"PropertyValueSpecification\",\"valueRequired\":true,\"valueName\":\"search_term_string\"}}],\"inLanguage\":\"it-IT\"},{\"@type\":\"Person\",\"@id\":\"https:\/\/www.fondazionepirelli.org\/it\/#\/schema\/person\/f47d097000832c4a6e54538c791fdf25\",\"name\":\"fondadmin\",\"image\":{\"@type\":\"ImageObject\",\"inLanguage\":\"it-IT\",\"@id\":\"https:\/\/www.fondazionepirelli.org\/it\/#\/schema\/person\/image\/\",\"url\":\"https:\/\/secure.gravatar.com\/avatar\/e69498a9175ca244966e51e53c88712c024fcebe41f9a05f75657f1bb25e489b?s=96&d=mm&r=g\",\"contentUrl\":\"https:\/\/secure.gravatar.com\/avatar\/e69498a9175ca244966e51e53c88712c024fcebe41f9a05f75657f1bb25e489b?s=96&d=mm&r=g\",\"caption\":\"fondadmin\"},\"url\":\"https:\/\/www.fondazionepirelli.org\/it\/author\/fondadmin\/\"}]}<\/script>\n<!-- \/ Yoast SEO plugin. -->","yoast_head_json":{"title":"Imprese in cerca di nuovi sogni da realizzare - Fondazione Pirelli","robots":{"index":"index","follow":"follow","max-snippet":"max-snippet:-1","max-image-preview":"max-image-preview:large","max-video-preview":"max-video-preview:-1"},"canonical":"https:\/\/www.fondazionepirelli.org\/it\/cultura-dimpresa\/imprese-in-cerca-di-nuovi-sogni-da-realizzare\/","og_locale":"it_IT","og_type":"article","og_title":"Imprese in cerca di nuovi sogni da realizzare - Fondazione Pirelli","og_description":"Pubblicato il 51\u00b0 Rapporto Censis che delinea il quadro nel quale si colloca l\u2019agire delle aziende Comprendere in quale contesto si svolge la propria attivit\u00e0 \u00e8 importante; per l\u2019impresa diventa fondamentale. Componente determinante di una avveduta cultura del produrre, la consapevolezza dell\u2019ambito sociale (oltre che economico), nel quale si agisce, fa bene ai bilanci e [&hellip;]","og_url":"https:\/\/www.fondazionepirelli.org\/it\/cultura-dimpresa\/imprese-in-cerca-di-nuovi-sogni-da-realizzare\/","og_site_name":"Fondazione Pirelli","article_published_time":"2017-12-04T22:00:00+00:00","article_modified_time":"2019-10-28T15:18:20+00:00","og_image":[{"width":497,"height":681,"url":"https:\/\/wpsite-assets.fondazionepirelli.org\/wp-content\/uploads\/2019\/05\/20101443\/141_223.jpg","type":"image\/jpeg"}],"author":"fondadmin","twitter_card":"summary_large_image","twitter_misc":{"Scritto da":"fondadmin","Tempo di lettura stimato":"2 minuti"},"schema":{"@context":"https:\/\/schema.org","@graph":[{"@type":"WebPage","@id":"https:\/\/www.fondazionepirelli.org\/it\/cultura-dimpresa\/imprese-in-cerca-di-nuovi-sogni-da-realizzare\/","url":"https:\/\/www.fondazionepirelli.org\/it\/cultura-dimpresa\/imprese-in-cerca-di-nuovi-sogni-da-realizzare\/","name":"Imprese in cerca di nuovi sogni da realizzare - Fondazione Pirelli","isPartOf":{"@id":"https:\/\/www.fondazionepirelli.org\/it\/#website"},"primaryImageOfPage":{"@id":"https:\/\/www.fondazionepirelli.org\/it\/cultura-dimpresa\/imprese-in-cerca-di-nuovi-sogni-da-realizzare\/#primaryimage"},"image":{"@id":"https:\/\/www.fondazionepirelli.org\/it\/cultura-dimpresa\/imprese-in-cerca-di-nuovi-sogni-da-realizzare\/#primaryimage"},"thumbnailUrl":"https:\/\/wpsite-assets.fondazionepirelli.org\/wp-content\/uploads\/2019\/05\/20101443\/141_223.jpg","datePublished":"2017-12-04T22:00:00+00:00","dateModified":"2019-10-28T15:18:20+00:00","author":{"@id":"https:\/\/www.fondazionepirelli.org\/it\/#\/schema\/person\/f47d097000832c4a6e54538c791fdf25"},"breadcrumb":{"@id":"https:\/\/www.fondazionepirelli.org\/it\/cultura-dimpresa\/imprese-in-cerca-di-nuovi-sogni-da-realizzare\/#breadcrumb"},"inLanguage":"it-IT","potentialAction":[{"@type":"ReadAction","target":["https:\/\/www.fondazionepirelli.org\/it\/cultura-dimpresa\/imprese-in-cerca-di-nuovi-sogni-da-realizzare\/"]}]},{"@type":"ImageObject","inLanguage":"it-IT","@id":"https:\/\/www.fondazionepirelli.org\/it\/cultura-dimpresa\/imprese-in-cerca-di-nuovi-sogni-da-realizzare\/#primaryimage","url":"https:\/\/wpsite-assets.fondazionepirelli.org\/wp-content\/uploads\/2019\/05\/20101443\/141_223.jpg","contentUrl":"https:\/\/wpsite-assets.fondazionepirelli.org\/wp-content\/uploads\/2019\/05\/20101443\/141_223.jpg","width":497,"height":681,"caption":"||||||"},{"@type":"BreadcrumbList","@id":"https:\/\/www.fondazionepirelli.org\/it\/cultura-dimpresa\/imprese-in-cerca-di-nuovi-sogni-da-realizzare\/#breadcrumb","itemListElement":[{"@type":"ListItem","position":1,"name":"Home","item":"https:\/\/www.fondazionepirelli.org\/it\/"},{"@type":"ListItem","position":2,"name":"Imprese in cerca di nuovi sogni da realizzare"}]},{"@type":"WebSite","@id":"https:\/\/www.fondazionepirelli.org\/it\/#website","url":"https:\/\/www.fondazionepirelli.org\/it\/","name":"Fondazione Pirelli","description":"","potentialAction":[{"@type":"SearchAction","target":{"@type":"EntryPoint","urlTemplate":"https:\/\/www.fondazionepirelli.org\/it\/?s={search_term_string}"},"query-input":{"@type":"PropertyValueSpecification","valueRequired":true,"valueName":"search_term_string"}}],"inLanguage":"it-IT"},{"@type":"Person","@id":"https:\/\/www.fondazionepirelli.org\/it\/#\/schema\/person\/f47d097000832c4a6e54538c791fdf25","name":"fondadmin","image":{"@type":"ImageObject","inLanguage":"it-IT","@id":"https:\/\/www.fondazionepirelli.org\/it\/#\/schema\/person\/image\/","url":"https:\/\/secure.gravatar.com\/avatar\/e69498a9175ca244966e51e53c88712c024fcebe41f9a05f75657f1bb25e489b?s=96&d=mm&r=g","contentUrl":"https:\/\/secure.gravatar.com\/avatar\/e69498a9175ca244966e51e53c88712c024fcebe41f9a05f75657f1bb25e489b?s=96&d=mm&r=g","caption":"fondadmin"},"url":"https:\/\/www.fondazionepirelli.org\/it\/author\/fondadmin\/"}]}},"_links":{"self":[{"href":"https:\/\/www.fondazionepirelli.org\/it\/wp-json\/wp\/v2\/posts\/51390\/"}],"collection":[{"href":"https:\/\/www.fondazionepirelli.org\/it\/wp-json\/wp\/v2\/posts\/"}],"about":[{"href":"https:\/\/www.fondazionepirelli.org\/it\/wp-json\/wp\/v2\/types\/post\/"}],"author":[{"embeddable":true,"href":"https:\/\/www.fondazionepirelli.org\/it\/wp-json\/wp\/v2\/users\/1\/"}],"replies":[{"embeddable":true,"href":"https:\/\/www.fondazionepirelli.org\/it\/wp-json\/wp\/v2\/comments\/?post=51390"}],"version-history":[{"count":1,"href":"https:\/\/www.fondazionepirelli.org\/it\/wp-json\/wp\/v2\/posts\/51390\/revisions\/"}],"predecessor-version":[{"id":70550,"href":"https:\/\/www.fondazionepirelli.org\/it\/wp-json\/wp\/v2\/posts\/51390\/revisions\/70550\/"}],"wp:featuredmedia":[{"embeddable":true,"href":"https:\/\/www.fondazionepirelli.org\/it\/wp-json\/wp\/v2\/media\/51391\/"}],"wp:attachment":[{"href":"https:\/\/www.fondazionepirelli.org\/it\/wp-json\/wp\/v2\/media\/?parent=51390"}],"wp:term":[{"taxonomy":"category","embeddable":true,"href":"https:\/\/www.fondazionepirelli.org\/it\/wp-json\/wp\/v2\/categories\/?post=51390"},{"taxonomy":"post_tag","embeddable":true,"href":"https:\/\/www.fondazionepirelli.org\/it\/wp-json\/wp\/v2\/tags\/?post=51390"}],"curies":[{"name":"wp","href":"https:\/\/api.w.org\/{rel}","templated":true}]}}