{"id":51415,"date":"2017-11-23T00:00:00","date_gmt":"2017-11-23T00:00:00","guid":{"rendered":"http:\/\/www.fondazionepirelli.org\/fondazione-pirelli\/un-anno-di-biblioteche-pirelli-conversazione-tra-libri-e-cucina\/"},"modified":"2021-10-05T16:48:14","modified_gmt":"2021-10-05T15:48:14","slug":"un-anno-di-biblioteche-pirelli-conversazione-tra-libri-e-cucina","status":"publish","type":"post","link":"https:\/\/www.fondazionepirelli.org\/it\/biblioteche\/evento-biblioteche\/un-anno-di-biblioteche-pirelli-conversazione-tra-libri-e-cucina\/","title":{"rendered":"Un anno di biblioteche Pirelli. Conversazione tra libri e cucina"},"content":{"rendered":"<p>Il <strong>20 novembre<\/strong> abbiamo festeggiato il primo anno delle<strong> biblioteche aziendali<\/strong> Pirelli, parlando di libri, buona cucina e Milano. Un dialogo conviviale tra lo scrittore <strong>Alessandro Robecchi<\/strong> e il cuoco<strong> Filippo La Mantia<\/strong>, in compagnia del direttore della Fondazione Pirelli <strong>Antonio Calabr\u00f2<\/strong>.<\/p>\n<p>Alessandro Robecchi \u00e8 scrittore di libri noir ambientati a Milano e, come da buona tradizione del genere, da Nero Wolf al Commissario Montalbano, a Carlo Monterossi, la tavola \u00e8 stato il centro attorno al quale ci si \u00e8 ritrovati conversare e cucinare. Si \u00e8 parlato di Milano, la Milano nella quale \u00e8 cresciuto Alessandro Robecchi e la Milano che ha saputo e sa accogliere i migranti che vengono da ogni luogo, come ha ricordato Filippo La Mantia. La cucina \u00e8 stata uno dei principali argomenti della serata, dal panino con la milza al celebre risotto dell\u2019Adalgisa di Gadda, fino al couscous preparato per l\u2019occasione dal cuoco palermitano. Cucina e libri: un connubio che \u00e8 anche esplorazione culturale.<\/p>\n<p>Un anno per le nuove biblioteche aziendali ma quasi un secolo di biblioteche e iniziative pirelliane volte a <strong>promuovere la lettura<\/strong> e la cultura. La serata \u00e8 stata un\u2019occasione per raccontare la storia di un\u2019azienda che ha voluto e continua a voler essere protagonista nella promozione della cultura sul territorio milanese, gi\u00e0 con la <strong>prima biblioteca Pirelli<\/strong> &#8211; fondata nel <strong>1928 <\/strong>&#8211;\u00a0che \u00e8 stata attiva durante il secolo scorso, ma anche con il <strong>Centro Culturale Pirelli<\/strong>, luogo di grande fermento culturale, che ha ospitato molti artisti e scrittori della cultura milanese e non solo.<\/p>\n<p>E poi Milano, al centro del percorso espositivo <em>\u201c<strong>Visioni milanesi: Pirelli racconta la citt\u00e0<\/strong>\u201d<\/em> con il quale si \u00e8 voluto raccontare la citt\u00e0 attraverso le immagini della rivista Pirelli e i materiali storici conservati presso la Fondazione Pirelli. Un percorso visivo per narrare anche la trasformazione della Pirelli, un\u2019impresa con uno sguardo internazionale, ma profonde radici milanesi e sempre presente nella vita sociale e culturale di questa citt\u00e0.<\/p>\n","protected":false},"excerpt":{"rendered":"<p>Il 20 novembre abbiamo festeggiato il primo anno delle biblioteche aziendali Pirelli, parlando di libri, buona cucina e Milano. Un dialogo conviviale tra lo scrittore Alessandro Robecchi e il cuoco Filippo La Mantia, in compagnia del direttore della Fondazione Pirelli Antonio Calabr\u00f2. Alessandro Robecchi \u00e8 scrittore di libri noir ambientati a Milano e, come da [&hellip;]<\/p>\n","protected":false},"author":1,"featured_media":51416,"comment_status":"open","ping_status":"open","sticky":false,"template":"","format":"standard","meta":{"footnotes":""},"categories":[461],"tags":[308],"class_list":["post-51415","post","type-post","status-publish","format-standard","has-post-thumbnail","hentry","category-evento-biblioteche","tag-anniversario-biblioteche"],"acf":[],"yoast_head":"<!-- This site is optimized with the Yoast SEO plugin v25.0 - https:\/\/yoast.com\/wordpress\/plugins\/seo\/ -->\n<title>Un anno di biblioteche Pirelli | Fondazione Pirelli<\/title>\n<meta name=\"description\" content=\"Per festeggiare il primo anno delle biblioteche aziendali Pirelli un evento in cui si \u00e8 parlato di libri, buona cucina e di Milano. Scopri di pi\u00f9 sul nostro sito.\" \/>\n<meta name=\"robots\" content=\"index, follow, max-snippet:-1, max-image-preview:large, max-video-preview:-1\" \/>\n<link rel=\"canonical\" href=\"https:\/\/www.fondazionepirelli.org\/it\/biblioteche\/evento-biblioteche\/un-anno-di-biblioteche-pirelli-conversazione-tra-libri-e-cucina\/\" \/>\n<meta property=\"og:locale\" content=\"it_IT\" \/>\n<meta property=\"og:type\" content=\"article\" \/>\n<meta property=\"og:title\" content=\"Un anno di biblioteche Pirelli | Fondazione Pirelli\" \/>\n<meta property=\"og:description\" content=\"Per festeggiare il primo anno delle biblioteche aziendali Pirelli un evento in cui si \u00e8 parlato di libri, buona cucina e di Milano. Scopri di pi\u00f9 sul nostro sito.\" \/>\n<meta property=\"og:url\" content=\"https:\/\/www.fondazionepirelli.org\/it\/biblioteche\/evento-biblioteche\/un-anno-di-biblioteche-pirelli-conversazione-tra-libri-e-cucina\/\" \/>\n<meta property=\"og:site_name\" content=\"Fondazione Pirelli\" \/>\n<meta property=\"article:published_time\" content=\"2017-11-23T00:00:00+00:00\" \/>\n<meta property=\"article:modified_time\" content=\"2021-10-05T15:48:14+00:00\" \/>\n<meta property=\"og:image\" content=\"https:\/\/wpsite-assets.fondazionepirelli.org\/wp-content\/uploads\/2019\/05\/20101437\/MAR_0085-e1557418105933.jpg\" \/>\n\t<meta property=\"og:image:width\" content=\"700\" \/>\n\t<meta property=\"og:image:height\" content=\"467\" \/>\n\t<meta property=\"og:image:type\" content=\"image\/jpeg\" \/>\n<meta name=\"author\" content=\"fondadmin\" \/>\n<meta name=\"twitter:card\" content=\"summary_large_image\" \/>\n<meta name=\"twitter:label1\" content=\"Scritto da\" \/>\n\t<meta name=\"twitter:data1\" content=\"fondadmin\" \/>\n\t<meta name=\"twitter:label2\" content=\"Tempo di lettura stimato\" \/>\n\t<meta name=\"twitter:data2\" content=\"2 minuti\" \/>\n<script type=\"application\/ld+json\" class=\"yoast-schema-graph\">{\"@context\":\"https:\/\/schema.org\",\"@graph\":[{\"@type\":\"WebPage\",\"@id\":\"https:\/\/www.fondazionepirelli.org\/it\/biblioteche\/evento-biblioteche\/un-anno-di-biblioteche-pirelli-conversazione-tra-libri-e-cucina\/\",\"url\":\"https:\/\/www.fondazionepirelli.org\/it\/biblioteche\/evento-biblioteche\/un-anno-di-biblioteche-pirelli-conversazione-tra-libri-e-cucina\/\",\"name\":\"Un anno di biblioteche Pirelli | Fondazione Pirelli\",\"isPartOf\":{\"@id\":\"https:\/\/www.fondazionepirelli.org\/it\/#website\"},\"primaryImageOfPage\":{\"@id\":\"https:\/\/www.fondazionepirelli.org\/it\/biblioteche\/evento-biblioteche\/un-anno-di-biblioteche-pirelli-conversazione-tra-libri-e-cucina\/#primaryimage\"},\"image\":{\"@id\":\"https:\/\/www.fondazionepirelli.org\/it\/biblioteche\/evento-biblioteche\/un-anno-di-biblioteche-pirelli-conversazione-tra-libri-e-cucina\/#primaryimage\"},\"thumbnailUrl\":\"https:\/\/wpsite-assets.fondazionepirelli.org\/wp-content\/uploads\/2019\/05\/20101437\/MAR_0085-e1557418105933.jpg\",\"datePublished\":\"2017-11-23T00:00:00+00:00\",\"dateModified\":\"2021-10-05T15:48:14+00:00\",\"author\":{\"@id\":\"https:\/\/www.fondazionepirelli.org\/it\/#\/schema\/person\/f47d097000832c4a6e54538c791fdf25\"},\"description\":\"Per festeggiare il primo anno delle biblioteche aziendali Pirelli un evento in cui si \u00e8 parlato di libri, buona cucina e di Milano. Scopri di pi\u00f9 sul nostro sito.\",\"breadcrumb\":{\"@id\":\"https:\/\/www.fondazionepirelli.org\/it\/biblioteche\/evento-biblioteche\/un-anno-di-biblioteche-pirelli-conversazione-tra-libri-e-cucina\/#breadcrumb\"},\"inLanguage\":\"it-IT\",\"potentialAction\":[{\"@type\":\"ReadAction\",\"target\":[\"https:\/\/www.fondazionepirelli.org\/it\/biblioteche\/evento-biblioteche\/un-anno-di-biblioteche-pirelli-conversazione-tra-libri-e-cucina\/\"]}]},{\"@type\":\"ImageObject\",\"inLanguage\":\"it-IT\",\"@id\":\"https:\/\/www.fondazionepirelli.org\/it\/biblioteche\/evento-biblioteche\/un-anno-di-biblioteche-pirelli-conversazione-tra-libri-e-cucina\/#primaryimage\",\"url\":\"https:\/\/wpsite-assets.fondazionepirelli.org\/wp-content\/uploads\/2019\/05\/20101437\/MAR_0085-e1557418105933.jpg\",\"contentUrl\":\"https:\/\/wpsite-assets.fondazionepirelli.org\/wp-content\/uploads\/2019\/05\/20101437\/MAR_0085-e1557418105933.jpg\",\"width\":700,\"height\":467},{\"@type\":\"BreadcrumbList\",\"@id\":\"https:\/\/www.fondazionepirelli.org\/it\/biblioteche\/evento-biblioteche\/un-anno-di-biblioteche-pirelli-conversazione-tra-libri-e-cucina\/#breadcrumb\",\"itemListElement\":[{\"@type\":\"ListItem\",\"position\":1,\"name\":\"Home\",\"item\":\"https:\/\/www.fondazionepirelli.org\/it\/\"},{\"@type\":\"ListItem\",\"position\":2,\"name\":\"Un anno di biblioteche Pirelli. Conversazione tra libri e cucina\"}]},{\"@type\":\"WebSite\",\"@id\":\"https:\/\/www.fondazionepirelli.org\/it\/#website\",\"url\":\"https:\/\/www.fondazionepirelli.org\/it\/\",\"name\":\"Fondazione Pirelli\",\"description\":\"\",\"potentialAction\":[{\"@type\":\"SearchAction\",\"target\":{\"@type\":\"EntryPoint\",\"urlTemplate\":\"https:\/\/www.fondazionepirelli.org\/it\/?s={search_term_string}\"},\"query-input\":{\"@type\":\"PropertyValueSpecification\",\"valueRequired\":true,\"valueName\":\"search_term_string\"}}],\"inLanguage\":\"it-IT\"},{\"@type\":\"Person\",\"@id\":\"https:\/\/www.fondazionepirelli.org\/it\/#\/schema\/person\/f47d097000832c4a6e54538c791fdf25\",\"name\":\"fondadmin\",\"image\":{\"@type\":\"ImageObject\",\"inLanguage\":\"it-IT\",\"@id\":\"https:\/\/www.fondazionepirelli.org\/it\/#\/schema\/person\/image\/\",\"url\":\"https:\/\/secure.gravatar.com\/avatar\/e69498a9175ca244966e51e53c88712c024fcebe41f9a05f75657f1bb25e489b?s=96&d=mm&r=g\",\"contentUrl\":\"https:\/\/secure.gravatar.com\/avatar\/e69498a9175ca244966e51e53c88712c024fcebe41f9a05f75657f1bb25e489b?s=96&d=mm&r=g\",\"caption\":\"fondadmin\"},\"url\":\"https:\/\/www.fondazionepirelli.org\/it\/author\/fondadmin\/\"}]}<\/script>\n<!-- \/ Yoast SEO plugin. -->","yoast_head_json":{"title":"Un anno di biblioteche Pirelli | Fondazione Pirelli","description":"Per festeggiare il primo anno delle biblioteche aziendali Pirelli un evento in cui si \u00e8 parlato di libri, buona cucina e di Milano. Scopri di pi\u00f9 sul nostro sito.","robots":{"index":"index","follow":"follow","max-snippet":"max-snippet:-1","max-image-preview":"max-image-preview:large","max-video-preview":"max-video-preview:-1"},"canonical":"https:\/\/www.fondazionepirelli.org\/it\/biblioteche\/evento-biblioteche\/un-anno-di-biblioteche-pirelli-conversazione-tra-libri-e-cucina\/","og_locale":"it_IT","og_type":"article","og_title":"Un anno di biblioteche Pirelli | Fondazione Pirelli","og_description":"Per festeggiare il primo anno delle biblioteche aziendali Pirelli un evento in cui si \u00e8 parlato di libri, buona cucina e di Milano. Scopri di pi\u00f9 sul nostro sito.","og_url":"https:\/\/www.fondazionepirelli.org\/it\/biblioteche\/evento-biblioteche\/un-anno-di-biblioteche-pirelli-conversazione-tra-libri-e-cucina\/","og_site_name":"Fondazione Pirelli","article_published_time":"2017-11-23T00:00:00+00:00","article_modified_time":"2021-10-05T15:48:14+00:00","og_image":[{"width":700,"height":467,"url":"https:\/\/wpsite-assets.fondazionepirelli.org\/wp-content\/uploads\/2019\/05\/20101437\/MAR_0085-e1557418105933.jpg","type":"image\/jpeg"}],"author":"fondadmin","twitter_card":"summary_large_image","twitter_misc":{"Scritto da":"fondadmin","Tempo di lettura stimato":"2 minuti"},"schema":{"@context":"https:\/\/schema.org","@graph":[{"@type":"WebPage","@id":"https:\/\/www.fondazionepirelli.org\/it\/biblioteche\/evento-biblioteche\/un-anno-di-biblioteche-pirelli-conversazione-tra-libri-e-cucina\/","url":"https:\/\/www.fondazionepirelli.org\/it\/biblioteche\/evento-biblioteche\/un-anno-di-biblioteche-pirelli-conversazione-tra-libri-e-cucina\/","name":"Un anno di biblioteche Pirelli | Fondazione Pirelli","isPartOf":{"@id":"https:\/\/www.fondazionepirelli.org\/it\/#website"},"primaryImageOfPage":{"@id":"https:\/\/www.fondazionepirelli.org\/it\/biblioteche\/evento-biblioteche\/un-anno-di-biblioteche-pirelli-conversazione-tra-libri-e-cucina\/#primaryimage"},"image":{"@id":"https:\/\/www.fondazionepirelli.org\/it\/biblioteche\/evento-biblioteche\/un-anno-di-biblioteche-pirelli-conversazione-tra-libri-e-cucina\/#primaryimage"},"thumbnailUrl":"https:\/\/wpsite-assets.fondazionepirelli.org\/wp-content\/uploads\/2019\/05\/20101437\/MAR_0085-e1557418105933.jpg","datePublished":"2017-11-23T00:00:00+00:00","dateModified":"2021-10-05T15:48:14+00:00","author":{"@id":"https:\/\/www.fondazionepirelli.org\/it\/#\/schema\/person\/f47d097000832c4a6e54538c791fdf25"},"description":"Per festeggiare il primo anno delle biblioteche aziendali Pirelli un evento in cui si \u00e8 parlato di libri, buona cucina e di Milano. Scopri di pi\u00f9 sul nostro sito.","breadcrumb":{"@id":"https:\/\/www.fondazionepirelli.org\/it\/biblioteche\/evento-biblioteche\/un-anno-di-biblioteche-pirelli-conversazione-tra-libri-e-cucina\/#breadcrumb"},"inLanguage":"it-IT","potentialAction":[{"@type":"ReadAction","target":["https:\/\/www.fondazionepirelli.org\/it\/biblioteche\/evento-biblioteche\/un-anno-di-biblioteche-pirelli-conversazione-tra-libri-e-cucina\/"]}]},{"@type":"ImageObject","inLanguage":"it-IT","@id":"https:\/\/www.fondazionepirelli.org\/it\/biblioteche\/evento-biblioteche\/un-anno-di-biblioteche-pirelli-conversazione-tra-libri-e-cucina\/#primaryimage","url":"https:\/\/wpsite-assets.fondazionepirelli.org\/wp-content\/uploads\/2019\/05\/20101437\/MAR_0085-e1557418105933.jpg","contentUrl":"https:\/\/wpsite-assets.fondazionepirelli.org\/wp-content\/uploads\/2019\/05\/20101437\/MAR_0085-e1557418105933.jpg","width":700,"height":467},{"@type":"BreadcrumbList","@id":"https:\/\/www.fondazionepirelli.org\/it\/biblioteche\/evento-biblioteche\/un-anno-di-biblioteche-pirelli-conversazione-tra-libri-e-cucina\/#breadcrumb","itemListElement":[{"@type":"ListItem","position":1,"name":"Home","item":"https:\/\/www.fondazionepirelli.org\/it\/"},{"@type":"ListItem","position":2,"name":"Un anno di biblioteche Pirelli. Conversazione tra libri e cucina"}]},{"@type":"WebSite","@id":"https:\/\/www.fondazionepirelli.org\/it\/#website","url":"https:\/\/www.fondazionepirelli.org\/it\/","name":"Fondazione Pirelli","description":"","potentialAction":[{"@type":"SearchAction","target":{"@type":"EntryPoint","urlTemplate":"https:\/\/www.fondazionepirelli.org\/it\/?s={search_term_string}"},"query-input":{"@type":"PropertyValueSpecification","valueRequired":true,"valueName":"search_term_string"}}],"inLanguage":"it-IT"},{"@type":"Person","@id":"https:\/\/www.fondazionepirelli.org\/it\/#\/schema\/person\/f47d097000832c4a6e54538c791fdf25","name":"fondadmin","image":{"@type":"ImageObject","inLanguage":"it-IT","@id":"https:\/\/www.fondazionepirelli.org\/it\/#\/schema\/person\/image\/","url":"https:\/\/secure.gravatar.com\/avatar\/e69498a9175ca244966e51e53c88712c024fcebe41f9a05f75657f1bb25e489b?s=96&d=mm&r=g","contentUrl":"https:\/\/secure.gravatar.com\/avatar\/e69498a9175ca244966e51e53c88712c024fcebe41f9a05f75657f1bb25e489b?s=96&d=mm&r=g","caption":"fondadmin"},"url":"https:\/\/www.fondazionepirelli.org\/it\/author\/fondadmin\/"}]}},"_links":{"self":[{"href":"https:\/\/www.fondazionepirelli.org\/it\/wp-json\/wp\/v2\/posts\/51415\/"}],"collection":[{"href":"https:\/\/www.fondazionepirelli.org\/it\/wp-json\/wp\/v2\/posts\/"}],"about":[{"href":"https:\/\/www.fondazionepirelli.org\/it\/wp-json\/wp\/v2\/types\/post\/"}],"author":[{"embeddable":true,"href":"https:\/\/www.fondazionepirelli.org\/it\/wp-json\/wp\/v2\/users\/1\/"}],"replies":[{"embeddable":true,"href":"https:\/\/www.fondazionepirelli.org\/it\/wp-json\/wp\/v2\/comments\/?post=51415"}],"version-history":[{"count":10,"href":"https:\/\/www.fondazionepirelli.org\/it\/wp-json\/wp\/v2\/posts\/51415\/revisions\/"}],"predecessor-version":[{"id":70873,"href":"https:\/\/www.fondazionepirelli.org\/it\/wp-json\/wp\/v2\/posts\/51415\/revisions\/70873\/"}],"wp:featuredmedia":[{"embeddable":true,"href":"https:\/\/www.fondazionepirelli.org\/it\/wp-json\/wp\/v2\/media\/51416\/"}],"wp:attachment":[{"href":"https:\/\/www.fondazionepirelli.org\/it\/wp-json\/wp\/v2\/media\/?parent=51415"}],"wp:term":[{"taxonomy":"category","embeddable":true,"href":"https:\/\/www.fondazionepirelli.org\/it\/wp-json\/wp\/v2\/categories\/?post=51415"},{"taxonomy":"post_tag","embeddable":true,"href":"https:\/\/www.fondazionepirelli.org\/it\/wp-json\/wp\/v2\/tags\/?post=51415"}],"curies":[{"name":"wp","href":"https:\/\/api.w.org\/{rel}","templated":true}]}}