{"id":51422,"date":"2017-11-21T00:00:00","date_gmt":"2017-11-21T00:00:00","guid":{"rendered":"http:\/\/www.fondazionepirelli.org\/fondazione-pirelli\/cultura-dimpresa-del-terzo-settore\/"},"modified":"2020-01-20T11:26:08","modified_gmt":"2020-01-20T10:26:08","slug":"cultura-dimpresa-del-terzo-settore","status":"publish","type":"post","link":"https:\/\/www.fondazionepirelli.org\/it\/cultura-dimpresa\/cultura-dimpresa-del-terzo-settore\/","title":{"rendered":"Cultura d\u2019impresa del terzo settore"},"content":{"rendered":"<p><em>Una tesi presentata alla Sapienza ragiona sui legami fra cambiamenti nella struttura e del mercato del lavoro ed economia sociale<\/em><\/p><p>L\u2019impresa e l\u2019occupazione cambiano con il mutare delle tecnologie a disposizione. Assunto fondamentale e, in apparenza, elementare, in realt\u00e0 il legame fra impresa, occupazione e tecnica nasconde problemi importanti e implica un continuo cambio anche della cultura del produrre. La complessit\u00e0 delle relazioni fra questi elementi \u00e8 grande. E va indagata con cautela e attenzione. \u00c8 ci\u00f2 che ha provato a fare guardando ad una parte della questione, \u00a0Federico Fiorelli con la sua ricerca di dottorato in Sociologia e Sceinze sociali presentata all\u2019Universit\u00e0 di \u201cLa Sapienza\u201d.<\/p>\n<p>\u201cVerso una nuova economia sociale. Il ruolo del Terzo Settore nel riassorbimento della disoccupazione tecnologica e nella soddisfazione dei nuovi bisogni sociali in Italia\u201d \u00e8 un lavoro complesso che tenta di mettere in relazione l\u2019evoluzione dell\u2019attuale sistema industriale con le potenzialit\u00e0 occupazionali offerte dal terzo settore. Con maggior precisione, Fiorelli spiega l\u2019intento \u00e8 quello di \u201canalizzare il legame che intercorre tra l\u2019evoluzione della societ\u00e0 capitalista, osservando principalmente il mutamento dei bisogni sociali, e gli effetti occupazionali dovuti al cambiamento tecnologico\u201d. Il cambiamento dell\u2019occupazione, secondo l\u2019autore, pu\u00f2 essere contrastato nei suoi effetti negativi pensando ad una \u201cmaggiore ibridazione tra l\u2019attuale struttura del mercato capitalista (terziarizzata, globale e digitalizzata) e il terzo settore\u201d. E ancora: il terzo settore non viene \u201canalizzato come una pericolosa anomalia del sistema economico che interviene nel caso in cui sussistano dei fallimenti del mercato\u201d. Al contrario \u00e8 visto \u201ccome un possibile contributo all\u2019evoluzione dell\u2019impalcatura economica dinnanzi al manifestarsi di nuovi e profondi mutamenti sociali. Il mercato e il terzo settore non rappresentano due poli opposti ma, al contrario, due fasi di uno stesso processo che parte da una dimensione materiale per evolversi verso una dimensione che nella produzione \u00e8 sempre pi\u00f9 virtuale e nella distribuzione sempre pi\u00f9 relazionale\u201d. Culture d\u2019impresa diverse eppure simili, che si compenetrano, che svolgono funzioni complementari.<\/p>\n<p>Il percorso di Fiorelli segue una sentiero classico. Prima di tutto un inquadramento dei collegamenti fra i metodi di studio della societ\u00e0 e il metodo di produzione industriale; poi un approfondimento dell\u2019evoluzione storica e organizzativa\u00a0 degli spazi di produzione, delle tecnologie e dei metodi di produzione; infine l\u2019esame delle relazioni fra terzo settore e mercato del lavoro.<\/p>\n<p>Scrive verso la fine del suo lavoro Fiorelli: \u201cDa un punto di vista globale la disoccupazione tecnologica diviene l\u2019effetto di un mercato non sempre in grado di soddisfare i bisogni sociali degli individui. Imporre nuovi bisogni materiali e ricorrere alle tecnologie per ridurre i prezzi dei beni di consumo, anche quando quest\u2019ultimi rappresentano \u2018l\u2019incarnazione del superfluo\u2019, comporta continui e imprevedibili mutamenti della struttura occupazionale\u201d. Fiorelli quindi conclude spiegando che \u201cla crescita delle unit\u00e0 produttive che operano nell\u2019economia sociale determina la possibilit\u00e0 di ricostruire un rapporto tra efficienza economica e sostenibilit\u00e0 sociale. Il cambiamento tecnologico richiede un capitale umano maggiormente formato rispetto al passato cos\u00ec come il cambiamento della domanda di bisogni sociali richiede la produzione di nuovi beni di natura relazionale. Rispondere attivamente a questi cambiamenti significa riconoscere l\u2019importanza di un\u2019ibridazione dell\u2019economia di mercato\u201d.<\/p>\n<p>Quanto scritto da Federico Fiorelli non \u00e8 sempre di facile approccio, ma fa pensare e quindi rappresenta un\u2019utile lettura.<\/p><p><strong>Verso una nuova economia sociale. Il ruolo del Terzo Settore nel riassorbimento della disoccupazione tecnologica e nella soddisfazione dei nuovi bisogni sociali in Italia<\/strong><\/p>\n<p>Federico Fiorelli<\/p>\n<p>Tesi di dottorato, Universit\u00e0 di Roma \u201cLa Sapienza\u201d Dipartimento di scienze sociali ed economiche, Corso di Dottorato in Sociologia e Scienze Sociali Applicate (SESSA) XXIX Ciclo, 2017<\/p>\n<p><a class=\"attachment-link\" title=\"Verso una nuova economia sociale.\" href=\"https:\/\/wpsite-assets.fondazionepirelli.org\/wp-content\/uploads\/2019\/05\/20101436\/Tesi-dottorato-Fiorelli.pdf\">Verso una nuova economia sociale.<\/a><\/p>\n","protected":false},"excerpt":{"rendered":"<p>Una tesi presentata alla Sapienza ragiona sui legami fra cambiamenti nella struttura e del mercato del lavoro ed economia socialeL\u2019impresa e l\u2019occupazione cambiano con il mutare delle tecnologie a disposizione. Assunto fondamentale e, in apparenza, elementare, in realt\u00e0 il legame fra impresa, occupazione e tecnica nasconde problemi importanti e implica un continuo cambio anche della [&hellip;]<\/p>\n","protected":false},"author":1,"featured_media":0,"comment_status":"open","ping_status":"open","sticky":false,"template":"","format":"standard","meta":{"footnotes":""},"categories":[54,52],"tags":[],"class_list":["post-51422","post","type-post","status-publish","format-standard","hentry","category-approfondimenti","category-cultura-dimpresa"],"acf":[],"yoast_head":"<!-- This site is optimized with the Yoast SEO plugin v25.0 - https:\/\/yoast.com\/wordpress\/plugins\/seo\/ -->\n<title>Cultura d\u2019impresa del terzo settore - Fondazione Pirelli<\/title>\n<meta name=\"robots\" content=\"index, follow, max-snippet:-1, max-image-preview:large, max-video-preview:-1\" \/>\n<link rel=\"canonical\" href=\"https:\/\/www.fondazionepirelli.org\/it\/cultura-dimpresa\/cultura-dimpresa-del-terzo-settore\/\" \/>\n<meta property=\"og:locale\" content=\"it_IT\" \/>\n<meta property=\"og:type\" content=\"article\" \/>\n<meta property=\"og:title\" content=\"Cultura d\u2019impresa del terzo settore - Fondazione Pirelli\" \/>\n<meta property=\"og:description\" content=\"Una tesi presentata alla Sapienza ragiona sui legami fra cambiamenti nella struttura e del mercato del lavoro ed economia socialeL\u2019impresa e l\u2019occupazione cambiano con il mutare delle tecnologie a disposizione. Assunto fondamentale e, in apparenza, elementare, in realt\u00e0 il legame fra impresa, occupazione e tecnica nasconde problemi importanti e implica un continuo cambio anche della [&hellip;]\" \/>\n<meta property=\"og:url\" content=\"https:\/\/www.fondazionepirelli.org\/it\/cultura-dimpresa\/cultura-dimpresa-del-terzo-settore\/\" \/>\n<meta property=\"og:site_name\" content=\"Fondazione Pirelli\" \/>\n<meta property=\"article:published_time\" content=\"2017-11-21T00:00:00+00:00\" \/>\n<meta property=\"article:modified_time\" content=\"2020-01-20T10:26:08+00:00\" \/>\n<meta name=\"author\" content=\"fondadmin\" \/>\n<meta name=\"twitter:card\" content=\"summary_large_image\" \/>\n<meta name=\"twitter:label1\" content=\"Scritto da\" \/>\n\t<meta name=\"twitter:data1\" content=\"fondadmin\" \/>\n\t<meta name=\"twitter:label2\" content=\"Tempo di lettura stimato\" \/>\n\t<meta name=\"twitter:data2\" content=\"3 minuti\" \/>\n<script type=\"application\/ld+json\" class=\"yoast-schema-graph\">{\"@context\":\"https:\/\/schema.org\",\"@graph\":[{\"@type\":\"WebPage\",\"@id\":\"https:\/\/www.fondazionepirelli.org\/it\/cultura-dimpresa\/cultura-dimpresa-del-terzo-settore\/\",\"url\":\"https:\/\/www.fondazionepirelli.org\/it\/cultura-dimpresa\/cultura-dimpresa-del-terzo-settore\/\",\"name\":\"Cultura d\u2019impresa del terzo settore - Fondazione Pirelli\",\"isPartOf\":{\"@id\":\"https:\/\/www.fondazionepirelli.org\/it\/#website\"},\"datePublished\":\"2017-11-21T00:00:00+00:00\",\"dateModified\":\"2020-01-20T10:26:08+00:00\",\"author\":{\"@id\":\"https:\/\/www.fondazionepirelli.org\/it\/#\/schema\/person\/f47d097000832c4a6e54538c791fdf25\"},\"breadcrumb\":{\"@id\":\"https:\/\/www.fondazionepirelli.org\/it\/cultura-dimpresa\/cultura-dimpresa-del-terzo-settore\/#breadcrumb\"},\"inLanguage\":\"it-IT\",\"potentialAction\":[{\"@type\":\"ReadAction\",\"target\":[\"https:\/\/www.fondazionepirelli.org\/it\/cultura-dimpresa\/cultura-dimpresa-del-terzo-settore\/\"]}]},{\"@type\":\"BreadcrumbList\",\"@id\":\"https:\/\/www.fondazionepirelli.org\/it\/cultura-dimpresa\/cultura-dimpresa-del-terzo-settore\/#breadcrumb\",\"itemListElement\":[{\"@type\":\"ListItem\",\"position\":1,\"name\":\"Home\",\"item\":\"https:\/\/www.fondazionepirelli.org\/it\/\"},{\"@type\":\"ListItem\",\"position\":2,\"name\":\"Cultura d\u2019impresa del terzo settore\"}]},{\"@type\":\"WebSite\",\"@id\":\"https:\/\/www.fondazionepirelli.org\/it\/#website\",\"url\":\"https:\/\/www.fondazionepirelli.org\/it\/\",\"name\":\"Fondazione Pirelli\",\"description\":\"\",\"potentialAction\":[{\"@type\":\"SearchAction\",\"target\":{\"@type\":\"EntryPoint\",\"urlTemplate\":\"https:\/\/www.fondazionepirelli.org\/it\/?s={search_term_string}\"},\"query-input\":{\"@type\":\"PropertyValueSpecification\",\"valueRequired\":true,\"valueName\":\"search_term_string\"}}],\"inLanguage\":\"it-IT\"},{\"@type\":\"Person\",\"@id\":\"https:\/\/www.fondazionepirelli.org\/it\/#\/schema\/person\/f47d097000832c4a6e54538c791fdf25\",\"name\":\"fondadmin\",\"image\":{\"@type\":\"ImageObject\",\"inLanguage\":\"it-IT\",\"@id\":\"https:\/\/www.fondazionepirelli.org\/it\/#\/schema\/person\/image\/\",\"url\":\"https:\/\/secure.gravatar.com\/avatar\/e69498a9175ca244966e51e53c88712c024fcebe41f9a05f75657f1bb25e489b?s=96&d=mm&r=g\",\"contentUrl\":\"https:\/\/secure.gravatar.com\/avatar\/e69498a9175ca244966e51e53c88712c024fcebe41f9a05f75657f1bb25e489b?s=96&d=mm&r=g\",\"caption\":\"fondadmin\"},\"url\":\"https:\/\/www.fondazionepirelli.org\/it\/author\/fondadmin\/\"}]}<\/script>\n<!-- \/ Yoast SEO plugin. -->","yoast_head_json":{"title":"Cultura d\u2019impresa del terzo settore - Fondazione Pirelli","robots":{"index":"index","follow":"follow","max-snippet":"max-snippet:-1","max-image-preview":"max-image-preview:large","max-video-preview":"max-video-preview:-1"},"canonical":"https:\/\/www.fondazionepirelli.org\/it\/cultura-dimpresa\/cultura-dimpresa-del-terzo-settore\/","og_locale":"it_IT","og_type":"article","og_title":"Cultura d\u2019impresa del terzo settore - Fondazione Pirelli","og_description":"Una tesi presentata alla Sapienza ragiona sui legami fra cambiamenti nella struttura e del mercato del lavoro ed economia socialeL\u2019impresa e l\u2019occupazione cambiano con il mutare delle tecnologie a disposizione. Assunto fondamentale e, in apparenza, elementare, in realt\u00e0 il legame fra impresa, occupazione e tecnica nasconde problemi importanti e implica un continuo cambio anche della [&hellip;]","og_url":"https:\/\/www.fondazionepirelli.org\/it\/cultura-dimpresa\/cultura-dimpresa-del-terzo-settore\/","og_site_name":"Fondazione Pirelli","article_published_time":"2017-11-21T00:00:00+00:00","article_modified_time":"2020-01-20T10:26:08+00:00","author":"fondadmin","twitter_card":"summary_large_image","twitter_misc":{"Scritto da":"fondadmin","Tempo di lettura stimato":"3 minuti"},"schema":{"@context":"https:\/\/schema.org","@graph":[{"@type":"WebPage","@id":"https:\/\/www.fondazionepirelli.org\/it\/cultura-dimpresa\/cultura-dimpresa-del-terzo-settore\/","url":"https:\/\/www.fondazionepirelli.org\/it\/cultura-dimpresa\/cultura-dimpresa-del-terzo-settore\/","name":"Cultura d\u2019impresa del terzo settore - Fondazione Pirelli","isPartOf":{"@id":"https:\/\/www.fondazionepirelli.org\/it\/#website"},"datePublished":"2017-11-21T00:00:00+00:00","dateModified":"2020-01-20T10:26:08+00:00","author":{"@id":"https:\/\/www.fondazionepirelli.org\/it\/#\/schema\/person\/f47d097000832c4a6e54538c791fdf25"},"breadcrumb":{"@id":"https:\/\/www.fondazionepirelli.org\/it\/cultura-dimpresa\/cultura-dimpresa-del-terzo-settore\/#breadcrumb"},"inLanguage":"it-IT","potentialAction":[{"@type":"ReadAction","target":["https:\/\/www.fondazionepirelli.org\/it\/cultura-dimpresa\/cultura-dimpresa-del-terzo-settore\/"]}]},{"@type":"BreadcrumbList","@id":"https:\/\/www.fondazionepirelli.org\/it\/cultura-dimpresa\/cultura-dimpresa-del-terzo-settore\/#breadcrumb","itemListElement":[{"@type":"ListItem","position":1,"name":"Home","item":"https:\/\/www.fondazionepirelli.org\/it\/"},{"@type":"ListItem","position":2,"name":"Cultura d\u2019impresa del terzo settore"}]},{"@type":"WebSite","@id":"https:\/\/www.fondazionepirelli.org\/it\/#website","url":"https:\/\/www.fondazionepirelli.org\/it\/","name":"Fondazione Pirelli","description":"","potentialAction":[{"@type":"SearchAction","target":{"@type":"EntryPoint","urlTemplate":"https:\/\/www.fondazionepirelli.org\/it\/?s={search_term_string}"},"query-input":{"@type":"PropertyValueSpecification","valueRequired":true,"valueName":"search_term_string"}}],"inLanguage":"it-IT"},{"@type":"Person","@id":"https:\/\/www.fondazionepirelli.org\/it\/#\/schema\/person\/f47d097000832c4a6e54538c791fdf25","name":"fondadmin","image":{"@type":"ImageObject","inLanguage":"it-IT","@id":"https:\/\/www.fondazionepirelli.org\/it\/#\/schema\/person\/image\/","url":"https:\/\/secure.gravatar.com\/avatar\/e69498a9175ca244966e51e53c88712c024fcebe41f9a05f75657f1bb25e489b?s=96&d=mm&r=g","contentUrl":"https:\/\/secure.gravatar.com\/avatar\/e69498a9175ca244966e51e53c88712c024fcebe41f9a05f75657f1bb25e489b?s=96&d=mm&r=g","caption":"fondadmin"},"url":"https:\/\/www.fondazionepirelli.org\/it\/author\/fondadmin\/"}]}},"_links":{"self":[{"href":"https:\/\/www.fondazionepirelli.org\/it\/wp-json\/wp\/v2\/posts\/51422\/"}],"collection":[{"href":"https:\/\/www.fondazionepirelli.org\/it\/wp-json\/wp\/v2\/posts\/"}],"about":[{"href":"https:\/\/www.fondazionepirelli.org\/it\/wp-json\/wp\/v2\/types\/post\/"}],"author":[{"embeddable":true,"href":"https:\/\/www.fondazionepirelli.org\/it\/wp-json\/wp\/v2\/users\/1\/"}],"replies":[{"embeddable":true,"href":"https:\/\/www.fondazionepirelli.org\/it\/wp-json\/wp\/v2\/comments\/?post=51422"}],"version-history":[{"count":3,"href":"https:\/\/www.fondazionepirelli.org\/it\/wp-json\/wp\/v2\/posts\/51422\/revisions\/"}],"predecessor-version":[{"id":73965,"href":"https:\/\/www.fondazionepirelli.org\/it\/wp-json\/wp\/v2\/posts\/51422\/revisions\/73965\/"}],"wp:attachment":[{"href":"https:\/\/www.fondazionepirelli.org\/it\/wp-json\/wp\/v2\/media\/?parent=51422"}],"wp:term":[{"taxonomy":"category","embeddable":true,"href":"https:\/\/www.fondazionepirelli.org\/it\/wp-json\/wp\/v2\/categories\/?post=51422"},{"taxonomy":"post_tag","embeddable":true,"href":"https:\/\/www.fondazionepirelli.org\/it\/wp-json\/wp\/v2\/tags\/?post=51422"}],"curies":[{"name":"wp","href":"https:\/\/api.w.org\/{rel}","templated":true}]}}