{"id":51438,"date":"2017-11-14T00:00:00","date_gmt":"2017-11-14T00:00:00","guid":{"rendered":"http:\/\/www.fondazionepirelli.org\/fondazione-pirelli\/informatica-umana-per-limpresa-avveduta\/"},"modified":"2019-05-20T13:02:37","modified_gmt":"2019-05-20T13:02:37","slug":"informatica-umana-per-limpresa-avveduta","status":"publish","type":"post","link":"https:\/\/www.fondazionepirelli.org\/it\/cultura-dimpresa\/informatica-umana-per-limpresa-avveduta\/","title":{"rendered":"Informatica \u201cumana\u201d per l\u2019impresa avveduta"},"content":{"rendered":"<p><em>Una originale storia del\u00a0computing aiuta la crescita di una cultura del produrre pi\u00f9 completa<\/em><\/p>\n<p><strong>\u00a0<\/strong><\/p>\n<p>L\u2019avventura del fare impresa \u00e8\u00a0 figlia di altre avventure umane e tecnologiche. E\u2019 la concretizzazione di ci\u00f2 che generalmente viene chiamato spirito imprenditoriale, ma che pi\u00f9 comunemente \u00e8 irrequietezza d\u2019uomini e donne che non si accontentano di orizzonti scontati. E che usano ingegno e tecnologie per arrivare al loro traguardo. E\u2019 accaduto ai tempi della prima rivoluzione industriale e\u00a0 accade ancora oggi. Ed \u00e8 necessario capire storia, evoluzioni, soste e accelerazioni di questo cammino. Uno degli esempi pi\u00f9 importanti in questo senso riguarda i computer e il <em>computing. <\/em>Leggere \u201cMacchine per pensare\u201d di Francesco Varanini \u00e8 allora un\u2019esperienza da fare.<\/p>\n<p>Varanini (antropologo e poi come manager, consulente e formatore e allo stesso tempo critico letterario, fautore di quelle che si chiama informatica umanistica), parte da una considerazione: scegliere come le macchine possano intervenire nella quotidianit\u00e0, nel lavoro e nelle nostre relazioni, costituisce una scelta etica-morale per il nostro futuro. A questo assunto per\u00f2 segue subito una constatazione: l\u2019informatica &#8211; figlia di un\u2019unica tradizione filosofica, da Cartesio a Turing, passando per Frege, Russell e Hilbert &#8211; ignora Freud, Wittgenstein, Heidegger e rimane troppo spesso campo d\u2019azione di tecnici non sempre consapevoli della storia stessa della loro disciplina e delle conseguenze della loro azione. D\u2019altro canto filosofi e scienziati, coloro ai quali deleghiamo la vasta comprensione della vita e dell\u2019universo, privi per lo pi\u00f9 di conoscenze tecniche, finiscono per disinteressarsi dell\u2019informatica.<\/p>\n<p>In mezzo a questa situazione ci siamo tutti. E quindi anche le imprese e chi in queste vive e lavora.<\/p>\n<p>Con l\u2019obiettivo di fornire gli strumenti per capire, Varanini ripercorre allora la storia dell\u2019informatica dagli anni \u201920 e \u201930 del secolo scorso fino ad oggi e lo fa in modo originale, accattivante, pressoch\u00e9 unico.<\/p>\n<p>Attraverso tutta la narrazione traspare la doppia natura del <em>computing<\/em>. L\u2019iniziale progetto pretendeva di costruire una macchina destinata a supplire alla pochezza umana, imponendo controllo, regole, ordine, esattezza. Parallelamente, un altro progetto, rovescia l\u2019intento: la potenza della macchina pu\u00f2 essere usata &#8211; ecco il <em>personal <\/em>computer &#8211; per sostenere l\u2019uomo nel suo farsi carico della propria autonomia e nel suo assumersi responsabilit\u00e0, affermando la libert\u00e0 individuale.<\/p>\n<p>Varaini quindi racconta aspetti tecnici e umani, avventure della scienza e del comune sentire che costituiscono da un lato la storia del <em>computing <\/em>e dall\u2019altro bagaglio culturale generale che diventa d\u2019impresa nel momento in cui serve per comprendere meglio che cosa siano e che ruolo abbiano oggi i computer nell\u2019ambito dell\u2019organizzazione della produzione.<\/p>\n<p>Facendo uso vastissimo di una conoscenza storica e tecnologica importante, Varanini\u00a0 ha scritto\u00a0 un saggio e allo stesso tempo un romanzo storico (che fra l\u2019altro proseguir\u00e0 con \u201cPitts, Bush, Nelson. Tre storia di <em>computing<\/em>\u201d). Non si tratta di un libro facile, ma di un libro che si deve leggere facendosi prendere la mano da una scrittura che si dipana fra filosofia e scienza, fra umanesimo e tecnologia in un modo inconsueto con una scrittura che lascia il segno.<\/p><p><strong>Macchine per pensare. L\u2019informatica come prosecuzione della filosofia con altri mezzi<\/strong><\/p>\n<p>Francesco Varanini<\/p>\n<p>Guerini e Associati, 2016<\/p><p><strong>\u00a0<\/strong><\/p>\n","protected":false},"excerpt":{"rendered":"<p>Una originale storia del\u00a0computing aiuta la crescita di una cultura del produrre pi\u00f9 completa \u00a0 L\u2019avventura del fare impresa \u00e8\u00a0 figlia di altre avventure umane e tecnologiche. E\u2019 la concretizzazione di ci\u00f2 che generalmente viene chiamato spirito imprenditoriale, ma che pi\u00f9 comunemente \u00e8 irrequietezza d\u2019uomini e donne che non si accontentano di orizzonti scontati. E [&hellip;]<\/p>\n","protected":false},"author":1,"featured_media":51439,"comment_status":"open","ping_status":"open","sticky":false,"template":"","format":"standard","meta":{"footnotes":""},"categories":[52,58],"tags":[],"class_list":["post-51438","post","type-post","status-publish","format-standard","has-post-thumbnail","hentry","category-cultura-dimpresa","category-recensioni-libri"],"acf":[],"yoast_head":"<!-- This site is optimized with the Yoast SEO plugin v25.0 - https:\/\/yoast.com\/wordpress\/plugins\/seo\/ -->\n<title>Informatica \u201cumana\u201d per l\u2019impresa avveduta - Fondazione Pirelli<\/title>\n<meta name=\"robots\" content=\"index, follow, max-snippet:-1, max-image-preview:large, max-video-preview:-1\" \/>\n<link rel=\"canonical\" href=\"https:\/\/www.fondazionepirelli.org\/it\/cultura-dimpresa\/informatica-umana-per-limpresa-avveduta\/\" \/>\n<meta property=\"og:locale\" content=\"it_IT\" \/>\n<meta property=\"og:type\" content=\"article\" \/>\n<meta property=\"og:title\" content=\"Informatica \u201cumana\u201d per l\u2019impresa avveduta - Fondazione Pirelli\" \/>\n<meta property=\"og:description\" content=\"Una originale storia del\u00a0computing aiuta la crescita di una cultura del produrre pi\u00f9 completa \u00a0 L\u2019avventura del fare impresa \u00e8\u00a0 figlia di altre avventure umane e tecnologiche. E\u2019 la concretizzazione di ci\u00f2 che generalmente viene chiamato spirito imprenditoriale, ma che pi\u00f9 comunemente \u00e8 irrequietezza d\u2019uomini e donne che non si accontentano di orizzonti scontati. E [&hellip;]\" \/>\n<meta property=\"og:url\" content=\"https:\/\/127.0.0.1\/it\/cultura-dimpresa\/informatica-umana-per-limpresa-avveduta\/\" \/>\n<meta property=\"og:site_name\" content=\"Fondazione Pirelli\" \/>\n<meta property=\"article:published_time\" content=\"2017-11-14T00:00:00+00:00\" \/>\n<meta property=\"article:modified_time\" content=\"2019-05-20T13:02:37+00:00\" \/>\n<meta property=\"og:image\" content=\"https:\/\/wpsite-assets.fondazionepirelli.org\/wp-content\/uploads\/2019\/05\/20101432\/macchine-per-pensare_1.jpg\" \/>\n\t<meta property=\"og:image:width\" content=\"272\" \/>\n\t<meta property=\"og:image:height\" content=\"384\" \/>\n\t<meta property=\"og:image:type\" content=\"image\/jpeg\" \/>\n<meta name=\"author\" content=\"fondadmin\" \/>\n<meta name=\"twitter:card\" content=\"summary_large_image\" \/>\n<meta name=\"twitter:label1\" content=\"Scritto da\" \/>\n\t<meta name=\"twitter:data1\" content=\"fondadmin\" \/>\n\t<meta name=\"twitter:label2\" content=\"Tempo di lettura stimato\" \/>\n\t<meta name=\"twitter:data2\" content=\"3 minuti\" \/>\n<script type=\"application\/ld+json\" class=\"yoast-schema-graph\">{\"@context\":\"https:\/\/schema.org\",\"@graph\":[{\"@type\":\"WebPage\",\"@id\":\"https:\/\/127.0.0.1\/it\/cultura-dimpresa\/informatica-umana-per-limpresa-avveduta\/\",\"url\":\"https:\/\/127.0.0.1\/it\/cultura-dimpresa\/informatica-umana-per-limpresa-avveduta\/\",\"name\":\"Informatica \u201cumana\u201d per l\u2019impresa avveduta - Fondazione Pirelli\",\"isPartOf\":{\"@id\":\"https:\/\/www.fondazionepirelli.org\/it\/#website\"},\"primaryImageOfPage\":{\"@id\":\"https:\/\/127.0.0.1\/it\/cultura-dimpresa\/informatica-umana-per-limpresa-avveduta\/#primaryimage\"},\"image\":{\"@id\":\"https:\/\/127.0.0.1\/it\/cultura-dimpresa\/informatica-umana-per-limpresa-avveduta\/#primaryimage\"},\"thumbnailUrl\":\"https:\/\/wpsite-assets.fondazionepirelli.org\/wp-content\/uploads\/2019\/05\/20101432\/macchine-per-pensare_1.jpg\",\"datePublished\":\"2017-11-14T00:00:00+00:00\",\"dateModified\":\"2019-05-20T13:02:37+00:00\",\"author\":{\"@id\":\"https:\/\/www.fondazionepirelli.org\/it\/#\/schema\/person\/f47d097000832c4a6e54538c791fdf25\"},\"breadcrumb\":{\"@id\":\"https:\/\/127.0.0.1\/it\/cultura-dimpresa\/informatica-umana-per-limpresa-avveduta\/#breadcrumb\"},\"inLanguage\":\"it-IT\",\"potentialAction\":[{\"@type\":\"ReadAction\",\"target\":[\"https:\/\/127.0.0.1\/it\/cultura-dimpresa\/informatica-umana-per-limpresa-avveduta\/\"]}]},{\"@type\":\"ImageObject\",\"inLanguage\":\"it-IT\",\"@id\":\"https:\/\/127.0.0.1\/it\/cultura-dimpresa\/informatica-umana-per-limpresa-avveduta\/#primaryimage\",\"url\":\"https:\/\/wpsite-assets.fondazionepirelli.org\/wp-content\/uploads\/2019\/05\/20101432\/macchine-per-pensare_1.jpg\",\"contentUrl\":\"https:\/\/wpsite-assets.fondazionepirelli.org\/wp-content\/uploads\/2019\/05\/20101432\/macchine-per-pensare_1.jpg\",\"width\":272,\"height\":384},{\"@type\":\"BreadcrumbList\",\"@id\":\"https:\/\/127.0.0.1\/it\/cultura-dimpresa\/informatica-umana-per-limpresa-avveduta\/#breadcrumb\",\"itemListElement\":[{\"@type\":\"ListItem\",\"position\":1,\"name\":\"Home\",\"item\":\"https:\/\/www.fondazionepirelli.org\/it\/\"},{\"@type\":\"ListItem\",\"position\":2,\"name\":\"Informatica \u201cumana\u201d per l\u2019impresa avveduta\"}]},{\"@type\":\"WebSite\",\"@id\":\"https:\/\/www.fondazionepirelli.org\/it\/#website\",\"url\":\"https:\/\/www.fondazionepirelli.org\/it\/\",\"name\":\"Fondazione Pirelli\",\"description\":\"\",\"potentialAction\":[{\"@type\":\"SearchAction\",\"target\":{\"@type\":\"EntryPoint\",\"urlTemplate\":\"https:\/\/www.fondazionepirelli.org\/it\/?s={search_term_string}\"},\"query-input\":{\"@type\":\"PropertyValueSpecification\",\"valueRequired\":true,\"valueName\":\"search_term_string\"}}],\"inLanguage\":\"it-IT\"},{\"@type\":\"Person\",\"@id\":\"https:\/\/www.fondazionepirelli.org\/it\/#\/schema\/person\/f47d097000832c4a6e54538c791fdf25\",\"name\":\"fondadmin\",\"image\":{\"@type\":\"ImageObject\",\"inLanguage\":\"it-IT\",\"@id\":\"https:\/\/www.fondazionepirelli.org\/it\/#\/schema\/person\/image\/\",\"url\":\"https:\/\/secure.gravatar.com\/avatar\/e69498a9175ca244966e51e53c88712c024fcebe41f9a05f75657f1bb25e489b?s=96&d=mm&r=g\",\"contentUrl\":\"https:\/\/secure.gravatar.com\/avatar\/e69498a9175ca244966e51e53c88712c024fcebe41f9a05f75657f1bb25e489b?s=96&d=mm&r=g\",\"caption\":\"fondadmin\"},\"url\":\"https:\/\/www.fondazionepirelli.org\/it\/author\/fondadmin\/\"}]}<\/script>\n<!-- \/ Yoast SEO plugin. -->","yoast_head_json":{"title":"Informatica \u201cumana\u201d per l\u2019impresa avveduta - Fondazione Pirelli","robots":{"index":"index","follow":"follow","max-snippet":"max-snippet:-1","max-image-preview":"max-image-preview:large","max-video-preview":"max-video-preview:-1"},"canonical":"https:\/\/www.fondazionepirelli.org\/it\/cultura-dimpresa\/informatica-umana-per-limpresa-avveduta\/","og_locale":"it_IT","og_type":"article","og_title":"Informatica \u201cumana\u201d per l\u2019impresa avveduta - Fondazione Pirelli","og_description":"Una originale storia del\u00a0computing aiuta la crescita di una cultura del produrre pi\u00f9 completa \u00a0 L\u2019avventura del fare impresa \u00e8\u00a0 figlia di altre avventure umane e tecnologiche. E\u2019 la concretizzazione di ci\u00f2 che generalmente viene chiamato spirito imprenditoriale, ma che pi\u00f9 comunemente \u00e8 irrequietezza d\u2019uomini e donne che non si accontentano di orizzonti scontati. E [&hellip;]","og_url":"https:\/\/127.0.0.1\/it\/cultura-dimpresa\/informatica-umana-per-limpresa-avveduta\/","og_site_name":"Fondazione Pirelli","article_published_time":"2017-11-14T00:00:00+00:00","article_modified_time":"2019-05-20T13:02:37+00:00","og_image":[{"width":272,"height":384,"url":"https:\/\/wpsite-assets.fondazionepirelli.org\/wp-content\/uploads\/2019\/05\/20101432\/macchine-per-pensare_1.jpg","type":"image\/jpeg"}],"author":"fondadmin","twitter_card":"summary_large_image","twitter_misc":{"Scritto da":"fondadmin","Tempo di lettura stimato":"3 minuti"},"schema":{"@context":"https:\/\/schema.org","@graph":[{"@type":"WebPage","@id":"https:\/\/127.0.0.1\/it\/cultura-dimpresa\/informatica-umana-per-limpresa-avveduta\/","url":"https:\/\/127.0.0.1\/it\/cultura-dimpresa\/informatica-umana-per-limpresa-avveduta\/","name":"Informatica \u201cumana\u201d per l\u2019impresa avveduta - Fondazione Pirelli","isPartOf":{"@id":"https:\/\/www.fondazionepirelli.org\/it\/#website"},"primaryImageOfPage":{"@id":"https:\/\/127.0.0.1\/it\/cultura-dimpresa\/informatica-umana-per-limpresa-avveduta\/#primaryimage"},"image":{"@id":"https:\/\/127.0.0.1\/it\/cultura-dimpresa\/informatica-umana-per-limpresa-avveduta\/#primaryimage"},"thumbnailUrl":"https:\/\/wpsite-assets.fondazionepirelli.org\/wp-content\/uploads\/2019\/05\/20101432\/macchine-per-pensare_1.jpg","datePublished":"2017-11-14T00:00:00+00:00","dateModified":"2019-05-20T13:02:37+00:00","author":{"@id":"https:\/\/www.fondazionepirelli.org\/it\/#\/schema\/person\/f47d097000832c4a6e54538c791fdf25"},"breadcrumb":{"@id":"https:\/\/127.0.0.1\/it\/cultura-dimpresa\/informatica-umana-per-limpresa-avveduta\/#breadcrumb"},"inLanguage":"it-IT","potentialAction":[{"@type":"ReadAction","target":["https:\/\/127.0.0.1\/it\/cultura-dimpresa\/informatica-umana-per-limpresa-avveduta\/"]}]},{"@type":"ImageObject","inLanguage":"it-IT","@id":"https:\/\/127.0.0.1\/it\/cultura-dimpresa\/informatica-umana-per-limpresa-avveduta\/#primaryimage","url":"https:\/\/wpsite-assets.fondazionepirelli.org\/wp-content\/uploads\/2019\/05\/20101432\/macchine-per-pensare_1.jpg","contentUrl":"https:\/\/wpsite-assets.fondazionepirelli.org\/wp-content\/uploads\/2019\/05\/20101432\/macchine-per-pensare_1.jpg","width":272,"height":384},{"@type":"BreadcrumbList","@id":"https:\/\/127.0.0.1\/it\/cultura-dimpresa\/informatica-umana-per-limpresa-avveduta\/#breadcrumb","itemListElement":[{"@type":"ListItem","position":1,"name":"Home","item":"https:\/\/www.fondazionepirelli.org\/it\/"},{"@type":"ListItem","position":2,"name":"Informatica \u201cumana\u201d per l\u2019impresa avveduta"}]},{"@type":"WebSite","@id":"https:\/\/www.fondazionepirelli.org\/it\/#website","url":"https:\/\/www.fondazionepirelli.org\/it\/","name":"Fondazione Pirelli","description":"","potentialAction":[{"@type":"SearchAction","target":{"@type":"EntryPoint","urlTemplate":"https:\/\/www.fondazionepirelli.org\/it\/?s={search_term_string}"},"query-input":{"@type":"PropertyValueSpecification","valueRequired":true,"valueName":"search_term_string"}}],"inLanguage":"it-IT"},{"@type":"Person","@id":"https:\/\/www.fondazionepirelli.org\/it\/#\/schema\/person\/f47d097000832c4a6e54538c791fdf25","name":"fondadmin","image":{"@type":"ImageObject","inLanguage":"it-IT","@id":"https:\/\/www.fondazionepirelli.org\/it\/#\/schema\/person\/image\/","url":"https:\/\/secure.gravatar.com\/avatar\/e69498a9175ca244966e51e53c88712c024fcebe41f9a05f75657f1bb25e489b?s=96&d=mm&r=g","contentUrl":"https:\/\/secure.gravatar.com\/avatar\/e69498a9175ca244966e51e53c88712c024fcebe41f9a05f75657f1bb25e489b?s=96&d=mm&r=g","caption":"fondadmin"},"url":"https:\/\/www.fondazionepirelli.org\/it\/author\/fondadmin\/"}]}},"_links":{"self":[{"href":"https:\/\/www.fondazionepirelli.org\/it\/wp-json\/wp\/v2\/posts\/51438\/"}],"collection":[{"href":"https:\/\/www.fondazionepirelli.org\/it\/wp-json\/wp\/v2\/posts\/"}],"about":[{"href":"https:\/\/www.fondazionepirelli.org\/it\/wp-json\/wp\/v2\/types\/post\/"}],"author":[{"embeddable":true,"href":"https:\/\/www.fondazionepirelli.org\/it\/wp-json\/wp\/v2\/users\/1\/"}],"replies":[{"embeddable":true,"href":"https:\/\/www.fondazionepirelli.org\/it\/wp-json\/wp\/v2\/comments\/?post=51438"}],"version-history":[{"count":1,"href":"https:\/\/www.fondazionepirelli.org\/it\/wp-json\/wp\/v2\/posts\/51438\/revisions\/"}],"predecessor-version":[{"id":55504,"href":"https:\/\/www.fondazionepirelli.org\/it\/wp-json\/wp\/v2\/posts\/51438\/revisions\/55504\/"}],"wp:featuredmedia":[{"embeddable":true,"href":"https:\/\/www.fondazionepirelli.org\/it\/wp-json\/wp\/v2\/media\/51439\/"}],"wp:attachment":[{"href":"https:\/\/www.fondazionepirelli.org\/it\/wp-json\/wp\/v2\/media\/?parent=51438"}],"wp:term":[{"taxonomy":"category","embeddable":true,"href":"https:\/\/www.fondazionepirelli.org\/it\/wp-json\/wp\/v2\/categories\/?post=51438"},{"taxonomy":"post_tag","embeddable":true,"href":"https:\/\/www.fondazionepirelli.org\/it\/wp-json\/wp\/v2\/tags\/?post=51438"}],"curies":[{"name":"wp","href":"https:\/\/api.w.org\/{rel}","templated":true}]}}