{"id":51441,"date":"2017-11-14T00:00:00","date_gmt":"2017-11-14T00:00:00","guid":{"rendered":"http:\/\/www.fondazionepirelli.org\/fondazione-pirelli\/biblioteca-pirelli-una-festa-di-compleanno-tra-conversazioni-sui-libri-e-buona-cucina\/"},"modified":"2019-05-20T12:52:30","modified_gmt":"2019-05-20T12:52:30","slug":"biblioteca-pirelli-una-festa-di-compleanno-tra-conversazioni-sui-libri-e-buona-cucina","status":"publish","type":"post","link":"https:\/\/www.fondazionepirelli.org\/it\/cultura-dimpresa\/biblioteca-pirelli-una-festa-di-compleanno-tra-conversazioni-sui-libri-e-buona-cucina\/","title":{"rendered":"Biblioteca Pirelli, una festa di compleanno tra conversazioni sui libri e buona cucina"},"content":{"rendered":"<p>\u201c<strong>Fondare biblioteche<\/strong> \u00e8 come costruire ancora granai pubblici, ammassare riserve contro l\u2019inverno dello spirito che da molti indizi, mio malgrado, vedo venire\u201d. Le parole di <strong>Marguerite Yourcenar,<\/strong> dalle pagine di \u201cMemorie di Adriano\u201d, stanno sul frontone della grande parete d\u2019ingresso della <strong>Biblioteca Pirelli<\/strong>, nel palazzo che ospita l\u2019<strong>Headquarters<\/strong> del Gruppo, in Bicocca. E danno il senso di un\u2019iniziativa, la Biblioteca aziendale appunto, che lega impresa e cultura, conoscenze e competenze, piacere del testo e qualit\u00e0 del lavoro in quella comunit\u00e0 speciale che \u00e8 un\u2019impresa, una grande impresa. Viviamo tempi di crisi (nella duplice accezione dei rischi ma anche delle opportunit\u00e0 dei cambiamenti) e di metamorfosi (ne abbiamo parlato pi\u00f9 volte, in questi blog sulla cultura d\u2019impresa). I buoni libri aiutano a capire e a muoversi meglio.<\/p>\n<p>L\u2019immagine dell\u2019\u201cinverno dello spirito\u201d che inquietava l\u2019imperatore Adriano in tempi di bilancio esistenziale ed intellettuale, al tramonto cio\u00e8 della sua esperienza di vita, pu\u00f2 forse sembrare troppo pessimista. Di certo, anche i nostri sono tempi controversi, carichi d\u2019inquietudini. Ed \u00e8 in ogni caso efficace e opportuna l\u2019idea di accostare i libri ai granai.<\/p>\n<p>\u201c<strong>La cultura come il pane<\/strong>\u201d, era il titolo d\u2019un articolo che, su \u201c<strong>Pirelli \u2013 Rivista d\u2019informazione e tecnica<\/strong>\u201d, nel 1951, faceva un bilancio delle attivit\u00e0 del <strong>Centro Culturale Pirell<\/strong>i, luogo di incontri e dibattiti su letteratura, teatro, cinema, scienza. Un tema popolare. \u201cPane e alfabeto\u201d, stava scritto, ai primi del Novecento, sulla facciata del \u201cForno del pane\u201d voluto a Bologna dal sindaco Francesco Zanardi per fornire alimenti a buon mercato e iniziative culturali: l\u00ec, adesso, c\u2019\u00e8 la sede del <strong>MAMbo<\/strong>, il Museo d\u2019Arte Moderna, frequentatissimo.<\/p>\n<p>Con uno spazio dei libri aperto ogni giorno per chi lavora in Pirelli, in Bicocca, l\u2019impresa riconferma il suo rapporto con la cultura. Anzi, meglio, ribadisce d\u2019<em>essere cultura<\/em>. Non una congiunzione. Ma una sintesi. Libri in Biblioteca come stimolo alla cultura diffusa. Biblioteca come elemento d\u2019un complesso sistema di <strong><em>welfare<\/em> aziendale<\/strong>. Ma anche come cardine d\u2019una maggiore qualit\u00e0 dell\u2019ambiente di lavoro, che incide positivamente sul senso d\u2019appartenenza, sull\u2019orgoglio dell\u2019identit\u00e0. Biblioteca come luogo di valore. E di valori.<\/p>\n<p>Compie proprio adesso un anno, la Biblioteca aziendale in Bicocca. E\u2019 stata aperta nell<strong>\u2019ottobre del 2016<\/strong>, insieme a quella dello stabilimento di <strong>Bollate<\/strong> e al potenziamento di quella del <strong>Polo Industriale di Settimo Torinese<\/strong>. Anzi, per essere esatti, la Biblioteca \u00e8 stata \u201criaperta\u201d. La storia, infatti, racconta che la prima biblioteca Pirelli \u00e8 del 1928, scelta d\u2019avanguardia in Italia: coniugare lettura e lavoro, pagine e produttivit\u00e0. Nel <strong>1957<\/strong>, giusto sessant\u2019anni fa, un rilancio, in uno spazio moderno e accogliente nel grande stabilimento di viale Sarca (c\u2019erano circa 11mila volumi; e nel 1961, secondo un\u2019inchiesta del periodico aziendale \u201cFatti e Notizie\u201d, i dipendenti nell\u201987% dei casi prediligevano i libri di narrativa: Moravia, Pasolini, Papini, Bertolucci, Alvaro\u2026 ma alcuni prendevano in prestito anche i grandi \u201cclassici\u201d, da Virgilio ad Ariosto e qualcun altro prende dagli scaffali anche Proust). Il criterio di fondo, in quegli anni Cinquanta di straordinarie intraprendenza e operosit\u00e0, nella Milano dinamica di fabbriche, uffici, grattacieli e metropolitane, \u00e8 raccontato su \u201cFatti e Notizie\u201d: \u201cLa biblioteca dovrebbe proprio essere la casa dell\u2019uomo e non soltanto del libro\u2026 I lettori dovrebbero dare \u2013 e lo possono \u2013 un apporto diretto, basato sulle personali esperienze e costituito da consigli, suggerimenti, segnalazioni sulla vita della biblioteca\u2026 La biblioteca, questa nostra casa gi\u00e0 sociale nello scopo e cordiale nello spirito, sar\u00e0 sempre maggiormente funzionale: una cosa viva, dinamica\u2026\u201d.<\/p>\n<p>In stretta relazione con la Biblioteca, in quella stagione, si muoveva anche il Centro Culturale Pirelli: incontri, letture, dibattiti, con la partecipazione di <strong>Cesare Pavese<\/strong>, <strong>Eugenio Montale<\/strong>, <strong>Salvatore Quasimodo<\/strong>, <strong>Carlo Bo<\/strong>, <strong>Giorgio Bassani<\/strong> e gli allora giovani talenti <strong>Umberto Eco<\/strong>, <strong>Italo Calvino<\/strong>, <strong>Dino Buzzat<\/strong>i, Gillo Dorfles, ma anche uomini di teatro e cinema, come<strong> Luchino Visconti<\/strong> e <strong>Giorgio Strehler<\/strong> e musicisti, da <strong>John Cage<\/strong> a Karheinz Stockhausen. Molti di loro erano \u201cfirme\u201d della Rivista Pirelli. Le immagini dell\u2019epoca testimoniano gran folla di pubblico attento.<\/p>\n<p>L\u2019anno scorso, ecco le iniziative per la nuova biblioteca. Un ambiente confortevole, che invita alla lettura e alla discussione sui libri. Pi\u00f9 di <strong>4mila volumi<\/strong> (un numero che cresce di mese in mese, con donazioni e con acquisti, sempre pi\u00f9 spesso suggeriti dai dipendenti: negli scaffali c\u2019\u00e8 posto per 10mila libri). E una frequentazione che s\u2019infittisce: gli utenti registrati in biblioteca sono 300, su <strong>1600<\/strong> dipendenti che lavorano in Bicocca; in un anno, mediamente, ognuno di loro ha preso in prestito 6 libri. Quasi 70 gli utenti registrati a Bollate, su 300 dipendenti; 3 libri in media, per ognuno di loro.<\/p>\n<p>Cosa si chiede in prestito, da leggere? Novit\u00e0 editoriali, nel 18% dei casi. Saggistica, nel 7,5%. Fumetti, nel 5,5%. E libri per bambini, nel 22%. La narrativa copre il resto del 47,5%. Parecchi, i classici. Un dato da sottolineare: la richiesta di libri per bambini \u00e8 quella con uno degli incrementi maggiori. Genitori che abituano i figli ad avere confidenza sempre maggiore con la parola scritta e ben illustrata. Un piccolo segno, importante, di civilt\u00e0.<\/p>\n<p>Di libri, d\u2019altronde, sono intessute storia e attualit\u00e0 della Pirelli. Tra i pi\u00f9 recenti, spesso curati dalla Fondazione Pirelli, i \u201c<strong>Racconti di lavoro<\/strong>\u201d con foto storiche e contemporanee e scritti, tra gli altri, di Erri De Luca e Jean-Paul Fitoussi (edito da Mondadori), \u201c<strong>Cent\u2019anni per lo sport<\/strong>\u201d (sempre Mondadori), i due volumi sulla comunicazione editi da Corraini (\u201cUna musa tra le ruote\u201d e \u201cLa Pubblicit\u00e0 con la P maiuscola\u201d), \u201c<strong>Pirelli \u2013 Innovazione e passione<\/strong>\u201d di Carlo Bellavite Pellegrini, pubblicato da Il Mulino e, per il mercato internazionale, da Third Millennium Publishing.\u00a0 E, ancora, i libri sul Calendario Pirelli, editi nel tempo da Rizzoli, Mondadori e Taschen. D\u2019altronde, proprio da uno dei principali libri della letteratura europea, \u201cAlice nel paese delle meraviglie\u201d di Lewis Carroll, \u00e8 ispirato proprio l\u2019ultimo Calendario Pirelli presentato con grande successo la scorsa settimana a New York: immagini di Tim Walker, tutto un gioco tra fantasia e sogno, un rimando costante tra progetto e attualit\u00e0. Anche i pi\u00f9 recenti Bilanci Pirelli sono stati pensati con un rimando ai libri: ospitano scritti di Hans Magnus Enzensberger, Guillermo Martinez, William Least Heater-Moon, Javier Cercas, Hanif Khureishi, Javier Mar\u00ecas. Impresa, cultura, libri, insomma. Non \u00e8 detto che avesse proprio ragione Mallarm\u00e9 nel sostenere che \u201cil mondo \u00e8 fatto per finire in un libro\u201d. Ma certo i libri sono strumento indispensabile per raccontare bene il mondo e le sue ipotesi di cambiamento.<\/p>\n<p>Si festeggia, adesso, l\u2019anniversario della Biblioteca in Bicocca. Con una conversazione su Milano, i libri, il cibo (la letteratura \u00e8 ricca di racconti sul piacere della cucina e dello stare bene insieme a tavola): sul palcoscenico della grande sala della <strong>Torre di raffreddamento<\/strong>, il 20 pomeriggio, alle 18,30, c\u2019\u00e8 in programma una conversazione tra <strong>Alessandro Robecchi,<\/strong> brillante autore di <em>noir<\/em> ambientati a Milano (l\u2019ultimo \u00e8 \u201cTorto marcio\u201d, pubblicato in gennaio da Sellerio: una nuova avventura per Carlo Monterossi, autore d\u2019una popolarissima trasmissione trash in Tv, amante di Bob Dylan, maldestro detective per caso) e<strong> Filippo La Mantia<\/strong>, \u201coste e cuoco\u201d come da autodefinizione, uno dei protagonisti della migliore cultura del cibo a Milano.<\/p>\n<p>\u201c<strong>Pane e cultura<\/strong>\u201d, dunque, per tornare alla brillante sintesi del Centro Culturale Pirelli di cui dicevamo all\u2019inizio. I libri, in Biblioteca, sono una buona opportunit\u00e0 per stare bene insieme.<\/p>\n","protected":false},"excerpt":{"rendered":"<p>\u201cFondare biblioteche \u00e8 come costruire ancora granai pubblici, ammassare riserve contro l\u2019inverno dello spirito che da molti indizi, mio malgrado, vedo venire\u201d. Le parole di Marguerite Yourcenar, dalle pagine di \u201cMemorie di Adriano\u201d, stanno sul frontone della grande parete d\u2019ingresso della Biblioteca Pirelli, nel palazzo che ospita l\u2019Headquarters del Gruppo, in Bicocca. E danno il [&hellip;]<\/p>\n","protected":false},"author":1,"featured_media":51442,"comment_status":"open","ping_status":"open","sticky":false,"template":"","format":"standard","meta":{"footnotes":""},"categories":[53,52],"tags":[],"class_list":["post-51441","post","type-post","status-publish","format-standard","has-post-thumbnail","hentry","category-blog","category-cultura-dimpresa"],"acf":[],"yoast_head":"<!-- This site is optimized with the Yoast SEO plugin v25.0 - https:\/\/yoast.com\/wordpress\/plugins\/seo\/ -->\n<title>Biblioteca Pirelli, una festa di compleanno tra conversazioni sui libri e buona cucina - Fondazione Pirelli<\/title>\n<meta name=\"robots\" content=\"index, follow, max-snippet:-1, max-image-preview:large, max-video-preview:-1\" \/>\n<link rel=\"canonical\" href=\"https:\/\/www.fondazionepirelli.org\/it\/cultura-dimpresa\/biblioteca-pirelli-una-festa-di-compleanno-tra-conversazioni-sui-libri-e-buona-cucina\/\" \/>\n<meta property=\"og:locale\" content=\"it_IT\" \/>\n<meta property=\"og:type\" content=\"article\" \/>\n<meta property=\"og:title\" content=\"Biblioteca Pirelli, una festa di compleanno tra conversazioni sui libri e buona cucina - Fondazione Pirelli\" \/>\n<meta property=\"og:description\" content=\"\u201cFondare biblioteche \u00e8 come costruire ancora granai pubblici, ammassare riserve contro l\u2019inverno dello spirito che da molti indizi, mio malgrado, vedo venire\u201d. Le parole di Marguerite Yourcenar, dalle pagine di \u201cMemorie di Adriano\u201d, stanno sul frontone della grande parete d\u2019ingresso della Biblioteca Pirelli, nel palazzo che ospita l\u2019Headquarters del Gruppo, in Bicocca. E danno il [&hellip;]\" \/>\n<meta property=\"og:url\" content=\"https:\/\/127.0.0.1\/it\/cultura-dimpresa\/biblioteca-pirelli-una-festa-di-compleanno-tra-conversazioni-sui-libri-e-buona-cucina\/\" \/>\n<meta property=\"og:site_name\" content=\"Fondazione Pirelli\" \/>\n<meta property=\"article:published_time\" content=\"2017-11-14T00:00:00+00:00\" \/>\n<meta property=\"article:modified_time\" content=\"2019-05-20T12:52:30+00:00\" \/>\n<meta property=\"og:image\" content=\"https:\/\/wpsite-assets.fondazionepirelli.org\/wp-content\/uploads\/2019\/05\/20101431\/IMG_0762.jpg\" \/>\n\t<meta property=\"og:image:width\" content=\"400\" \/>\n\t<meta property=\"og:image:height\" content=\"300\" \/>\n\t<meta property=\"og:image:type\" content=\"image\/jpeg\" \/>\n<meta name=\"author\" content=\"fondadmin\" \/>\n<meta name=\"twitter:card\" content=\"summary_large_image\" \/>\n<meta name=\"twitter:label1\" content=\"Scritto da\" \/>\n\t<meta name=\"twitter:data1\" content=\"fondadmin\" \/>\n\t<meta name=\"twitter:label2\" content=\"Tempo di lettura stimato\" \/>\n\t<meta name=\"twitter:data2\" content=\"6 minuti\" \/>\n<script type=\"application\/ld+json\" class=\"yoast-schema-graph\">{\"@context\":\"https:\/\/schema.org\",\"@graph\":[{\"@type\":\"WebPage\",\"@id\":\"https:\/\/127.0.0.1\/it\/cultura-dimpresa\/biblioteca-pirelli-una-festa-di-compleanno-tra-conversazioni-sui-libri-e-buona-cucina\/\",\"url\":\"https:\/\/127.0.0.1\/it\/cultura-dimpresa\/biblioteca-pirelli-una-festa-di-compleanno-tra-conversazioni-sui-libri-e-buona-cucina\/\",\"name\":\"Biblioteca Pirelli, una festa di compleanno tra conversazioni sui libri e buona cucina - Fondazione Pirelli\",\"isPartOf\":{\"@id\":\"https:\/\/www.fondazionepirelli.org\/it\/#website\"},\"primaryImageOfPage\":{\"@id\":\"https:\/\/127.0.0.1\/it\/cultura-dimpresa\/biblioteca-pirelli-una-festa-di-compleanno-tra-conversazioni-sui-libri-e-buona-cucina\/#primaryimage\"},\"image\":{\"@id\":\"https:\/\/127.0.0.1\/it\/cultura-dimpresa\/biblioteca-pirelli-una-festa-di-compleanno-tra-conversazioni-sui-libri-e-buona-cucina\/#primaryimage\"},\"thumbnailUrl\":\"https:\/\/wpsite-assets.fondazionepirelli.org\/wp-content\/uploads\/2019\/05\/20101431\/IMG_0762.jpg\",\"datePublished\":\"2017-11-14T00:00:00+00:00\",\"dateModified\":\"2019-05-20T12:52:30+00:00\",\"author\":{\"@id\":\"https:\/\/www.fondazionepirelli.org\/it\/#\/schema\/person\/f47d097000832c4a6e54538c791fdf25\"},\"breadcrumb\":{\"@id\":\"https:\/\/127.0.0.1\/it\/cultura-dimpresa\/biblioteca-pirelli-una-festa-di-compleanno-tra-conversazioni-sui-libri-e-buona-cucina\/#breadcrumb\"},\"inLanguage\":\"it-IT\",\"potentialAction\":[{\"@type\":\"ReadAction\",\"target\":[\"https:\/\/127.0.0.1\/it\/cultura-dimpresa\/biblioteca-pirelli-una-festa-di-compleanno-tra-conversazioni-sui-libri-e-buona-cucina\/\"]}]},{\"@type\":\"ImageObject\",\"inLanguage\":\"it-IT\",\"@id\":\"https:\/\/127.0.0.1\/it\/cultura-dimpresa\/biblioteca-pirelli-una-festa-di-compleanno-tra-conversazioni-sui-libri-e-buona-cucina\/#primaryimage\",\"url\":\"https:\/\/wpsite-assets.fondazionepirelli.org\/wp-content\/uploads\/2019\/05\/20101431\/IMG_0762.jpg\",\"contentUrl\":\"https:\/\/wpsite-assets.fondazionepirelli.org\/wp-content\/uploads\/2019\/05\/20101431\/IMG_0762.jpg\",\"width\":400,\"height\":300},{\"@type\":\"BreadcrumbList\",\"@id\":\"https:\/\/127.0.0.1\/it\/cultura-dimpresa\/biblioteca-pirelli-una-festa-di-compleanno-tra-conversazioni-sui-libri-e-buona-cucina\/#breadcrumb\",\"itemListElement\":[{\"@type\":\"ListItem\",\"position\":1,\"name\":\"Home\",\"item\":\"https:\/\/www.fondazionepirelli.org\/it\/\"},{\"@type\":\"ListItem\",\"position\":2,\"name\":\"Biblioteca Pirelli, una festa di compleanno tra conversazioni sui libri e buona cucina\"}]},{\"@type\":\"WebSite\",\"@id\":\"https:\/\/www.fondazionepirelli.org\/it\/#website\",\"url\":\"https:\/\/www.fondazionepirelli.org\/it\/\",\"name\":\"Fondazione Pirelli\",\"description\":\"\",\"potentialAction\":[{\"@type\":\"SearchAction\",\"target\":{\"@type\":\"EntryPoint\",\"urlTemplate\":\"https:\/\/www.fondazionepirelli.org\/it\/?s={search_term_string}\"},\"query-input\":{\"@type\":\"PropertyValueSpecification\",\"valueRequired\":true,\"valueName\":\"search_term_string\"}}],\"inLanguage\":\"it-IT\"},{\"@type\":\"Person\",\"@id\":\"https:\/\/www.fondazionepirelli.org\/it\/#\/schema\/person\/f47d097000832c4a6e54538c791fdf25\",\"name\":\"fondadmin\",\"image\":{\"@type\":\"ImageObject\",\"inLanguage\":\"it-IT\",\"@id\":\"https:\/\/www.fondazionepirelli.org\/it\/#\/schema\/person\/image\/\",\"url\":\"https:\/\/secure.gravatar.com\/avatar\/e69498a9175ca244966e51e53c88712c024fcebe41f9a05f75657f1bb25e489b?s=96&d=mm&r=g\",\"contentUrl\":\"https:\/\/secure.gravatar.com\/avatar\/e69498a9175ca244966e51e53c88712c024fcebe41f9a05f75657f1bb25e489b?s=96&d=mm&r=g\",\"caption\":\"fondadmin\"},\"url\":\"https:\/\/www.fondazionepirelli.org\/it\/author\/fondadmin\/\"}]}<\/script>\n<!-- \/ Yoast SEO plugin. -->","yoast_head_json":{"title":"Biblioteca Pirelli, una festa di compleanno tra conversazioni sui libri e buona cucina - Fondazione Pirelli","robots":{"index":"index","follow":"follow","max-snippet":"max-snippet:-1","max-image-preview":"max-image-preview:large","max-video-preview":"max-video-preview:-1"},"canonical":"https:\/\/www.fondazionepirelli.org\/it\/cultura-dimpresa\/biblioteca-pirelli-una-festa-di-compleanno-tra-conversazioni-sui-libri-e-buona-cucina\/","og_locale":"it_IT","og_type":"article","og_title":"Biblioteca Pirelli, una festa di compleanno tra conversazioni sui libri e buona cucina - Fondazione Pirelli","og_description":"\u201cFondare biblioteche \u00e8 come costruire ancora granai pubblici, ammassare riserve contro l\u2019inverno dello spirito che da molti indizi, mio malgrado, vedo venire\u201d. Le parole di Marguerite Yourcenar, dalle pagine di \u201cMemorie di Adriano\u201d, stanno sul frontone della grande parete d\u2019ingresso della Biblioteca Pirelli, nel palazzo che ospita l\u2019Headquarters del Gruppo, in Bicocca. E danno il [&hellip;]","og_url":"https:\/\/127.0.0.1\/it\/cultura-dimpresa\/biblioteca-pirelli-una-festa-di-compleanno-tra-conversazioni-sui-libri-e-buona-cucina\/","og_site_name":"Fondazione Pirelli","article_published_time":"2017-11-14T00:00:00+00:00","article_modified_time":"2019-05-20T12:52:30+00:00","og_image":[{"width":400,"height":300,"url":"https:\/\/wpsite-assets.fondazionepirelli.org\/wp-content\/uploads\/2019\/05\/20101431\/IMG_0762.jpg","type":"image\/jpeg"}],"author":"fondadmin","twitter_card":"summary_large_image","twitter_misc":{"Scritto da":"fondadmin","Tempo di lettura stimato":"6 minuti"},"schema":{"@context":"https:\/\/schema.org","@graph":[{"@type":"WebPage","@id":"https:\/\/127.0.0.1\/it\/cultura-dimpresa\/biblioteca-pirelli-una-festa-di-compleanno-tra-conversazioni-sui-libri-e-buona-cucina\/","url":"https:\/\/127.0.0.1\/it\/cultura-dimpresa\/biblioteca-pirelli-una-festa-di-compleanno-tra-conversazioni-sui-libri-e-buona-cucina\/","name":"Biblioteca Pirelli, una festa di compleanno tra conversazioni sui libri e buona cucina - Fondazione Pirelli","isPartOf":{"@id":"https:\/\/www.fondazionepirelli.org\/it\/#website"},"primaryImageOfPage":{"@id":"https:\/\/127.0.0.1\/it\/cultura-dimpresa\/biblioteca-pirelli-una-festa-di-compleanno-tra-conversazioni-sui-libri-e-buona-cucina\/#primaryimage"},"image":{"@id":"https:\/\/127.0.0.1\/it\/cultura-dimpresa\/biblioteca-pirelli-una-festa-di-compleanno-tra-conversazioni-sui-libri-e-buona-cucina\/#primaryimage"},"thumbnailUrl":"https:\/\/wpsite-assets.fondazionepirelli.org\/wp-content\/uploads\/2019\/05\/20101431\/IMG_0762.jpg","datePublished":"2017-11-14T00:00:00+00:00","dateModified":"2019-05-20T12:52:30+00:00","author":{"@id":"https:\/\/www.fondazionepirelli.org\/it\/#\/schema\/person\/f47d097000832c4a6e54538c791fdf25"},"breadcrumb":{"@id":"https:\/\/127.0.0.1\/it\/cultura-dimpresa\/biblioteca-pirelli-una-festa-di-compleanno-tra-conversazioni-sui-libri-e-buona-cucina\/#breadcrumb"},"inLanguage":"it-IT","potentialAction":[{"@type":"ReadAction","target":["https:\/\/127.0.0.1\/it\/cultura-dimpresa\/biblioteca-pirelli-una-festa-di-compleanno-tra-conversazioni-sui-libri-e-buona-cucina\/"]}]},{"@type":"ImageObject","inLanguage":"it-IT","@id":"https:\/\/127.0.0.1\/it\/cultura-dimpresa\/biblioteca-pirelli-una-festa-di-compleanno-tra-conversazioni-sui-libri-e-buona-cucina\/#primaryimage","url":"https:\/\/wpsite-assets.fondazionepirelli.org\/wp-content\/uploads\/2019\/05\/20101431\/IMG_0762.jpg","contentUrl":"https:\/\/wpsite-assets.fondazionepirelli.org\/wp-content\/uploads\/2019\/05\/20101431\/IMG_0762.jpg","width":400,"height":300},{"@type":"BreadcrumbList","@id":"https:\/\/127.0.0.1\/it\/cultura-dimpresa\/biblioteca-pirelli-una-festa-di-compleanno-tra-conversazioni-sui-libri-e-buona-cucina\/#breadcrumb","itemListElement":[{"@type":"ListItem","position":1,"name":"Home","item":"https:\/\/www.fondazionepirelli.org\/it\/"},{"@type":"ListItem","position":2,"name":"Biblioteca Pirelli, una festa di compleanno tra conversazioni sui libri e buona cucina"}]},{"@type":"WebSite","@id":"https:\/\/www.fondazionepirelli.org\/it\/#website","url":"https:\/\/www.fondazionepirelli.org\/it\/","name":"Fondazione Pirelli","description":"","potentialAction":[{"@type":"SearchAction","target":{"@type":"EntryPoint","urlTemplate":"https:\/\/www.fondazionepirelli.org\/it\/?s={search_term_string}"},"query-input":{"@type":"PropertyValueSpecification","valueRequired":true,"valueName":"search_term_string"}}],"inLanguage":"it-IT"},{"@type":"Person","@id":"https:\/\/www.fondazionepirelli.org\/it\/#\/schema\/person\/f47d097000832c4a6e54538c791fdf25","name":"fondadmin","image":{"@type":"ImageObject","inLanguage":"it-IT","@id":"https:\/\/www.fondazionepirelli.org\/it\/#\/schema\/person\/image\/","url":"https:\/\/secure.gravatar.com\/avatar\/e69498a9175ca244966e51e53c88712c024fcebe41f9a05f75657f1bb25e489b?s=96&d=mm&r=g","contentUrl":"https:\/\/secure.gravatar.com\/avatar\/e69498a9175ca244966e51e53c88712c024fcebe41f9a05f75657f1bb25e489b?s=96&d=mm&r=g","caption":"fondadmin"},"url":"https:\/\/www.fondazionepirelli.org\/it\/author\/fondadmin\/"}]}},"_links":{"self":[{"href":"https:\/\/www.fondazionepirelli.org\/it\/wp-json\/wp\/v2\/posts\/51441\/"}],"collection":[{"href":"https:\/\/www.fondazionepirelli.org\/it\/wp-json\/wp\/v2\/posts\/"}],"about":[{"href":"https:\/\/www.fondazionepirelli.org\/it\/wp-json\/wp\/v2\/types\/post\/"}],"author":[{"embeddable":true,"href":"https:\/\/www.fondazionepirelli.org\/it\/wp-json\/wp\/v2\/users\/1\/"}],"replies":[{"embeddable":true,"href":"https:\/\/www.fondazionepirelli.org\/it\/wp-json\/wp\/v2\/comments\/?post=51441"}],"version-history":[{"count":2,"href":"https:\/\/www.fondazionepirelli.org\/it\/wp-json\/wp\/v2\/posts\/51441\/revisions\/"}],"predecessor-version":[{"id":55503,"href":"https:\/\/www.fondazionepirelli.org\/it\/wp-json\/wp\/v2\/posts\/51441\/revisions\/55503\/"}],"wp:featuredmedia":[{"embeddable":true,"href":"https:\/\/www.fondazionepirelli.org\/it\/wp-json\/wp\/v2\/media\/51442\/"}],"wp:attachment":[{"href":"https:\/\/www.fondazionepirelli.org\/it\/wp-json\/wp\/v2\/media\/?parent=51441"}],"wp:term":[{"taxonomy":"category","embeddable":true,"href":"https:\/\/www.fondazionepirelli.org\/it\/wp-json\/wp\/v2\/categories\/?post=51441"},{"taxonomy":"post_tag","embeddable":true,"href":"https:\/\/www.fondazionepirelli.org\/it\/wp-json\/wp\/v2\/tags\/?post=51441"}],"curies":[{"name":"wp","href":"https:\/\/api.w.org\/{rel}","templated":true}]}}