{"id":51455,"date":"2017-11-07T00:00:00","date_gmt":"2017-11-07T00:00:00","guid":{"rendered":"http:\/\/www.fondazionepirelli.org\/fondazione-pirelli\/tra-cambio-di-paradigma-e-metamorfosi-le-idee-per-migliorare-la-qualita-dello-sviluppo\/"},"modified":"2019-05-09T15:06:31","modified_gmt":"2019-05-09T15:06:31","slug":"tra-cambio-di-paradigma-e-metamorfosi-le-idee-per-migliorare-la-qualita-dello-sviluppo","status":"publish","type":"post","link":"https:\/\/www.fondazionepirelli.org\/it\/cultura-dimpresa\/tra-cambio-di-paradigma-e-metamorfosi-le-idee-per-migliorare-la-qualita-dello-sviluppo\/","title":{"rendered":"Tra \u201ccambio di paradigma\u201d e \u201cmetamorfosi\u201d le idee per migliorare la qualit\u00e0 dello sviluppo"},"content":{"rendered":"<p>\u201cCambio di paradigma\u201d, scrive <strong>Mauro Magatti<\/strong>, sociologo di grande acutezza, professore all\u2019Universit\u00e0 Cattolica di Milano. Il suo ultimo libro, appena pubblicato da Feltrinelli, contiene pagine di grande interesse dedicate a come \u201cuscire dalla crisi pensando il futuro\u201d e contribuisce con analisi e proposte originali al dibattito sulle ragioni del disastro economico che dal 2008 ha coinvolto milioni di persone e sulle idee per una nuova e migliore stagione di sviluppo. Si esce \u201cdall\u2019ordine neo-liberista\u201d che ha determinato \u201cuna societ\u00e0 psicotica\u201d con passaggi \u201cdall\u2019euforia all\u2019angoscia\u201d, si evitano le trappole dello scambio \u201cefficienza per sicurezza\u201d (illudendosi di poter ricominciare a crescere \u201cspremendo di pi\u00f9 il limone\u201d ovvero insistendo sulle ricette dell\u2019austerit\u00e0 a ogni costo e degli squilibri dei mercati sregolati o mal regolati) e si prova invece a coniugare \u201ccrescita economica e sviluppo umano e sociale\u201d, andando avanti e \u201ctornando a produrre valore\u201d insistendo sui <strong>valori<\/strong>. Sfida generale, di sistema. Che coinvolge parecchi dei pi\u00f9 responsabili attori economici.<\/p>\n<p>\u201cLeft behind &#8211; How to help places hurt by globalisation\u201d, ha titolato efficacemente \u201cThe Economist\u201d nel numero del 21 ottobre per un\u2019inchiesta su ceti sociali e paesi \u201clasciati indietro\u201d dalle dinamiche globali degli scambi e delle nuove tecnologie, dando dunque corpo alle riflessioni critiche e autocritiche che oramai investono ampi ambienti dell\u2019economia, a cominciare dal Fondo monetario internazionale, per anni tempio del neoliberismo e della globalizzazione positiva.<\/p>\n<p>Nel discorso pubblico, sempre pi\u00f9 spesso, al termine \u201ceconomia\u201d si legano aggettivi come \u201ccivile\u201d, \u201ccircolare\u201d, \u201csharing\u201d e cio\u00e8 condivisa, \u201cgiusta\u201d, \u201csostenibile\u201d, segnali appunto di crisi e di ricerca, di nuove regole, di nuovi modi di produrre e distribuire ricchezza, <strong>valorizzare le persone<\/strong>, offrire opportunit\u00e0, evitare le pi\u00f9 vistose e insopportabili \u201cdiseguaglianze\u201d. Eccolo, dunque, il \u201ccambio di paradigma\u201d proposto da Magatti, che riguarda l\u2019<strong>economia<\/strong> (\u201cil mercato globale \u00e8 sempre pi\u00f9 selvaggio e sregolato\u201d) e la <strong>politica<\/strong> (\u201csempre pi\u00f9 populista e nazionalista\u201d): occorre rinunciare \u201calla cieca economia del consumo\u201d, costruire \u201cnuovi consumatori\u201d e \u201cnuovi beni\u201d, per giungere \u201ca uno scambio sostenibile\u201d. Le imprese, in buon numero, \u201csono le prime ad adattarsi\u201d. Insiste Magatti: \u201cSolo la combinazione tra sostenibilit\u00e0 e logica contributiva pu\u00f2 permettere di ricostruire su basi nuove il rapporto tra economia e societ\u00e0 che il neoliberismo ha mandato in frantumi. E cos\u00ec rispondere alla domanda sulla natura della prossima crescita economica, nel quadro di una nuova stagione della democrazia\u201d. Sfida difficile, naturalmente. Ma obbligata. Pena la rinuncia al benessere diffuso e condiviso e a parecchie essenziali libert\u00e0.<\/p>\n<p>Sono appunto le questioni in discussione anche a <strong>Milano<\/strong>, in questi tempi difficili, per cercare di definire condizioni e politiche per rafforzare lo sviluppo economico migliorando la qualit\u00e0 della vita (ne abbiamo a lungo scritto anche nei blog delle ultime tre settimane), per una citt\u00e0 che sappia essere non solo dinamica e \u201csmart\u201d, ma anche solidale e inclusiva, come la sua stessa storia testimonia. Il \u201ccambio di paradigma\u201d chiede nuovi equilibri economici e sociali. E\u2019 una sfida civilee di cittadinanza: \u201cNon esistono smart cities senza smart citizens\u201d, ricorda Carlo Ratti in \u201cLa citt\u00e0 del domani\u201d, Einaudi (ne abbiamo scritto nel blog del 24 ottobre). E l\u2019incrocio tra responsabilit\u00e0 personale e impegno pubblico \u00e8 fondamentale: \u201cSiamo chiamati a essere costruttori, non vittime, del futuro\u201d.<\/p>\n<p>C\u2019\u00e8 infatti un rischio generale, che investe le nostre citt\u00e0 ma anche un po\u2019 tutta l\u2019Europa: quello di smetterla di progettare futuro e chiudersi nel rimpianto del passato e nell\u2019orizzonte angusto di egoismi e di \u201cpiccole patrie\u201d, come ammonisce <strong>Zygmunt Bauman<\/strong> in \u201cRetrotopia\u201d, Laterza, libro lucidissimo scritto poco prima della morte, per metterci in guardia dal pericolo della nostalgia e del \u201critorno a\u2026\u201d: a Hobbes e ai radicali conflitti tra gli uomini, \u201calle trib\u00f9, alla disuguaglianza, al grembo materno\u201d. Bisogna invece affrontare il difficile compito di \u201cinnalzare l\u2019integrazione umana al livello dell\u2019umanit\u00e0 intera\u201d (c\u2019\u00e8 l\u2019eco della lezione di Papa Francesco). E sapere \u201cche siamo, come mai prima d\u2019ora, in una situazione di aut aut: possiamo scegliere se prenderci per mano o finire in una fossa comune\u201d. Non si tratta di buone intenzioni. Ma d\u2019imparare a governare con sguardo lungo e generoso i processi che investono politica, economia, cultura, societ\u00e0. La parola \u201csostenibilit\u00e0\u201d torna a farsi sentire.<\/p>\n<p>Ci sono cambiamenti cos\u00ec radicali da dover essere definiti come <strong>metamorfosi<\/strong>. E \u201cLe metamorfosi del mondo\u201d sono quelle analizzate dall\u2019ultimo libro di <strong>Ulrich Beck<\/strong>, uno dei maggiori sociologi contemporanei, edito da Laterza (un altro libro da eredit\u00e0 morale, dato che Beck \u00e8 morto nel 2015). Le modernizzazioni tecniche ed economiche, sottolinea anche Beck, hanno stravolto le nostre vite. Globalizzazione e tecnologie digitali hanno reso il mondo pi\u00f9 piccolo, connesso ma anche fragile e sempre pi\u00f9 nevrotico. E le mutazioni riguardano il nostro essere genitori e i rapporti tra le generazioni, in condizioni di crescenti disuguaglianze, i cambiamenti climatici sino al \u201ccatastrofismo emancipativo\u201d (con i conflitti tra egoismi nazionali e produttivi e importanti accordi internazionali per l\u2019ambiente), le metropoli in cui viviamo, il miglioramento della qualit\u00e0 della vita ma anche \u201ci rischi cosmopoliti\u201d (il terrorismo che colpisce ovunque), il lavoro, la comunicazione, l\u2019economia e le stesse tradizionali forme della democrazia. Come ne usciremo? Il futuro dipende un po\u2019 pure dal senso di responsabilit\u00e0 d\u2019ognuno di noi. Il \u201ccambio di paradigma\u201d pu\u00f2 molto migliorar<\/p>\n","protected":false},"excerpt":{"rendered":"<p>\u201cCambio di paradigma\u201d, scrive Mauro Magatti, sociologo di grande acutezza, professore all\u2019Universit\u00e0 Cattolica di Milano. Il suo ultimo libro, appena pubblicato da Feltrinelli, contiene pagine di grande interesse dedicate a come \u201cuscire dalla crisi pensando il futuro\u201d e contribuisce con analisi e proposte originali al dibattito sulle ragioni del disastro economico che dal 2008 ha [&hellip;]<\/p>\n","protected":false},"author":1,"featured_media":51456,"comment_status":"open","ping_status":"open","sticky":false,"template":"","format":"standard","meta":{"footnotes":""},"categories":[53,52],"tags":[],"class_list":["post-51455","post","type-post","status-publish","format-standard","has-post-thumbnail","hentry","category-blog","category-cultura-dimpresa"],"acf":[],"yoast_head":"<!-- This site is optimized with the Yoast SEO plugin v25.0 - https:\/\/yoast.com\/wordpress\/plugins\/seo\/ -->\n<title>Tra \u201ccambio di paradigma\u201d e \u201cmetamorfosi\u201d le idee per migliorare la qualit\u00e0 dello sviluppo - Fondazione Pirelli<\/title>\n<meta name=\"robots\" content=\"index, follow, max-snippet:-1, max-image-preview:large, max-video-preview:-1\" \/>\n<link rel=\"canonical\" href=\"https:\/\/www.fondazionepirelli.org\/it\/cultura-dimpresa\/tra-cambio-di-paradigma-e-metamorfosi-le-idee-per-migliorare-la-qualita-dello-sviluppo\/\" \/>\n<meta property=\"og:locale\" content=\"it_IT\" \/>\n<meta property=\"og:type\" content=\"article\" \/>\n<meta property=\"og:title\" content=\"Tra \u201ccambio di paradigma\u201d e \u201cmetamorfosi\u201d le idee per migliorare la qualit\u00e0 dello sviluppo - Fondazione Pirelli\" \/>\n<meta property=\"og:description\" content=\"\u201cCambio di paradigma\u201d, scrive Mauro Magatti, sociologo di grande acutezza, professore all\u2019Universit\u00e0 Cattolica di Milano. Il suo ultimo libro, appena pubblicato da Feltrinelli, contiene pagine di grande interesse dedicate a come \u201cuscire dalla crisi pensando il futuro\u201d e contribuisce con analisi e proposte originali al dibattito sulle ragioni del disastro economico che dal 2008 ha [&hellip;]\" \/>\n<meta property=\"og:url\" content=\"https:\/\/127.0.0.1\/it\/cultura-dimpresa\/tra-cambio-di-paradigma-e-metamorfosi-le-idee-per-migliorare-la-qualita-dello-sviluppo\/\" \/>\n<meta property=\"og:site_name\" content=\"Fondazione Pirelli\" \/>\n<meta property=\"article:published_time\" content=\"2017-11-07T00:00:00+00:00\" \/>\n<meta property=\"article:modified_time\" content=\"2019-05-09T15:06:31+00:00\" \/>\n<meta property=\"og:image\" content=\"https:\/\/wpsite-assets.fondazionepirelli.org\/wp-content\/uploads\/2019\/05\/20101427\/ESCHER.jpg\" \/>\n\t<meta property=\"og:image:width\" content=\"776\" \/>\n\t<meta property=\"og:image:height\" content=\"659\" \/>\n\t<meta property=\"og:image:type\" content=\"image\/jpeg\" \/>\n<meta name=\"author\" content=\"fondadmin\" \/>\n<meta name=\"twitter:card\" content=\"summary_large_image\" \/>\n<meta name=\"twitter:label1\" content=\"Scritto da\" \/>\n\t<meta name=\"twitter:data1\" content=\"fondadmin\" \/>\n\t<meta name=\"twitter:label2\" content=\"Tempo di lettura stimato\" \/>\n\t<meta name=\"twitter:data2\" content=\"4 minuti\" \/>\n<script type=\"application\/ld+json\" class=\"yoast-schema-graph\">{\"@context\":\"https:\/\/schema.org\",\"@graph\":[{\"@type\":\"WebPage\",\"@id\":\"https:\/\/127.0.0.1\/it\/cultura-dimpresa\/tra-cambio-di-paradigma-e-metamorfosi-le-idee-per-migliorare-la-qualita-dello-sviluppo\/\",\"url\":\"https:\/\/127.0.0.1\/it\/cultura-dimpresa\/tra-cambio-di-paradigma-e-metamorfosi-le-idee-per-migliorare-la-qualita-dello-sviluppo\/\",\"name\":\"Tra \u201ccambio di paradigma\u201d e \u201cmetamorfosi\u201d le idee per migliorare la qualit\u00e0 dello sviluppo - Fondazione Pirelli\",\"isPartOf\":{\"@id\":\"https:\/\/www.fondazionepirelli.org\/it\/#website\"},\"primaryImageOfPage\":{\"@id\":\"https:\/\/127.0.0.1\/it\/cultura-dimpresa\/tra-cambio-di-paradigma-e-metamorfosi-le-idee-per-migliorare-la-qualita-dello-sviluppo\/#primaryimage\"},\"image\":{\"@id\":\"https:\/\/127.0.0.1\/it\/cultura-dimpresa\/tra-cambio-di-paradigma-e-metamorfosi-le-idee-per-migliorare-la-qualita-dello-sviluppo\/#primaryimage\"},\"thumbnailUrl\":\"https:\/\/wpsite-assets.fondazionepirelli.org\/wp-content\/uploads\/2019\/05\/20101427\/ESCHER.jpg\",\"datePublished\":\"2017-11-07T00:00:00+00:00\",\"dateModified\":\"2019-05-09T15:06:31+00:00\",\"author\":{\"@id\":\"https:\/\/www.fondazionepirelli.org\/it\/#\/schema\/person\/f47d097000832c4a6e54538c791fdf25\"},\"breadcrumb\":{\"@id\":\"https:\/\/127.0.0.1\/it\/cultura-dimpresa\/tra-cambio-di-paradigma-e-metamorfosi-le-idee-per-migliorare-la-qualita-dello-sviluppo\/#breadcrumb\"},\"inLanguage\":\"it-IT\",\"potentialAction\":[{\"@type\":\"ReadAction\",\"target\":[\"https:\/\/127.0.0.1\/it\/cultura-dimpresa\/tra-cambio-di-paradigma-e-metamorfosi-le-idee-per-migliorare-la-qualita-dello-sviluppo\/\"]}]},{\"@type\":\"ImageObject\",\"inLanguage\":\"it-IT\",\"@id\":\"https:\/\/127.0.0.1\/it\/cultura-dimpresa\/tra-cambio-di-paradigma-e-metamorfosi-le-idee-per-migliorare-la-qualita-dello-sviluppo\/#primaryimage\",\"url\":\"https:\/\/wpsite-assets.fondazionepirelli.org\/wp-content\/uploads\/2019\/05\/20101427\/ESCHER.jpg\",\"contentUrl\":\"https:\/\/wpsite-assets.fondazionepirelli.org\/wp-content\/uploads\/2019\/05\/20101427\/ESCHER.jpg\",\"width\":776,\"height\":659},{\"@type\":\"BreadcrumbList\",\"@id\":\"https:\/\/127.0.0.1\/it\/cultura-dimpresa\/tra-cambio-di-paradigma-e-metamorfosi-le-idee-per-migliorare-la-qualita-dello-sviluppo\/#breadcrumb\",\"itemListElement\":[{\"@type\":\"ListItem\",\"position\":1,\"name\":\"Home\",\"item\":\"https:\/\/www.fondazionepirelli.org\/it\/\"},{\"@type\":\"ListItem\",\"position\":2,\"name\":\"Tra \u201ccambio di paradigma\u201d e \u201cmetamorfosi\u201d le idee per migliorare la qualit\u00e0 dello sviluppo\"}]},{\"@type\":\"WebSite\",\"@id\":\"https:\/\/www.fondazionepirelli.org\/it\/#website\",\"url\":\"https:\/\/www.fondazionepirelli.org\/it\/\",\"name\":\"Fondazione Pirelli\",\"description\":\"\",\"potentialAction\":[{\"@type\":\"SearchAction\",\"target\":{\"@type\":\"EntryPoint\",\"urlTemplate\":\"https:\/\/www.fondazionepirelli.org\/it\/?s={search_term_string}\"},\"query-input\":{\"@type\":\"PropertyValueSpecification\",\"valueRequired\":true,\"valueName\":\"search_term_string\"}}],\"inLanguage\":\"it-IT\"},{\"@type\":\"Person\",\"@id\":\"https:\/\/www.fondazionepirelli.org\/it\/#\/schema\/person\/f47d097000832c4a6e54538c791fdf25\",\"name\":\"fondadmin\",\"image\":{\"@type\":\"ImageObject\",\"inLanguage\":\"it-IT\",\"@id\":\"https:\/\/www.fondazionepirelli.org\/it\/#\/schema\/person\/image\/\",\"url\":\"https:\/\/secure.gravatar.com\/avatar\/e69498a9175ca244966e51e53c88712c024fcebe41f9a05f75657f1bb25e489b?s=96&d=mm&r=g\",\"contentUrl\":\"https:\/\/secure.gravatar.com\/avatar\/e69498a9175ca244966e51e53c88712c024fcebe41f9a05f75657f1bb25e489b?s=96&d=mm&r=g\",\"caption\":\"fondadmin\"},\"url\":\"https:\/\/www.fondazionepirelli.org\/it\/author\/fondadmin\/\"}]}<\/script>\n<!-- \/ Yoast SEO plugin. -->","yoast_head_json":{"title":"Tra \u201ccambio di paradigma\u201d e \u201cmetamorfosi\u201d le idee per migliorare la qualit\u00e0 dello sviluppo - Fondazione Pirelli","robots":{"index":"index","follow":"follow","max-snippet":"max-snippet:-1","max-image-preview":"max-image-preview:large","max-video-preview":"max-video-preview:-1"},"canonical":"https:\/\/www.fondazionepirelli.org\/it\/cultura-dimpresa\/tra-cambio-di-paradigma-e-metamorfosi-le-idee-per-migliorare-la-qualita-dello-sviluppo\/","og_locale":"it_IT","og_type":"article","og_title":"Tra \u201ccambio di paradigma\u201d e \u201cmetamorfosi\u201d le idee per migliorare la qualit\u00e0 dello sviluppo - Fondazione Pirelli","og_description":"\u201cCambio di paradigma\u201d, scrive Mauro Magatti, sociologo di grande acutezza, professore all\u2019Universit\u00e0 Cattolica di Milano. Il suo ultimo libro, appena pubblicato da Feltrinelli, contiene pagine di grande interesse dedicate a come \u201cuscire dalla crisi pensando il futuro\u201d e contribuisce con analisi e proposte originali al dibattito sulle ragioni del disastro economico che dal 2008 ha [&hellip;]","og_url":"https:\/\/127.0.0.1\/it\/cultura-dimpresa\/tra-cambio-di-paradigma-e-metamorfosi-le-idee-per-migliorare-la-qualita-dello-sviluppo\/","og_site_name":"Fondazione Pirelli","article_published_time":"2017-11-07T00:00:00+00:00","article_modified_time":"2019-05-09T15:06:31+00:00","og_image":[{"width":776,"height":659,"url":"https:\/\/wpsite-assets.fondazionepirelli.org\/wp-content\/uploads\/2019\/05\/20101427\/ESCHER.jpg","type":"image\/jpeg"}],"author":"fondadmin","twitter_card":"summary_large_image","twitter_misc":{"Scritto da":"fondadmin","Tempo di lettura stimato":"4 minuti"},"schema":{"@context":"https:\/\/schema.org","@graph":[{"@type":"WebPage","@id":"https:\/\/127.0.0.1\/it\/cultura-dimpresa\/tra-cambio-di-paradigma-e-metamorfosi-le-idee-per-migliorare-la-qualita-dello-sviluppo\/","url":"https:\/\/127.0.0.1\/it\/cultura-dimpresa\/tra-cambio-di-paradigma-e-metamorfosi-le-idee-per-migliorare-la-qualita-dello-sviluppo\/","name":"Tra \u201ccambio di paradigma\u201d e \u201cmetamorfosi\u201d le idee per migliorare la qualit\u00e0 dello sviluppo - Fondazione Pirelli","isPartOf":{"@id":"https:\/\/www.fondazionepirelli.org\/it\/#website"},"primaryImageOfPage":{"@id":"https:\/\/127.0.0.1\/it\/cultura-dimpresa\/tra-cambio-di-paradigma-e-metamorfosi-le-idee-per-migliorare-la-qualita-dello-sviluppo\/#primaryimage"},"image":{"@id":"https:\/\/127.0.0.1\/it\/cultura-dimpresa\/tra-cambio-di-paradigma-e-metamorfosi-le-idee-per-migliorare-la-qualita-dello-sviluppo\/#primaryimage"},"thumbnailUrl":"https:\/\/wpsite-assets.fondazionepirelli.org\/wp-content\/uploads\/2019\/05\/20101427\/ESCHER.jpg","datePublished":"2017-11-07T00:00:00+00:00","dateModified":"2019-05-09T15:06:31+00:00","author":{"@id":"https:\/\/www.fondazionepirelli.org\/it\/#\/schema\/person\/f47d097000832c4a6e54538c791fdf25"},"breadcrumb":{"@id":"https:\/\/127.0.0.1\/it\/cultura-dimpresa\/tra-cambio-di-paradigma-e-metamorfosi-le-idee-per-migliorare-la-qualita-dello-sviluppo\/#breadcrumb"},"inLanguage":"it-IT","potentialAction":[{"@type":"ReadAction","target":["https:\/\/127.0.0.1\/it\/cultura-dimpresa\/tra-cambio-di-paradigma-e-metamorfosi-le-idee-per-migliorare-la-qualita-dello-sviluppo\/"]}]},{"@type":"ImageObject","inLanguage":"it-IT","@id":"https:\/\/127.0.0.1\/it\/cultura-dimpresa\/tra-cambio-di-paradigma-e-metamorfosi-le-idee-per-migliorare-la-qualita-dello-sviluppo\/#primaryimage","url":"https:\/\/wpsite-assets.fondazionepirelli.org\/wp-content\/uploads\/2019\/05\/20101427\/ESCHER.jpg","contentUrl":"https:\/\/wpsite-assets.fondazionepirelli.org\/wp-content\/uploads\/2019\/05\/20101427\/ESCHER.jpg","width":776,"height":659},{"@type":"BreadcrumbList","@id":"https:\/\/127.0.0.1\/it\/cultura-dimpresa\/tra-cambio-di-paradigma-e-metamorfosi-le-idee-per-migliorare-la-qualita-dello-sviluppo\/#breadcrumb","itemListElement":[{"@type":"ListItem","position":1,"name":"Home","item":"https:\/\/www.fondazionepirelli.org\/it\/"},{"@type":"ListItem","position":2,"name":"Tra \u201ccambio di paradigma\u201d e \u201cmetamorfosi\u201d le idee per migliorare la qualit\u00e0 dello sviluppo"}]},{"@type":"WebSite","@id":"https:\/\/www.fondazionepirelli.org\/it\/#website","url":"https:\/\/www.fondazionepirelli.org\/it\/","name":"Fondazione Pirelli","description":"","potentialAction":[{"@type":"SearchAction","target":{"@type":"EntryPoint","urlTemplate":"https:\/\/www.fondazionepirelli.org\/it\/?s={search_term_string}"},"query-input":{"@type":"PropertyValueSpecification","valueRequired":true,"valueName":"search_term_string"}}],"inLanguage":"it-IT"},{"@type":"Person","@id":"https:\/\/www.fondazionepirelli.org\/it\/#\/schema\/person\/f47d097000832c4a6e54538c791fdf25","name":"fondadmin","image":{"@type":"ImageObject","inLanguage":"it-IT","@id":"https:\/\/www.fondazionepirelli.org\/it\/#\/schema\/person\/image\/","url":"https:\/\/secure.gravatar.com\/avatar\/e69498a9175ca244966e51e53c88712c024fcebe41f9a05f75657f1bb25e489b?s=96&d=mm&r=g","contentUrl":"https:\/\/secure.gravatar.com\/avatar\/e69498a9175ca244966e51e53c88712c024fcebe41f9a05f75657f1bb25e489b?s=96&d=mm&r=g","caption":"fondadmin"},"url":"https:\/\/www.fondazionepirelli.org\/it\/author\/fondadmin\/"}]}},"_links":{"self":[{"href":"https:\/\/www.fondazionepirelli.org\/it\/wp-json\/wp\/v2\/posts\/51455\/"}],"collection":[{"href":"https:\/\/www.fondazionepirelli.org\/it\/wp-json\/wp\/v2\/posts\/"}],"about":[{"href":"https:\/\/www.fondazionepirelli.org\/it\/wp-json\/wp\/v2\/types\/post\/"}],"author":[{"embeddable":true,"href":"https:\/\/www.fondazionepirelli.org\/it\/wp-json\/wp\/v2\/users\/1\/"}],"replies":[{"embeddable":true,"href":"https:\/\/www.fondazionepirelli.org\/it\/wp-json\/wp\/v2\/comments\/?post=51455"}],"version-history":[{"count":3,"href":"https:\/\/www.fondazionepirelli.org\/it\/wp-json\/wp\/v2\/posts\/51455\/revisions\/"}],"predecessor-version":[{"id":53569,"href":"https:\/\/www.fondazionepirelli.org\/it\/wp-json\/wp\/v2\/posts\/51455\/revisions\/53569\/"}],"wp:featuredmedia":[{"embeddable":true,"href":"https:\/\/www.fondazionepirelli.org\/it\/wp-json\/wp\/v2\/media\/51456\/"}],"wp:attachment":[{"href":"https:\/\/www.fondazionepirelli.org\/it\/wp-json\/wp\/v2\/media\/?parent=51455"}],"wp:term":[{"taxonomy":"category","embeddable":true,"href":"https:\/\/www.fondazionepirelli.org\/it\/wp-json\/wp\/v2\/categories\/?post=51455"},{"taxonomy":"post_tag","embeddable":true,"href":"https:\/\/www.fondazionepirelli.org\/it\/wp-json\/wp\/v2\/tags\/?post=51455"}],"curies":[{"name":"wp","href":"https:\/\/api.w.org\/{rel}","templated":true}]}}