{"id":51469,"date":"2017-10-24T00:00:00","date_gmt":"2017-10-24T00:00:00","guid":{"rendered":"http:\/\/www.fondazionepirelli.org\/fondazione-pirelli\/la-complessita-del-vivere-insieme\/"},"modified":"2019-05-09T14:31:52","modified_gmt":"2019-05-09T14:31:52","slug":"la-complessita-del-vivere-insieme","status":"publish","type":"post","link":"https:\/\/www.fondazionepirelli.org\/it\/cultura-dimpresa\/la-complessita-del-vivere-insieme\/","title":{"rendered":"La complessit\u00e0 del vivere insieme"},"content":{"rendered":"<p><em>In un libro il ragionamento sull\u2019evoluzione dei rapporti fra individuo e societ\u00e0 in un mondo sempre pi\u00f9 interconnesso eppure popolato da individui<\/em><\/p><p>Imprese come comunit\u00e0. Imprenditori e <em>manager <\/em>come uomini e donne immersi in ambiti sociali complessi. L&#8217;azienda non solo come organizzazione meccanica ma come insieme di relazioni umane e tecnologiche. Si tratta di alcuni dei concetti di una cultura d&#8217;impresa che guarda alla totalit\u00e0 dell&#8217;uomo lavoratore, ai meccanismi complessi del produrre, al fitto intreccio fra prodotto e produttore che caratterizza l&#8217;impresa moderna. Approcci che necessitano anche di una &#8220;collocazione&#8221; in ambiti pi\u00f9 vasti, che consentano una consapevolezza pi\u00f9 ampia dell&#8217;agire imprenditoriale e produttivo.<\/p>\n<p>E&#8217; proprio un quadro di questo genere ci\u00f2 che fornisce la lettura di &#8220;Vivere insieme. Comunit\u00e0 e relazioni nella societ\u00e0 globale&#8221;. Il libro &#8211; scritto da Piero Amerio, professore emerito di Psicologia sociale\u00a0 all&#8217;Universit\u00e0 di Torino -, \u00e8 una gran viaggio attorno ad alcune delle idee pi\u00f9 importanti del vivere oggi: l&#8217;individuo, la globalizzazione,\u00a0 la sicurezza, la solidariet\u00e0, le possibili comunit\u00e0.<\/p>\n<p>Alla base di tutto una considerazione. Oggi grazie alla rete possiamo entrare in contatto con persone in ogni parte del globo e intrattenere relazioni ben al di l\u00e0 degli spazi tradizionali. Un mondo globalizzato che coinvolge strutture sociali e processi mentali e che va compreso anche con strumenti diversi dai consueti.<\/p>\n<p>Amerio inizia quindi da un ragionamento sulle categorie dell&#8217;individuo come essere sociale e come essere individuale per passare poi ad un approfondimento sull&#8217;apparente paradosso di un mondo globalizzato e quindi sempre pi\u00f9 connesso nelle sue parti, ma in realt\u00e0 sempre pi\u00f9 disunito e &#8220;privato&#8221;. E\u2019 proprio nell\u2019ambito della fotografia dell\u2019oggi, che Amerio tocca anche situazione, ruolo e comportamenti delle imprese in relazione agli individui e ai mercati. Ma non solo. \u00a0Il libro prosegue infatti sottolineando il ruolo della ricerca di sicurezza e dei rischi (nel terzo capitolo), oltre che della solidariet\u00e0 (nel quarto capitolo), come altrettanti elementi di continuit\u00e0 e di novit\u00e0 nell&#8217;agire dell&#8217;uomo. Il traguardo del \u201cdivenire persone in comunit\u00e0 possibili\u201d, e quindi la precisazione di quali siano queste comunit\u00e0, conclude il racconto.<\/p>\n<p>Amerio riesce a prendere per mano chi legge per condurlo lungo un cammino che tocca anche concetti difficili; e lo fa con un linguaggio sempre piano seppur denso, comprensibile anche quando affronta passaggi oggettivamente complessi.<\/p><p><strong>Vivere insieme. Comunit\u00e0 e relazioni nella societ\u00e0 globale<\/strong><\/p>\n<p>Piero Amerio<\/p>\n<p>il Mulino, 2017<\/p>\n","protected":false},"excerpt":{"rendered":"<p>In un libro il ragionamento sull\u2019evoluzione dei rapporti fra individuo e societ\u00e0 in un mondo sempre pi\u00f9 interconnesso eppure popolato da individuiImprese come comunit\u00e0. Imprenditori e manager come uomini e donne immersi in ambiti sociali complessi. L&#8217;azienda non solo come organizzazione meccanica ma come insieme di relazioni umane e tecnologiche. Si tratta di alcuni dei [&hellip;]<\/p>\n","protected":false},"author":1,"featured_media":50631,"comment_status":"open","ping_status":"open","sticky":false,"template":"","format":"standard","meta":{"footnotes":""},"categories":[52,58],"tags":[],"class_list":["post-51469","post","type-post","status-publish","format-standard","has-post-thumbnail","hentry","category-cultura-dimpresa","category-recensioni-libri"],"acf":[],"yoast_head":"<!-- This site is optimized with the Yoast SEO plugin v25.0 - https:\/\/yoast.com\/wordpress\/plugins\/seo\/ -->\n<title>La complessit\u00e0 del vivere insieme - Fondazione Pirelli<\/title>\n<meta name=\"robots\" content=\"index, follow, max-snippet:-1, max-image-preview:large, max-video-preview:-1\" \/>\n<link rel=\"canonical\" href=\"https:\/\/www.fondazionepirelli.org\/it\/cultura-dimpresa\/la-complessita-del-vivere-insieme\/\" \/>\n<meta property=\"og:locale\" content=\"it_IT\" \/>\n<meta property=\"og:type\" content=\"article\" \/>\n<meta property=\"og:title\" content=\"La complessit\u00e0 del vivere insieme - Fondazione Pirelli\" \/>\n<meta property=\"og:description\" content=\"In un libro il ragionamento sull\u2019evoluzione dei rapporti fra individuo e societ\u00e0 in un mondo sempre pi\u00f9 interconnesso eppure popolato da individuiImprese come comunit\u00e0. Imprenditori e manager come uomini e donne immersi in ambiti sociali complessi. L&#8217;azienda non solo come organizzazione meccanica ma come insieme di relazioni umane e tecnologiche. Si tratta di alcuni dei [&hellip;]\" \/>\n<meta property=\"og:url\" content=\"https:\/\/127.0.0.1\/it\/cultura-dimpresa\/la-complessita-del-vivere-insieme\/\" \/>\n<meta property=\"og:site_name\" content=\"Fondazione Pirelli\" \/>\n<meta property=\"article:published_time\" content=\"2017-10-24T00:00:00+00:00\" \/>\n<meta property=\"article:modified_time\" content=\"2019-05-09T14:31:52+00:00\" \/>\n<meta property=\"og:image\" content=\"https:\/\/wpsite-assets.fondazionepirelli.org\/wp-content\/uploads\/2019\/05\/20101650\/libro.jpg\" \/>\n\t<meta property=\"og:image:width\" content=\"309\" \/>\n\t<meta property=\"og:image:height\" content=\"437\" \/>\n\t<meta property=\"og:image:type\" content=\"image\/jpeg\" \/>\n<meta name=\"author\" content=\"fondadmin\" \/>\n<meta name=\"twitter:card\" content=\"summary_large_image\" \/>\n<meta name=\"twitter:label1\" content=\"Scritto da\" \/>\n\t<meta name=\"twitter:data1\" content=\"fondadmin\" \/>\n\t<meta name=\"twitter:label2\" content=\"Tempo di lettura stimato\" \/>\n\t<meta name=\"twitter:data2\" content=\"2 minuti\" \/>\n<script type=\"application\/ld+json\" class=\"yoast-schema-graph\">{\"@context\":\"https:\/\/schema.org\",\"@graph\":[{\"@type\":\"WebPage\",\"@id\":\"https:\/\/127.0.0.1\/it\/cultura-dimpresa\/la-complessita-del-vivere-insieme\/\",\"url\":\"https:\/\/127.0.0.1\/it\/cultura-dimpresa\/la-complessita-del-vivere-insieme\/\",\"name\":\"La complessit\u00e0 del vivere insieme - Fondazione Pirelli\",\"isPartOf\":{\"@id\":\"https:\/\/www.fondazionepirelli.org\/it\/#website\"},\"primaryImageOfPage\":{\"@id\":\"https:\/\/127.0.0.1\/it\/cultura-dimpresa\/la-complessita-del-vivere-insieme\/#primaryimage\"},\"image\":{\"@id\":\"https:\/\/127.0.0.1\/it\/cultura-dimpresa\/la-complessita-del-vivere-insieme\/#primaryimage\"},\"thumbnailUrl\":\"https:\/\/wpsite-assets.fondazionepirelli.org\/wp-content\/uploads\/2019\/05\/20101650\/libro.jpg\",\"datePublished\":\"2017-10-24T00:00:00+00:00\",\"dateModified\":\"2019-05-09T14:31:52+00:00\",\"author\":{\"@id\":\"https:\/\/www.fondazionepirelli.org\/it\/#\/schema\/person\/f47d097000832c4a6e54538c791fdf25\"},\"breadcrumb\":{\"@id\":\"https:\/\/127.0.0.1\/it\/cultura-dimpresa\/la-complessita-del-vivere-insieme\/#breadcrumb\"},\"inLanguage\":\"it-IT\",\"potentialAction\":[{\"@type\":\"ReadAction\",\"target\":[\"https:\/\/127.0.0.1\/it\/cultura-dimpresa\/la-complessita-del-vivere-insieme\/\"]}]},{\"@type\":\"ImageObject\",\"inLanguage\":\"it-IT\",\"@id\":\"https:\/\/127.0.0.1\/it\/cultura-dimpresa\/la-complessita-del-vivere-insieme\/#primaryimage\",\"url\":\"https:\/\/wpsite-assets.fondazionepirelli.org\/wp-content\/uploads\/2019\/05\/20101650\/libro.jpg\",\"contentUrl\":\"https:\/\/wpsite-assets.fondazionepirelli.org\/wp-content\/uploads\/2019\/05\/20101650\/libro.jpg\",\"width\":309,\"height\":437,\"caption\":\"|\"},{\"@type\":\"BreadcrumbList\",\"@id\":\"https:\/\/127.0.0.1\/it\/cultura-dimpresa\/la-complessita-del-vivere-insieme\/#breadcrumb\",\"itemListElement\":[{\"@type\":\"ListItem\",\"position\":1,\"name\":\"Home\",\"item\":\"https:\/\/www.fondazionepirelli.org\/it\/\"},{\"@type\":\"ListItem\",\"position\":2,\"name\":\"La complessit\u00e0 del vivere insieme\"}]},{\"@type\":\"WebSite\",\"@id\":\"https:\/\/www.fondazionepirelli.org\/it\/#website\",\"url\":\"https:\/\/www.fondazionepirelli.org\/it\/\",\"name\":\"Fondazione Pirelli\",\"description\":\"\",\"potentialAction\":[{\"@type\":\"SearchAction\",\"target\":{\"@type\":\"EntryPoint\",\"urlTemplate\":\"https:\/\/www.fondazionepirelli.org\/it\/?s={search_term_string}\"},\"query-input\":{\"@type\":\"PropertyValueSpecification\",\"valueRequired\":true,\"valueName\":\"search_term_string\"}}],\"inLanguage\":\"it-IT\"},{\"@type\":\"Person\",\"@id\":\"https:\/\/www.fondazionepirelli.org\/it\/#\/schema\/person\/f47d097000832c4a6e54538c791fdf25\",\"name\":\"fondadmin\",\"image\":{\"@type\":\"ImageObject\",\"inLanguage\":\"it-IT\",\"@id\":\"https:\/\/www.fondazionepirelli.org\/it\/#\/schema\/person\/image\/\",\"url\":\"https:\/\/secure.gravatar.com\/avatar\/e69498a9175ca244966e51e53c88712c024fcebe41f9a05f75657f1bb25e489b?s=96&d=mm&r=g\",\"contentUrl\":\"https:\/\/secure.gravatar.com\/avatar\/e69498a9175ca244966e51e53c88712c024fcebe41f9a05f75657f1bb25e489b?s=96&d=mm&r=g\",\"caption\":\"fondadmin\"},\"url\":\"https:\/\/www.fondazionepirelli.org\/it\/author\/fondadmin\/\"}]}<\/script>\n<!-- \/ Yoast SEO plugin. -->","yoast_head_json":{"title":"La complessit\u00e0 del vivere insieme - Fondazione Pirelli","robots":{"index":"index","follow":"follow","max-snippet":"max-snippet:-1","max-image-preview":"max-image-preview:large","max-video-preview":"max-video-preview:-1"},"canonical":"https:\/\/www.fondazionepirelli.org\/it\/cultura-dimpresa\/la-complessita-del-vivere-insieme\/","og_locale":"it_IT","og_type":"article","og_title":"La complessit\u00e0 del vivere insieme - Fondazione Pirelli","og_description":"In un libro il ragionamento sull\u2019evoluzione dei rapporti fra individuo e societ\u00e0 in un mondo sempre pi\u00f9 interconnesso eppure popolato da individuiImprese come comunit\u00e0. Imprenditori e manager come uomini e donne immersi in ambiti sociali complessi. L&#8217;azienda non solo come organizzazione meccanica ma come insieme di relazioni umane e tecnologiche. Si tratta di alcuni dei [&hellip;]","og_url":"https:\/\/127.0.0.1\/it\/cultura-dimpresa\/la-complessita-del-vivere-insieme\/","og_site_name":"Fondazione Pirelli","article_published_time":"2017-10-24T00:00:00+00:00","article_modified_time":"2019-05-09T14:31:52+00:00","og_image":[{"width":309,"height":437,"url":"https:\/\/wpsite-assets.fondazionepirelli.org\/wp-content\/uploads\/2019\/05\/20101650\/libro.jpg","type":"image\/jpeg"}],"author":"fondadmin","twitter_card":"summary_large_image","twitter_misc":{"Scritto da":"fondadmin","Tempo di lettura stimato":"2 minuti"},"schema":{"@context":"https:\/\/schema.org","@graph":[{"@type":"WebPage","@id":"https:\/\/127.0.0.1\/it\/cultura-dimpresa\/la-complessita-del-vivere-insieme\/","url":"https:\/\/127.0.0.1\/it\/cultura-dimpresa\/la-complessita-del-vivere-insieme\/","name":"La complessit\u00e0 del vivere insieme - Fondazione Pirelli","isPartOf":{"@id":"https:\/\/www.fondazionepirelli.org\/it\/#website"},"primaryImageOfPage":{"@id":"https:\/\/127.0.0.1\/it\/cultura-dimpresa\/la-complessita-del-vivere-insieme\/#primaryimage"},"image":{"@id":"https:\/\/127.0.0.1\/it\/cultura-dimpresa\/la-complessita-del-vivere-insieme\/#primaryimage"},"thumbnailUrl":"https:\/\/wpsite-assets.fondazionepirelli.org\/wp-content\/uploads\/2019\/05\/20101650\/libro.jpg","datePublished":"2017-10-24T00:00:00+00:00","dateModified":"2019-05-09T14:31:52+00:00","author":{"@id":"https:\/\/www.fondazionepirelli.org\/it\/#\/schema\/person\/f47d097000832c4a6e54538c791fdf25"},"breadcrumb":{"@id":"https:\/\/127.0.0.1\/it\/cultura-dimpresa\/la-complessita-del-vivere-insieme\/#breadcrumb"},"inLanguage":"it-IT","potentialAction":[{"@type":"ReadAction","target":["https:\/\/127.0.0.1\/it\/cultura-dimpresa\/la-complessita-del-vivere-insieme\/"]}]},{"@type":"ImageObject","inLanguage":"it-IT","@id":"https:\/\/127.0.0.1\/it\/cultura-dimpresa\/la-complessita-del-vivere-insieme\/#primaryimage","url":"https:\/\/wpsite-assets.fondazionepirelli.org\/wp-content\/uploads\/2019\/05\/20101650\/libro.jpg","contentUrl":"https:\/\/wpsite-assets.fondazionepirelli.org\/wp-content\/uploads\/2019\/05\/20101650\/libro.jpg","width":309,"height":437,"caption":"|"},{"@type":"BreadcrumbList","@id":"https:\/\/127.0.0.1\/it\/cultura-dimpresa\/la-complessita-del-vivere-insieme\/#breadcrumb","itemListElement":[{"@type":"ListItem","position":1,"name":"Home","item":"https:\/\/www.fondazionepirelli.org\/it\/"},{"@type":"ListItem","position":2,"name":"La complessit\u00e0 del vivere insieme"}]},{"@type":"WebSite","@id":"https:\/\/www.fondazionepirelli.org\/it\/#website","url":"https:\/\/www.fondazionepirelli.org\/it\/","name":"Fondazione Pirelli","description":"","potentialAction":[{"@type":"SearchAction","target":{"@type":"EntryPoint","urlTemplate":"https:\/\/www.fondazionepirelli.org\/it\/?s={search_term_string}"},"query-input":{"@type":"PropertyValueSpecification","valueRequired":true,"valueName":"search_term_string"}}],"inLanguage":"it-IT"},{"@type":"Person","@id":"https:\/\/www.fondazionepirelli.org\/it\/#\/schema\/person\/f47d097000832c4a6e54538c791fdf25","name":"fondadmin","image":{"@type":"ImageObject","inLanguage":"it-IT","@id":"https:\/\/www.fondazionepirelli.org\/it\/#\/schema\/person\/image\/","url":"https:\/\/secure.gravatar.com\/avatar\/e69498a9175ca244966e51e53c88712c024fcebe41f9a05f75657f1bb25e489b?s=96&d=mm&r=g","contentUrl":"https:\/\/secure.gravatar.com\/avatar\/e69498a9175ca244966e51e53c88712c024fcebe41f9a05f75657f1bb25e489b?s=96&d=mm&r=g","caption":"fondadmin"},"url":"https:\/\/www.fondazionepirelli.org\/it\/author\/fondadmin\/"}]}},"_links":{"self":[{"href":"https:\/\/www.fondazionepirelli.org\/it\/wp-json\/wp\/v2\/posts\/51469\/"}],"collection":[{"href":"https:\/\/www.fondazionepirelli.org\/it\/wp-json\/wp\/v2\/posts\/"}],"about":[{"href":"https:\/\/www.fondazionepirelli.org\/it\/wp-json\/wp\/v2\/types\/post\/"}],"author":[{"embeddable":true,"href":"https:\/\/www.fondazionepirelli.org\/it\/wp-json\/wp\/v2\/users\/1\/"}],"replies":[{"embeddable":true,"href":"https:\/\/www.fondazionepirelli.org\/it\/wp-json\/wp\/v2\/comments\/?post=51469"}],"version-history":[{"count":2,"href":"https:\/\/www.fondazionepirelli.org\/it\/wp-json\/wp\/v2\/posts\/51469\/revisions\/"}],"predecessor-version":[{"id":53554,"href":"https:\/\/www.fondazionepirelli.org\/it\/wp-json\/wp\/v2\/posts\/51469\/revisions\/53554\/"}],"wp:featuredmedia":[{"embeddable":true,"href":"https:\/\/www.fondazionepirelli.org\/it\/wp-json\/wp\/v2\/media\/50631\/"}],"wp:attachment":[{"href":"https:\/\/www.fondazionepirelli.org\/it\/wp-json\/wp\/v2\/media\/?parent=51469"}],"wp:term":[{"taxonomy":"category","embeddable":true,"href":"https:\/\/www.fondazionepirelli.org\/it\/wp-json\/wp\/v2\/categories\/?post=51469"},{"taxonomy":"post_tag","embeddable":true,"href":"https:\/\/www.fondazionepirelli.org\/it\/wp-json\/wp\/v2\/tags\/?post=51469"}],"curies":[{"name":"wp","href":"https:\/\/api.w.org\/{rel}","templated":true}]}}