{"id":51513,"date":"2017-09-26T00:00:00","date_gmt":"2017-09-25T22:00:00","guid":{"rendered":"http:\/\/www.fondazionepirelli.org\/fondazione-pirelli\/una-storia-solo-italiana\/"},"modified":"2019-10-28T17:21:39","modified_gmt":"2019-10-28T15:21:39","slug":"una-storia-solo-italiana","status":"publish","type":"post","link":"https:\/\/www.fondazionepirelli.org\/it\/cultura-dimpresa\/una-storia-solo-italiana\/","title":{"rendered":"Una storia (solo) italiana"},"content":{"rendered":"<p><em>La narrazione delle relazioni fra industria e politica alle origini dello Stato unitario<\/em><\/p>\n<p><strong>\u00a0<\/strong><\/p>\n<p>Ogni impresa ha una storia. E l\u2019insieme delle imprese ha una storia. E la comprensione della storia complessiva delle imprese di un territorio, \u00e8 importante per comprenderne meglio le prospettive e la cultura della produzione che lo rende vivo e in grado di crescere.<\/p>\n<p>E\u2019 quanto accade leggendo l\u2019ultimo prodotto della capacit\u00e0 letteraria di Patrizio Bianchi, professore ordinario di Economia applicata nell\u2019Universit\u00e0 di Ferrara (dove \u00e8 stato rettore fino al 2010), ma soprattutto importante conoscitore della storia economica italiana oltre che capace narratore di quest\u2019ultima. Nel suo \u201cIl cammino e le orme. Industria e politica alle origini dell\u2019Italia contemporanea\u201d, appena pubblicato Bianchi traccia la storia economica dell\u2019Italia dall\u2019unit\u00e0 ai primi anni del \u2018900, guardando soprattutto all\u2019industria e raccontando in modo chiaro e completo l\u2019origine di molti degli attuali problemi che ancora devono essere superati.<\/p>\n<p>L\u2019intento pi\u00f9 particolare di Bianchi \u00e8 quello di offrire una lettura prospettica dei processi di trasformazione delle istituzioni prendendo come \u201ccaso di studio\u201d le vicende della nascita e della prima evoluzione del regno d\u2019Italia, visto come una sorta di laboratorio delle trasformazioni di una societ\u00e0 e delle sue istituzioni. L\u2019ipotesi \u2013 in buona parte condivisibile -, \u00e8 che il modo stesso in cui si trasformano le istituzioni possa definire \u00a0poi le modalit\u00e0 con cui il sistema economico e sociale si muover\u00e0 nel tempo.<\/p>\n<p>Bianchi quindi inizia analizzando la politica economica di Cavour per poi sintetizzare (e bene), in una trentina di pagine la nascita dell\u2019Italia unita e quindi quelle che, secondo l\u2019autore, sono le \u201cradici della malattia italiana\u201d. Successivamente sono approfonditi i particolari della situazione economica nazionale postunitaria e delle politiche messe in atto per intervenire su di essa fino, come si \u00e8 detto, ai primi del \u2018900.<\/p>\n<p>Dense e importanti sono poi le conclusioni, con il ricorrere, per Bianchi, di temi che da quell\u2019epoca si ritrovano intatti tutti ancora oggi: il centralismo <em>versus<\/em> le autonomie locali, la qualit\u00e0 delle istituzioni e il loro ruolo, il rapporto tra governabilit\u00e0 e rappresentativit\u00e0.<\/p>\n<p>Scrive Bianchi proprio alla conclusione del suo libro: \u201cCamminando si compie il cammino, e voltandosi indietro si vede il percorso che mai pi\u00f9 si ritorner\u00e0 a calpestare. La lunga crisi, non solo economica, che sta segnando questa nostra vita collettiva evidenzia quanto, dopo centocinquant\u2019anni, il tema dell\u2019unificazione civile e morale dell\u2019intero paese e di tutta la sua societ\u00e0 torni a essere cruciale per lo sviluppo democratico\u201d.<\/p>\n<p>E bella \u00e8 la citazione all\u2019inizio e alla fine del libro di un passo di Antonio Machado, intenso poeta spagnolo, che calza perfettamente sulla vicenda italiana: \u201cTu che cammini, sappi che non esiste un sentiero preordinato dinnanzi a noi, il sentiero si fa camminando, sono le tue orme il sentiero e nulla pi\u00f9\u201d.<\/p><p><strong>Il cammino e le orme<\/strong><strong>. <\/strong><strong>Industria e politica alle origini dell\u2019Italia contemporanea<\/strong><\/p>\n<p>Patrizio Bianchi<\/p>\n<p>il Mulino, 2017<\/p>","protected":false},"excerpt":{"rendered":"<p>La narrazione delle relazioni fra industria e politica alle origini dello Stato unitario \u00a0 Ogni impresa ha una storia. E l\u2019insieme delle imprese ha una storia. E la comprensione della storia complessiva delle imprese di un territorio, \u00e8 importante per comprenderne meglio le prospettive e la cultura della produzione che lo rende vivo e in [&hellip;]<\/p>\n","protected":false},"author":1,"featured_media":51514,"comment_status":"open","ping_status":"open","sticky":false,"template":"","format":"standard","meta":{"footnotes":""},"categories":[52,58],"tags":[],"class_list":["post-51513","post","type-post","status-publish","format-standard","has-post-thumbnail","hentry","category-cultura-dimpresa","category-recensioni-libri"],"acf":[],"yoast_head":"<!-- This site is optimized with the Yoast SEO plugin v25.0 - https:\/\/yoast.com\/wordpress\/plugins\/seo\/ -->\n<title>Una storia (solo) italiana - Fondazione Pirelli<\/title>\n<meta name=\"robots\" content=\"index, follow, max-snippet:-1, max-image-preview:large, max-video-preview:-1\" \/>\n<link rel=\"canonical\" href=\"https:\/\/www.fondazionepirelli.org\/it\/cultura-dimpresa\/una-storia-solo-italiana\/\" \/>\n<meta property=\"og:locale\" content=\"it_IT\" \/>\n<meta property=\"og:type\" content=\"article\" \/>\n<meta property=\"og:title\" content=\"Una storia (solo) italiana - Fondazione Pirelli\" \/>\n<meta property=\"og:description\" content=\"La narrazione delle relazioni fra industria e politica alle origini dello Stato unitario \u00a0 Ogni impresa ha una storia. E l\u2019insieme delle imprese ha una storia. E la comprensione della storia complessiva delle imprese di un territorio, \u00e8 importante per comprenderne meglio le prospettive e la cultura della produzione che lo rende vivo e in [&hellip;]\" \/>\n<meta property=\"og:url\" content=\"https:\/\/www.fondazionepirelli.org\/it\/cultura-dimpresa\/una-storia-solo-italiana\/\" \/>\n<meta property=\"og:site_name\" content=\"Fondazione Pirelli\" \/>\n<meta property=\"article:published_time\" content=\"2017-09-25T22:00:00+00:00\" \/>\n<meta property=\"article:modified_time\" content=\"2019-10-28T15:21:39+00:00\" \/>\n<meta property=\"og:image\" content=\"https:\/\/wpsite-assets.fondazionepirelli.org\/wp-content\/uploads\/2019\/05\/20101415\/bianchi-low-1.jpg\" \/>\n\t<meta property=\"og:image:width\" content=\"352\" \/>\n\t<meta property=\"og:image:height\" content=\"567\" \/>\n\t<meta property=\"og:image:type\" content=\"image\/jpeg\" \/>\n<meta name=\"author\" content=\"fondadmin\" \/>\n<meta name=\"twitter:card\" content=\"summary_large_image\" \/>\n<meta name=\"twitter:label1\" content=\"Scritto da\" \/>\n\t<meta name=\"twitter:data1\" content=\"fondadmin\" \/>\n\t<meta name=\"twitter:label2\" content=\"Tempo di lettura stimato\" \/>\n\t<meta name=\"twitter:data2\" content=\"2 minuti\" \/>\n<script type=\"application\/ld+json\" class=\"yoast-schema-graph\">{\"@context\":\"https:\/\/schema.org\",\"@graph\":[{\"@type\":\"WebPage\",\"@id\":\"https:\/\/www.fondazionepirelli.org\/it\/cultura-dimpresa\/una-storia-solo-italiana\/\",\"url\":\"https:\/\/www.fondazionepirelli.org\/it\/cultura-dimpresa\/una-storia-solo-italiana\/\",\"name\":\"Una storia (solo) italiana - Fondazione Pirelli\",\"isPartOf\":{\"@id\":\"https:\/\/www.fondazionepirelli.org\/it\/#website\"},\"primaryImageOfPage\":{\"@id\":\"https:\/\/www.fondazionepirelli.org\/it\/cultura-dimpresa\/una-storia-solo-italiana\/#primaryimage\"},\"image\":{\"@id\":\"https:\/\/www.fondazionepirelli.org\/it\/cultura-dimpresa\/una-storia-solo-italiana\/#primaryimage\"},\"thumbnailUrl\":\"https:\/\/wpsite-assets.fondazionepirelli.org\/wp-content\/uploads\/2019\/05\/20101415\/bianchi-low-1.jpg\",\"datePublished\":\"2017-09-25T22:00:00+00:00\",\"dateModified\":\"2019-10-28T15:21:39+00:00\",\"author\":{\"@id\":\"https:\/\/www.fondazionepirelli.org\/it\/#\/schema\/person\/f47d097000832c4a6e54538c791fdf25\"},\"breadcrumb\":{\"@id\":\"https:\/\/www.fondazionepirelli.org\/it\/cultura-dimpresa\/una-storia-solo-italiana\/#breadcrumb\"},\"inLanguage\":\"it-IT\",\"potentialAction\":[{\"@type\":\"ReadAction\",\"target\":[\"https:\/\/www.fondazionepirelli.org\/it\/cultura-dimpresa\/una-storia-solo-italiana\/\"]}]},{\"@type\":\"ImageObject\",\"inLanguage\":\"it-IT\",\"@id\":\"https:\/\/www.fondazionepirelli.org\/it\/cultura-dimpresa\/una-storia-solo-italiana\/#primaryimage\",\"url\":\"https:\/\/wpsite-assets.fondazionepirelli.org\/wp-content\/uploads\/2019\/05\/20101415\/bianchi-low-1.jpg\",\"contentUrl\":\"https:\/\/wpsite-assets.fondazionepirelli.org\/wp-content\/uploads\/2019\/05\/20101415\/bianchi-low-1.jpg\",\"width\":352,\"height\":567,\"caption\":\"|\"},{\"@type\":\"BreadcrumbList\",\"@id\":\"https:\/\/www.fondazionepirelli.org\/it\/cultura-dimpresa\/una-storia-solo-italiana\/#breadcrumb\",\"itemListElement\":[{\"@type\":\"ListItem\",\"position\":1,\"name\":\"Home\",\"item\":\"https:\/\/www.fondazionepirelli.org\/it\/\"},{\"@type\":\"ListItem\",\"position\":2,\"name\":\"Una storia (solo) italiana\"}]},{\"@type\":\"WebSite\",\"@id\":\"https:\/\/www.fondazionepirelli.org\/it\/#website\",\"url\":\"https:\/\/www.fondazionepirelli.org\/it\/\",\"name\":\"Fondazione Pirelli\",\"description\":\"\",\"potentialAction\":[{\"@type\":\"SearchAction\",\"target\":{\"@type\":\"EntryPoint\",\"urlTemplate\":\"https:\/\/www.fondazionepirelli.org\/it\/?s={search_term_string}\"},\"query-input\":{\"@type\":\"PropertyValueSpecification\",\"valueRequired\":true,\"valueName\":\"search_term_string\"}}],\"inLanguage\":\"it-IT\"},{\"@type\":\"Person\",\"@id\":\"https:\/\/www.fondazionepirelli.org\/it\/#\/schema\/person\/f47d097000832c4a6e54538c791fdf25\",\"name\":\"fondadmin\",\"image\":{\"@type\":\"ImageObject\",\"inLanguage\":\"it-IT\",\"@id\":\"https:\/\/www.fondazionepirelli.org\/it\/#\/schema\/person\/image\/\",\"url\":\"https:\/\/secure.gravatar.com\/avatar\/e69498a9175ca244966e51e53c88712c024fcebe41f9a05f75657f1bb25e489b?s=96&d=mm&r=g\",\"contentUrl\":\"https:\/\/secure.gravatar.com\/avatar\/e69498a9175ca244966e51e53c88712c024fcebe41f9a05f75657f1bb25e489b?s=96&d=mm&r=g\",\"caption\":\"fondadmin\"},\"url\":\"https:\/\/www.fondazionepirelli.org\/it\/author\/fondadmin\/\"}]}<\/script>\n<!-- \/ Yoast SEO plugin. -->","yoast_head_json":{"title":"Una storia (solo) italiana - Fondazione Pirelli","robots":{"index":"index","follow":"follow","max-snippet":"max-snippet:-1","max-image-preview":"max-image-preview:large","max-video-preview":"max-video-preview:-1"},"canonical":"https:\/\/www.fondazionepirelli.org\/it\/cultura-dimpresa\/una-storia-solo-italiana\/","og_locale":"it_IT","og_type":"article","og_title":"Una storia (solo) italiana - Fondazione Pirelli","og_description":"La narrazione delle relazioni fra industria e politica alle origini dello Stato unitario \u00a0 Ogni impresa ha una storia. E l\u2019insieme delle imprese ha una storia. E la comprensione della storia complessiva delle imprese di un territorio, \u00e8 importante per comprenderne meglio le prospettive e la cultura della produzione che lo rende vivo e in [&hellip;]","og_url":"https:\/\/www.fondazionepirelli.org\/it\/cultura-dimpresa\/una-storia-solo-italiana\/","og_site_name":"Fondazione Pirelli","article_published_time":"2017-09-25T22:00:00+00:00","article_modified_time":"2019-10-28T15:21:39+00:00","og_image":[{"width":352,"height":567,"url":"https:\/\/wpsite-assets.fondazionepirelli.org\/wp-content\/uploads\/2019\/05\/20101415\/bianchi-low-1.jpg","type":"image\/jpeg"}],"author":"fondadmin","twitter_card":"summary_large_image","twitter_misc":{"Scritto da":"fondadmin","Tempo di lettura stimato":"2 minuti"},"schema":{"@context":"https:\/\/schema.org","@graph":[{"@type":"WebPage","@id":"https:\/\/www.fondazionepirelli.org\/it\/cultura-dimpresa\/una-storia-solo-italiana\/","url":"https:\/\/www.fondazionepirelli.org\/it\/cultura-dimpresa\/una-storia-solo-italiana\/","name":"Una storia (solo) italiana - Fondazione Pirelli","isPartOf":{"@id":"https:\/\/www.fondazionepirelli.org\/it\/#website"},"primaryImageOfPage":{"@id":"https:\/\/www.fondazionepirelli.org\/it\/cultura-dimpresa\/una-storia-solo-italiana\/#primaryimage"},"image":{"@id":"https:\/\/www.fondazionepirelli.org\/it\/cultura-dimpresa\/una-storia-solo-italiana\/#primaryimage"},"thumbnailUrl":"https:\/\/wpsite-assets.fondazionepirelli.org\/wp-content\/uploads\/2019\/05\/20101415\/bianchi-low-1.jpg","datePublished":"2017-09-25T22:00:00+00:00","dateModified":"2019-10-28T15:21:39+00:00","author":{"@id":"https:\/\/www.fondazionepirelli.org\/it\/#\/schema\/person\/f47d097000832c4a6e54538c791fdf25"},"breadcrumb":{"@id":"https:\/\/www.fondazionepirelli.org\/it\/cultura-dimpresa\/una-storia-solo-italiana\/#breadcrumb"},"inLanguage":"it-IT","potentialAction":[{"@type":"ReadAction","target":["https:\/\/www.fondazionepirelli.org\/it\/cultura-dimpresa\/una-storia-solo-italiana\/"]}]},{"@type":"ImageObject","inLanguage":"it-IT","@id":"https:\/\/www.fondazionepirelli.org\/it\/cultura-dimpresa\/una-storia-solo-italiana\/#primaryimage","url":"https:\/\/wpsite-assets.fondazionepirelli.org\/wp-content\/uploads\/2019\/05\/20101415\/bianchi-low-1.jpg","contentUrl":"https:\/\/wpsite-assets.fondazionepirelli.org\/wp-content\/uploads\/2019\/05\/20101415\/bianchi-low-1.jpg","width":352,"height":567,"caption":"|"},{"@type":"BreadcrumbList","@id":"https:\/\/www.fondazionepirelli.org\/it\/cultura-dimpresa\/una-storia-solo-italiana\/#breadcrumb","itemListElement":[{"@type":"ListItem","position":1,"name":"Home","item":"https:\/\/www.fondazionepirelli.org\/it\/"},{"@type":"ListItem","position":2,"name":"Una storia (solo) italiana"}]},{"@type":"WebSite","@id":"https:\/\/www.fondazionepirelli.org\/it\/#website","url":"https:\/\/www.fondazionepirelli.org\/it\/","name":"Fondazione Pirelli","description":"","potentialAction":[{"@type":"SearchAction","target":{"@type":"EntryPoint","urlTemplate":"https:\/\/www.fondazionepirelli.org\/it\/?s={search_term_string}"},"query-input":{"@type":"PropertyValueSpecification","valueRequired":true,"valueName":"search_term_string"}}],"inLanguage":"it-IT"},{"@type":"Person","@id":"https:\/\/www.fondazionepirelli.org\/it\/#\/schema\/person\/f47d097000832c4a6e54538c791fdf25","name":"fondadmin","image":{"@type":"ImageObject","inLanguage":"it-IT","@id":"https:\/\/www.fondazionepirelli.org\/it\/#\/schema\/person\/image\/","url":"https:\/\/secure.gravatar.com\/avatar\/e69498a9175ca244966e51e53c88712c024fcebe41f9a05f75657f1bb25e489b?s=96&d=mm&r=g","contentUrl":"https:\/\/secure.gravatar.com\/avatar\/e69498a9175ca244966e51e53c88712c024fcebe41f9a05f75657f1bb25e489b?s=96&d=mm&r=g","caption":"fondadmin"},"url":"https:\/\/www.fondazionepirelli.org\/it\/author\/fondadmin\/"}]}},"_links":{"self":[{"href":"https:\/\/www.fondazionepirelli.org\/it\/wp-json\/wp\/v2\/posts\/51513\/"}],"collection":[{"href":"https:\/\/www.fondazionepirelli.org\/it\/wp-json\/wp\/v2\/posts\/"}],"about":[{"href":"https:\/\/www.fondazionepirelli.org\/it\/wp-json\/wp\/v2\/types\/post\/"}],"author":[{"embeddable":true,"href":"https:\/\/www.fondazionepirelli.org\/it\/wp-json\/wp\/v2\/users\/1\/"}],"replies":[{"embeddable":true,"href":"https:\/\/www.fondazionepirelli.org\/it\/wp-json\/wp\/v2\/comments\/?post=51513"}],"version-history":[{"count":1,"href":"https:\/\/www.fondazionepirelli.org\/it\/wp-json\/wp\/v2\/posts\/51513\/revisions\/"}],"predecessor-version":[{"id":70532,"href":"https:\/\/www.fondazionepirelli.org\/it\/wp-json\/wp\/v2\/posts\/51513\/revisions\/70532\/"}],"wp:featuredmedia":[{"embeddable":true,"href":"https:\/\/www.fondazionepirelli.org\/it\/wp-json\/wp\/v2\/media\/51514\/"}],"wp:attachment":[{"href":"https:\/\/www.fondazionepirelli.org\/it\/wp-json\/wp\/v2\/media\/?parent=51513"}],"wp:term":[{"taxonomy":"category","embeddable":true,"href":"https:\/\/www.fondazionepirelli.org\/it\/wp-json\/wp\/v2\/categories\/?post=51513"},{"taxonomy":"post_tag","embeddable":true,"href":"https:\/\/www.fondazionepirelli.org\/it\/wp-json\/wp\/v2\/tags\/?post=51513"}],"curies":[{"name":"wp","href":"https:\/\/api.w.org\/{rel}","templated":true}]}}