{"id":51516,"date":"2017-09-26T00:00:00","date_gmt":"2017-09-26T00:00:00","guid":{"rendered":"http:\/\/www.fondazionepirelli.org\/fondazione-pirelli\/economia-e-impresa-al-servizio-delluomo\/"},"modified":"2019-05-09T14:06:00","modified_gmt":"2019-05-09T14:06:00","slug":"economia-e-impresa-al-servizio-delluomo","status":"publish","type":"post","link":"https:\/\/www.fondazionepirelli.org\/it\/cultura-dimpresa\/economia-e-impresa-al-servizio-delluomo\/","title":{"rendered":"Economia e impresa al servizio dell\u2019uomo"},"content":{"rendered":"<p><em>In un intervento del Governatore di Banca d\u2019Italia, la sintesi delle relazioni fra sviluppo economico, crescita d\u2019impresa e capitale umano<\/em><\/p><p>L\u2019azienda e l\u2019impresa, l\u2019organizzazione produttiva e il risultato di questa crescono con la consapevolezza dell\u2019importanza della valorizzazione del ruolo umano nella produzione. Lo ha spiegato bene Ignazio Visco \u2013 Governatore della Banca d\u2019Italia -, che in uno dei suoi ultimi interventi ha molto insistito sul significato delle relazioni fra uomo e nuova economia.<\/p>\n<p>In \u201cUn\u2019economia a servizio dell\u2019uomo\u201d &#8211; intervento al convegno \u201cTerre-moto cosa fare? Terza tappa: sicurezza, lavoro, economia\u201d il 15 settembre scorso ad Assisi -, Visco ragiona partendo dalla attuale situazione dell\u2019economia italiana per passare quindi alle misure messe in campo in termini di politica industriale per arrivare al significato e al peso degli aspetti umani dell\u2019economia e della produzione.<\/p>\n<p>Assolutamente importante \u2013 spiega il Governatore -, \u00e8 la partecipazione delle imprese italiane alla \u201crivoluzione digitale\u201d, premessa ormai imprescindibile per riagguantare in maniera solida la ripresa. Ma Visco aggiunge subito dopo: \u201cCome ho sostenuto in altre occasioni, affinch\u00e9 un\u2019offerta di lavoro pi\u00f9 ampia e pi\u00f9 qualificata possa trovare pieno utilizzo in impieghi che soddisfino le legittime aspettative delle nuove generazioni, occorre un salto di qualit\u00e0 che richiede il concorso convinto di tutti: imprenditori, lavoratori, amministratori pubblici. Servono investimenti robusti in conoscenze ampie e diffuse, in competenze nuove e interconnesse, ingredienti essenziali per far fronte ai rischi per l\u2019occupazione e attenuare le disuguaglianze che la rivoluzione digitale rischia di accentuare\u201d.<\/p>\n<p>Istruzione e cultura, quindi, come elementi di crescita economica e sociale. Principio fondamentale anche per una buona cultura d\u2019impresa che sia davvero cultura a tutto tondo e non solamente calcolo economico. E principio quindi che deve essere nutrito anche di investimenti importanti.<\/p>\n<p>Concetto, questo, sul quale sempre Visco poche righe dopo insiste spiegando che \u201cinvestire in cultura, in conoscenza, acquisire nuove competenze crea cittadini pi\u00f9 consapevoli e lavoratori capaci di affrontare compiti e funzioni in rapido mutamento. \u00c8 una condizione essenziale anche per rendere pi\u00f9 equa la distribuzione del lavoro e della sua remunerazione. Bisogna essere consapevoli che sempre pi\u00f9 sar\u00e0 necessario investire nel \u2018capitale umano\u2019 nel corso dell\u2019intera vita lavorativa. Sar\u00e0 particolarmente importante imparare a far fronte a situazioni nuove, spesso inedite, non di routine. Bisogner\u00e0 sempre pi\u00f9 essere in grado di risolvere problemi, esercitare il pensiero critico, essere aperti all\u2019innovazione e alla collaborazione con gli altri\u201d.<\/p>\n<p>Cittadini consapevoli, dunque, e quindi partecipi di una crescita economica che, sempre seguendo Visco nel suo intervento ad Assisi, significa anche crescita di un \u201ccapitale sociale\u201d accanto a quello \u201cumano\u201d, fatto di valori civici e fiducia negli altri, di buona distribuzione della ricchezza e di correttezza nei rapporti fra lavoro e impresa e fra questa e le istituzioni.<\/p>\n<p>Quanto espresso da Ignazio Visco ad Assisi a met\u00e0 settembre scorso, \u00e8 cosa da leggere e ragionare.<\/p><p><strong>Un\u2019economia a servizio dell\u2019uomo<\/strong><\/p>\n<p>Ignazio Visco<\/p>\n<p>Banca d\u2019Italia, Intervento al convegno \u201cTerre-moto cosa fare? Terza tappa: sicurezza, lavoro, economia\u201d, 15 settembre 2017, Assisi<\/p>\n","protected":false},"excerpt":{"rendered":"<p>In un intervento del Governatore di Banca d\u2019Italia, la sintesi delle relazioni fra sviluppo economico, crescita d\u2019impresa e capitale umanoL\u2019azienda e l\u2019impresa, l\u2019organizzazione produttiva e il risultato di questa crescono con la consapevolezza dell\u2019importanza della valorizzazione del ruolo umano nella produzione. Lo ha spiegato bene Ignazio Visco \u2013 Governatore della Banca d\u2019Italia -, che in [&hellip;]<\/p>\n","protected":false},"author":1,"featured_media":0,"comment_status":"open","ping_status":"open","sticky":false,"template":"","format":"standard","meta":{"footnotes":""},"categories":[54,52],"tags":[],"class_list":["post-51516","post","type-post","status-publish","format-standard","hentry","category-approfondimenti","category-cultura-dimpresa"],"acf":[],"yoast_head":"<!-- This site is optimized with the Yoast SEO plugin v25.0 - https:\/\/yoast.com\/wordpress\/plugins\/seo\/ -->\n<title>Economia e impresa al servizio dell\u2019uomo - Fondazione Pirelli<\/title>\n<meta name=\"robots\" content=\"index, follow, max-snippet:-1, max-image-preview:large, max-video-preview:-1\" \/>\n<link rel=\"canonical\" href=\"https:\/\/www.fondazionepirelli.org\/it\/cultura-dimpresa\/economia-e-impresa-al-servizio-delluomo\/\" \/>\n<meta property=\"og:locale\" content=\"it_IT\" \/>\n<meta property=\"og:type\" content=\"article\" \/>\n<meta property=\"og:title\" content=\"Economia e impresa al servizio dell\u2019uomo - Fondazione Pirelli\" \/>\n<meta property=\"og:description\" content=\"In un intervento del Governatore di Banca d\u2019Italia, la sintesi delle relazioni fra sviluppo economico, crescita d\u2019impresa e capitale umanoL\u2019azienda e l\u2019impresa, l\u2019organizzazione produttiva e il risultato di questa crescono con la consapevolezza dell\u2019importanza della valorizzazione del ruolo umano nella produzione. Lo ha spiegato bene Ignazio Visco \u2013 Governatore della Banca d\u2019Italia -, che in [&hellip;]\" \/>\n<meta property=\"og:url\" content=\"https:\/\/127.0.0.1\/it\/cultura-dimpresa\/economia-e-impresa-al-servizio-delluomo\/\" \/>\n<meta property=\"og:site_name\" content=\"Fondazione Pirelli\" \/>\n<meta property=\"article:published_time\" content=\"2017-09-26T00:00:00+00:00\" \/>\n<meta property=\"article:modified_time\" content=\"2019-05-09T14:06:00+00:00\" \/>\n<meta name=\"author\" content=\"fondadmin\" \/>\n<meta name=\"twitter:card\" content=\"summary_large_image\" \/>\n<meta name=\"twitter:label1\" content=\"Scritto da\" \/>\n\t<meta name=\"twitter:data1\" content=\"fondadmin\" \/>\n\t<meta name=\"twitter:label2\" content=\"Tempo di lettura stimato\" \/>\n\t<meta name=\"twitter:data2\" content=\"3 minuti\" \/>\n<script type=\"application\/ld+json\" class=\"yoast-schema-graph\">{\"@context\":\"https:\/\/schema.org\",\"@graph\":[{\"@type\":\"WebPage\",\"@id\":\"https:\/\/127.0.0.1\/it\/cultura-dimpresa\/economia-e-impresa-al-servizio-delluomo\/\",\"url\":\"https:\/\/127.0.0.1\/it\/cultura-dimpresa\/economia-e-impresa-al-servizio-delluomo\/\",\"name\":\"Economia e impresa al servizio dell\u2019uomo - Fondazione Pirelli\",\"isPartOf\":{\"@id\":\"https:\/\/www.fondazionepirelli.org\/it\/#website\"},\"datePublished\":\"2017-09-26T00:00:00+00:00\",\"dateModified\":\"2019-05-09T14:06:00+00:00\",\"author\":{\"@id\":\"https:\/\/www.fondazionepirelli.org\/it\/#\/schema\/person\/f47d097000832c4a6e54538c791fdf25\"},\"breadcrumb\":{\"@id\":\"https:\/\/127.0.0.1\/it\/cultura-dimpresa\/economia-e-impresa-al-servizio-delluomo\/#breadcrumb\"},\"inLanguage\":\"it-IT\",\"potentialAction\":[{\"@type\":\"ReadAction\",\"target\":[\"https:\/\/127.0.0.1\/it\/cultura-dimpresa\/economia-e-impresa-al-servizio-delluomo\/\"]}]},{\"@type\":\"BreadcrumbList\",\"@id\":\"https:\/\/127.0.0.1\/it\/cultura-dimpresa\/economia-e-impresa-al-servizio-delluomo\/#breadcrumb\",\"itemListElement\":[{\"@type\":\"ListItem\",\"position\":1,\"name\":\"Home\",\"item\":\"https:\/\/www.fondazionepirelli.org\/it\/\"},{\"@type\":\"ListItem\",\"position\":2,\"name\":\"Economia e impresa al servizio dell\u2019uomo\"}]},{\"@type\":\"WebSite\",\"@id\":\"https:\/\/www.fondazionepirelli.org\/it\/#website\",\"url\":\"https:\/\/www.fondazionepirelli.org\/it\/\",\"name\":\"Fondazione Pirelli\",\"description\":\"\",\"potentialAction\":[{\"@type\":\"SearchAction\",\"target\":{\"@type\":\"EntryPoint\",\"urlTemplate\":\"https:\/\/www.fondazionepirelli.org\/it\/?s={search_term_string}\"},\"query-input\":{\"@type\":\"PropertyValueSpecification\",\"valueRequired\":true,\"valueName\":\"search_term_string\"}}],\"inLanguage\":\"it-IT\"},{\"@type\":\"Person\",\"@id\":\"https:\/\/www.fondazionepirelli.org\/it\/#\/schema\/person\/f47d097000832c4a6e54538c791fdf25\",\"name\":\"fondadmin\",\"image\":{\"@type\":\"ImageObject\",\"inLanguage\":\"it-IT\",\"@id\":\"https:\/\/www.fondazionepirelli.org\/it\/#\/schema\/person\/image\/\",\"url\":\"https:\/\/secure.gravatar.com\/avatar\/e69498a9175ca244966e51e53c88712c024fcebe41f9a05f75657f1bb25e489b?s=96&d=mm&r=g\",\"contentUrl\":\"https:\/\/secure.gravatar.com\/avatar\/e69498a9175ca244966e51e53c88712c024fcebe41f9a05f75657f1bb25e489b?s=96&d=mm&r=g\",\"caption\":\"fondadmin\"},\"url\":\"https:\/\/www.fondazionepirelli.org\/it\/author\/fondadmin\/\"}]}<\/script>\n<!-- \/ Yoast SEO plugin. -->","yoast_head_json":{"title":"Economia e impresa al servizio dell\u2019uomo - Fondazione Pirelli","robots":{"index":"index","follow":"follow","max-snippet":"max-snippet:-1","max-image-preview":"max-image-preview:large","max-video-preview":"max-video-preview:-1"},"canonical":"https:\/\/www.fondazionepirelli.org\/it\/cultura-dimpresa\/economia-e-impresa-al-servizio-delluomo\/","og_locale":"it_IT","og_type":"article","og_title":"Economia e impresa al servizio dell\u2019uomo - Fondazione Pirelli","og_description":"In un intervento del Governatore di Banca d\u2019Italia, la sintesi delle relazioni fra sviluppo economico, crescita d\u2019impresa e capitale umanoL\u2019azienda e l\u2019impresa, l\u2019organizzazione produttiva e il risultato di questa crescono con la consapevolezza dell\u2019importanza della valorizzazione del ruolo umano nella produzione. Lo ha spiegato bene Ignazio Visco \u2013 Governatore della Banca d\u2019Italia -, che in [&hellip;]","og_url":"https:\/\/127.0.0.1\/it\/cultura-dimpresa\/economia-e-impresa-al-servizio-delluomo\/","og_site_name":"Fondazione Pirelli","article_published_time":"2017-09-26T00:00:00+00:00","article_modified_time":"2019-05-09T14:06:00+00:00","author":"fondadmin","twitter_card":"summary_large_image","twitter_misc":{"Scritto da":"fondadmin","Tempo di lettura stimato":"3 minuti"},"schema":{"@context":"https:\/\/schema.org","@graph":[{"@type":"WebPage","@id":"https:\/\/127.0.0.1\/it\/cultura-dimpresa\/economia-e-impresa-al-servizio-delluomo\/","url":"https:\/\/127.0.0.1\/it\/cultura-dimpresa\/economia-e-impresa-al-servizio-delluomo\/","name":"Economia e impresa al servizio dell\u2019uomo - Fondazione Pirelli","isPartOf":{"@id":"https:\/\/www.fondazionepirelli.org\/it\/#website"},"datePublished":"2017-09-26T00:00:00+00:00","dateModified":"2019-05-09T14:06:00+00:00","author":{"@id":"https:\/\/www.fondazionepirelli.org\/it\/#\/schema\/person\/f47d097000832c4a6e54538c791fdf25"},"breadcrumb":{"@id":"https:\/\/127.0.0.1\/it\/cultura-dimpresa\/economia-e-impresa-al-servizio-delluomo\/#breadcrumb"},"inLanguage":"it-IT","potentialAction":[{"@type":"ReadAction","target":["https:\/\/127.0.0.1\/it\/cultura-dimpresa\/economia-e-impresa-al-servizio-delluomo\/"]}]},{"@type":"BreadcrumbList","@id":"https:\/\/127.0.0.1\/it\/cultura-dimpresa\/economia-e-impresa-al-servizio-delluomo\/#breadcrumb","itemListElement":[{"@type":"ListItem","position":1,"name":"Home","item":"https:\/\/www.fondazionepirelli.org\/it\/"},{"@type":"ListItem","position":2,"name":"Economia e impresa al servizio dell\u2019uomo"}]},{"@type":"WebSite","@id":"https:\/\/www.fondazionepirelli.org\/it\/#website","url":"https:\/\/www.fondazionepirelli.org\/it\/","name":"Fondazione Pirelli","description":"","potentialAction":[{"@type":"SearchAction","target":{"@type":"EntryPoint","urlTemplate":"https:\/\/www.fondazionepirelli.org\/it\/?s={search_term_string}"},"query-input":{"@type":"PropertyValueSpecification","valueRequired":true,"valueName":"search_term_string"}}],"inLanguage":"it-IT"},{"@type":"Person","@id":"https:\/\/www.fondazionepirelli.org\/it\/#\/schema\/person\/f47d097000832c4a6e54538c791fdf25","name":"fondadmin","image":{"@type":"ImageObject","inLanguage":"it-IT","@id":"https:\/\/www.fondazionepirelli.org\/it\/#\/schema\/person\/image\/","url":"https:\/\/secure.gravatar.com\/avatar\/e69498a9175ca244966e51e53c88712c024fcebe41f9a05f75657f1bb25e489b?s=96&d=mm&r=g","contentUrl":"https:\/\/secure.gravatar.com\/avatar\/e69498a9175ca244966e51e53c88712c024fcebe41f9a05f75657f1bb25e489b?s=96&d=mm&r=g","caption":"fondadmin"},"url":"https:\/\/www.fondazionepirelli.org\/it\/author\/fondadmin\/"}]}},"_links":{"self":[{"href":"https:\/\/www.fondazionepirelli.org\/it\/wp-json\/wp\/v2\/posts\/51516\/"}],"collection":[{"href":"https:\/\/www.fondazionepirelli.org\/it\/wp-json\/wp\/v2\/posts\/"}],"about":[{"href":"https:\/\/www.fondazionepirelli.org\/it\/wp-json\/wp\/v2\/types\/post\/"}],"author":[{"embeddable":true,"href":"https:\/\/www.fondazionepirelli.org\/it\/wp-json\/wp\/v2\/users\/1\/"}],"replies":[{"embeddable":true,"href":"https:\/\/www.fondazionepirelli.org\/it\/wp-json\/wp\/v2\/comments\/?post=51516"}],"version-history":[{"count":1,"href":"https:\/\/www.fondazionepirelli.org\/it\/wp-json\/wp\/v2\/posts\/51516\/revisions\/"}],"predecessor-version":[{"id":53526,"href":"https:\/\/www.fondazionepirelli.org\/it\/wp-json\/wp\/v2\/posts\/51516\/revisions\/53526\/"}],"wp:attachment":[{"href":"https:\/\/www.fondazionepirelli.org\/it\/wp-json\/wp\/v2\/media\/?parent=51516"}],"wp:term":[{"taxonomy":"category","embeddable":true,"href":"https:\/\/www.fondazionepirelli.org\/it\/wp-json\/wp\/v2\/categories\/?post=51516"},{"taxonomy":"post_tag","embeddable":true,"href":"https:\/\/www.fondazionepirelli.org\/it\/wp-json\/wp\/v2\/tags\/?post=51516"}],"curies":[{"name":"wp","href":"https:\/\/api.w.org\/{rel}","templated":true}]}}