{"id":51534,"date":"2017-09-12T00:00:00","date_gmt":"2017-09-11T22:00:00","guid":{"rendered":"http:\/\/www.fondazionepirelli.org\/fondazione-pirelli\/piano-accardo-lutilita-dei-maestri-e-le-sfide-morali-dellindustria-hi-tech\/"},"modified":"2019-10-29T11:25:54","modified_gmt":"2019-10-29T09:25:54","slug":"piano-accardo-lutilita-dei-maestri-e-le-sfide-morali-dellindustria-hi-tech","status":"publish","type":"post","link":"https:\/\/www.fondazionepirelli.org\/it\/cultura-dimpresa\/piano-accardo-lutilita-dei-maestri-e-le-sfide-morali-dellindustria-hi-tech\/","title":{"rendered":"Piano, Accardo, l\u2019utilit\u00e0 dei maestri e le sfide morali dell\u2019industria hi tech"},"content":{"rendered":"<p style=\"text-align: justify;\">\u00a0\u201cNon ci sono pi\u00f9 <strong>maestri<\/strong>, ci sono solo esperti del settore\u201d. La battuta \u00e8 tagliente, amarissima, sembra degna del disincanto dolente di Ennio Flaiano. E la pronuncia Enzo Jannacci nei panni di Armando, personaggio di \u201cLa bellezza del somaro\u201d, film di qualit\u00e0 del 2010 per la regia di Sergio Castellitto, sceneggiatura di Margaret Mazzantini.<\/p>\n<p style=\"text-align: justify;\">Il senso del conflitto \u00e8 chiaro, in tempi sempre pi\u00f9 ricchi di specialismi esasperati nei micromondi delle supercompetenze (qui viene in mente una vera citazione di Flaiano: \u201cL\u2019evo moderno \u00e8 finito, comincia il medio-evo degli specialisti. Oggi anche il cretino \u00e8 specializzato\u201d).<\/p>\n<p style=\"text-align: justify;\">Le specializzazioni sono, naturalmente, indispensabili, per andare in profondit\u00e0 nell\u2019affrontare problemi, proporre soluzioni, innovare. Ma hanno bisogno anche di sguardi lunghi e generali, pensieri che incrociano competenze e culture diverse, attitudine a cogliere nessi, a sperimentare nuovi ed eccentrici punti di vista.<\/p>\n<p style=\"text-align: justify;\">I nostri, insomma, sono tempi che hanno bisogno di intelligenze politecniche. Anche perch\u00e9 sono, contemporaneamente, affollati da chiacchiere da bar elevate a sapienza, pregiudizi, idee \u201cpoche ma confuse\u201d (l\u2019aforisma, attribuito a Flaiano, \u00e8 di Mino Maccari, suo straordinario compagno d\u2019avventure intellettuali), banalit\u00e0 spacciate per buon senso comune e destinate ad avere purtroppo ascolto sui \u201csocial\u201d.<\/p>\n<p style=\"text-align: justify;\">Ecco, sarebbe importante in tempi cos\u00ec, in cui tanti parlano e pochissimi leggono, troppi scrivono libri e troppo pochi frequentano le librerie, averne davvero, di bravi maestri. E nell\u2019inferno di ignoranze dilaganti e supponenti, imparare a distinguerli, dare loro spazio e starli ad ascoltare. Rimpianto da anziani? Anche. Ma pure ascolto dei bisogni espressi da molti ragazzini e ragazzi, fuori dalle tentazioni autistiche del web (e dunque usando bene il web con tutte le opportunit\u00e0 della piazza libera virtuale densa di sapienza, avendo strumenti affilati per andarle a trovare).<\/p>\n<p style=\"text-align: justify;\">Maestri, dunque. E studio. E buone letture. Altro che licei \u201ccorti\u201d impoveriti a quattro anni o zero compiti a casa (lo si pu\u00f2 fare solo se si allungano e riqualificano profondamente i tempi della scuola, migliorando molto formazione e attitudini didattiche di maestri e professori).<\/p>\n<p style=\"text-align: justify;\">Ce ne sono, in giro, di maestri. Migliaia di insegnanti che, nonostante tutto, fanno il loro mestiere con competenza, passione e intelligenza didattica. E persone che, a vari livelli nei mondi della cultura (compresi alcuni spazi Tv), tengono viva quotidianamente la lezione di Elio Vittorini, uno dei maggiori intellettuali e organizzatori culturali del nostro Novecento (rileggere il suo \u201cPolitecnico\u201d, \u201cIl Menab\u00f2\u201d diretto con Italo Calvino e il catalogo di una straordinaria collana di libri Einaudi, \u201cI gettoni\u201d, per averne conferma) e si comportano dunque sapendo che la cultura \u00e8 popolare o non \u00e8. Popolare. Non volgare o sciatta o approssimativa.<\/p>\n<p style=\"text-align: justify;\">Maestri come? Come <strong>Renzo Piano<\/strong>, per esempio (tanto per fare solo un nome di parecchi altri possibili). Compie 80 anni il 14 settembre (la \u201cDomenica\u201d de \u201cIlSole24Ore\u201d gli ha appena dedicato un lungo lucido articolo). E se ne sta nel suo studio di Parigi in contatto con gli altri studi, da Genova a New York e alle altre citt\u00e0 del mondo in cui ci sono cantieri aperti con i suoi progetti, per continuare a pensare concretamente come fare vivere spazi e abitare il tempo in cambiamento. Ha progettato musei, auditorium, teatri, grandi centri culturali, uffici, palazzi per i giornali (\u201cIl Sole24Ore\u201d a Milano, il \u201cNew York Times\u201d negli Usa). E una fabbrica, la \u201cspina\u201d dello stabilimento hi tech Pirelli a Settimo Torinese, la \u201cfabbrica tra i ciliegi\u201d, la \u201cfabbrica bella\u201d innovativa, efficiente, luminosa, sostenibile dal punto di vista ambientale e sociale. Parla di \u201crammendo delle periferie\u201d. E continua a insegnare agli architetti pi\u00f9 giovani il senso delle relazioni tra la tecnica pi\u00f9 sofisticata, la creativit\u00e0 e l\u2019abitabilit\u00e0. La citt\u00e0 per l\u2019uomo. Maestro, appunto.<\/p>\n<p style=\"text-align: justify;\">Maestri, ancora, come <strong>Salvatore Accardo<\/strong>. Che ha appena portato, venerd\u00ec scorso, la sua Orchestra da Camera Italiana a suonare in fabbrica, a Settimo, Bach e Chajkovsij e soprattutto \u201cIl Canto della fabbrica\u201d, una nuova composizione di Francesco Fiore ispirata proprio dai ritmi e dai suoni di quel Polo industriale digitale. La musica \u00e8 tornata l\u00e0 dove \u00e8 nata. Ad ascoltare, un migliaio di persone: un buon terzo, tecnici e operai della Pirelli e loro familiari. La musica classica, appunto, \u00e8 \u201cpop\u201d, in luoghi inusuali (un grande reparto di macchine confezionatrici di pneumatici) e per pubblici che vogliono ascoltare, sapere, capire.<\/p>\n<p style=\"text-align: justify;\">Ci sono legami di lavoro e d\u2019amicizia, tra Piano e Accardo (\u201cL\u2019architettura \u00e8 musica e la musica ha un\u2019architettura. In ogni sala progettata da Piano in cui ho suonato, si sente questo suo legame con la grande musica\u201d). Cos\u00ec come un altro grande musicista italiano, Luciano Berio, ha a lungo dialogato con Piano su \u201cmusica e lavoro\u201d (per la riqualificazione dell\u2019ex area industriale del Lingotto a Torino) e sulla nascita dell\u2019Auditorium del Parco della Musica a Roma discutendo di suoni, architettura, filosofia e scienza (IlSole24Ore, 3 settembre)<\/p>\n<p style=\"text-align: justify;\">Maestri, ancora, come Remo Bodei, filosofo italiano di respiro internazionale, che ragiona di lavoro, macchine, consumi, nuove tecnologie e robot, \u201csaper fare\u201d e \u201csaper pensare\u201d, ospite di primo piano al Festival della Filosofia in programma dal 15 al 17 settembre a Modena, Carpi e Sassuolo, in 40 luoghi diversi di quelle citt\u00e0, territorio di fabbriche e smart economy, comunit\u00e0 legate dalla cultura industriale ma anche da un forte spirito di partecipazione e comunit\u00e0, lungo la via Emilia che conosce competizione e solidariet\u00e0.<\/p>\n<p style=\"text-align: justify;\">Ecco il punto, su cui convergono i maestri: continuare a ragionare per mettere insieme conoscenze scientifiche e saperi umanistici, \u201ct\u00e9chne\u201d (il saper fare delle buone fabbriche) e filosofia, per tenere la cultura politecnica di tradizione italiana al passo con le sfide dell\u2019attualit\u00e0. E la sfida, oggi, \u00e8 trovare sintesi originali tra l\u2019innovazione digitale e il lavoro, la crisi delle relazioni tradizionali e le opportunit\u00e0, le nuove forme dell\u2019industria e i saperi che cambiano, i territori delle radici e la globalizzazione dei mercati. Sono sfide economiche, naturalmente. Ma anche culturali. E morali. Responsabilit\u00e0 di scienziati, imprenditori, persone di cultura. Di maestri.<\/p>\n","protected":false},"excerpt":{"rendered":"<p>\u00a0\u201cNon ci sono pi\u00f9 maestri, ci sono solo esperti del settore\u201d. La battuta \u00e8 tagliente, amarissima, sembra degna del disincanto dolente di Ennio Flaiano. E la pronuncia Enzo Jannacci nei panni di Armando, personaggio di \u201cLa bellezza del somaro\u201d, film di qualit\u00e0 del 2010 per la regia di Sergio Castellitto, sceneggiatura di Margaret Mazzantini. Il [&hellip;]<\/p>\n","protected":false},"author":1,"featured_media":51535,"comment_status":"open","ping_status":"open","sticky":false,"template":"","format":"standard","meta":{"footnotes":""},"categories":[53,52],"tags":[],"class_list":["post-51534","post","type-post","status-publish","format-standard","has-post-thumbnail","hentry","category-blog","category-cultura-dimpresa"],"acf":[],"yoast_head":"<!-- This site is optimized with the Yoast SEO plugin v25.0 - https:\/\/yoast.com\/wordpress\/plugins\/seo\/ -->\n<title>Piano, Accardo, l\u2019utilit\u00e0 dei maestri e le sfide morali dell\u2019industria hi tech - Fondazione Pirelli<\/title>\n<meta name=\"robots\" content=\"index, follow, max-snippet:-1, max-image-preview:large, max-video-preview:-1\" \/>\n<link rel=\"canonical\" href=\"https:\/\/www.fondazionepirelli.org\/it\/cultura-dimpresa\/piano-accardo-lutilita-dei-maestri-e-le-sfide-morali-dellindustria-hi-tech\/\" \/>\n<meta property=\"og:locale\" content=\"it_IT\" \/>\n<meta property=\"og:type\" content=\"article\" \/>\n<meta property=\"og:title\" content=\"Piano, Accardo, l\u2019utilit\u00e0 dei maestri e le sfide morali dell\u2019industria hi tech - Fondazione Pirelli\" \/>\n<meta property=\"og:description\" content=\"\u00a0\u201cNon ci sono pi\u00f9 maestri, ci sono solo esperti del settore\u201d. La battuta \u00e8 tagliente, amarissima, sembra degna del disincanto dolente di Ennio Flaiano. E la pronuncia Enzo Jannacci nei panni di Armando, personaggio di \u201cLa bellezza del somaro\u201d, film di qualit\u00e0 del 2010 per la regia di Sergio Castellitto, sceneggiatura di Margaret Mazzantini. Il [&hellip;]\" \/>\n<meta property=\"og:url\" content=\"https:\/\/127.0.0.1\/it\/cultura-dimpresa\/piano-accardo-lutilita-dei-maestri-e-le-sfide-morali-dellindustria-hi-tech\/\" \/>\n<meta property=\"og:site_name\" content=\"Fondazione Pirelli\" \/>\n<meta property=\"article:published_time\" content=\"2017-09-11T22:00:00+00:00\" \/>\n<meta property=\"article:modified_time\" content=\"2019-10-29T09:25:54+00:00\" \/>\n<meta property=\"og:image\" content=\"https:\/\/wpsite-assets.fondazionepirelli.org\/wp-content\/uploads\/2019\/05\/20101411\/Pirelli-MiTo-GG1_8043.jpg\" \/>\n\t<meta property=\"og:image:width\" content=\"1803\" \/>\n\t<meta property=\"og:image:height\" content=\"1200\" \/>\n\t<meta property=\"og:image:type\" content=\"image\/jpeg\" \/>\n<meta name=\"author\" content=\"fondadmin\" \/>\n<meta name=\"twitter:card\" content=\"summary_large_image\" \/>\n<meta name=\"twitter:label1\" content=\"Scritto da\" \/>\n\t<meta name=\"twitter:data1\" content=\"fondadmin\" \/>\n\t<meta name=\"twitter:label2\" content=\"Tempo di lettura stimato\" \/>\n\t<meta name=\"twitter:data2\" content=\"5 minuti\" \/>\n<script type=\"application\/ld+json\" class=\"yoast-schema-graph\">{\"@context\":\"https:\/\/schema.org\",\"@graph\":[{\"@type\":\"WebPage\",\"@id\":\"https:\/\/127.0.0.1\/it\/cultura-dimpresa\/piano-accardo-lutilita-dei-maestri-e-le-sfide-morali-dellindustria-hi-tech\/\",\"url\":\"https:\/\/127.0.0.1\/it\/cultura-dimpresa\/piano-accardo-lutilita-dei-maestri-e-le-sfide-morali-dellindustria-hi-tech\/\",\"name\":\"Piano, Accardo, l\u2019utilit\u00e0 dei maestri e le sfide morali dell\u2019industria hi tech - Fondazione Pirelli\",\"isPartOf\":{\"@id\":\"https:\/\/www.fondazionepirelli.org\/it\/#website\"},\"primaryImageOfPage\":{\"@id\":\"https:\/\/127.0.0.1\/it\/cultura-dimpresa\/piano-accardo-lutilita-dei-maestri-e-le-sfide-morali-dellindustria-hi-tech\/#primaryimage\"},\"image\":{\"@id\":\"https:\/\/127.0.0.1\/it\/cultura-dimpresa\/piano-accardo-lutilita-dei-maestri-e-le-sfide-morali-dellindustria-hi-tech\/#primaryimage\"},\"thumbnailUrl\":\"https:\/\/wpsite-assets.fondazionepirelli.org\/wp-content\/uploads\/2019\/05\/20101411\/Pirelli-MiTo-GG1_8043.jpg\",\"datePublished\":\"2017-09-11T22:00:00+00:00\",\"dateModified\":\"2019-10-29T09:25:54+00:00\",\"author\":{\"@id\":\"https:\/\/www.fondazionepirelli.org\/it\/#\/schema\/person\/f47d097000832c4a6e54538c791fdf25\"},\"breadcrumb\":{\"@id\":\"https:\/\/127.0.0.1\/it\/cultura-dimpresa\/piano-accardo-lutilita-dei-maestri-e-le-sfide-morali-dellindustria-hi-tech\/#breadcrumb\"},\"inLanguage\":\"it-IT\",\"potentialAction\":[{\"@type\":\"ReadAction\",\"target\":[\"https:\/\/127.0.0.1\/it\/cultura-dimpresa\/piano-accardo-lutilita-dei-maestri-e-le-sfide-morali-dellindustria-hi-tech\/\"]}]},{\"@type\":\"ImageObject\",\"inLanguage\":\"it-IT\",\"@id\":\"https:\/\/127.0.0.1\/it\/cultura-dimpresa\/piano-accardo-lutilita-dei-maestri-e-le-sfide-morali-dellindustria-hi-tech\/#primaryimage\",\"url\":\"https:\/\/wpsite-assets.fondazionepirelli.org\/wp-content\/uploads\/2019\/05\/20101411\/Pirelli-MiTo-GG1_8043.jpg\",\"contentUrl\":\"https:\/\/wpsite-assets.fondazionepirelli.org\/wp-content\/uploads\/2019\/05\/20101411\/Pirelli-MiTo-GG1_8043.jpg\",\"width\":1803,\"height\":1200},{\"@type\":\"BreadcrumbList\",\"@id\":\"https:\/\/127.0.0.1\/it\/cultura-dimpresa\/piano-accardo-lutilita-dei-maestri-e-le-sfide-morali-dellindustria-hi-tech\/#breadcrumb\",\"itemListElement\":[{\"@type\":\"ListItem\",\"position\":1,\"name\":\"Home\",\"item\":\"https:\/\/www.fondazionepirelli.org\/it\/\"},{\"@type\":\"ListItem\",\"position\":2,\"name\":\"Piano, Accardo, l\u2019utilit\u00e0 dei maestri e le sfide morali dell\u2019industria hi tech\"}]},{\"@type\":\"WebSite\",\"@id\":\"https:\/\/www.fondazionepirelli.org\/it\/#website\",\"url\":\"https:\/\/www.fondazionepirelli.org\/it\/\",\"name\":\"Fondazione Pirelli\",\"description\":\"\",\"potentialAction\":[{\"@type\":\"SearchAction\",\"target\":{\"@type\":\"EntryPoint\",\"urlTemplate\":\"https:\/\/www.fondazionepirelli.org\/it\/?s={search_term_string}\"},\"query-input\":{\"@type\":\"PropertyValueSpecification\",\"valueRequired\":true,\"valueName\":\"search_term_string\"}}],\"inLanguage\":\"it-IT\"},{\"@type\":\"Person\",\"@id\":\"https:\/\/www.fondazionepirelli.org\/it\/#\/schema\/person\/f47d097000832c4a6e54538c791fdf25\",\"name\":\"fondadmin\",\"image\":{\"@type\":\"ImageObject\",\"inLanguage\":\"it-IT\",\"@id\":\"https:\/\/www.fondazionepirelli.org\/it\/#\/schema\/person\/image\/\",\"url\":\"https:\/\/secure.gravatar.com\/avatar\/e69498a9175ca244966e51e53c88712c024fcebe41f9a05f75657f1bb25e489b?s=96&d=mm&r=g\",\"contentUrl\":\"https:\/\/secure.gravatar.com\/avatar\/e69498a9175ca244966e51e53c88712c024fcebe41f9a05f75657f1bb25e489b?s=96&d=mm&r=g\",\"caption\":\"fondadmin\"},\"url\":\"https:\/\/www.fondazionepirelli.org\/it\/author\/fondadmin\/\"}]}<\/script>\n<!-- \/ Yoast SEO plugin. -->","yoast_head_json":{"title":"Piano, Accardo, l\u2019utilit\u00e0 dei maestri e le sfide morali dell\u2019industria hi tech - Fondazione Pirelli","robots":{"index":"index","follow":"follow","max-snippet":"max-snippet:-1","max-image-preview":"max-image-preview:large","max-video-preview":"max-video-preview:-1"},"canonical":"https:\/\/www.fondazionepirelli.org\/it\/cultura-dimpresa\/piano-accardo-lutilita-dei-maestri-e-le-sfide-morali-dellindustria-hi-tech\/","og_locale":"it_IT","og_type":"article","og_title":"Piano, Accardo, l\u2019utilit\u00e0 dei maestri e le sfide morali dell\u2019industria hi tech - Fondazione Pirelli","og_description":"\u00a0\u201cNon ci sono pi\u00f9 maestri, ci sono solo esperti del settore\u201d. La battuta \u00e8 tagliente, amarissima, sembra degna del disincanto dolente di Ennio Flaiano. E la pronuncia Enzo Jannacci nei panni di Armando, personaggio di \u201cLa bellezza del somaro\u201d, film di qualit\u00e0 del 2010 per la regia di Sergio Castellitto, sceneggiatura di Margaret Mazzantini. Il [&hellip;]","og_url":"https:\/\/127.0.0.1\/it\/cultura-dimpresa\/piano-accardo-lutilita-dei-maestri-e-le-sfide-morali-dellindustria-hi-tech\/","og_site_name":"Fondazione Pirelli","article_published_time":"2017-09-11T22:00:00+00:00","article_modified_time":"2019-10-29T09:25:54+00:00","og_image":[{"width":1803,"height":1200,"url":"https:\/\/wpsite-assets.fondazionepirelli.org\/wp-content\/uploads\/2019\/05\/20101411\/Pirelli-MiTo-GG1_8043.jpg","type":"image\/jpeg"}],"author":"fondadmin","twitter_card":"summary_large_image","twitter_misc":{"Scritto da":"fondadmin","Tempo di lettura stimato":"5 minuti"},"schema":{"@context":"https:\/\/schema.org","@graph":[{"@type":"WebPage","@id":"https:\/\/127.0.0.1\/it\/cultura-dimpresa\/piano-accardo-lutilita-dei-maestri-e-le-sfide-morali-dellindustria-hi-tech\/","url":"https:\/\/127.0.0.1\/it\/cultura-dimpresa\/piano-accardo-lutilita-dei-maestri-e-le-sfide-morali-dellindustria-hi-tech\/","name":"Piano, Accardo, l\u2019utilit\u00e0 dei maestri e le sfide morali dell\u2019industria hi tech - Fondazione Pirelli","isPartOf":{"@id":"https:\/\/www.fondazionepirelli.org\/it\/#website"},"primaryImageOfPage":{"@id":"https:\/\/127.0.0.1\/it\/cultura-dimpresa\/piano-accardo-lutilita-dei-maestri-e-le-sfide-morali-dellindustria-hi-tech\/#primaryimage"},"image":{"@id":"https:\/\/127.0.0.1\/it\/cultura-dimpresa\/piano-accardo-lutilita-dei-maestri-e-le-sfide-morali-dellindustria-hi-tech\/#primaryimage"},"thumbnailUrl":"https:\/\/wpsite-assets.fondazionepirelli.org\/wp-content\/uploads\/2019\/05\/20101411\/Pirelli-MiTo-GG1_8043.jpg","datePublished":"2017-09-11T22:00:00+00:00","dateModified":"2019-10-29T09:25:54+00:00","author":{"@id":"https:\/\/www.fondazionepirelli.org\/it\/#\/schema\/person\/f47d097000832c4a6e54538c791fdf25"},"breadcrumb":{"@id":"https:\/\/127.0.0.1\/it\/cultura-dimpresa\/piano-accardo-lutilita-dei-maestri-e-le-sfide-morali-dellindustria-hi-tech\/#breadcrumb"},"inLanguage":"it-IT","potentialAction":[{"@type":"ReadAction","target":["https:\/\/127.0.0.1\/it\/cultura-dimpresa\/piano-accardo-lutilita-dei-maestri-e-le-sfide-morali-dellindustria-hi-tech\/"]}]},{"@type":"ImageObject","inLanguage":"it-IT","@id":"https:\/\/127.0.0.1\/it\/cultura-dimpresa\/piano-accardo-lutilita-dei-maestri-e-le-sfide-morali-dellindustria-hi-tech\/#primaryimage","url":"https:\/\/wpsite-assets.fondazionepirelli.org\/wp-content\/uploads\/2019\/05\/20101411\/Pirelli-MiTo-GG1_8043.jpg","contentUrl":"https:\/\/wpsite-assets.fondazionepirelli.org\/wp-content\/uploads\/2019\/05\/20101411\/Pirelli-MiTo-GG1_8043.jpg","width":1803,"height":1200},{"@type":"BreadcrumbList","@id":"https:\/\/127.0.0.1\/it\/cultura-dimpresa\/piano-accardo-lutilita-dei-maestri-e-le-sfide-morali-dellindustria-hi-tech\/#breadcrumb","itemListElement":[{"@type":"ListItem","position":1,"name":"Home","item":"https:\/\/www.fondazionepirelli.org\/it\/"},{"@type":"ListItem","position":2,"name":"Piano, Accardo, l\u2019utilit\u00e0 dei maestri e le sfide morali dell\u2019industria hi tech"}]},{"@type":"WebSite","@id":"https:\/\/www.fondazionepirelli.org\/it\/#website","url":"https:\/\/www.fondazionepirelli.org\/it\/","name":"Fondazione Pirelli","description":"","potentialAction":[{"@type":"SearchAction","target":{"@type":"EntryPoint","urlTemplate":"https:\/\/www.fondazionepirelli.org\/it\/?s={search_term_string}"},"query-input":{"@type":"PropertyValueSpecification","valueRequired":true,"valueName":"search_term_string"}}],"inLanguage":"it-IT"},{"@type":"Person","@id":"https:\/\/www.fondazionepirelli.org\/it\/#\/schema\/person\/f47d097000832c4a6e54538c791fdf25","name":"fondadmin","image":{"@type":"ImageObject","inLanguage":"it-IT","@id":"https:\/\/www.fondazionepirelli.org\/it\/#\/schema\/person\/image\/","url":"https:\/\/secure.gravatar.com\/avatar\/e69498a9175ca244966e51e53c88712c024fcebe41f9a05f75657f1bb25e489b?s=96&d=mm&r=g","contentUrl":"https:\/\/secure.gravatar.com\/avatar\/e69498a9175ca244966e51e53c88712c024fcebe41f9a05f75657f1bb25e489b?s=96&d=mm&r=g","caption":"fondadmin"},"url":"https:\/\/www.fondazionepirelli.org\/it\/author\/fondadmin\/"}]}},"_links":{"self":[{"href":"https:\/\/www.fondazionepirelli.org\/it\/wp-json\/wp\/v2\/posts\/51534\/"}],"collection":[{"href":"https:\/\/www.fondazionepirelli.org\/it\/wp-json\/wp\/v2\/posts\/"}],"about":[{"href":"https:\/\/www.fondazionepirelli.org\/it\/wp-json\/wp\/v2\/types\/post\/"}],"author":[{"embeddable":true,"href":"https:\/\/www.fondazionepirelli.org\/it\/wp-json\/wp\/v2\/users\/1\/"}],"replies":[{"embeddable":true,"href":"https:\/\/www.fondazionepirelli.org\/it\/wp-json\/wp\/v2\/comments\/?post=51534"}],"version-history":[{"count":1,"href":"https:\/\/www.fondazionepirelli.org\/it\/wp-json\/wp\/v2\/posts\/51534\/revisions\/"}],"predecessor-version":[{"id":70538,"href":"https:\/\/www.fondazionepirelli.org\/it\/wp-json\/wp\/v2\/posts\/51534\/revisions\/70538\/"}],"wp:featuredmedia":[{"embeddable":true,"href":"https:\/\/www.fondazionepirelli.org\/it\/wp-json\/wp\/v2\/media\/51535\/"}],"wp:attachment":[{"href":"https:\/\/www.fondazionepirelli.org\/it\/wp-json\/wp\/v2\/media\/?parent=51534"}],"wp:term":[{"taxonomy":"category","embeddable":true,"href":"https:\/\/www.fondazionepirelli.org\/it\/wp-json\/wp\/v2\/categories\/?post=51534"},{"taxonomy":"post_tag","embeddable":true,"href":"https:\/\/www.fondazionepirelli.org\/it\/wp-json\/wp\/v2\/tags\/?post=51534"}],"curies":[{"name":"wp","href":"https:\/\/api.w.org\/{rel}","templated":true}]}}