{"id":51555,"date":"2017-09-04T00:00:00","date_gmt":"2017-09-04T00:00:00","guid":{"rendered":"http:\/\/www.fondazionepirelli.org\/fondazione-pirelli\/il-canto-della-fabbrica-ecco-come-la-musica-racconta-lindustria-hi-tec-i-suoi-ritmi-e-i-suoni\/"},"modified":"2021-12-14T10:33:44","modified_gmt":"2021-12-14T09:33:44","slug":"il-canto-della-fabbrica-ecco-come-la-musica-racconta-lindustria-hi-tech-i-suoi-ritmi-e-i-suoni","status":"publish","type":"post","link":"https:\/\/www.fondazionepirelli.org\/it\/iniziative\/il-canto-della-fabbrica-ecco-come-la-musica-racconta-lindustria-hi-tech-i-suoi-ritmi-e-i-suoni\/","title":{"rendered":"\u201cIl canto della fabbrica\u201d: ecco come la musica racconta l\u2019industria hi tech, i suoi ritmi e i suoni"},"content":{"rendered":"<p>\u201cL\u2019uomo (qui in fabbrica) non perde le sue attitudini, non rinuncia al suo genio. Nell\u2019oggetto, nel prodotto, nella merce c\u2019\u00e8 riconoscibile la misura della sua capacit\u00e0. La macchina docile lo aiuta\u201d. Sono parole di Leonardo Sinisgalli, ingegnere e poeta, lucano d\u2019origine e milanese per scelta di lavoro e di vita, \u201cfirma\u201d della Rivista Pirelli e poi di \u201cCivilt\u00e0 delle macchine\u201d. Erano state scritte nel 1949. E adesso fanno da didascalia d\u2019una \u201ccalandretta\u201d, un\u2019apparecchiatura per pneumatici degli inizi del Novecento, installata nell\u2019atrio dell\u2019HeadQuarters Pirelli qui a Milano, per ricordare a tutti, ogni giorno, la <strong>centralit\u00e0 della fabbrica<\/strong>: una testimonianza del <strong>lavoro<\/strong> e della <strong>tecnica<\/strong>, che segna il tempo e diventa metafora della migliore condizione industriale. Le persone. E il loro \u201cfare, e fare bene\u201d. Appunto, \u201cla macchina, docile, aiuta\u201d.<\/p>\n<p>Cambiano, le fabbriche. E le macchine. Diventano digitali. Computer. Robot.\u00a0 Relazioni web. Big data. Resta, la manifattura di qualit\u00e0. Ma con un\u2019anima hi tech. Cambiano naturalmente anche il lavoro e le competenze delle persone.<\/p>\n<p>\u201cLa fabbrica bella\u201d, luminosa, ambientalmente e socialmente sostenibile ha un nuovo volto e una nuova cultura. Ha bisogno anche di un nuovo racconto.<\/p>\n<p>Prendendo spunto da Settimo Torinese, lo stabilimento Pirelli con la \u201cspina\u201d progettata da Renzo Piano (la struttura centrale tra i due corpi produttivi, che ospita uffici, servizi e laboratori di ricerca e sviluppo) in anni recenti si \u00e8 costruito un racconto per immagini (le fotografie di Peter Lindbergh e di Carlo Furgeri Gilbert) e poi un racconto teatrale (\u201cSettimo \u2013 La fabbrica e il lavoro\u201d, per il Piccolo Teatro di Milano, con la regia di Serena Sinigaglia).<\/p>\n<p>Adesso, la sfida affrontata \u00e8 ancora pi\u00f9 ambiziosa: la \u201cfabbrica bella\u201d e \u201cdigital\u201d pu\u00f2 avere anche una sua musica.<\/p>\n<p>Nel cuore del Novecento la fabbrica dell\u2019acciaio e delle catene di montaggio aveva costruito un suono che ne interpretava l\u2019anima dura, faticosa, stridente, con i \u201cquattro colpi di sirena\u201d della Seconda Sinfonia di Shostakovich, per esempio (eseguita proprio novant\u2019anni fa, nel 1927, per celebrare il decennale della Rivoluzione d\u2019Ottobre). Oggi, fuori da ogni retorica, che suono ha l\u2019industria contemporanea?<\/p>\n<p>Nasce cos\u00ec <strong>\u201c<a href=\"http:\/\/www.ilcantodellafabbrica.org\">Il canto della fabbrica<\/a>\u201d<\/strong>, dall\u2019incontro tra un compositore, <strong>Francesco Fiore<\/strong> e un gruppo musicale d\u2019eccellenza, l\u2019<strong>Orchestra da Camera Italiana<\/strong> diretta da <strong>Salvatore Accardo<\/strong> e le persone e le macchine del <strong>Polo Industriale Pirelli di Settimo Torinese<\/strong>. Osservazione, ascolto, scoperta. E dialogo. Tra le macchine (i mescolatori, le calandre, i robot\u00a0 \u201cNext Mirs\u201d) e i violini, i violoncelli e le viole. Tra i tecnici dell\u2019industria. E i musicisti. Ritmi da cui farsi ispirare e da rielaborare. E silenzi, come intervalli della produzione e \u201cspazio interiore di risonanza della musica\u201d (la lezione innovativa d\u2019un grande musicista italiano, Salvatore Sciarrino). La produzione si fa suono. La musica dell\u2019Orchestra ne \u00e8 originale interpretazione.<\/p>\n<p>Racconta il maestro Fiore: \u201cDa una visita in fabbrica a Settimo ho ricavato l\u2019idea che il brano dovesse essere ispirato all\u2019industria contemporanea e ai suoi ritmi produttivi, ma\u00a0 anche essere concepito specificatamente per l\u2019arte di Salvatore Accardo e per le caratteristiche della sua Orchestra. Una fabbrica intesa come luogo dell\u2019uomo che interviene nell\u2019ambiente naturale per creare un suo luogo di lavoro, e dove il sapere e il lavoro comune devono trovare una sintesi in un prodotto finale: appunto, la musica\u201d.<\/p>\n<p>Ecco i temi ispiratori: \u201cIl silenzioso balletto degli enormi robot al lavoro con i loro movimenti d\u2019una grazia meccanica cos\u00ec estranea al gesto naturale dell\u2019uomo; la profondit\u00e0 dalla quale viene cavata la mescola chimica che deve trasformarsi nel prodotto finito; la coesistenza del vecchio e del nuovo, fatica umana e automi apparentemente impassibili e instancabili, antichi macchinari e computer di ultimissima generazione. Tutto questo ho cercato di riversare nel mio brano: come da un\u2019idea o cellula primigenia (nel caso specifico le note mi \u2013 do \u2013 sol \u2013 do diesis) si possa, attraverso la trasformazione e l\u2019elaborazione, creare qualcosa che non perda il contatto con l\u2019elemento generante ma segua le varie ramificazioni, a volte contraddittorie o contrastanti che un processo di sviluppo pu\u00f2 portare\u201d.<\/p>\n<p>Spiega ancora Fiore: \u201cMentre procedevo nella composizione, un aspetto mi diveniva sempre pi\u00f9 chiaro, e cio\u00e8 che il violino solista assumeva nella concezione del brano la funzione del pensiero dell\u2019uomo: di qualcosa che ha il compito di riassumere gli impulsi e le possibilit\u00e0 date dalla materia e di rielaborare tutto ci\u00f2 in una sintesi chiarificatrice\u201d.<\/p>\n<p>La parte solistica \u201c\u00e8 stata quindi concepita non per il violino, ma pi\u00f9 specificatamente per il violino come \u00e8 inteso da Salvatore Accardo: uno strumento dove ragione e sentimento si equilibrano e temperano a vicenda, e dove il talento individuale viene esaltato dal mettersi al servizio della crescita spirituale della collettivit\u00e0\u201d.<\/p>\n<p>Musica e comunit\u00e0. <strong>Creativit\u00e0<\/strong>. E rigore nell\u2019interpretazione e nell\u2019esecuzione. Dialettica. Un \u201cricercare\u201d. Anche da questi punti di vista, la cultura della fabbrica trova una rappresentazione musicale. Racconta Salvatore Accardo: \u201cCon Francesco Fiore, profondo conoscitore delle potenzialit\u00e0 espressive e tecniche della nostra Orchestra, abbiamo passato un anno a provare, sperimentare suoni ed armonie. E abbiamo condiviso l&#8217;importanza del \u2018fare con mano\u2019, toccando la materia, in questo caso musicale, strumentale, plasmandola secondo le caratteristiche degli interpreti, rinnovando un sapere antico. Lo stretto rapporto fra compositore e interprete \u00e8 un lato essenziale della creazione musicale\u201d.<\/p>\n<p>\u201cFare con mano\u201d, si dice anche del lavoro di fabbrica: manifattura. Ed \u00e8 affascinante, insiste Accardo, \u201cquesta convergenza creativa tra musicisti e tecnici, uomini e donne di cultura musicale e ingegneri e operai. Il lavoro e il suono. Sintesi di straordinario fascino e profonda emozione\u201d.<\/p>\n<p>Come tradurre tutto ci\u00f2 in una composizione? \u201cIl significato profondo del brano sta nella dicotomia fra la parte dell&#8217;orchestra e quella del Violino. Mentre in qualche modo la parte orchestrale pu\u00f2 rappresentare (attraverso la sua severit\u00e0 e il contrappunto rigidamente strutturato) il mondo delle macchine produttive moderne, digitali, che agiscono inesorabilmente nel cuore della fabbrica, la parte affidata al Violino invece utilizza un linguaggio a volte capriccioso, virtuosistico, meditativo e imprevedibile in modo da guidare, come fosse il pensiero umano, l&#8217;intero percorso del brano verso un\u2019ideale sintesi\u201d.<\/p>\n<p>Emerge un altro aspetto del racconto per musica: la relazione continua fra tradizione e innovazione. Tema che segna, peraltro, tutto il percorso della Fondazione Pirelli.<\/p>\n<p>C\u2019\u00e8 appunto un\u2019abitudine che continua a maturare. Testimoniata, per esempio, da un concerto di <strong>John Cage<\/strong>, nel \u201954, stagione tra le pi\u00f9 innovative e creative del musicista. Dove? Al <strong>Centro Culturale Pirelli<\/strong> di Milano. Lavoro. Fabbrica. Musica. I segni del tempo.<\/p>\n<p>Ancora una volta, come nella migliore cultura italiana, le conoscenze scientifiche e la \u201ct\u00e9chne\u201d (il saper fare delle buone fabbriche) si incontrano con le conoscenze umanistiche. Esprimono cultura politecnica. Che nel tempo, anche in Pirelli, prende forma di letteratura, teatro, cinema, fotografia, arte visiva. E musica. La creativit\u00e0 trae forza dal rigore meccanico. La matematica , espressa in forma digitale, guida la produzione. Ma sa pure dare vita a note, accordi, armonie. Bach ne \u00e8 stato maestro. La metamorfosi, nell\u2019incontro con il mutamento dei tempi, risuona anche in questo \u201cCanto\u201d. Appunto un \u201cricercare\u201d, come nella lezione di Bach.<\/p>\n<p>Si approfondiscono cos\u00ec le relazioni tra la Pirelli e l\u2019Orchestra da Camera Italiana (un dialogo che va avanti da anni, anche con le prove delle stagioni concertistiche aperte ai dipendenti del gruppo, per vedere dal vivo \u201ccome nasce\u201d un\u2019esecuzione musicale). E si rinsaldano i rapporti tra Pirelli e MiTo Settembre Musica.<\/p>\n<p>Concerti nei luoghi del lavoro, in fabbrica, al Polo Industriale di Settimo Torinese nel 2010, 2011 e 2014 (con una straordinaria esecuzione della Settima Sinfonia di Beethoven, davanti a pi\u00f9 di mille persone) e poi nel 2016 nell\u2019Auditorium Pirelli in Bicocca, a Milano, hanno sottolineato l\u2019impegno di ridare, alla musica, il ruolo di protagonista della grande cultura popolare, con la consapevolezza che le persone non hanno mai smesso di amare la musica classica e semmai chiedono, soprattutto tra le nuove generazioni, relazioni pi\u00f9 intense, originali, cariche di intelligenza ed emozioni, aperte a una idea di modernit\u00e0 che sa vivere tra tradizione e innovazione.<\/p>\n<p>Con il \u201cCanto della fabbrica\u201d si fa un passo in pi\u00f9. Il lavoro e l\u2019industria producono musica. E la sua rappresentazione sceglie proprio i luoghi del lavoro per esprimersi al meglio. Inedite armonie.<\/p>\n","protected":false},"excerpt":{"rendered":"<p>\u201cL\u2019uomo (qui in fabbrica) non perde le sue attitudini, non rinuncia al suo genio. Nell\u2019oggetto, nel prodotto, nella merce c\u2019\u00e8 riconoscibile la misura della sua capacit\u00e0. La macchina docile lo aiuta\u201d. Sono parole di Leonardo Sinisgalli, ingegnere e poeta, lucano d\u2019origine e milanese per scelta di lavoro e di vita, \u201cfirma\u201d della Rivista Pirelli e [&hellip;]<\/p>\n","protected":false},"author":1,"featured_media":73729,"comment_status":"open","ping_status":"open","sticky":false,"template":"","format":"standard","meta":{"footnotes":""},"categories":[78,60],"tags":[98],"class_list":["post-51555","post","type-post","status-publish","format-standard","has-post-thumbnail","hentry","category-gli-eventi-e-i-percorsi-guidati","category-iniziative","tag-il-canto-della-fabbrica"],"acf":[],"yoast_head":"<!-- This site is optimized with the Yoast SEO plugin v25.0 - https:\/\/yoast.com\/wordpress\/plugins\/seo\/ -->\n<title>&quot;Il Canto della fabbrica&quot;, la musica racconta i suoni dell\u2019industria | Fondazione Pirelli<\/title>\n<meta name=\"description\" content=\"La musica e le sue rappresentazioni nei luoghi di lavoro. Scopriamo come nasce il progetto &quot;Il Canto della fabbrica&quot;. Scopri di pi\u00f9 sul nostro sito.\" \/>\n<meta name=\"robots\" content=\"index, follow, max-snippet:-1, max-image-preview:large, max-video-preview:-1\" \/>\n<link rel=\"canonical\" href=\"https:\/\/www.fondazionepirelli.org\/it\/iniziative\/il-canto-della-fabbrica-ecco-come-la-musica-racconta-lindustria-hi-tech-i-suoi-ritmi-e-i-suoni\/\" \/>\n<meta property=\"og:locale\" content=\"it_IT\" \/>\n<meta property=\"og:type\" content=\"article\" \/>\n<meta property=\"og:title\" content=\"&quot;Il Canto della fabbrica&quot;, la musica racconta i suoni dell\u2019industria | Fondazione Pirelli\" \/>\n<meta property=\"og:description\" content=\"La musica e le sue rappresentazioni nei luoghi di lavoro. Scopriamo come nasce il progetto &quot;Il Canto della fabbrica&quot;. Scopri di pi\u00f9 sul nostro sito.\" \/>\n<meta property=\"og:url\" content=\"https:\/\/www.fondazionepirelli.org\/it\/iniziative\/il-canto-della-fabbrica-ecco-come-la-musica-racconta-lindustria-hi-tech-i-suoi-ritmi-e-i-suoni\/\" \/>\n<meta property=\"og:site_name\" content=\"Fondazione Pirelli\" \/>\n<meta property=\"article:published_time\" content=\"2017-09-04T00:00:00+00:00\" \/>\n<meta property=\"article:modified_time\" content=\"2021-12-14T09:33:44+00:00\" \/>\n<meta property=\"og:image\" content=\"https:\/\/wpsite-assets.fondazionepirelli.org\/wp-content\/uploads\/2017\/09\/14112915\/MiTo-GG4-Prove-in-costume-1258-_SQU8956-e1578997768222.jpg\" \/>\n\t<meta property=\"og:image:width\" content=\"600\" \/>\n\t<meta property=\"og:image:height\" content=\"399\" \/>\n\t<meta property=\"og:image:type\" content=\"image\/jpeg\" \/>\n<meta name=\"author\" content=\"fondadmin\" \/>\n<meta name=\"twitter:card\" content=\"summary_large_image\" \/>\n<meta name=\"twitter:label1\" content=\"Scritto da\" \/>\n\t<meta name=\"twitter:data1\" content=\"fondadmin\" \/>\n\t<meta name=\"twitter:label2\" content=\"Tempo di lettura stimato\" \/>\n\t<meta name=\"twitter:data2\" content=\"7 minuti\" \/>\n<script type=\"application\/ld+json\" class=\"yoast-schema-graph\">{\"@context\":\"https:\/\/schema.org\",\"@graph\":[{\"@type\":\"WebPage\",\"@id\":\"https:\/\/www.fondazionepirelli.org\/it\/iniziative\/il-canto-della-fabbrica-ecco-come-la-musica-racconta-lindustria-hi-tech-i-suoi-ritmi-e-i-suoni\/\",\"url\":\"https:\/\/www.fondazionepirelli.org\/it\/iniziative\/il-canto-della-fabbrica-ecco-come-la-musica-racconta-lindustria-hi-tech-i-suoi-ritmi-e-i-suoni\/\",\"name\":\"\\\"Il Canto della fabbrica\\\", la musica racconta i suoni dell\u2019industria | Fondazione Pirelli\",\"isPartOf\":{\"@id\":\"https:\/\/www.fondazionepirelli.org\/it\/#website\"},\"primaryImageOfPage\":{\"@id\":\"https:\/\/www.fondazionepirelli.org\/it\/iniziative\/il-canto-della-fabbrica-ecco-come-la-musica-racconta-lindustria-hi-tech-i-suoi-ritmi-e-i-suoni\/#primaryimage\"},\"image\":{\"@id\":\"https:\/\/www.fondazionepirelli.org\/it\/iniziative\/il-canto-della-fabbrica-ecco-come-la-musica-racconta-lindustria-hi-tech-i-suoi-ritmi-e-i-suoni\/#primaryimage\"},\"thumbnailUrl\":\"https:\/\/wpsite-assets.fondazionepirelli.org\/wp-content\/uploads\/2017\/09\/14112915\/MiTo-GG4-Prove-in-costume-1258-_SQU8956-e1578997768222.jpg\",\"datePublished\":\"2017-09-04T00:00:00+00:00\",\"dateModified\":\"2021-12-14T09:33:44+00:00\",\"author\":{\"@id\":\"https:\/\/www.fondazionepirelli.org\/it\/#\/schema\/person\/f47d097000832c4a6e54538c791fdf25\"},\"description\":\"La musica e le sue rappresentazioni nei luoghi di lavoro. Scopriamo come nasce il progetto \\\"Il Canto della fabbrica\\\". Scopri di pi\u00f9 sul nostro sito.\",\"breadcrumb\":{\"@id\":\"https:\/\/www.fondazionepirelli.org\/it\/iniziative\/il-canto-della-fabbrica-ecco-come-la-musica-racconta-lindustria-hi-tech-i-suoi-ritmi-e-i-suoni\/#breadcrumb\"},\"inLanguage\":\"it-IT\",\"potentialAction\":[{\"@type\":\"ReadAction\",\"target\":[\"https:\/\/www.fondazionepirelli.org\/it\/iniziative\/il-canto-della-fabbrica-ecco-come-la-musica-racconta-lindustria-hi-tech-i-suoi-ritmi-e-i-suoni\/\"]}]},{\"@type\":\"ImageObject\",\"inLanguage\":\"it-IT\",\"@id\":\"https:\/\/www.fondazionepirelli.org\/it\/iniziative\/il-canto-della-fabbrica-ecco-come-la-musica-racconta-lindustria-hi-tech-i-suoi-ritmi-e-i-suoni\/#primaryimage\",\"url\":\"https:\/\/wpsite-assets.fondazionepirelli.org\/wp-content\/uploads\/2017\/09\/14112915\/MiTo-GG4-Prove-in-costume-1258-_SQU8956-e1578997768222.jpg\",\"contentUrl\":\"https:\/\/wpsite-assets.fondazionepirelli.org\/wp-content\/uploads\/2017\/09\/14112915\/MiTo-GG4-Prove-in-costume-1258-_SQU8956-e1578997768222.jpg\",\"width\":600,\"height\":399},{\"@type\":\"BreadcrumbList\",\"@id\":\"https:\/\/www.fondazionepirelli.org\/it\/iniziative\/il-canto-della-fabbrica-ecco-come-la-musica-racconta-lindustria-hi-tech-i-suoi-ritmi-e-i-suoni\/#breadcrumb\",\"itemListElement\":[{\"@type\":\"ListItem\",\"position\":1,\"name\":\"Home\",\"item\":\"https:\/\/www.fondazionepirelli.org\/it\/\"},{\"@type\":\"ListItem\",\"position\":2,\"name\":\"\u201cIl canto della fabbrica\u201d: ecco come la musica racconta l\u2019industria hi tech, i suoi ritmi e i suoni\"}]},{\"@type\":\"WebSite\",\"@id\":\"https:\/\/www.fondazionepirelli.org\/it\/#website\",\"url\":\"https:\/\/www.fondazionepirelli.org\/it\/\",\"name\":\"Fondazione Pirelli\",\"description\":\"\",\"potentialAction\":[{\"@type\":\"SearchAction\",\"target\":{\"@type\":\"EntryPoint\",\"urlTemplate\":\"https:\/\/www.fondazionepirelli.org\/it\/?s={search_term_string}\"},\"query-input\":{\"@type\":\"PropertyValueSpecification\",\"valueRequired\":true,\"valueName\":\"search_term_string\"}}],\"inLanguage\":\"it-IT\"},{\"@type\":\"Person\",\"@id\":\"https:\/\/www.fondazionepirelli.org\/it\/#\/schema\/person\/f47d097000832c4a6e54538c791fdf25\",\"name\":\"fondadmin\",\"image\":{\"@type\":\"ImageObject\",\"inLanguage\":\"it-IT\",\"@id\":\"https:\/\/www.fondazionepirelli.org\/it\/#\/schema\/person\/image\/\",\"url\":\"https:\/\/secure.gravatar.com\/avatar\/e69498a9175ca244966e51e53c88712c024fcebe41f9a05f75657f1bb25e489b?s=96&d=mm&r=g\",\"contentUrl\":\"https:\/\/secure.gravatar.com\/avatar\/e69498a9175ca244966e51e53c88712c024fcebe41f9a05f75657f1bb25e489b?s=96&d=mm&r=g\",\"caption\":\"fondadmin\"},\"url\":\"https:\/\/www.fondazionepirelli.org\/it\/author\/fondadmin\/\"}]}<\/script>\n<!-- \/ Yoast SEO plugin. -->","yoast_head_json":{"title":"\"Il Canto della fabbrica\", la musica racconta i suoni dell\u2019industria | Fondazione Pirelli","description":"La musica e le sue rappresentazioni nei luoghi di lavoro. Scopriamo come nasce il progetto \"Il Canto della fabbrica\". Scopri di pi\u00f9 sul nostro sito.","robots":{"index":"index","follow":"follow","max-snippet":"max-snippet:-1","max-image-preview":"max-image-preview:large","max-video-preview":"max-video-preview:-1"},"canonical":"https:\/\/www.fondazionepirelli.org\/it\/iniziative\/il-canto-della-fabbrica-ecco-come-la-musica-racconta-lindustria-hi-tech-i-suoi-ritmi-e-i-suoni\/","og_locale":"it_IT","og_type":"article","og_title":"\"Il Canto della fabbrica\", la musica racconta i suoni dell\u2019industria | Fondazione Pirelli","og_description":"La musica e le sue rappresentazioni nei luoghi di lavoro. Scopriamo come nasce il progetto \"Il Canto della fabbrica\". Scopri di pi\u00f9 sul nostro sito.","og_url":"https:\/\/www.fondazionepirelli.org\/it\/iniziative\/il-canto-della-fabbrica-ecco-come-la-musica-racconta-lindustria-hi-tech-i-suoi-ritmi-e-i-suoni\/","og_site_name":"Fondazione Pirelli","article_published_time":"2017-09-04T00:00:00+00:00","article_modified_time":"2021-12-14T09:33:44+00:00","og_image":[{"width":600,"height":399,"url":"https:\/\/wpsite-assets.fondazionepirelli.org\/wp-content\/uploads\/2017\/09\/14112915\/MiTo-GG4-Prove-in-costume-1258-_SQU8956-e1578997768222.jpg","type":"image\/jpeg"}],"author":"fondadmin","twitter_card":"summary_large_image","twitter_misc":{"Scritto da":"fondadmin","Tempo di lettura stimato":"7 minuti"},"schema":{"@context":"https:\/\/schema.org","@graph":[{"@type":"WebPage","@id":"https:\/\/www.fondazionepirelli.org\/it\/iniziative\/il-canto-della-fabbrica-ecco-come-la-musica-racconta-lindustria-hi-tech-i-suoi-ritmi-e-i-suoni\/","url":"https:\/\/www.fondazionepirelli.org\/it\/iniziative\/il-canto-della-fabbrica-ecco-come-la-musica-racconta-lindustria-hi-tech-i-suoi-ritmi-e-i-suoni\/","name":"\"Il Canto della fabbrica\", la musica racconta i suoni dell\u2019industria | Fondazione Pirelli","isPartOf":{"@id":"https:\/\/www.fondazionepirelli.org\/it\/#website"},"primaryImageOfPage":{"@id":"https:\/\/www.fondazionepirelli.org\/it\/iniziative\/il-canto-della-fabbrica-ecco-come-la-musica-racconta-lindustria-hi-tech-i-suoi-ritmi-e-i-suoni\/#primaryimage"},"image":{"@id":"https:\/\/www.fondazionepirelli.org\/it\/iniziative\/il-canto-della-fabbrica-ecco-come-la-musica-racconta-lindustria-hi-tech-i-suoi-ritmi-e-i-suoni\/#primaryimage"},"thumbnailUrl":"https:\/\/wpsite-assets.fondazionepirelli.org\/wp-content\/uploads\/2017\/09\/14112915\/MiTo-GG4-Prove-in-costume-1258-_SQU8956-e1578997768222.jpg","datePublished":"2017-09-04T00:00:00+00:00","dateModified":"2021-12-14T09:33:44+00:00","author":{"@id":"https:\/\/www.fondazionepirelli.org\/it\/#\/schema\/person\/f47d097000832c4a6e54538c791fdf25"},"description":"La musica e le sue rappresentazioni nei luoghi di lavoro. Scopriamo come nasce il progetto \"Il Canto della fabbrica\". Scopri di pi\u00f9 sul nostro sito.","breadcrumb":{"@id":"https:\/\/www.fondazionepirelli.org\/it\/iniziative\/il-canto-della-fabbrica-ecco-come-la-musica-racconta-lindustria-hi-tech-i-suoi-ritmi-e-i-suoni\/#breadcrumb"},"inLanguage":"it-IT","potentialAction":[{"@type":"ReadAction","target":["https:\/\/www.fondazionepirelli.org\/it\/iniziative\/il-canto-della-fabbrica-ecco-come-la-musica-racconta-lindustria-hi-tech-i-suoi-ritmi-e-i-suoni\/"]}]},{"@type":"ImageObject","inLanguage":"it-IT","@id":"https:\/\/www.fondazionepirelli.org\/it\/iniziative\/il-canto-della-fabbrica-ecco-come-la-musica-racconta-lindustria-hi-tech-i-suoi-ritmi-e-i-suoni\/#primaryimage","url":"https:\/\/wpsite-assets.fondazionepirelli.org\/wp-content\/uploads\/2017\/09\/14112915\/MiTo-GG4-Prove-in-costume-1258-_SQU8956-e1578997768222.jpg","contentUrl":"https:\/\/wpsite-assets.fondazionepirelli.org\/wp-content\/uploads\/2017\/09\/14112915\/MiTo-GG4-Prove-in-costume-1258-_SQU8956-e1578997768222.jpg","width":600,"height":399},{"@type":"BreadcrumbList","@id":"https:\/\/www.fondazionepirelli.org\/it\/iniziative\/il-canto-della-fabbrica-ecco-come-la-musica-racconta-lindustria-hi-tech-i-suoi-ritmi-e-i-suoni\/#breadcrumb","itemListElement":[{"@type":"ListItem","position":1,"name":"Home","item":"https:\/\/www.fondazionepirelli.org\/it\/"},{"@type":"ListItem","position":2,"name":"\u201cIl canto della fabbrica\u201d: ecco come la musica racconta l\u2019industria hi tech, i suoi ritmi e i suoni"}]},{"@type":"WebSite","@id":"https:\/\/www.fondazionepirelli.org\/it\/#website","url":"https:\/\/www.fondazionepirelli.org\/it\/","name":"Fondazione Pirelli","description":"","potentialAction":[{"@type":"SearchAction","target":{"@type":"EntryPoint","urlTemplate":"https:\/\/www.fondazionepirelli.org\/it\/?s={search_term_string}"},"query-input":{"@type":"PropertyValueSpecification","valueRequired":true,"valueName":"search_term_string"}}],"inLanguage":"it-IT"},{"@type":"Person","@id":"https:\/\/www.fondazionepirelli.org\/it\/#\/schema\/person\/f47d097000832c4a6e54538c791fdf25","name":"fondadmin","image":{"@type":"ImageObject","inLanguage":"it-IT","@id":"https:\/\/www.fondazionepirelli.org\/it\/#\/schema\/person\/image\/","url":"https:\/\/secure.gravatar.com\/avatar\/e69498a9175ca244966e51e53c88712c024fcebe41f9a05f75657f1bb25e489b?s=96&d=mm&r=g","contentUrl":"https:\/\/secure.gravatar.com\/avatar\/e69498a9175ca244966e51e53c88712c024fcebe41f9a05f75657f1bb25e489b?s=96&d=mm&r=g","caption":"fondadmin"},"url":"https:\/\/www.fondazionepirelli.org\/it\/author\/fondadmin\/"}]}},"_links":{"self":[{"href":"https:\/\/www.fondazionepirelli.org\/it\/wp-json\/wp\/v2\/posts\/51555\/"}],"collection":[{"href":"https:\/\/www.fondazionepirelli.org\/it\/wp-json\/wp\/v2\/posts\/"}],"about":[{"href":"https:\/\/www.fondazionepirelli.org\/it\/wp-json\/wp\/v2\/types\/post\/"}],"author":[{"embeddable":true,"href":"https:\/\/www.fondazionepirelli.org\/it\/wp-json\/wp\/v2\/users\/1\/"}],"replies":[{"embeddable":true,"href":"https:\/\/www.fondazionepirelli.org\/it\/wp-json\/wp\/v2\/comments\/?post=51555"}],"version-history":[{"count":5,"href":"https:\/\/www.fondazionepirelli.org\/it\/wp-json\/wp\/v2\/posts\/51555\/revisions\/"}],"predecessor-version":[{"id":75951,"href":"https:\/\/www.fondazionepirelli.org\/it\/wp-json\/wp\/v2\/posts\/51555\/revisions\/75951\/"}],"wp:featuredmedia":[{"embeddable":true,"href":"https:\/\/www.fondazionepirelli.org\/it\/wp-json\/wp\/v2\/media\/73729\/"}],"wp:attachment":[{"href":"https:\/\/www.fondazionepirelli.org\/it\/wp-json\/wp\/v2\/media\/?parent=51555"}],"wp:term":[{"taxonomy":"category","embeddable":true,"href":"https:\/\/www.fondazionepirelli.org\/it\/wp-json\/wp\/v2\/categories\/?post=51555"},{"taxonomy":"post_tag","embeddable":true,"href":"https:\/\/www.fondazionepirelli.org\/it\/wp-json\/wp\/v2\/tags\/?post=51555"}],"curies":[{"name":"wp","href":"https:\/\/api.w.org\/{rel}","templated":true}]}}