{"id":51561,"date":"2017-08-29T00:00:00","date_gmt":"2017-08-29T00:00:00","guid":{"rendered":"http:\/\/www.fondazionepirelli.org\/fondazione-pirelli\/ambiente-dimpresa\/"},"modified":"2019-10-29T11:29:04","modified_gmt":"2019-10-29T09:29:04","slug":"ambiente-dimpresa","status":"publish","type":"post","link":"https:\/\/www.fondazionepirelli.org\/it\/cultura-dimpresa\/ambiente-dimpresa\/","title":{"rendered":"Ambiente d\u2019impresa"},"content":{"rendered":"<p><em>In una tesi presentata all\u2019Universit\u00e0 di Padova raccontati i legami fra aziende e tutela ambientale<\/em><\/p><p>Impresa e ambiente non sono incompatibili. Assunto ormai condiviso, quest\u2019ultimo, anche se non sempre perfettamente realizzato. Cos\u00ec come \u00e8 ancora meno applicato il proseguimento lungo il cammino che apre questa concezione del produrre: la maggiore attenzione all\u2019ambiente pu\u00f2 far crescere pi\u00f9 di prima ogni impresa. E\u2019 il delinearsi di una nuova \u00e8 pi\u00f9 complessa cultura d\u2019impresa.<\/p>\n<p>Esplorare ci\u00f2 che sta dentro e attorno questi concetti \u00e8 importante. Ed \u00e8 ci\u00f2 che ha fatto Valentina Trevisan con \u201cIl Made in Italy si tinge di \u2018green\u2019 Comunicare la sostenibilit\u00e0 ambientale delle imprese italiane\u201d, lavoro presentato nell\u2019ambito del Corso di Laurea Magistrale in Strategie di Comunicazione del Dipartimento di Scienze Economiche e Aziendali \u201cMarco Fanno\u201d dell\u2019Universit\u00e0 degli Studi di Padova.<\/p>\n<p>Si tratta di una ricerca che di fatto ragiona attorno al cambiamento culturale e di vita imposto dalla necessit\u00e0 di tutelare l\u2019ambiente e quindi sulle conseguenze che questo ha portato nel rapporto fra imprese e mercati.<\/p>\n<p>\u201cSe la post-modernit\u00e0 si pu\u00f2 dire essere caratterizzata da una nuova figura di consumatore \u2013 viene spiegato all\u2019inizio del lavoro \u2013, si \u00e8 reso necessario da parte delle imprese proporre prodotti e servizi in linea con le nuove esigenze di questa figura\u201d. E poi ancora: l\u2019impresa \u201csi \u00e8 trovata di fronte a dei segnali di diversi consumi e per restare al passo con le richieste del mercato ha dovuto anch\u2019essa evolversi\u201d. Da tutto questo l\u2019obiettivo del lavoro \u2013 capire come le imprese italiane hanno risposto a questi stimoli -, che viene raggiunto partendo dall\u2019analisi delle nuove modalit\u00e0 di consumo, passando per un approfondimento dei cambiamenti a carico del cosiddetto \u201cciclo di vita del prodotto\u201d, per arrivare ad affrontare i\u00a0 concetti di <em>green marketing <\/em>\u00a0e di responsabilit\u00e0 sociale d\u2019impresa e quindi l\u2019impatto ambientale del <em>Made in Italy. <\/em><\/p>\n<p>Il lavoro poi prende in considerazione alcuni \u201ccasi\u201d italiani come l\u2019attivit\u00e0 conciaria (con la Montebello), il design (Alisea), l\u2019abbigliamento (Wrad Living), il settore agroalimentare (Barilla, Syngenta). Ma \u00e8 un po\u2019 tutto il lavoro ad essere costellato di esempi d\u2019azienda, prima, per esempio, Trevisan discute anche dell\u2019attivit\u00e0 di Patagonia cos\u00ec come del sistema di smaltimento dei rifiuti di Modena.<\/p>\n<p>Quanto scritto da Valentina Trevisan non si conclude solo con delle certezze (ed \u00e8 questo certamente un suo merito). Viene cos\u00ec ammesso che il tema della cultura della sostenibilit\u00e0 in Italia \u00e8 ancora diffuso in maniera controversa anche se viene sottolineato come la \u201cresponsabilit\u00e0\u201d sia \u201cun elemento fondante i comportamenti aziendali e personali\u201d.<\/p>\n<p>Permeata da una grande fiducia nell\u2019attivit\u00e0 d\u2019impresa e nel consumatore avveduto, la ricerca di Trevisan pu\u00f2 forse non trovare tutti perfettamente d\u2019accordo, ma \u00e8 certamente una lettura da fare.<\/p><p><strong>Il Made in Italy si tinge di \u201cgreen\u201d Comunicare la sostenibilit\u00e0 ambientale delle imprese italiane<\/strong><\/p>\n<p>Valentina Trevisan<\/p>\n<p>Universit\u00e0 degli Studi di Padova Dipartimento di Studi Linguistici e Letterari Dipartimento di Scienze Economiche e Aziendali \u201cMarco Fanno\u201d Corso di Laurea Magistrale in Strategie di Comunicazione, 2017<\/p>\n","protected":false},"excerpt":{"rendered":"<p>In una tesi presentata all\u2019Universit\u00e0 di Padova raccontati i legami fra aziende e tutela ambientaleImpresa e ambiente non sono incompatibili. Assunto ormai condiviso, quest\u2019ultimo, anche se non sempre perfettamente realizzato. Cos\u00ec come \u00e8 ancora meno applicato il proseguimento lungo il cammino che apre questa concezione del produrre: la maggiore attenzione all\u2019ambiente pu\u00f2 far crescere pi\u00f9 [&hellip;]<\/p>\n","protected":false},"author":1,"featured_media":0,"comment_status":"open","ping_status":"open","sticky":false,"template":"","format":"standard","meta":{"footnotes":""},"categories":[54,52],"tags":[],"class_list":["post-51561","post","type-post","status-publish","format-standard","hentry","category-approfondimenti","category-cultura-dimpresa"],"acf":[],"yoast_head":"<!-- This site is optimized with the Yoast SEO plugin v25.0 - https:\/\/yoast.com\/wordpress\/plugins\/seo\/ -->\n<title>Ambiente d\u2019impresa - Fondazione Pirelli<\/title>\n<meta name=\"robots\" content=\"index, follow, max-snippet:-1, max-image-preview:large, max-video-preview:-1\" \/>\n<link rel=\"canonical\" href=\"https:\/\/www.fondazionepirelli.org\/it\/cultura-dimpresa\/ambiente-dimpresa\/\" \/>\n<meta property=\"og:locale\" content=\"it_IT\" \/>\n<meta property=\"og:type\" content=\"article\" \/>\n<meta property=\"og:title\" content=\"Ambiente d\u2019impresa - Fondazione Pirelli\" \/>\n<meta property=\"og:description\" content=\"In una tesi presentata all\u2019Universit\u00e0 di Padova raccontati i legami fra aziende e tutela ambientaleImpresa e ambiente non sono incompatibili. Assunto ormai condiviso, quest\u2019ultimo, anche se non sempre perfettamente realizzato. Cos\u00ec come \u00e8 ancora meno applicato il proseguimento lungo il cammino che apre questa concezione del produrre: la maggiore attenzione all\u2019ambiente pu\u00f2 far crescere pi\u00f9 [&hellip;]\" \/>\n<meta property=\"og:url\" content=\"https:\/\/127.0.0.1\/it\/cultura-dimpresa\/ambiente-dimpresa\/\" \/>\n<meta property=\"og:site_name\" content=\"Fondazione Pirelli\" \/>\n<meta property=\"article:published_time\" content=\"2017-08-29T00:00:00+00:00\" \/>\n<meta property=\"article:modified_time\" content=\"2019-10-29T09:29:04+00:00\" \/>\n<meta name=\"author\" content=\"fondadmin\" \/>\n<meta name=\"twitter:card\" content=\"summary_large_image\" \/>\n<meta name=\"twitter:label1\" content=\"Scritto da\" \/>\n\t<meta name=\"twitter:data1\" content=\"fondadmin\" \/>\n\t<meta name=\"twitter:label2\" content=\"Tempo di lettura stimato\" \/>\n\t<meta name=\"twitter:data2\" content=\"2 minuti\" \/>\n<script type=\"application\/ld+json\" class=\"yoast-schema-graph\">{\"@context\":\"https:\/\/schema.org\",\"@graph\":[{\"@type\":\"WebPage\",\"@id\":\"https:\/\/127.0.0.1\/it\/cultura-dimpresa\/ambiente-dimpresa\/\",\"url\":\"https:\/\/127.0.0.1\/it\/cultura-dimpresa\/ambiente-dimpresa\/\",\"name\":\"Ambiente d\u2019impresa - Fondazione Pirelli\",\"isPartOf\":{\"@id\":\"https:\/\/www.fondazionepirelli.org\/it\/#website\"},\"datePublished\":\"2017-08-29T00:00:00+00:00\",\"dateModified\":\"2019-10-29T09:29:04+00:00\",\"author\":{\"@id\":\"https:\/\/www.fondazionepirelli.org\/it\/#\/schema\/person\/f47d097000832c4a6e54538c791fdf25\"},\"breadcrumb\":{\"@id\":\"https:\/\/127.0.0.1\/it\/cultura-dimpresa\/ambiente-dimpresa\/#breadcrumb\"},\"inLanguage\":\"it-IT\",\"potentialAction\":[{\"@type\":\"ReadAction\",\"target\":[\"https:\/\/127.0.0.1\/it\/cultura-dimpresa\/ambiente-dimpresa\/\"]}]},{\"@type\":\"BreadcrumbList\",\"@id\":\"https:\/\/127.0.0.1\/it\/cultura-dimpresa\/ambiente-dimpresa\/#breadcrumb\",\"itemListElement\":[{\"@type\":\"ListItem\",\"position\":1,\"name\":\"Home\",\"item\":\"https:\/\/www.fondazionepirelli.org\/it\/\"},{\"@type\":\"ListItem\",\"position\":2,\"name\":\"Ambiente d\u2019impresa\"}]},{\"@type\":\"WebSite\",\"@id\":\"https:\/\/www.fondazionepirelli.org\/it\/#website\",\"url\":\"https:\/\/www.fondazionepirelli.org\/it\/\",\"name\":\"Fondazione Pirelli\",\"description\":\"\",\"potentialAction\":[{\"@type\":\"SearchAction\",\"target\":{\"@type\":\"EntryPoint\",\"urlTemplate\":\"https:\/\/www.fondazionepirelli.org\/it\/?s={search_term_string}\"},\"query-input\":{\"@type\":\"PropertyValueSpecification\",\"valueRequired\":true,\"valueName\":\"search_term_string\"}}],\"inLanguage\":\"it-IT\"},{\"@type\":\"Person\",\"@id\":\"https:\/\/www.fondazionepirelli.org\/it\/#\/schema\/person\/f47d097000832c4a6e54538c791fdf25\",\"name\":\"fondadmin\",\"image\":{\"@type\":\"ImageObject\",\"inLanguage\":\"it-IT\",\"@id\":\"https:\/\/www.fondazionepirelli.org\/it\/#\/schema\/person\/image\/\",\"url\":\"https:\/\/secure.gravatar.com\/avatar\/e69498a9175ca244966e51e53c88712c024fcebe41f9a05f75657f1bb25e489b?s=96&d=mm&r=g\",\"contentUrl\":\"https:\/\/secure.gravatar.com\/avatar\/e69498a9175ca244966e51e53c88712c024fcebe41f9a05f75657f1bb25e489b?s=96&d=mm&r=g\",\"caption\":\"fondadmin\"},\"url\":\"https:\/\/www.fondazionepirelli.org\/it\/author\/fondadmin\/\"}]}<\/script>\n<!-- \/ Yoast SEO plugin. -->","yoast_head_json":{"title":"Ambiente d\u2019impresa - Fondazione Pirelli","robots":{"index":"index","follow":"follow","max-snippet":"max-snippet:-1","max-image-preview":"max-image-preview:large","max-video-preview":"max-video-preview:-1"},"canonical":"https:\/\/www.fondazionepirelli.org\/it\/cultura-dimpresa\/ambiente-dimpresa\/","og_locale":"it_IT","og_type":"article","og_title":"Ambiente d\u2019impresa - Fondazione Pirelli","og_description":"In una tesi presentata all\u2019Universit\u00e0 di Padova raccontati i legami fra aziende e tutela ambientaleImpresa e ambiente non sono incompatibili. Assunto ormai condiviso, quest\u2019ultimo, anche se non sempre perfettamente realizzato. Cos\u00ec come \u00e8 ancora meno applicato il proseguimento lungo il cammino che apre questa concezione del produrre: la maggiore attenzione all\u2019ambiente pu\u00f2 far crescere pi\u00f9 [&hellip;]","og_url":"https:\/\/127.0.0.1\/it\/cultura-dimpresa\/ambiente-dimpresa\/","og_site_name":"Fondazione Pirelli","article_published_time":"2017-08-29T00:00:00+00:00","article_modified_time":"2019-10-29T09:29:04+00:00","author":"fondadmin","twitter_card":"summary_large_image","twitter_misc":{"Scritto da":"fondadmin","Tempo di lettura stimato":"2 minuti"},"schema":{"@context":"https:\/\/schema.org","@graph":[{"@type":"WebPage","@id":"https:\/\/127.0.0.1\/it\/cultura-dimpresa\/ambiente-dimpresa\/","url":"https:\/\/127.0.0.1\/it\/cultura-dimpresa\/ambiente-dimpresa\/","name":"Ambiente d\u2019impresa - Fondazione Pirelli","isPartOf":{"@id":"https:\/\/www.fondazionepirelli.org\/it\/#website"},"datePublished":"2017-08-29T00:00:00+00:00","dateModified":"2019-10-29T09:29:04+00:00","author":{"@id":"https:\/\/www.fondazionepirelli.org\/it\/#\/schema\/person\/f47d097000832c4a6e54538c791fdf25"},"breadcrumb":{"@id":"https:\/\/127.0.0.1\/it\/cultura-dimpresa\/ambiente-dimpresa\/#breadcrumb"},"inLanguage":"it-IT","potentialAction":[{"@type":"ReadAction","target":["https:\/\/127.0.0.1\/it\/cultura-dimpresa\/ambiente-dimpresa\/"]}]},{"@type":"BreadcrumbList","@id":"https:\/\/127.0.0.1\/it\/cultura-dimpresa\/ambiente-dimpresa\/#breadcrumb","itemListElement":[{"@type":"ListItem","position":1,"name":"Home","item":"https:\/\/www.fondazionepirelli.org\/it\/"},{"@type":"ListItem","position":2,"name":"Ambiente d\u2019impresa"}]},{"@type":"WebSite","@id":"https:\/\/www.fondazionepirelli.org\/it\/#website","url":"https:\/\/www.fondazionepirelli.org\/it\/","name":"Fondazione Pirelli","description":"","potentialAction":[{"@type":"SearchAction","target":{"@type":"EntryPoint","urlTemplate":"https:\/\/www.fondazionepirelli.org\/it\/?s={search_term_string}"},"query-input":{"@type":"PropertyValueSpecification","valueRequired":true,"valueName":"search_term_string"}}],"inLanguage":"it-IT"},{"@type":"Person","@id":"https:\/\/www.fondazionepirelli.org\/it\/#\/schema\/person\/f47d097000832c4a6e54538c791fdf25","name":"fondadmin","image":{"@type":"ImageObject","inLanguage":"it-IT","@id":"https:\/\/www.fondazionepirelli.org\/it\/#\/schema\/person\/image\/","url":"https:\/\/secure.gravatar.com\/avatar\/e69498a9175ca244966e51e53c88712c024fcebe41f9a05f75657f1bb25e489b?s=96&d=mm&r=g","contentUrl":"https:\/\/secure.gravatar.com\/avatar\/e69498a9175ca244966e51e53c88712c024fcebe41f9a05f75657f1bb25e489b?s=96&d=mm&r=g","caption":"fondadmin"},"url":"https:\/\/www.fondazionepirelli.org\/it\/author\/fondadmin\/"}]}},"_links":{"self":[{"href":"https:\/\/www.fondazionepirelli.org\/it\/wp-json\/wp\/v2\/posts\/51561\/"}],"collection":[{"href":"https:\/\/www.fondazionepirelli.org\/it\/wp-json\/wp\/v2\/posts\/"}],"about":[{"href":"https:\/\/www.fondazionepirelli.org\/it\/wp-json\/wp\/v2\/types\/post\/"}],"author":[{"embeddable":true,"href":"https:\/\/www.fondazionepirelli.org\/it\/wp-json\/wp\/v2\/users\/1\/"}],"replies":[{"embeddable":true,"href":"https:\/\/www.fondazionepirelli.org\/it\/wp-json\/wp\/v2\/comments\/?post=51561"}],"version-history":[{"count":3,"href":"https:\/\/www.fondazionepirelli.org\/it\/wp-json\/wp\/v2\/posts\/51561\/revisions\/"}],"predecessor-version":[{"id":70885,"href":"https:\/\/www.fondazionepirelli.org\/it\/wp-json\/wp\/v2\/posts\/51561\/revisions\/70885\/"}],"wp:attachment":[{"href":"https:\/\/www.fondazionepirelli.org\/it\/wp-json\/wp\/v2\/media\/?parent=51561"}],"wp:term":[{"taxonomy":"category","embeddable":true,"href":"https:\/\/www.fondazionepirelli.org\/it\/wp-json\/wp\/v2\/categories\/?post=51561"},{"taxonomy":"post_tag","embeddable":true,"href":"https:\/\/www.fondazionepirelli.org\/it\/wp-json\/wp\/v2\/tags\/?post=51561"}],"curies":[{"name":"wp","href":"https:\/\/api.w.org\/{rel}","templated":true}]}}