{"id":51572,"date":"2017-08-01T00:00:00","date_gmt":"2017-08-01T00:00:00","guid":{"rendered":"http:\/\/www.fondazionepirelli.org\/fondazione-pirelli\/sviluppo-vivere-allitaliana-significa-sostenere-lindustria-meccanica-e-manifatturiera-su-misura\/"},"modified":"2019-05-09T14:01:23","modified_gmt":"2019-05-09T14:01:23","slug":"sviluppo-vivere-allitaliana-significa-sostenere-lindustria-meccanica-e-manifatturiera-su-misura","status":"publish","type":"post","link":"https:\/\/www.fondazionepirelli.org\/it\/cultura-dimpresa\/sviluppo-vivere-allitaliana-significa-sostenere-lindustria-meccanica-e-manifatturiera-su-misura\/","title":{"rendered":"Sviluppo: \u201cvivere all\u2019italiana\u201d significa sostenere l\u2019industria meccanica e manifatturiera \u201csu misura\u201d"},"content":{"rendered":"<p>Straordinari sarti meccanici. Sono questo, le <strong>migliori imprese italiane<\/strong>. E meccatronici, chimici, farmaceutici, della gomma e della plastica, oltre che naturalmente dell\u2019agroalimentare, dell\u2019arredo, dell\u2019abbigliamento. Sarti, su misura. Bravi come nessun altro al mondo. A produrre una \u201cbrugola\u201d, una vite speciale per sofisticatissime applicazioni nell\u2019automotive o nell\u2019aeronautica. Un giunto meccanico in materiali innovativi. Un tornio hi tech. Un robot. Ma anche un farmaco d\u2019avanguardia. O un pneumatico hi tech. E un impianto di confezionamento che si evolve al passo con l\u2019evoluzione delle tecnologie \u201cdigital\u201d che connettono macchine produttive e \u201c<strong>big data<\/strong>\u201d. Sta qui, la forza competitiva internazionale della nostra industria. Ben oltre l\u2019ovvio e noto \u201cmade in Italy\u201d della bellezza, della moda, dei gioielli, del lusso.<\/p>\n<p>Ne hanno avuto un ritratto stimolante i diplomatici italiani nel mondo, riuniti a Milano in Assolombarda al mattino e al Pirelli HangarBicocca nel pomeriggio di gioved\u00ec 27 luglio per la conclusione della XII Conferenza degli ambasciatori: la diplomazia come cardine della politica economica, la relazione stretta tra Farnesina e imprese come leva per la migliore competitivit\u00e0 e lo sviluppo del Paese. <strong>#Vivereallitaliana<\/strong>, \u00e8 stato l\u2019hashtag di successo della conferenza. Documentato dall\u2019Ipsos di Nando Pagnoncelli con una ricerca su quanto sia apprezzato nel mondo \u201cthe italian life style\u201d.<\/p>\n<p>Nel pomeriggio di quel gioved\u00ec, in cui le agenzie di stampa battevano la notizia che il presidente francese Macron \u201cnazionalizzava\u201d i cantieri navali Stx per bloccarne l\u2019acquisizione da parte dell\u2019italiana Fincantieri (miope nazionalismo destinato a fare i conti con molte difficolt\u00e0), \u00e8 stata naturale una certa dose di patriottismo economico, tra politica e imprese, risuonata nel dibattito a Milano. A patto, per\u00f2, d\u2019andare oltre le emozioni e le polemiche e di avere sempre ben presenti tre cose.<\/p>\n<p>La prima \u00e8 che \u201cl\u2019italianit\u00e0\u201d delle imprese va al di l\u00e0 del semplice censimento della propriet\u00e0 dei titoli azionari di maggioranza. La seconda \u00e8 che le societ\u00e0 italiane devono essere pi\u00f9 lungimiranti nel fare acquisizioni internazionali (andando oltre il settore in cui siamo gi\u00e0 molto dinamici, come quello del cibo e delle bevande) anche scontrandosi con radicati nazionalismi (e qui il ruolo della Farnesina e pi\u00f9 in generale del governo \u00e8 fondamentale). E la terza, essenziale, \u00e8 che la sostanza migliore del \u201cvivere all\u2019italiana\u201d non sta nelle pur eccellenti lasagne, nel vino o negli abiti fantasiosi e splendenti degli stilisti pi\u00f9 creativi (benemeriti, comunque, Dolce &amp; Gabbana che ai primi di luglio hanno radunato a Palermo una piccola folla di vip internazionali, costruendo uno spettacolo fantastico di lusso e bellezza). Ma sta soprattutto nel cuore meccanico. In quella \u201cIndustria 4.0\u201d che i governi Renzi prima e Gentiloni adesso (con ruolo determinante del ministro dello Sviluppo Calenda) hanno deciso giustamente di stimolare, con leve di sostegno fiscale per chi investe e innova.<\/p>\n<p>Rieccoci al valore dei sarti meccanici, meccatronici, farmaceutici, chimici&#8230; di cui dicevamo e di cui proprio il premier Gentiloni ha avuto esperienza diretta passando mezza giornata in giro per le fabbriche della Brianza, il 24 luglio, tra imprenditori, ingegneri, operai specializzati e vedendo da vicino cosa vuol dire innovazione e \u201c<strong>digital manifacturing<\/strong>\u201d in imprese della meccanica e dell\u2019arredamento.<\/p>\n<p>\u201cIl tocco artigianale dell\u2019Italia hi tech\u201d, scrive Stefano Micelli (\u201cIlSole24Ore\u201d,27 luglio), notando come \u201cil modello di manifattura su misura sia la cifra distintiva di quelle medie imprese che rappresentano, anche secondo i recenti dati dell\u2019Ice, la componente pi\u00f9 dinamica del nostro export\u201d. Micelli cita le considerazioni in merito fatte durante il seminario estivo di Symbola da Alessandro Profumo, presidente di Leonardo Finmeccanica (una delle pi\u00f9 grandi imprese italiane) sulla capacit\u00e0 di \u201cpersonalizzare\u201d l\u2019offerta di aerei ed elicotteri dopo aver attentamente ascoltato le esigenze dei committenti (un\u2019attitudine che n\u00e9 americani n\u00e9 tedeschi n\u00e9 francesi sanno esprimere). Analoghe le considerazioni di Sonia Bonfiglioli, capo d\u2019una delle medie imprese metalmeccaniche pi\u00f9 dinamiche, radici in Emilia e attivit\u00e0 in tutto il mondo: anche lei parla di \u201cmanifattura su misura\u201d e risposta ai clienti internazionali con \u201csoluzioni tecnologiche all\u2019avanguardia\u201d.<\/p>\n<p>Di certo, le migliori imprese italiane investono. E trainano la ripresa. Lo documenta in modo sempre originale Marco Fortis (\u201cIl Foglio\u201d, 26 e 29 luglio), scrivendo \u201ccontro la vulgata dell\u2019Italia che investe poco o nulla\u201d e notando che \u201cnel triennio 2014-2016 le imprese italiane hanno aumentato i loro investimenti in macchinari, mezzi di trasporto e brevetti del 10,8%. Per un confronto, la Germania ha fatto invece pi\u00f9 9,7%. L\u2019accelerazione dell\u2019Italia \u00e8 stata sensibile soprattutto nell\u2019ultimo biennio: pi\u00f9 8,3% contro pi\u00f9 4,6% della Germania\u201d.<\/p>\n<p>La ripresa economica che s\u2019intravvede netta (pi\u00f9 1,3% del Pil nel 2017, secondo governo, Fmi e Confindustria) \u00e8 fortemente determinata dell\u2019industria innovativa: macchine e apparecchi meccanici, metallurgia, chimica e farmaceutica. Insiste Fortis: \u201cNei tre mesi da marzo a maggio 2017 il fatturao dell\u2019industria manifatturiera italiana \u00e8 aumentato tendenzialmente del 6,4% rispetto allo scorso anno. La Germania, che sta vivendo anch\u2019essa una fase di notevole espansione, segna un 5%\u201d. Industria, appunto. Meglio, \u201cIndustra 4.0\u201d, all\u2019italiana. Innovativa, \u201cdigital\u201d. Su misura. La forza delle medie imprese, delle \u201cmultinazionali tascabili\u201d. \u201cVivere all\u2019italiana\u201d, come ama dire la Farnesina, \u00e8 proprio questa dimensione. Da valorizzare, far capire, raccontare bene, sostenere all\u2019estero.<\/p>","protected":false},"excerpt":{"rendered":"<p>Straordinari sarti meccanici. Sono questo, le migliori imprese italiane. E meccatronici, chimici, farmaceutici, della gomma e della plastica, oltre che naturalmente dell\u2019agroalimentare, dell\u2019arredo, dell\u2019abbigliamento. Sarti, su misura. Bravi come nessun altro al mondo. A produrre una \u201cbrugola\u201d, una vite speciale per sofisticatissime applicazioni nell\u2019automotive o nell\u2019aeronautica. Un giunto meccanico in materiali innovativi. Un tornio hi [&hellip;]<\/p>\n","protected":false},"author":1,"featured_media":51573,"comment_status":"open","ping_status":"open","sticky":false,"template":"","format":"standard","meta":{"footnotes":""},"categories":[53,52],"tags":[],"class_list":["post-51572","post","type-post","status-publish","format-standard","has-post-thumbnail","hentry","category-blog","category-cultura-dimpresa"],"acf":[],"yoast_head":"<!-- This site is optimized with the Yoast SEO plugin v25.0 - https:\/\/yoast.com\/wordpress\/plugins\/seo\/ -->\n<title>Sviluppo: \u201cvivere all\u2019italiana\u201d significa sostenere l\u2019industria meccanica e manifatturiera \u201csu misura\u201d - Fondazione Pirelli<\/title>\n<meta name=\"robots\" content=\"index, follow, max-snippet:-1, max-image-preview:large, max-video-preview:-1\" \/>\n<link rel=\"canonical\" href=\"https:\/\/www.fondazionepirelli.org\/it\/cultura-dimpresa\/sviluppo-vivere-allitaliana-significa-sostenere-lindustria-meccanica-e-manifatturiera-su-misura\/\" \/>\n<meta property=\"og:locale\" content=\"it_IT\" \/>\n<meta property=\"og:type\" content=\"article\" \/>\n<meta property=\"og:title\" content=\"Sviluppo: \u201cvivere all\u2019italiana\u201d significa sostenere l\u2019industria meccanica e manifatturiera \u201csu misura\u201d - Fondazione Pirelli\" \/>\n<meta property=\"og:description\" content=\"Straordinari sarti meccanici. Sono questo, le migliori imprese italiane. E meccatronici, chimici, farmaceutici, della gomma e della plastica, oltre che naturalmente dell\u2019agroalimentare, dell\u2019arredo, dell\u2019abbigliamento. Sarti, su misura. Bravi come nessun altro al mondo. A produrre una \u201cbrugola\u201d, una vite speciale per sofisticatissime applicazioni nell\u2019automotive o nell\u2019aeronautica. Un giunto meccanico in materiali innovativi. Un tornio hi [&hellip;]\" \/>\n<meta property=\"og:url\" content=\"https:\/\/127.0.0.1\/it\/cultura-dimpresa\/sviluppo-vivere-allitaliana-significa-sostenere-lindustria-meccanica-e-manifatturiera-su-misura\/\" \/>\n<meta property=\"og:site_name\" content=\"Fondazione Pirelli\" \/>\n<meta property=\"article:published_time\" content=\"2017-08-01T00:00:00+00:00\" \/>\n<meta property=\"article:modified_time\" content=\"2019-05-09T14:01:23+00:00\" \/>\n<meta property=\"og:image\" content=\"https:\/\/wpsite-assets.fondazionepirelli.org\/wp-content\/uploads\/2019\/05\/20101404\/corona-corsa-ad-ostacoli-1923.jpg\" \/>\n\t<meta property=\"og:image:width\" content=\"620\" \/>\n\t<meta property=\"og:image:height\" content=\"421\" \/>\n\t<meta property=\"og:image:type\" content=\"image\/jpeg\" \/>\n<meta name=\"author\" content=\"fondadmin\" \/>\n<meta name=\"twitter:card\" content=\"summary_large_image\" \/>\n<meta name=\"twitter:label1\" content=\"Scritto da\" \/>\n\t<meta name=\"twitter:data1\" content=\"fondadmin\" \/>\n\t<meta name=\"twitter:label2\" content=\"Tempo di lettura stimato\" \/>\n\t<meta name=\"twitter:data2\" content=\"4 minuti\" \/>\n<script type=\"application\/ld+json\" class=\"yoast-schema-graph\">{\"@context\":\"https:\/\/schema.org\",\"@graph\":[{\"@type\":\"WebPage\",\"@id\":\"https:\/\/127.0.0.1\/it\/cultura-dimpresa\/sviluppo-vivere-allitaliana-significa-sostenere-lindustria-meccanica-e-manifatturiera-su-misura\/\",\"url\":\"https:\/\/127.0.0.1\/it\/cultura-dimpresa\/sviluppo-vivere-allitaliana-significa-sostenere-lindustria-meccanica-e-manifatturiera-su-misura\/\",\"name\":\"Sviluppo: \u201cvivere all\u2019italiana\u201d significa sostenere l\u2019industria meccanica e manifatturiera \u201csu misura\u201d - Fondazione Pirelli\",\"isPartOf\":{\"@id\":\"https:\/\/www.fondazionepirelli.org\/it\/#website\"},\"primaryImageOfPage\":{\"@id\":\"https:\/\/127.0.0.1\/it\/cultura-dimpresa\/sviluppo-vivere-allitaliana-significa-sostenere-lindustria-meccanica-e-manifatturiera-su-misura\/#primaryimage\"},\"image\":{\"@id\":\"https:\/\/127.0.0.1\/it\/cultura-dimpresa\/sviluppo-vivere-allitaliana-significa-sostenere-lindustria-meccanica-e-manifatturiera-su-misura\/#primaryimage\"},\"thumbnailUrl\":\"https:\/\/wpsite-assets.fondazionepirelli.org\/wp-content\/uploads\/2019\/05\/20101404\/corona-corsa-ad-ostacoli-1923.jpg\",\"datePublished\":\"2017-08-01T00:00:00+00:00\",\"dateModified\":\"2019-05-09T14:01:23+00:00\",\"author\":{\"@id\":\"https:\/\/www.fondazionepirelli.org\/it\/#\/schema\/person\/f47d097000832c4a6e54538c791fdf25\"},\"breadcrumb\":{\"@id\":\"https:\/\/127.0.0.1\/it\/cultura-dimpresa\/sviluppo-vivere-allitaliana-significa-sostenere-lindustria-meccanica-e-manifatturiera-su-misura\/#breadcrumb\"},\"inLanguage\":\"it-IT\",\"potentialAction\":[{\"@type\":\"ReadAction\",\"target\":[\"https:\/\/127.0.0.1\/it\/cultura-dimpresa\/sviluppo-vivere-allitaliana-significa-sostenere-lindustria-meccanica-e-manifatturiera-su-misura\/\"]}]},{\"@type\":\"ImageObject\",\"inLanguage\":\"it-IT\",\"@id\":\"https:\/\/127.0.0.1\/it\/cultura-dimpresa\/sviluppo-vivere-allitaliana-significa-sostenere-lindustria-meccanica-e-manifatturiera-su-misura\/#primaryimage\",\"url\":\"https:\/\/wpsite-assets.fondazionepirelli.org\/wp-content\/uploads\/2019\/05\/20101404\/corona-corsa-ad-ostacoli-1923.jpg\",\"contentUrl\":\"https:\/\/wpsite-assets.fondazionepirelli.org\/wp-content\/uploads\/2019\/05\/20101404\/corona-corsa-ad-ostacoli-1923.jpg\",\"width\":620,\"height\":421},{\"@type\":\"BreadcrumbList\",\"@id\":\"https:\/\/127.0.0.1\/it\/cultura-dimpresa\/sviluppo-vivere-allitaliana-significa-sostenere-lindustria-meccanica-e-manifatturiera-su-misura\/#breadcrumb\",\"itemListElement\":[{\"@type\":\"ListItem\",\"position\":1,\"name\":\"Home\",\"item\":\"https:\/\/www.fondazionepirelli.org\/it\/\"},{\"@type\":\"ListItem\",\"position\":2,\"name\":\"Sviluppo: \u201cvivere all\u2019italiana\u201d significa sostenere l\u2019industria meccanica e manifatturiera \u201csu misura\u201d\"}]},{\"@type\":\"WebSite\",\"@id\":\"https:\/\/www.fondazionepirelli.org\/it\/#website\",\"url\":\"https:\/\/www.fondazionepirelli.org\/it\/\",\"name\":\"Fondazione Pirelli\",\"description\":\"\",\"potentialAction\":[{\"@type\":\"SearchAction\",\"target\":{\"@type\":\"EntryPoint\",\"urlTemplate\":\"https:\/\/www.fondazionepirelli.org\/it\/?s={search_term_string}\"},\"query-input\":{\"@type\":\"PropertyValueSpecification\",\"valueRequired\":true,\"valueName\":\"search_term_string\"}}],\"inLanguage\":\"it-IT\"},{\"@type\":\"Person\",\"@id\":\"https:\/\/www.fondazionepirelli.org\/it\/#\/schema\/person\/f47d097000832c4a6e54538c791fdf25\",\"name\":\"fondadmin\",\"image\":{\"@type\":\"ImageObject\",\"inLanguage\":\"it-IT\",\"@id\":\"https:\/\/www.fondazionepirelli.org\/it\/#\/schema\/person\/image\/\",\"url\":\"https:\/\/secure.gravatar.com\/avatar\/e69498a9175ca244966e51e53c88712c024fcebe41f9a05f75657f1bb25e489b?s=96&d=mm&r=g\",\"contentUrl\":\"https:\/\/secure.gravatar.com\/avatar\/e69498a9175ca244966e51e53c88712c024fcebe41f9a05f75657f1bb25e489b?s=96&d=mm&r=g\",\"caption\":\"fondadmin\"},\"url\":\"https:\/\/www.fondazionepirelli.org\/it\/author\/fondadmin\/\"}]}<\/script>\n<!-- \/ Yoast SEO plugin. -->","yoast_head_json":{"title":"Sviluppo: \u201cvivere all\u2019italiana\u201d significa sostenere l\u2019industria meccanica e manifatturiera \u201csu misura\u201d - Fondazione Pirelli","robots":{"index":"index","follow":"follow","max-snippet":"max-snippet:-1","max-image-preview":"max-image-preview:large","max-video-preview":"max-video-preview:-1"},"canonical":"https:\/\/www.fondazionepirelli.org\/it\/cultura-dimpresa\/sviluppo-vivere-allitaliana-significa-sostenere-lindustria-meccanica-e-manifatturiera-su-misura\/","og_locale":"it_IT","og_type":"article","og_title":"Sviluppo: \u201cvivere all\u2019italiana\u201d significa sostenere l\u2019industria meccanica e manifatturiera \u201csu misura\u201d - Fondazione Pirelli","og_description":"Straordinari sarti meccanici. Sono questo, le migliori imprese italiane. E meccatronici, chimici, farmaceutici, della gomma e della plastica, oltre che naturalmente dell\u2019agroalimentare, dell\u2019arredo, dell\u2019abbigliamento. Sarti, su misura. Bravi come nessun altro al mondo. A produrre una \u201cbrugola\u201d, una vite speciale per sofisticatissime applicazioni nell\u2019automotive o nell\u2019aeronautica. Un giunto meccanico in materiali innovativi. Un tornio hi [&hellip;]","og_url":"https:\/\/127.0.0.1\/it\/cultura-dimpresa\/sviluppo-vivere-allitaliana-significa-sostenere-lindustria-meccanica-e-manifatturiera-su-misura\/","og_site_name":"Fondazione Pirelli","article_published_time":"2017-08-01T00:00:00+00:00","article_modified_time":"2019-05-09T14:01:23+00:00","og_image":[{"width":620,"height":421,"url":"https:\/\/wpsite-assets.fondazionepirelli.org\/wp-content\/uploads\/2019\/05\/20101404\/corona-corsa-ad-ostacoli-1923.jpg","type":"image\/jpeg"}],"author":"fondadmin","twitter_card":"summary_large_image","twitter_misc":{"Scritto da":"fondadmin","Tempo di lettura stimato":"4 minuti"},"schema":{"@context":"https:\/\/schema.org","@graph":[{"@type":"WebPage","@id":"https:\/\/127.0.0.1\/it\/cultura-dimpresa\/sviluppo-vivere-allitaliana-significa-sostenere-lindustria-meccanica-e-manifatturiera-su-misura\/","url":"https:\/\/127.0.0.1\/it\/cultura-dimpresa\/sviluppo-vivere-allitaliana-significa-sostenere-lindustria-meccanica-e-manifatturiera-su-misura\/","name":"Sviluppo: \u201cvivere all\u2019italiana\u201d significa sostenere l\u2019industria meccanica e manifatturiera \u201csu misura\u201d - Fondazione Pirelli","isPartOf":{"@id":"https:\/\/www.fondazionepirelli.org\/it\/#website"},"primaryImageOfPage":{"@id":"https:\/\/127.0.0.1\/it\/cultura-dimpresa\/sviluppo-vivere-allitaliana-significa-sostenere-lindustria-meccanica-e-manifatturiera-su-misura\/#primaryimage"},"image":{"@id":"https:\/\/127.0.0.1\/it\/cultura-dimpresa\/sviluppo-vivere-allitaliana-significa-sostenere-lindustria-meccanica-e-manifatturiera-su-misura\/#primaryimage"},"thumbnailUrl":"https:\/\/wpsite-assets.fondazionepirelli.org\/wp-content\/uploads\/2019\/05\/20101404\/corona-corsa-ad-ostacoli-1923.jpg","datePublished":"2017-08-01T00:00:00+00:00","dateModified":"2019-05-09T14:01:23+00:00","author":{"@id":"https:\/\/www.fondazionepirelli.org\/it\/#\/schema\/person\/f47d097000832c4a6e54538c791fdf25"},"breadcrumb":{"@id":"https:\/\/127.0.0.1\/it\/cultura-dimpresa\/sviluppo-vivere-allitaliana-significa-sostenere-lindustria-meccanica-e-manifatturiera-su-misura\/#breadcrumb"},"inLanguage":"it-IT","potentialAction":[{"@type":"ReadAction","target":["https:\/\/127.0.0.1\/it\/cultura-dimpresa\/sviluppo-vivere-allitaliana-significa-sostenere-lindustria-meccanica-e-manifatturiera-su-misura\/"]}]},{"@type":"ImageObject","inLanguage":"it-IT","@id":"https:\/\/127.0.0.1\/it\/cultura-dimpresa\/sviluppo-vivere-allitaliana-significa-sostenere-lindustria-meccanica-e-manifatturiera-su-misura\/#primaryimage","url":"https:\/\/wpsite-assets.fondazionepirelli.org\/wp-content\/uploads\/2019\/05\/20101404\/corona-corsa-ad-ostacoli-1923.jpg","contentUrl":"https:\/\/wpsite-assets.fondazionepirelli.org\/wp-content\/uploads\/2019\/05\/20101404\/corona-corsa-ad-ostacoli-1923.jpg","width":620,"height":421},{"@type":"BreadcrumbList","@id":"https:\/\/127.0.0.1\/it\/cultura-dimpresa\/sviluppo-vivere-allitaliana-significa-sostenere-lindustria-meccanica-e-manifatturiera-su-misura\/#breadcrumb","itemListElement":[{"@type":"ListItem","position":1,"name":"Home","item":"https:\/\/www.fondazionepirelli.org\/it\/"},{"@type":"ListItem","position":2,"name":"Sviluppo: \u201cvivere all\u2019italiana\u201d significa sostenere l\u2019industria meccanica e manifatturiera \u201csu misura\u201d"}]},{"@type":"WebSite","@id":"https:\/\/www.fondazionepirelli.org\/it\/#website","url":"https:\/\/www.fondazionepirelli.org\/it\/","name":"Fondazione Pirelli","description":"","potentialAction":[{"@type":"SearchAction","target":{"@type":"EntryPoint","urlTemplate":"https:\/\/www.fondazionepirelli.org\/it\/?s={search_term_string}"},"query-input":{"@type":"PropertyValueSpecification","valueRequired":true,"valueName":"search_term_string"}}],"inLanguage":"it-IT"},{"@type":"Person","@id":"https:\/\/www.fondazionepirelli.org\/it\/#\/schema\/person\/f47d097000832c4a6e54538c791fdf25","name":"fondadmin","image":{"@type":"ImageObject","inLanguage":"it-IT","@id":"https:\/\/www.fondazionepirelli.org\/it\/#\/schema\/person\/image\/","url":"https:\/\/secure.gravatar.com\/avatar\/e69498a9175ca244966e51e53c88712c024fcebe41f9a05f75657f1bb25e489b?s=96&d=mm&r=g","contentUrl":"https:\/\/secure.gravatar.com\/avatar\/e69498a9175ca244966e51e53c88712c024fcebe41f9a05f75657f1bb25e489b?s=96&d=mm&r=g","caption":"fondadmin"},"url":"https:\/\/www.fondazionepirelli.org\/it\/author\/fondadmin\/"}]}},"_links":{"self":[{"href":"https:\/\/www.fondazionepirelli.org\/it\/wp-json\/wp\/v2\/posts\/51572\/"}],"collection":[{"href":"https:\/\/www.fondazionepirelli.org\/it\/wp-json\/wp\/v2\/posts\/"}],"about":[{"href":"https:\/\/www.fondazionepirelli.org\/it\/wp-json\/wp\/v2\/types\/post\/"}],"author":[{"embeddable":true,"href":"https:\/\/www.fondazionepirelli.org\/it\/wp-json\/wp\/v2\/users\/1\/"}],"replies":[{"embeddable":true,"href":"https:\/\/www.fondazionepirelli.org\/it\/wp-json\/wp\/v2\/comments\/?post=51572"}],"version-history":[{"count":1,"href":"https:\/\/www.fondazionepirelli.org\/it\/wp-json\/wp\/v2\/posts\/51572\/revisions\/"}],"predecessor-version":[{"id":53520,"href":"https:\/\/www.fondazionepirelli.org\/it\/wp-json\/wp\/v2\/posts\/51572\/revisions\/53520\/"}],"wp:featuredmedia":[{"embeddable":true,"href":"https:\/\/www.fondazionepirelli.org\/it\/wp-json\/wp\/v2\/media\/51573\/"}],"wp:attachment":[{"href":"https:\/\/www.fondazionepirelli.org\/it\/wp-json\/wp\/v2\/media\/?parent=51572"}],"wp:term":[{"taxonomy":"category","embeddable":true,"href":"https:\/\/www.fondazionepirelli.org\/it\/wp-json\/wp\/v2\/categories\/?post=51572"},{"taxonomy":"post_tag","embeddable":true,"href":"https:\/\/www.fondazionepirelli.org\/it\/wp-json\/wp\/v2\/tags\/?post=51572"}],"curies":[{"name":"wp","href":"https:\/\/api.w.org\/{rel}","templated":true}]}}