{"id":51585,"date":"2017-07-25T00:00:00","date_gmt":"2017-07-25T00:00:00","guid":{"rendered":"http:\/\/www.fondazionepirelli.org\/fondazione-pirelli\/cultura-dimpresa-in-viaggio\/"},"modified":"2019-05-09T13:52:27","modified_gmt":"2019-05-09T13:52:27","slug":"cultura-dimpresa-in-viaggio","status":"publish","type":"post","link":"https:\/\/www.fondazionepirelli.org\/it\/cultura-dimpresa\/cultura-dimpresa-in-viaggio\/","title":{"rendered":"Cultura d\u2019impresa in viaggio"},"content":{"rendered":"<p><em>Un libro racconta la storia di un\u2019icona del Bel Paese e del dopoguerra \u2013 gli autogrill \u2013 facendone un esempio di bella idea imprenditoriale realizzata<\/em><\/p><p>L\u2019idea alla base di tutto. E poi il coraggio e la capacit\u00e0 di renderla impresa. A ben vedere \u00e8 questo il succo vero dell\u2019essere imprenditore ma anche <em>manager <\/em>a tutto tondo. Ed \u00e8 questo il contenuto di molte storie d\u2019impresa. Come quella dell\u2019area di ristoro Numero 1, a Novara sull\u2019autostrada Torino-Milano, che Mario Pavesi costru\u00ec pochi anni dopo la fine della Seconda Guerra Mondiale e che divenne un\u2019icona della ripresa economica oltre che di un nuovo modo di pensare il viaggio, l\u2019approccio al cliente, la modalit\u00e0 stessa di vendita di una serie corposa di prodotti. Tutto, adesso, \u00e8 stato raccontato in \u201cNovara: la prima area di ristoro autostradale\u201d, scritto da Giuseppe Romano (giornalista e attento osservatore dei nuovi strumenti di comunicazione) e appena pubblicato.<\/p>\n<p>Alla base di questa storia d\u2019impresa c\u2019\u00e8 naturalmente un\u2019idea semplice: in autostrada era importante rendere un servizio non soltanto all\u2019automobile, ma anzitutto all\u2019automobilista. E\u2019 da qui che, appunto, nel \u201947 Mario Pavesi (il padre dei \u201cPavesini\u201d), progetta di costruire un luogo di ristoro sul bordo dell&#8217;autostrada Torino-Milano. Primo esempio di ci\u00f2 che oltreoceano era gi\u00e0 cosa diffusa. Quei punti di ristoro sarebbero diventati in breve tempo una parte importante non soltanto del panorama, ma soprattutto della cultura nazionale: insieme alla televisione e ai supermercati, i viaggi e le soste hanno contribuito in maniera consistente a educare il gusto e le abitudini degli italiani.<br \/>\nIl libro racconta il percorso d\u2019impresa effettuato per arrivare\u00a0 dal \u201947 ad oggi. Soprattutto per\u00f2, racconta la qualit\u00e0 e la profonda cultura produttiva che hanno caratterizzato questo cammino. Di mezzo, infatti, anche grandi nomi dell\u2019architettura del dopoguerra oltre alla cura del dettaglio, dell\u2019immagine, della presentazione di un prodotto. Come l&#8217;architetto Angelo Bianchetti, che progett\u00f2 e successivamente ampli\u00f2 la struttura di Novara. Che oggi \u00e8 passata di mano finendo al Gruppo Cremonini ma che soprattutto ha accompagnato la crescita italiana cambiando man mano che cambiavano i \u00a0frequentatori.<\/p>\n<p>Attenzione al prodotto dunque, ma anche al mercato e a chi lo popola, accortezza del dettaglio, finezza dell\u2019immagine. Tutto \u00e8 raccontato nel libro di Romano che ad un certo punto descrive l\u2019imprenditore (Pavesi in questo caso) come uno \u201cche legge oggi il giornale di domani\u201d.\u00a0 Immagine che vale per molti altri che hanno fatto ricca la storia industriale nazionale.<\/p><p><strong>Novara: la prima area di ristoro autostradale<\/strong><\/p>\n<p>Giuseppe Romano<\/p>\n<p>Franco Angeli, 2017<\/p>\n","protected":false},"excerpt":{"rendered":"<p>Un libro racconta la storia di un\u2019icona del Bel Paese e del dopoguerra \u2013 gli autogrill \u2013 facendone un esempio di bella idea imprenditoriale realizzataL\u2019idea alla base di tutto. E poi il coraggio e la capacit\u00e0 di renderla impresa. A ben vedere \u00e8 questo il succo vero dell\u2019essere imprenditore ma anche manager a tutto tondo. [&hellip;]<\/p>\n","protected":false},"author":1,"featured_media":51586,"comment_status":"open","ping_status":"open","sticky":false,"template":"","format":"standard","meta":{"footnotes":""},"categories":[52,58],"tags":[],"class_list":["post-51585","post","type-post","status-publish","format-standard","has-post-thumbnail","hentry","category-cultura-dimpresa","category-recensioni-libri"],"acf":[],"yoast_head":"<!-- This site is optimized with the Yoast SEO plugin v25.0 - https:\/\/yoast.com\/wordpress\/plugins\/seo\/ -->\n<title>Cultura d\u2019impresa in viaggio - Fondazione Pirelli<\/title>\n<meta name=\"robots\" content=\"index, follow, max-snippet:-1, max-image-preview:large, max-video-preview:-1\" \/>\n<link rel=\"canonical\" href=\"https:\/\/www.fondazionepirelli.org\/it\/cultura-dimpresa\/cultura-dimpresa-in-viaggio\/\" \/>\n<meta property=\"og:locale\" content=\"it_IT\" \/>\n<meta property=\"og:type\" content=\"article\" \/>\n<meta property=\"og:title\" content=\"Cultura d\u2019impresa in viaggio - Fondazione Pirelli\" \/>\n<meta property=\"og:description\" content=\"Un libro racconta la storia di un\u2019icona del Bel Paese e del dopoguerra \u2013 gli autogrill \u2013 facendone un esempio di bella idea imprenditoriale realizzataL\u2019idea alla base di tutto. E poi il coraggio e la capacit\u00e0 di renderla impresa. A ben vedere \u00e8 questo il succo vero dell\u2019essere imprenditore ma anche manager a tutto tondo. [&hellip;]\" \/>\n<meta property=\"og:url\" content=\"https:\/\/127.0.0.1\/it\/cultura-dimpresa\/cultura-dimpresa-in-viaggio\/\" \/>\n<meta property=\"og:site_name\" content=\"Fondazione Pirelli\" \/>\n<meta property=\"article:published_time\" content=\"2017-07-25T00:00:00+00:00\" \/>\n<meta property=\"article:modified_time\" content=\"2019-05-09T13:52:27+00:00\" \/>\n<meta property=\"og:image\" content=\"https:\/\/wpsite-assets.fondazionepirelli.org\/wp-content\/uploads\/2019\/05\/20101400\/area-ristoro.jpg\" \/>\n\t<meta property=\"og:image:width\" content=\"1000\" \/>\n\t<meta property=\"og:image:height\" content=\"1000\" \/>\n\t<meta property=\"og:image:type\" content=\"image\/jpeg\" \/>\n<meta name=\"author\" content=\"fondadmin\" \/>\n<meta name=\"twitter:card\" content=\"summary_large_image\" \/>\n<meta name=\"twitter:label1\" content=\"Scritto da\" \/>\n\t<meta name=\"twitter:data1\" content=\"fondadmin\" \/>\n\t<meta name=\"twitter:label2\" content=\"Tempo di lettura stimato\" \/>\n\t<meta name=\"twitter:data2\" content=\"2 minuti\" \/>\n<script type=\"application\/ld+json\" class=\"yoast-schema-graph\">{\"@context\":\"https:\/\/schema.org\",\"@graph\":[{\"@type\":\"WebPage\",\"@id\":\"https:\/\/127.0.0.1\/it\/cultura-dimpresa\/cultura-dimpresa-in-viaggio\/\",\"url\":\"https:\/\/127.0.0.1\/it\/cultura-dimpresa\/cultura-dimpresa-in-viaggio\/\",\"name\":\"Cultura d\u2019impresa in viaggio - Fondazione Pirelli\",\"isPartOf\":{\"@id\":\"https:\/\/www.fondazionepirelli.org\/it\/#website\"},\"primaryImageOfPage\":{\"@id\":\"https:\/\/127.0.0.1\/it\/cultura-dimpresa\/cultura-dimpresa-in-viaggio\/#primaryimage\"},\"image\":{\"@id\":\"https:\/\/127.0.0.1\/it\/cultura-dimpresa\/cultura-dimpresa-in-viaggio\/#primaryimage\"},\"thumbnailUrl\":\"https:\/\/wpsite-assets.fondazionepirelli.org\/wp-content\/uploads\/2019\/05\/20101400\/area-ristoro.jpg\",\"datePublished\":\"2017-07-25T00:00:00+00:00\",\"dateModified\":\"2019-05-09T13:52:27+00:00\",\"author\":{\"@id\":\"https:\/\/www.fondazionepirelli.org\/it\/#\/schema\/person\/f47d097000832c4a6e54538c791fdf25\"},\"breadcrumb\":{\"@id\":\"https:\/\/127.0.0.1\/it\/cultura-dimpresa\/cultura-dimpresa-in-viaggio\/#breadcrumb\"},\"inLanguage\":\"it-IT\",\"potentialAction\":[{\"@type\":\"ReadAction\",\"target\":[\"https:\/\/127.0.0.1\/it\/cultura-dimpresa\/cultura-dimpresa-in-viaggio\/\"]}]},{\"@type\":\"ImageObject\",\"inLanguage\":\"it-IT\",\"@id\":\"https:\/\/127.0.0.1\/it\/cultura-dimpresa\/cultura-dimpresa-in-viaggio\/#primaryimage\",\"url\":\"https:\/\/wpsite-assets.fondazionepirelli.org\/wp-content\/uploads\/2019\/05\/20101400\/area-ristoro.jpg\",\"contentUrl\":\"https:\/\/wpsite-assets.fondazionepirelli.org\/wp-content\/uploads\/2019\/05\/20101400\/area-ristoro.jpg\",\"width\":1000,\"height\":1000},{\"@type\":\"BreadcrumbList\",\"@id\":\"https:\/\/127.0.0.1\/it\/cultura-dimpresa\/cultura-dimpresa-in-viaggio\/#breadcrumb\",\"itemListElement\":[{\"@type\":\"ListItem\",\"position\":1,\"name\":\"Home\",\"item\":\"https:\/\/www.fondazionepirelli.org\/it\/\"},{\"@type\":\"ListItem\",\"position\":2,\"name\":\"Cultura d\u2019impresa in viaggio\"}]},{\"@type\":\"WebSite\",\"@id\":\"https:\/\/www.fondazionepirelli.org\/it\/#website\",\"url\":\"https:\/\/www.fondazionepirelli.org\/it\/\",\"name\":\"Fondazione Pirelli\",\"description\":\"\",\"potentialAction\":[{\"@type\":\"SearchAction\",\"target\":{\"@type\":\"EntryPoint\",\"urlTemplate\":\"https:\/\/www.fondazionepirelli.org\/it\/?s={search_term_string}\"},\"query-input\":{\"@type\":\"PropertyValueSpecification\",\"valueRequired\":true,\"valueName\":\"search_term_string\"}}],\"inLanguage\":\"it-IT\"},{\"@type\":\"Person\",\"@id\":\"https:\/\/www.fondazionepirelli.org\/it\/#\/schema\/person\/f47d097000832c4a6e54538c791fdf25\",\"name\":\"fondadmin\",\"image\":{\"@type\":\"ImageObject\",\"inLanguage\":\"it-IT\",\"@id\":\"https:\/\/www.fondazionepirelli.org\/it\/#\/schema\/person\/image\/\",\"url\":\"https:\/\/secure.gravatar.com\/avatar\/e69498a9175ca244966e51e53c88712c024fcebe41f9a05f75657f1bb25e489b?s=96&d=mm&r=g\",\"contentUrl\":\"https:\/\/secure.gravatar.com\/avatar\/e69498a9175ca244966e51e53c88712c024fcebe41f9a05f75657f1bb25e489b?s=96&d=mm&r=g\",\"caption\":\"fondadmin\"},\"url\":\"https:\/\/www.fondazionepirelli.org\/it\/author\/fondadmin\/\"}]}<\/script>\n<!-- \/ Yoast SEO plugin. -->","yoast_head_json":{"title":"Cultura d\u2019impresa in viaggio - Fondazione Pirelli","robots":{"index":"index","follow":"follow","max-snippet":"max-snippet:-1","max-image-preview":"max-image-preview:large","max-video-preview":"max-video-preview:-1"},"canonical":"https:\/\/www.fondazionepirelli.org\/it\/cultura-dimpresa\/cultura-dimpresa-in-viaggio\/","og_locale":"it_IT","og_type":"article","og_title":"Cultura d\u2019impresa in viaggio - Fondazione Pirelli","og_description":"Un libro racconta la storia di un\u2019icona del Bel Paese e del dopoguerra \u2013 gli autogrill \u2013 facendone un esempio di bella idea imprenditoriale realizzataL\u2019idea alla base di tutto. E poi il coraggio e la capacit\u00e0 di renderla impresa. A ben vedere \u00e8 questo il succo vero dell\u2019essere imprenditore ma anche manager a tutto tondo. [&hellip;]","og_url":"https:\/\/127.0.0.1\/it\/cultura-dimpresa\/cultura-dimpresa-in-viaggio\/","og_site_name":"Fondazione Pirelli","article_published_time":"2017-07-25T00:00:00+00:00","article_modified_time":"2019-05-09T13:52:27+00:00","og_image":[{"width":1000,"height":1000,"url":"https:\/\/wpsite-assets.fondazionepirelli.org\/wp-content\/uploads\/2019\/05\/20101400\/area-ristoro.jpg","type":"image\/jpeg"}],"author":"fondadmin","twitter_card":"summary_large_image","twitter_misc":{"Scritto da":"fondadmin","Tempo di lettura stimato":"2 minuti"},"schema":{"@context":"https:\/\/schema.org","@graph":[{"@type":"WebPage","@id":"https:\/\/127.0.0.1\/it\/cultura-dimpresa\/cultura-dimpresa-in-viaggio\/","url":"https:\/\/127.0.0.1\/it\/cultura-dimpresa\/cultura-dimpresa-in-viaggio\/","name":"Cultura d\u2019impresa in viaggio - Fondazione Pirelli","isPartOf":{"@id":"https:\/\/www.fondazionepirelli.org\/it\/#website"},"primaryImageOfPage":{"@id":"https:\/\/127.0.0.1\/it\/cultura-dimpresa\/cultura-dimpresa-in-viaggio\/#primaryimage"},"image":{"@id":"https:\/\/127.0.0.1\/it\/cultura-dimpresa\/cultura-dimpresa-in-viaggio\/#primaryimage"},"thumbnailUrl":"https:\/\/wpsite-assets.fondazionepirelli.org\/wp-content\/uploads\/2019\/05\/20101400\/area-ristoro.jpg","datePublished":"2017-07-25T00:00:00+00:00","dateModified":"2019-05-09T13:52:27+00:00","author":{"@id":"https:\/\/www.fondazionepirelli.org\/it\/#\/schema\/person\/f47d097000832c4a6e54538c791fdf25"},"breadcrumb":{"@id":"https:\/\/127.0.0.1\/it\/cultura-dimpresa\/cultura-dimpresa-in-viaggio\/#breadcrumb"},"inLanguage":"it-IT","potentialAction":[{"@type":"ReadAction","target":["https:\/\/127.0.0.1\/it\/cultura-dimpresa\/cultura-dimpresa-in-viaggio\/"]}]},{"@type":"ImageObject","inLanguage":"it-IT","@id":"https:\/\/127.0.0.1\/it\/cultura-dimpresa\/cultura-dimpresa-in-viaggio\/#primaryimage","url":"https:\/\/wpsite-assets.fondazionepirelli.org\/wp-content\/uploads\/2019\/05\/20101400\/area-ristoro.jpg","contentUrl":"https:\/\/wpsite-assets.fondazionepirelli.org\/wp-content\/uploads\/2019\/05\/20101400\/area-ristoro.jpg","width":1000,"height":1000},{"@type":"BreadcrumbList","@id":"https:\/\/127.0.0.1\/it\/cultura-dimpresa\/cultura-dimpresa-in-viaggio\/#breadcrumb","itemListElement":[{"@type":"ListItem","position":1,"name":"Home","item":"https:\/\/www.fondazionepirelli.org\/it\/"},{"@type":"ListItem","position":2,"name":"Cultura d\u2019impresa in viaggio"}]},{"@type":"WebSite","@id":"https:\/\/www.fondazionepirelli.org\/it\/#website","url":"https:\/\/www.fondazionepirelli.org\/it\/","name":"Fondazione Pirelli","description":"","potentialAction":[{"@type":"SearchAction","target":{"@type":"EntryPoint","urlTemplate":"https:\/\/www.fondazionepirelli.org\/it\/?s={search_term_string}"},"query-input":{"@type":"PropertyValueSpecification","valueRequired":true,"valueName":"search_term_string"}}],"inLanguage":"it-IT"},{"@type":"Person","@id":"https:\/\/www.fondazionepirelli.org\/it\/#\/schema\/person\/f47d097000832c4a6e54538c791fdf25","name":"fondadmin","image":{"@type":"ImageObject","inLanguage":"it-IT","@id":"https:\/\/www.fondazionepirelli.org\/it\/#\/schema\/person\/image\/","url":"https:\/\/secure.gravatar.com\/avatar\/e69498a9175ca244966e51e53c88712c024fcebe41f9a05f75657f1bb25e489b?s=96&d=mm&r=g","contentUrl":"https:\/\/secure.gravatar.com\/avatar\/e69498a9175ca244966e51e53c88712c024fcebe41f9a05f75657f1bb25e489b?s=96&d=mm&r=g","caption":"fondadmin"},"url":"https:\/\/www.fondazionepirelli.org\/it\/author\/fondadmin\/"}]}},"_links":{"self":[{"href":"https:\/\/www.fondazionepirelli.org\/it\/wp-json\/wp\/v2\/posts\/51585\/"}],"collection":[{"href":"https:\/\/www.fondazionepirelli.org\/it\/wp-json\/wp\/v2\/posts\/"}],"about":[{"href":"https:\/\/www.fondazionepirelli.org\/it\/wp-json\/wp\/v2\/types\/post\/"}],"author":[{"embeddable":true,"href":"https:\/\/www.fondazionepirelli.org\/it\/wp-json\/wp\/v2\/users\/1\/"}],"replies":[{"embeddable":true,"href":"https:\/\/www.fondazionepirelli.org\/it\/wp-json\/wp\/v2\/comments\/?post=51585"}],"version-history":[{"count":1,"href":"https:\/\/www.fondazionepirelli.org\/it\/wp-json\/wp\/v2\/posts\/51585\/revisions\/"}],"predecessor-version":[{"id":53518,"href":"https:\/\/www.fondazionepirelli.org\/it\/wp-json\/wp\/v2\/posts\/51585\/revisions\/53518\/"}],"wp:featuredmedia":[{"embeddable":true,"href":"https:\/\/www.fondazionepirelli.org\/it\/wp-json\/wp\/v2\/media\/51586\/"}],"wp:attachment":[{"href":"https:\/\/www.fondazionepirelli.org\/it\/wp-json\/wp\/v2\/media\/?parent=51585"}],"wp:term":[{"taxonomy":"category","embeddable":true,"href":"https:\/\/www.fondazionepirelli.org\/it\/wp-json\/wp\/v2\/categories\/?post=51585"},{"taxonomy":"post_tag","embeddable":true,"href":"https:\/\/www.fondazionepirelli.org\/it\/wp-json\/wp\/v2\/tags\/?post=51585"}],"curies":[{"name":"wp","href":"https:\/\/api.w.org\/{rel}","templated":true}]}}