{"id":51591,"date":"2017-07-18T00:00:00","date_gmt":"2017-07-18T00:00:00","guid":{"rendered":"http:\/\/www.fondazionepirelli.org\/fondazione-pirelli\/a-25-anni-dalle-stragi-di-falcone-e-borsellino-i-libri-per-ricordare-che-gli-affari-mafiosi-sono-un-tumore\/"},"modified":"2019-05-30T16:37:06","modified_gmt":"2019-05-30T16:37:06","slug":"a-25-anni-dalle-stragi-di-falcone-e-borsellino-i-libri-per-ricordare-che-gli-affari-mafiosi-sono-un-tumore","status":"publish","type":"post","link":"https:\/\/www.fondazionepirelli.org\/it\/cultura-dimpresa\/a-25-anni-dalle-stragi-di-falcone-e-borsellino-i-libri-per-ricordare-che-gli-affari-mafiosi-sono-un-tumore\/","title":{"rendered":"A 25 anni dalle stragi di Falcone e Borsellino i libri per ricordare che gli affari mafiosi sono un tumore"},"content":{"rendered":"<p>Ricorrenze. <strong>1992<\/strong>, anno difficile per l\u2019Italia, tra morti per mano di mafia, inizio dello scandalo di \u201c<strong>tangentopoli<\/strong>\u201d e, in estate e autunno, gravissima crisi finanziaria che travolge la lira. 25 anni fa, appunto, le stragi in cui morirono i magistrati di punta dell\u2019antimafia,<strong> Giovanni Falcone<\/strong> (il 23 maggio) e <strong>Paolo Borsellino<\/strong> (il 19 luglio), con le persone delle loro scorte. E oggi, per ricordare, c\u2019\u00e8 tutta un\u2019intesa attivit\u00e0, tra buoni libri (ne parleremo tra poco) e spettacoli teatrali, iniziative pubbliche e film, ma anche fiction Tv sui difficili anni Ottanta della \u201cguerra di mafia\u201d, come quelle in calendario Rai, su Piersanti Mattarella, presidente della Regione, \u201cun democristiano galantuomo\u201d, assassinato il 6 gennaio 1980 dalla mafia che detestava il suo impegno per \u201cil buon governo\u201d; e su Rocco Chinnici, Consigliere istruttore del Tribunale di Palermo, il creatore del \u201cpool antimafia\u201d, ucciso da un\u2019autobomba del luglio 1983, \u201cPalermo come Beirut\u201d, titol\u00f2 con terrore e sgomento il quotidiano \u201cL\u2019Ora\u201d. Stanno in quegli anni Ottanta, le radici delle stragi del \u201892. Una ferita da non dimenticare, nella storia d\u2019Italia.<\/p>\n<p><strong>Ricordare<\/strong>, dunque. E fare conoscere bene alle nuove generazioni quei fatti. Eventi. E retroscena. Senza retorica. Conservare la memoria \u00e8 indispensabile per tenere insieme una comunit\u00e0, tra istituzioni democratiche e societ\u00e0 civile. Ma anche per capire l\u2019<strong>attualit\u00e0<\/strong>. Cronache recenti hanno svelato l\u2019ombra di Matteo Messina Denaro, boss di Cosa Nostra assassino, purtroppo ancora latitante, dietro gli affari dei suoi complici di riciclaggio, perfino nel giro degli appalti legati alla Fiera di Milano. E altri reportage, ben documentati sulla base di indagini di magistratura e forze di polizia, ci dicono che la \u2018ndrangheta va sempre pi\u00f9 prepotentemente all\u2019assalto, da Milano a Torino, dalla Liguria all\u2019Emilia e al Veneto, di imprese e attivit\u00e0 economiche di vario tipo (\u201cCorriere della Sera\u201d, 15 e 16 luglio, sulla conquista mafiosa calabrese di farmacie e grandi posteggi, sin nel centro di Milano), mentre i giovani dell\u2019ultima generazione delle famiglie criminali hanno imparato a usare gli strumenti finanziari pi\u00f9 sofisticati per riciclare i miliardi dei traffici illeciti, a cominciare da quelli della droga (\u201cLa Stampa\u201d, con articoli, commenti e inchieste, dal 1\u00b0 luglio in poi). Storia e cronaca, dunque. Mai sottovalutare la potenza eversiva della mafia.<\/p>\n<p>I <strong>buoni libri<\/strong> aiutano. Da <strong>leggere<\/strong> e fare leggere, come tessuto di coscienza civile. Ma anche di responsabile cultura d\u2019impresa: non ci sono n\u00e9 competitivit\u00e0 n\u00e9 sviluppo, senza legalit\u00e0.<\/p>\n<p>Che libri? \u00a0Per esempio, \u201c\u201d<strong>Storie di Sangue, Amici e Fantasmi &#8211; Ricordi di mafia<\/strong>\u201d di Piero Grasso, Feltrinelli, con prefazione di Sergio Mattarella, presidente della Repubblica (l\u2019attuale presidente del Senato, magistrato, fu giudice \u201ca latere\u201d del maxiprocesso di Palermo, cominciato nel 1986 e concluso con le severe condanne ai boss e ai killer di Cosa Nostra, confermate dalla Cassazione proprio nel 1992).<\/p>\n<p>Ancora un buon esempio: \u201d<strong>L\u2019agenda ritrovata<\/strong>\u201d, ovvero \u201c<strong>Sette racconti per Paolo Borsellino<\/strong>\u201d, una raccolta curata per Feltrinelli da Marco Balzano e Gianni Biondillo, con pagine di Helena Janeczek, Carlo Lucarelli, Vanni Santoni, Alessandro Leogrande, Diego De Silva, Gioacchino Criaco ed Evelina Santangelo. Opere dense di fantasia e richiami di realt\u00e0, con un particolare comune: in tutte c\u2019\u00e8 un\u2019agenda rossa, come quella scomparsa sulla scena dell\u2019attentato di via D\u2019Amelio e in cui Borsellino annotava incontri, intuizioni, tracce investigative, appunti per le indagini. In scena, una giovane magistrato di Como che trova tracce di mafia al Nord e si prepara a raccontarle a Borsellino, un anziano investigatore dei carabinieri che arriva al <em>redde rationem<\/em> della sua vita sulle montagne della vecchia Africo in Calabria, una ragazza in cerca di ricordi a Castellammare del Golfo, e altro ancora. Tutti alle prese con un diffuso bisogno di etica, legalit\u00e0, giustizia. Sino all\u2019immaginario colpo di scena finale: \u201cIl ritrovamento dell\u2019agenda rossa metaforicamente \u00e8 il recupero di una forma di dignit\u00e0, d\u2019un senso delle cose che finalmente si disvela, di una consapevolezza che un altro mondo, un\u2019altra vita sono pi\u00f9 che mai possibili\u201d. Se la memoria vince, la mafia perde. Anche se \u00e8 altissimo, il prezzo pagato da chi ha difeso la legge e lo Stato, sino a rimetterci la vita.<\/p>\n<p>Lo testimonia Giovanni Bianconi in \u201c<strong>L\u2019assedio \u2013 Troppi nemici per Giovanni Falcone<\/strong>\u201d, Einaudi. Libro bellissimo, severo, intessuto di fatti e testimonianze. Sono gli ultimi anni del giudice, dopo il successo del maxiprocesso. In tanti lo boicottano, lo ostacolano, lo calunniano, bloccano il suo percorso all\u2019interno del Palazzo di Giustizia di Palermo. E\u2019 un vero e proprio \u201caccerchiamento del magistrato, stretto tra mafiosi, avversari inerni al mondo della magistratura e una classe politica nel migliore dei casi irresponsabile\u201d. Fino al suo isolamento, che \u201clo trasforma nel bersaglio perfetto per i corleonesi di Tot\u00f2 Riina\u201d.<\/p>\n<p>Intanto la mafia s\u2019\u00e8 espansa. Cosa Nostra \u00e8 in difficolt\u00e0, dopo i processi e gli arresti dei boss, ma la \u2018ndrangheta, come abbiamo visto, si rafforza nelle regioni ricche. Lo dicono le indagini giudiziarie. Lo ricostruisce con competenza Nando dalla Chiesa in \u201c<strong>Passaggio al Nord &#8211; la colonizzazione mafiosa<\/strong>\u201d, Edizioni Gruppo Abele (di dalla Chiesa vale la pena leggere anche \u201cUna strage semplice\u201d, Melampo, sulla guerra di mafia, dagli anni Ottanta alle stragi del \u201892). Mafia, affari e delitti, riciclaggio di denaro ricavato dai traffici di droga, investimenti. Un <strong>tumore<\/strong>, appunto, che rischia di devastare pubblica amministrazione ed economia, anche con l\u2019alto livello di corruzione diffusa. Ma l\u2019opinione pubblica \u00e8 spesso troppo disattenta, la societ\u00e0 civile permeata e pi\u00f9 volte complice. La \u2018ndrangheta festeggia. E cresce. Va contrastata. Non solo da magistratura e polizia. Ma dai cittadini, dalle persone di cultura, dai politici responsabili, dagli imprenditori e dagli altri attori sociali (lo sottolinea Nicola Gratteri, abile e competente magistrato, nelle pagine di \u201cL\u2019inganno della mafia\u201d, scritto con Antonio Nicaso per Rai-Eri). L\u2019attivit\u00e0 antimafia di Assolombarda ne \u00e8 testimonianza, in difesa delle buone imprese e del mercato. Impegno civile, appunto. Di cui la memoria \u00e8 parte essenziale.<\/p>\n<p>Un calendario di date da non dimenticare, dal 1950 a oggi, \u00e8 compitato con cura da Piero Melati, ottimo giornalista, in \u201c<strong>Giorni di mafia<\/strong>\u201d, Laterza. Politica, affari, criminalit\u00e0, per ricostruire \u201cla nostra storia repubblicana anche attraverso le chiavi dei fatti di mafia, perch\u00e9 molti dei nodi irrisolti dell\u2019attualit\u00e0 italiana trovano l\u00ec la loro radice\u201d. E\u2019 storia di democrazia, la nostra: confronti e conflitti politici, sociali e culturali composti, pure negli anni pi\u00f9 duri, nella cornice del rispetto delle regole costituzionali e istituzionali. Ma \u00e8 anche storia criminale. La fatica \u00e8 raccontarne l\u2019intreccio, con competenza ed equilibrio. Melati lo fa bene, partendo dal 1950, la morte del bandito Salvatore Giuliano, in un finto conflitto a fuoco con i carabinieri. Era \u201cseparatista\u201d, Giuliano, affascinato dall\u2019idea della Sicilia indipendente. Legato a mafiosi e baroni del latifondo. Protetto da uomini delle istituzioni. Giocato in chiave anticomunista e poi, diventato scomodo dopo la fine del separatismo, abbandonato, tradito. E ucciso. Restano ombre, su quella morte. Cos\u00ec come sulla strage che l\u2019aveva visto protagonista, a Portella delle Ginestre, contro braccianti e contadini in lotta per la riforma agraria (per saperne di pi\u00f9, si pu\u00f2 leggere \u201c<strong>La vera storia del bandito Giuliano<\/strong>\u201d, scritta del 1959 da uno dei migliori reporter italiani, Tommaso Besozzi, firma di punta de \u201cL\u2019Europeo\u201d e ripubblicata di recente da Milieu, con acuta prefazione di Ferruccio de Bortoli).<\/p>\n<p>Nel libro di Melati si va avanti con altri fatti: gli omicidi dei sindacalisti, la bomba dei \u201ccorleonesi\u201d contro il quotidiano \u201c<strong>L\u2019Ora<\/strong>\u201d per stroncarne la prima grande inchiesta sulla mafia, la clamorosa pubblicazione de \u201cIl giorno della civetta\u201d di Leonardo Sciascia (scrittore civile di grande levatura , voce critica sui mali siciliani e nazionali), l\u2019autobomba di Ciaculli nel giugno \u201863 (sette vittime tra uomini delle forze dell\u2019ordine) e la nascita, per reazione, della prima Commissione Parlamentare Antimafia. E poi via via verso tempi recenti: \u201cil Caravaggio rubato\u201d, \u201cla strage di viale Lazio\u201d, \u201cLiggio e il golpe Borghese\u201d, la guerra di mafia con i mille morti tra il 1981 e il 1985, il successo del maxiprocesso, \u201ci pentiti\u201d, le uccisioni dei giudici Falcone e Borsellino, gli arresti dei boss pi\u00f9 sanguinari (Riina, Provenzano), le reazioni antimafia politiche e sociali. Sino a oggi. Mafia ancora attiva. Da <strong>conoscere<\/strong>. E non trascurare.<\/p>\n","protected":false},"excerpt":{"rendered":"<p>Ricorrenze. 1992, anno difficile per l\u2019Italia, tra morti per mano di mafia, inizio dello scandalo di \u201ctangentopoli\u201d e, in estate e autunno, gravissima crisi finanziaria che travolge la lira. 25 anni fa, appunto, le stragi in cui morirono i magistrati di punta dell\u2019antimafia, Giovanni Falcone (il 23 maggio) e Paolo Borsellino (il 19 luglio), con [&hellip;]<\/p>\n","protected":false},"author":1,"featured_media":51592,"comment_status":"open","ping_status":"open","sticky":false,"template":"","format":"standard","meta":{"footnotes":""},"categories":[53,52],"tags":[],"class_list":["post-51591","post","type-post","status-publish","format-standard","has-post-thumbnail","hentry","category-blog","category-cultura-dimpresa"],"acf":[],"yoast_head":"<!-- This site is optimized with the Yoast SEO plugin v25.0 - https:\/\/yoast.com\/wordpress\/plugins\/seo\/ -->\n<title>A 25 anni dalle stragi di Falcone e Borsellino i libri per ricordare che gli affari mafiosi sono un tumore - Fondazione Pirelli<\/title>\n<meta name=\"robots\" content=\"index, follow, max-snippet:-1, max-image-preview:large, max-video-preview:-1\" \/>\n<link rel=\"canonical\" href=\"https:\/\/www.fondazionepirelli.org\/it\/cultura-dimpresa\/a-25-anni-dalle-stragi-di-falcone-e-borsellino-i-libri-per-ricordare-che-gli-affari-mafiosi-sono-un-tumore\/\" \/>\n<meta property=\"og:locale\" content=\"it_IT\" \/>\n<meta property=\"og:type\" content=\"article\" \/>\n<meta property=\"og:title\" content=\"A 25 anni dalle stragi di Falcone e Borsellino i libri per ricordare che gli affari mafiosi sono un tumore - Fondazione Pirelli\" \/>\n<meta property=\"og:description\" content=\"Ricorrenze. 1992, anno difficile per l\u2019Italia, tra morti per mano di mafia, inizio dello scandalo di \u201ctangentopoli\u201d e, in estate e autunno, gravissima crisi finanziaria che travolge la lira. 25 anni fa, appunto, le stragi in cui morirono i magistrati di punta dell\u2019antimafia, Giovanni Falcone (il 23 maggio) e Paolo Borsellino (il 19 luglio), con [&hellip;]\" \/>\n<meta property=\"og:url\" content=\"https:\/\/www.fondazionepirelli.org\/it\/cultura-dimpresa\/a-25-anni-dalle-stragi-di-falcone-e-borsellino-i-libri-per-ricordare-che-gli-affari-mafiosi-sono-un-tumore\/\" \/>\n<meta property=\"og:site_name\" content=\"Fondazione Pirelli\" \/>\n<meta property=\"article:published_time\" content=\"2017-07-18T00:00:00+00:00\" \/>\n<meta property=\"article:modified_time\" content=\"2019-05-30T16:37:06+00:00\" \/>\n<meta property=\"og:image\" content=\"https:\/\/wpsite-assets.fondazionepirelli.org\/wp-content\/uploads\/2019\/05\/20101400\/image.jpg\" \/>\n\t<meta property=\"og:image:width\" content=\"594\" \/>\n\t<meta property=\"og:image:height\" content=\"334\" \/>\n\t<meta property=\"og:image:type\" content=\"image\/jpeg\" \/>\n<meta name=\"author\" content=\"fondadmin\" \/>\n<meta name=\"twitter:card\" content=\"summary_large_image\" \/>\n<meta name=\"twitter:label1\" content=\"Scritto da\" \/>\n\t<meta name=\"twitter:data1\" content=\"fondadmin\" \/>\n\t<meta name=\"twitter:label2\" content=\"Tempo di lettura stimato\" \/>\n\t<meta name=\"twitter:data2\" content=\"7 minuti\" \/>\n<script type=\"application\/ld+json\" class=\"yoast-schema-graph\">{\"@context\":\"https:\/\/schema.org\",\"@graph\":[{\"@type\":\"WebPage\",\"@id\":\"https:\/\/www.fondazionepirelli.org\/it\/cultura-dimpresa\/a-25-anni-dalle-stragi-di-falcone-e-borsellino-i-libri-per-ricordare-che-gli-affari-mafiosi-sono-un-tumore\/\",\"url\":\"https:\/\/www.fondazionepirelli.org\/it\/cultura-dimpresa\/a-25-anni-dalle-stragi-di-falcone-e-borsellino-i-libri-per-ricordare-che-gli-affari-mafiosi-sono-un-tumore\/\",\"name\":\"A 25 anni dalle stragi di Falcone e Borsellino i libri per ricordare che gli affari mafiosi sono un tumore - Fondazione Pirelli\",\"isPartOf\":{\"@id\":\"https:\/\/www.fondazionepirelli.org\/it\/#website\"},\"primaryImageOfPage\":{\"@id\":\"https:\/\/www.fondazionepirelli.org\/it\/cultura-dimpresa\/a-25-anni-dalle-stragi-di-falcone-e-borsellino-i-libri-per-ricordare-che-gli-affari-mafiosi-sono-un-tumore\/#primaryimage\"},\"image\":{\"@id\":\"https:\/\/www.fondazionepirelli.org\/it\/cultura-dimpresa\/a-25-anni-dalle-stragi-di-falcone-e-borsellino-i-libri-per-ricordare-che-gli-affari-mafiosi-sono-un-tumore\/#primaryimage\"},\"thumbnailUrl\":\"https:\/\/wpsite-assets.fondazionepirelli.org\/wp-content\/uploads\/2019\/05\/20101400\/image.jpg\",\"datePublished\":\"2017-07-18T00:00:00+00:00\",\"dateModified\":\"2019-05-30T16:37:06+00:00\",\"author\":{\"@id\":\"https:\/\/www.fondazionepirelli.org\/it\/#\/schema\/person\/f47d097000832c4a6e54538c791fdf25\"},\"breadcrumb\":{\"@id\":\"https:\/\/www.fondazionepirelli.org\/it\/cultura-dimpresa\/a-25-anni-dalle-stragi-di-falcone-e-borsellino-i-libri-per-ricordare-che-gli-affari-mafiosi-sono-un-tumore\/#breadcrumb\"},\"inLanguage\":\"it-IT\",\"potentialAction\":[{\"@type\":\"ReadAction\",\"target\":[\"https:\/\/www.fondazionepirelli.org\/it\/cultura-dimpresa\/a-25-anni-dalle-stragi-di-falcone-e-borsellino-i-libri-per-ricordare-che-gli-affari-mafiosi-sono-un-tumore\/\"]}]},{\"@type\":\"ImageObject\",\"inLanguage\":\"it-IT\",\"@id\":\"https:\/\/www.fondazionepirelli.org\/it\/cultura-dimpresa\/a-25-anni-dalle-stragi-di-falcone-e-borsellino-i-libri-per-ricordare-che-gli-affari-mafiosi-sono-un-tumore\/#primaryimage\",\"url\":\"https:\/\/wpsite-assets.fondazionepirelli.org\/wp-content\/uploads\/2019\/05\/20101400\/image.jpg\",\"contentUrl\":\"https:\/\/wpsite-assets.fondazionepirelli.org\/wp-content\/uploads\/2019\/05\/20101400\/image.jpg\",\"width\":594,\"height\":334},{\"@type\":\"BreadcrumbList\",\"@id\":\"https:\/\/www.fondazionepirelli.org\/it\/cultura-dimpresa\/a-25-anni-dalle-stragi-di-falcone-e-borsellino-i-libri-per-ricordare-che-gli-affari-mafiosi-sono-un-tumore\/#breadcrumb\",\"itemListElement\":[{\"@type\":\"ListItem\",\"position\":1,\"name\":\"Home\",\"item\":\"https:\/\/www.fondazionepirelli.org\/it\/\"},{\"@type\":\"ListItem\",\"position\":2,\"name\":\"A 25 anni dalle stragi di Falcone e Borsellino i libri per ricordare che gli affari mafiosi sono un tumore\"}]},{\"@type\":\"WebSite\",\"@id\":\"https:\/\/www.fondazionepirelli.org\/it\/#website\",\"url\":\"https:\/\/www.fondazionepirelli.org\/it\/\",\"name\":\"Fondazione Pirelli\",\"description\":\"\",\"potentialAction\":[{\"@type\":\"SearchAction\",\"target\":{\"@type\":\"EntryPoint\",\"urlTemplate\":\"https:\/\/www.fondazionepirelli.org\/it\/?s={search_term_string}\"},\"query-input\":{\"@type\":\"PropertyValueSpecification\",\"valueRequired\":true,\"valueName\":\"search_term_string\"}}],\"inLanguage\":\"it-IT\"},{\"@type\":\"Person\",\"@id\":\"https:\/\/www.fondazionepirelli.org\/it\/#\/schema\/person\/f47d097000832c4a6e54538c791fdf25\",\"name\":\"fondadmin\",\"image\":{\"@type\":\"ImageObject\",\"inLanguage\":\"it-IT\",\"@id\":\"https:\/\/www.fondazionepirelli.org\/it\/#\/schema\/person\/image\/\",\"url\":\"https:\/\/secure.gravatar.com\/avatar\/e69498a9175ca244966e51e53c88712c024fcebe41f9a05f75657f1bb25e489b?s=96&d=mm&r=g\",\"contentUrl\":\"https:\/\/secure.gravatar.com\/avatar\/e69498a9175ca244966e51e53c88712c024fcebe41f9a05f75657f1bb25e489b?s=96&d=mm&r=g\",\"caption\":\"fondadmin\"},\"url\":\"https:\/\/www.fondazionepirelli.org\/it\/author\/fondadmin\/\"}]}<\/script>\n<!-- \/ Yoast SEO plugin. -->","yoast_head_json":{"title":"A 25 anni dalle stragi di Falcone e Borsellino i libri per ricordare che gli affari mafiosi sono un tumore - Fondazione Pirelli","robots":{"index":"index","follow":"follow","max-snippet":"max-snippet:-1","max-image-preview":"max-image-preview:large","max-video-preview":"max-video-preview:-1"},"canonical":"https:\/\/www.fondazionepirelli.org\/it\/cultura-dimpresa\/a-25-anni-dalle-stragi-di-falcone-e-borsellino-i-libri-per-ricordare-che-gli-affari-mafiosi-sono-un-tumore\/","og_locale":"it_IT","og_type":"article","og_title":"A 25 anni dalle stragi di Falcone e Borsellino i libri per ricordare che gli affari mafiosi sono un tumore - Fondazione Pirelli","og_description":"Ricorrenze. 1992, anno difficile per l\u2019Italia, tra morti per mano di mafia, inizio dello scandalo di \u201ctangentopoli\u201d e, in estate e autunno, gravissima crisi finanziaria che travolge la lira. 25 anni fa, appunto, le stragi in cui morirono i magistrati di punta dell\u2019antimafia, Giovanni Falcone (il 23 maggio) e Paolo Borsellino (il 19 luglio), con [&hellip;]","og_url":"https:\/\/www.fondazionepirelli.org\/it\/cultura-dimpresa\/a-25-anni-dalle-stragi-di-falcone-e-borsellino-i-libri-per-ricordare-che-gli-affari-mafiosi-sono-un-tumore\/","og_site_name":"Fondazione Pirelli","article_published_time":"2017-07-18T00:00:00+00:00","article_modified_time":"2019-05-30T16:37:06+00:00","og_image":[{"width":594,"height":334,"url":"https:\/\/wpsite-assets.fondazionepirelli.org\/wp-content\/uploads\/2019\/05\/20101400\/image.jpg","type":"image\/jpeg"}],"author":"fondadmin","twitter_card":"summary_large_image","twitter_misc":{"Scritto da":"fondadmin","Tempo di lettura stimato":"7 minuti"},"schema":{"@context":"https:\/\/schema.org","@graph":[{"@type":"WebPage","@id":"https:\/\/www.fondazionepirelli.org\/it\/cultura-dimpresa\/a-25-anni-dalle-stragi-di-falcone-e-borsellino-i-libri-per-ricordare-che-gli-affari-mafiosi-sono-un-tumore\/","url":"https:\/\/www.fondazionepirelli.org\/it\/cultura-dimpresa\/a-25-anni-dalle-stragi-di-falcone-e-borsellino-i-libri-per-ricordare-che-gli-affari-mafiosi-sono-un-tumore\/","name":"A 25 anni dalle stragi di Falcone e Borsellino i libri per ricordare che gli affari mafiosi sono un tumore - Fondazione Pirelli","isPartOf":{"@id":"https:\/\/www.fondazionepirelli.org\/it\/#website"},"primaryImageOfPage":{"@id":"https:\/\/www.fondazionepirelli.org\/it\/cultura-dimpresa\/a-25-anni-dalle-stragi-di-falcone-e-borsellino-i-libri-per-ricordare-che-gli-affari-mafiosi-sono-un-tumore\/#primaryimage"},"image":{"@id":"https:\/\/www.fondazionepirelli.org\/it\/cultura-dimpresa\/a-25-anni-dalle-stragi-di-falcone-e-borsellino-i-libri-per-ricordare-che-gli-affari-mafiosi-sono-un-tumore\/#primaryimage"},"thumbnailUrl":"https:\/\/wpsite-assets.fondazionepirelli.org\/wp-content\/uploads\/2019\/05\/20101400\/image.jpg","datePublished":"2017-07-18T00:00:00+00:00","dateModified":"2019-05-30T16:37:06+00:00","author":{"@id":"https:\/\/www.fondazionepirelli.org\/it\/#\/schema\/person\/f47d097000832c4a6e54538c791fdf25"},"breadcrumb":{"@id":"https:\/\/www.fondazionepirelli.org\/it\/cultura-dimpresa\/a-25-anni-dalle-stragi-di-falcone-e-borsellino-i-libri-per-ricordare-che-gli-affari-mafiosi-sono-un-tumore\/#breadcrumb"},"inLanguage":"it-IT","potentialAction":[{"@type":"ReadAction","target":["https:\/\/www.fondazionepirelli.org\/it\/cultura-dimpresa\/a-25-anni-dalle-stragi-di-falcone-e-borsellino-i-libri-per-ricordare-che-gli-affari-mafiosi-sono-un-tumore\/"]}]},{"@type":"ImageObject","inLanguage":"it-IT","@id":"https:\/\/www.fondazionepirelli.org\/it\/cultura-dimpresa\/a-25-anni-dalle-stragi-di-falcone-e-borsellino-i-libri-per-ricordare-che-gli-affari-mafiosi-sono-un-tumore\/#primaryimage","url":"https:\/\/wpsite-assets.fondazionepirelli.org\/wp-content\/uploads\/2019\/05\/20101400\/image.jpg","contentUrl":"https:\/\/wpsite-assets.fondazionepirelli.org\/wp-content\/uploads\/2019\/05\/20101400\/image.jpg","width":594,"height":334},{"@type":"BreadcrumbList","@id":"https:\/\/www.fondazionepirelli.org\/it\/cultura-dimpresa\/a-25-anni-dalle-stragi-di-falcone-e-borsellino-i-libri-per-ricordare-che-gli-affari-mafiosi-sono-un-tumore\/#breadcrumb","itemListElement":[{"@type":"ListItem","position":1,"name":"Home","item":"https:\/\/www.fondazionepirelli.org\/it\/"},{"@type":"ListItem","position":2,"name":"A 25 anni dalle stragi di Falcone e Borsellino i libri per ricordare che gli affari mafiosi sono un tumore"}]},{"@type":"WebSite","@id":"https:\/\/www.fondazionepirelli.org\/it\/#website","url":"https:\/\/www.fondazionepirelli.org\/it\/","name":"Fondazione Pirelli","description":"","potentialAction":[{"@type":"SearchAction","target":{"@type":"EntryPoint","urlTemplate":"https:\/\/www.fondazionepirelli.org\/it\/?s={search_term_string}"},"query-input":{"@type":"PropertyValueSpecification","valueRequired":true,"valueName":"search_term_string"}}],"inLanguage":"it-IT"},{"@type":"Person","@id":"https:\/\/www.fondazionepirelli.org\/it\/#\/schema\/person\/f47d097000832c4a6e54538c791fdf25","name":"fondadmin","image":{"@type":"ImageObject","inLanguage":"it-IT","@id":"https:\/\/www.fondazionepirelli.org\/it\/#\/schema\/person\/image\/","url":"https:\/\/secure.gravatar.com\/avatar\/e69498a9175ca244966e51e53c88712c024fcebe41f9a05f75657f1bb25e489b?s=96&d=mm&r=g","contentUrl":"https:\/\/secure.gravatar.com\/avatar\/e69498a9175ca244966e51e53c88712c024fcebe41f9a05f75657f1bb25e489b?s=96&d=mm&r=g","caption":"fondadmin"},"url":"https:\/\/www.fondazionepirelli.org\/it\/author\/fondadmin\/"}]}},"_links":{"self":[{"href":"https:\/\/www.fondazionepirelli.org\/it\/wp-json\/wp\/v2\/posts\/51591\/"}],"collection":[{"href":"https:\/\/www.fondazionepirelli.org\/it\/wp-json\/wp\/v2\/posts\/"}],"about":[{"href":"https:\/\/www.fondazionepirelli.org\/it\/wp-json\/wp\/v2\/types\/post\/"}],"author":[{"embeddable":true,"href":"https:\/\/www.fondazionepirelli.org\/it\/wp-json\/wp\/v2\/users\/1\/"}],"replies":[{"embeddable":true,"href":"https:\/\/www.fondazionepirelli.org\/it\/wp-json\/wp\/v2\/comments\/?post=51591"}],"version-history":[{"count":2,"href":"https:\/\/www.fondazionepirelli.org\/it\/wp-json\/wp\/v2\/posts\/51591\/revisions\/"}],"predecessor-version":[{"id":57068,"href":"https:\/\/www.fondazionepirelli.org\/it\/wp-json\/wp\/v2\/posts\/51591\/revisions\/57068\/"}],"wp:featuredmedia":[{"embeddable":true,"href":"https:\/\/www.fondazionepirelli.org\/it\/wp-json\/wp\/v2\/media\/51592\/"}],"wp:attachment":[{"href":"https:\/\/www.fondazionepirelli.org\/it\/wp-json\/wp\/v2\/media\/?parent=51591"}],"wp:term":[{"taxonomy":"category","embeddable":true,"href":"https:\/\/www.fondazionepirelli.org\/it\/wp-json\/wp\/v2\/categories\/?post=51591"},{"taxonomy":"post_tag","embeddable":true,"href":"https:\/\/www.fondazionepirelli.org\/it\/wp-json\/wp\/v2\/tags\/?post=51591"}],"curies":[{"name":"wp","href":"https:\/\/api.w.org\/{rel}","templated":true}]}}