{"id":51613,"date":"2017-07-04T00:00:00","date_gmt":"2017-07-04T00:00:00","guid":{"rendered":"http:\/\/www.fondazionepirelli.org\/fondazione-pirelli\/cultura-imprenditiva\/"},"modified":"2019-05-09T13:22:23","modified_gmt":"2019-05-09T13:22:23","slug":"cultura-imprenditiva","status":"publish","type":"post","link":"https:\/\/www.fondazionepirelli.org\/it\/cultura-dimpresa\/cultura-imprenditiva\/","title":{"rendered":"Cultura imprenditiva"},"content":{"rendered":"<p><em>Una ricerca di C\u00e0 Foscari approfondisce i collegamenti fra nuove modalit\u00e0 di lavoro e capacit\u00e0 di generare imprese diverse<\/em><\/p><p>L\u2019impresa cambia, il lavoro cambia. E\u2019 l\u2019evoluzione dei rapporti produttivi, l\u2019avanzare della tecnologia, la connessione pi\u00f9 stretta delle parti a fare tutto. Impresa, imprenditorialit\u00e0 e imprenditivit\u00e0 rimangono concetti fondanti, ma si arricchiscono di nuove declinazioni. Che vanno tenute in conto.<\/p>\n<p>\u201cImprenditivit\u00e0 come leva per il nuovo lavoro\u201d di Massimiliano Costa e Andrea Strano (entrambi dell\u2019Universit\u00e0 Ca\u2019 Foscari, Venezia) \u00e8 una bella indagine sulle nuove forme e sulle rinnovate nature delle relazioni fra lavoro, conoscenza e innovazione come elementi che insieme riescono ad originare modalit\u00e0 di nuove anche di fare impresa, seguendo la spinta di ci\u00f2 che modernamente \u00e8 stato indicato come imprenditivit\u00e0.<\/p>\n<p>La ricerca \u00e8 sostanzialmente l\u2019analisi molto particolareggiata sui cambiamenti che stanno attraversando il \u201clavoro\u201d. Spiegano i due autori: \u201cOggi l\u2019azione lavorativa trasforma il senso e la rappresentazione del lavoro. Il concetto di competenza per il lavoro perde la valenza performativa e diventa capacit\u00e0 ad agire. L\u2019azione lavorativa autenticamente competente e generativa diventa imprenditiva in quanto agisce sulle opportunit\u00e0 e sulle idee per trasformarle in valore per s\u00e9 e per gli altri\u201d. Lavoro come seme d\u2019impresa, quindi. Concetto complesso, che va analizzato a fondo e con attenzione.<\/p>\n<p>La ricerca ha cercato quindi di comprendere meglio come nel lavoro possa trovarsi \u201cla competenza all\u2019imprenditivit\u00e0\u201d cio\u00e8 la capacit\u00e0 di partire dall\u2019attivit\u00e0 lavorativa per arrivare a costruire imprese che prima non esistevano. Dal lavoro come ripetizione di atti sempre uguali, si passa cos\u00ec al lavoro come immaginazione costruttiva, capace di dare vita ad organizzazioni della produzione che prima erano come nascoste da strutture artificiali.<\/p>\n<p>Quanto scritto da Costa e Strano ha una peculiarit\u00e0 importante: non si svolge solamente a livello teorico, ma prende spunto dal coinvolgimento di pi\u00f9 di cento persone in transizione lavorativa di ogni et\u00e0. Viene dimostrato un collegamento stretto fra competenza a creare modalit\u00e0 nuove d\u2019impresa, capacit\u00e0 di scegliere per arrivare a realizzare le vere capacit\u00e0 e aspirazioni del lavoratore. E\u2019 un\u2019alchimia unica quella che viene scoperta, nella quale entrano anche elementi come l\u2019esperienza, l\u2019et\u00e0, il livello di formazione e istruzione, il grado di consapevolezza delle proprie capacit\u00e0.<\/p>\n<p>\u201cImprenditivit\u00e0 come leva per il nuovo lavoro\u201d \u00e8 un\u2019indagine su un tema complesso scritta senza dubbio con un linguaggio che va colto attentamente, ma \u00e8 la porta per entrare in un mondo \u2013 quello delle moderne relazioni fra lavoro e impresa -, che in buona parte \u00e8 ancora da esplorare.<\/p><p><strong>Imprenditivit\u00e0 come leva per il nuovo lavoro<\/strong><\/p>\n<p>Massimiliano Costa, Andrea Strano<\/p>\n<p>Formazione &amp; Insegnamento XV \u2013 1 \u2013 2017, Pensa MultiMedia<\/p>\n","protected":false},"excerpt":{"rendered":"<p>Una ricerca di C\u00e0 Foscari approfondisce i collegamenti fra nuove modalit\u00e0 di lavoro e capacit\u00e0 di generare imprese diverseL\u2019impresa cambia, il lavoro cambia. E\u2019 l\u2019evoluzione dei rapporti produttivi, l\u2019avanzare della tecnologia, la connessione pi\u00f9 stretta delle parti a fare tutto. Impresa, imprenditorialit\u00e0 e imprenditivit\u00e0 rimangono concetti fondanti, ma si arricchiscono di nuove declinazioni. Che vanno [&hellip;]<\/p>\n","protected":false},"author":1,"featured_media":0,"comment_status":"open","ping_status":"open","sticky":false,"template":"","format":"standard","meta":{"footnotes":""},"categories":[54,52],"tags":[],"class_list":["post-51613","post","type-post","status-publish","format-standard","hentry","category-approfondimenti","category-cultura-dimpresa"],"acf":[],"yoast_head":"<!-- This site is optimized with the Yoast SEO plugin v25.0 - https:\/\/yoast.com\/wordpress\/plugins\/seo\/ -->\n<title>Cultura imprenditiva - Fondazione Pirelli<\/title>\n<meta name=\"robots\" content=\"index, follow, max-snippet:-1, max-image-preview:large, max-video-preview:-1\" \/>\n<link rel=\"canonical\" href=\"https:\/\/www.fondazionepirelli.org\/it\/cultura-dimpresa\/cultura-imprenditiva\/\" \/>\n<meta property=\"og:locale\" content=\"it_IT\" \/>\n<meta property=\"og:type\" content=\"article\" \/>\n<meta property=\"og:title\" content=\"Cultura imprenditiva - Fondazione Pirelli\" \/>\n<meta property=\"og:description\" content=\"Una ricerca di C\u00e0 Foscari approfondisce i collegamenti fra nuove modalit\u00e0 di lavoro e capacit\u00e0 di generare imprese diverseL\u2019impresa cambia, il lavoro cambia. E\u2019 l\u2019evoluzione dei rapporti produttivi, l\u2019avanzare della tecnologia, la connessione pi\u00f9 stretta delle parti a fare tutto. Impresa, imprenditorialit\u00e0 e imprenditivit\u00e0 rimangono concetti fondanti, ma si arricchiscono di nuove declinazioni. Che vanno [&hellip;]\" \/>\n<meta property=\"og:url\" content=\"https:\/\/www.fondazionepirelli.org\/it\/cultura-dimpresa\/cultura-imprenditiva\/\" \/>\n<meta property=\"og:site_name\" content=\"Fondazione Pirelli\" \/>\n<meta property=\"article:published_time\" content=\"2017-07-04T00:00:00+00:00\" \/>\n<meta property=\"article:modified_time\" content=\"2019-05-09T13:22:23+00:00\" \/>\n<meta name=\"author\" content=\"fondadmin\" \/>\n<meta name=\"twitter:card\" content=\"summary_large_image\" \/>\n<meta name=\"twitter:label1\" content=\"Scritto da\" \/>\n\t<meta name=\"twitter:data1\" content=\"fondadmin\" \/>\n\t<meta name=\"twitter:label2\" content=\"Tempo di lettura stimato\" \/>\n\t<meta name=\"twitter:data2\" content=\"2 minuti\" \/>\n<script type=\"application\/ld+json\" class=\"yoast-schema-graph\">{\"@context\":\"https:\/\/schema.org\",\"@graph\":[{\"@type\":\"WebPage\",\"@id\":\"https:\/\/www.fondazionepirelli.org\/it\/cultura-dimpresa\/cultura-imprenditiva\/\",\"url\":\"https:\/\/www.fondazionepirelli.org\/it\/cultura-dimpresa\/cultura-imprenditiva\/\",\"name\":\"Cultura imprenditiva - Fondazione Pirelli\",\"isPartOf\":{\"@id\":\"https:\/\/www.fondazionepirelli.org\/it\/#website\"},\"datePublished\":\"2017-07-04T00:00:00+00:00\",\"dateModified\":\"2019-05-09T13:22:23+00:00\",\"author\":{\"@id\":\"https:\/\/www.fondazionepirelli.org\/it\/#\/schema\/person\/f47d097000832c4a6e54538c791fdf25\"},\"breadcrumb\":{\"@id\":\"https:\/\/www.fondazionepirelli.org\/it\/cultura-dimpresa\/cultura-imprenditiva\/#breadcrumb\"},\"inLanguage\":\"it-IT\",\"potentialAction\":[{\"@type\":\"ReadAction\",\"target\":[\"https:\/\/www.fondazionepirelli.org\/it\/cultura-dimpresa\/cultura-imprenditiva\/\"]}]},{\"@type\":\"BreadcrumbList\",\"@id\":\"https:\/\/www.fondazionepirelli.org\/it\/cultura-dimpresa\/cultura-imprenditiva\/#breadcrumb\",\"itemListElement\":[{\"@type\":\"ListItem\",\"position\":1,\"name\":\"Home\",\"item\":\"https:\/\/www.fondazionepirelli.org\/it\/\"},{\"@type\":\"ListItem\",\"position\":2,\"name\":\"Cultura imprenditiva\"}]},{\"@type\":\"WebSite\",\"@id\":\"https:\/\/www.fondazionepirelli.org\/it\/#website\",\"url\":\"https:\/\/www.fondazionepirelli.org\/it\/\",\"name\":\"Fondazione Pirelli\",\"description\":\"\",\"potentialAction\":[{\"@type\":\"SearchAction\",\"target\":{\"@type\":\"EntryPoint\",\"urlTemplate\":\"https:\/\/www.fondazionepirelli.org\/it\/?s={search_term_string}\"},\"query-input\":{\"@type\":\"PropertyValueSpecification\",\"valueRequired\":true,\"valueName\":\"search_term_string\"}}],\"inLanguage\":\"it-IT\"},{\"@type\":\"Person\",\"@id\":\"https:\/\/www.fondazionepirelli.org\/it\/#\/schema\/person\/f47d097000832c4a6e54538c791fdf25\",\"name\":\"fondadmin\",\"image\":{\"@type\":\"ImageObject\",\"inLanguage\":\"it-IT\",\"@id\":\"https:\/\/www.fondazionepirelli.org\/it\/#\/schema\/person\/image\/\",\"url\":\"https:\/\/secure.gravatar.com\/avatar\/e69498a9175ca244966e51e53c88712c024fcebe41f9a05f75657f1bb25e489b?s=96&d=mm&r=g\",\"contentUrl\":\"https:\/\/secure.gravatar.com\/avatar\/e69498a9175ca244966e51e53c88712c024fcebe41f9a05f75657f1bb25e489b?s=96&d=mm&r=g\",\"caption\":\"fondadmin\"},\"url\":\"https:\/\/www.fondazionepirelli.org\/it\/author\/fondadmin\/\"}]}<\/script>\n<!-- \/ Yoast SEO plugin. -->","yoast_head_json":{"title":"Cultura imprenditiva - Fondazione Pirelli","robots":{"index":"index","follow":"follow","max-snippet":"max-snippet:-1","max-image-preview":"max-image-preview:large","max-video-preview":"max-video-preview:-1"},"canonical":"https:\/\/www.fondazionepirelli.org\/it\/cultura-dimpresa\/cultura-imprenditiva\/","og_locale":"it_IT","og_type":"article","og_title":"Cultura imprenditiva - Fondazione Pirelli","og_description":"Una ricerca di C\u00e0 Foscari approfondisce i collegamenti fra nuove modalit\u00e0 di lavoro e capacit\u00e0 di generare imprese diverseL\u2019impresa cambia, il lavoro cambia. E\u2019 l\u2019evoluzione dei rapporti produttivi, l\u2019avanzare della tecnologia, la connessione pi\u00f9 stretta delle parti a fare tutto. Impresa, imprenditorialit\u00e0 e imprenditivit\u00e0 rimangono concetti fondanti, ma si arricchiscono di nuove declinazioni. Che vanno [&hellip;]","og_url":"https:\/\/www.fondazionepirelli.org\/it\/cultura-dimpresa\/cultura-imprenditiva\/","og_site_name":"Fondazione Pirelli","article_published_time":"2017-07-04T00:00:00+00:00","article_modified_time":"2019-05-09T13:22:23+00:00","author":"fondadmin","twitter_card":"summary_large_image","twitter_misc":{"Scritto da":"fondadmin","Tempo di lettura stimato":"2 minuti"},"schema":{"@context":"https:\/\/schema.org","@graph":[{"@type":"WebPage","@id":"https:\/\/www.fondazionepirelli.org\/it\/cultura-dimpresa\/cultura-imprenditiva\/","url":"https:\/\/www.fondazionepirelli.org\/it\/cultura-dimpresa\/cultura-imprenditiva\/","name":"Cultura imprenditiva - Fondazione Pirelli","isPartOf":{"@id":"https:\/\/www.fondazionepirelli.org\/it\/#website"},"datePublished":"2017-07-04T00:00:00+00:00","dateModified":"2019-05-09T13:22:23+00:00","author":{"@id":"https:\/\/www.fondazionepirelli.org\/it\/#\/schema\/person\/f47d097000832c4a6e54538c791fdf25"},"breadcrumb":{"@id":"https:\/\/www.fondazionepirelli.org\/it\/cultura-dimpresa\/cultura-imprenditiva\/#breadcrumb"},"inLanguage":"it-IT","potentialAction":[{"@type":"ReadAction","target":["https:\/\/www.fondazionepirelli.org\/it\/cultura-dimpresa\/cultura-imprenditiva\/"]}]},{"@type":"BreadcrumbList","@id":"https:\/\/www.fondazionepirelli.org\/it\/cultura-dimpresa\/cultura-imprenditiva\/#breadcrumb","itemListElement":[{"@type":"ListItem","position":1,"name":"Home","item":"https:\/\/www.fondazionepirelli.org\/it\/"},{"@type":"ListItem","position":2,"name":"Cultura imprenditiva"}]},{"@type":"WebSite","@id":"https:\/\/www.fondazionepirelli.org\/it\/#website","url":"https:\/\/www.fondazionepirelli.org\/it\/","name":"Fondazione Pirelli","description":"","potentialAction":[{"@type":"SearchAction","target":{"@type":"EntryPoint","urlTemplate":"https:\/\/www.fondazionepirelli.org\/it\/?s={search_term_string}"},"query-input":{"@type":"PropertyValueSpecification","valueRequired":true,"valueName":"search_term_string"}}],"inLanguage":"it-IT"},{"@type":"Person","@id":"https:\/\/www.fondazionepirelli.org\/it\/#\/schema\/person\/f47d097000832c4a6e54538c791fdf25","name":"fondadmin","image":{"@type":"ImageObject","inLanguage":"it-IT","@id":"https:\/\/www.fondazionepirelli.org\/it\/#\/schema\/person\/image\/","url":"https:\/\/secure.gravatar.com\/avatar\/e69498a9175ca244966e51e53c88712c024fcebe41f9a05f75657f1bb25e489b?s=96&d=mm&r=g","contentUrl":"https:\/\/secure.gravatar.com\/avatar\/e69498a9175ca244966e51e53c88712c024fcebe41f9a05f75657f1bb25e489b?s=96&d=mm&r=g","caption":"fondadmin"},"url":"https:\/\/www.fondazionepirelli.org\/it\/author\/fondadmin\/"}]}},"_links":{"self":[{"href":"https:\/\/www.fondazionepirelli.org\/it\/wp-json\/wp\/v2\/posts\/51613\/"}],"collection":[{"href":"https:\/\/www.fondazionepirelli.org\/it\/wp-json\/wp\/v2\/posts\/"}],"about":[{"href":"https:\/\/www.fondazionepirelli.org\/it\/wp-json\/wp\/v2\/types\/post\/"}],"author":[{"embeddable":true,"href":"https:\/\/www.fondazionepirelli.org\/it\/wp-json\/wp\/v2\/users\/1\/"}],"replies":[{"embeddable":true,"href":"https:\/\/www.fondazionepirelli.org\/it\/wp-json\/wp\/v2\/comments\/?post=51613"}],"version-history":[{"count":1,"href":"https:\/\/www.fondazionepirelli.org\/it\/wp-json\/wp\/v2\/posts\/51613\/revisions\/"}],"predecessor-version":[{"id":53502,"href":"https:\/\/www.fondazionepirelli.org\/it\/wp-json\/wp\/v2\/posts\/51613\/revisions\/53502\/"}],"wp:attachment":[{"href":"https:\/\/www.fondazionepirelli.org\/it\/wp-json\/wp\/v2\/media\/?parent=51613"}],"wp:term":[{"taxonomy":"category","embeddable":true,"href":"https:\/\/www.fondazionepirelli.org\/it\/wp-json\/wp\/v2\/categories\/?post=51613"},{"taxonomy":"post_tag","embeddable":true,"href":"https:\/\/www.fondazionepirelli.org\/it\/wp-json\/wp\/v2\/tags\/?post=51613"}],"curies":[{"name":"wp","href":"https:\/\/api.w.org\/{rel}","templated":true}]}}