{"id":51649,"date":"2017-06-12T00:00:00","date_gmt":"2017-06-12T00:00:00","guid":{"rendered":"http:\/\/www.fondazionepirelli.org\/fondazione-pirelli\/fondazione-pirelli-educational-si-conclude-lanno-di-laboratori-e-visite-guidate-per-le-scuole\/"},"modified":"2020-01-10T17:07:17","modified_gmt":"2020-01-10T16:07:17","slug":"fondazione-pirelli-educational-si-conclude-lanno-di-laboratori-e-visite-guidate-per-le-scuole","status":"publish","type":"post","link":"https:\/\/www.fondazionepirelli.org\/it\/education\/fondazione-pirelli-educational-si-conclude-lanno-di-laboratori-e-visite-guidate-per-le-scuole\/","title":{"rendered":"Fondazione Pirelli Educational: un anno di laboratori <br>e visite guidate per le scuole"},"content":{"rendered":"<p>Il <strong>progamma Educational<\/strong> per l\u2019anno scolastico 2016-2017 \u00e8 stato denso di novit\u00e0 e ha raccolto l\u2019entusiasmo di molti bambini e ragazzi. Da settembre a giugno infatti oltre <strong>3000 studenti<\/strong> di <strong>120 classi<\/strong> provenienti dalla Lombardia e da altre regioni italiane hanno visitato l\u2019Archivio Storico Pirelli e partecipato ai laboratori creativi e formativi.<\/p>\n<p>Tra i quasi <strong>40 percorsi<\/strong> proposti, i pi\u00f9 richiesti sono stati quelli dedicati ai temi della <strong>sostenibilit\u00e0<\/strong>, che ha incluso la visita alla mostra in corso in Fondazione\u00a0<strong>\u201c<a href=\"https:\/\/www.fondazionepirelli.org\/it\/mostra\/pirelli-la-cultura-sostenibile\/\" target=\"_blank\" rel=\"noopener noreferrer\">Pirelli, la cultura sostenibile<\/a>\u201d<\/strong>, della <strong>grafica pubblicitaria<\/strong> e della <strong>sicurezza stradale<\/strong>. Bambini e ragazzi hanno messo in gioco tutta la loro creativit\u00e0 e capacit\u00e0 progettuale nel realizzare plastici di stabilimenti produttivi del futuro, bozzetti di pubblicit\u00e0, brevi filmati in stop motion e ancora fumetti e progetti per nuovi battistrada degli pneumatici, mettendo cos\u00ec in pratica quanto imparato durante la parte teorica dei percorsi.<\/p>\n<p>Diverse classi delle scuole secondarie di primo e secondo grado hanno avuto l\u2019occasione di visitare i <strong>laboratori chimici<\/strong> e il <strong>dipartimento di<\/strong> <strong>Ricerca e Sviluppo<\/strong> di Pirelli dove i ragazzi hanno potuto vedere l\u2019organizzazione di un moderno laboratorio scientifico e, passo dopo passo, le fasi di realizzazione dei prototopi dei nuovi pneumatici e i numerosi test a cui gli stessi pneumatici sono sottoposti prima di poter procedere con la produzione in serie. I ragazzi hanno scoperto cos\u00ec, affascinati, che un pneumatico non \u00e8 solo tondo e nero ma che le sue componenti, miscelate in maniera diversa con un sapiente lavoro artigianale, danno vita a prodotti con caratteristiche e prestazioni differenti. Fondazione Pirelli ha inoltre accompagnato i ragazzi pi\u00f9 grandi all\u2019interno di luoghi solitamente chiusi al pubblico: il <strong>Polo Industriale di Settimo Torinese,\u00a0 <\/strong>lo stabilimento tecnologicamente pi\u00f9 avanzato di Pirelli con la \u201cSpina\u201d di servizi progettata dall\u2019architetto <strong>Renzo Piano<\/strong>, e ancora l\u2019impianto di produzione robotizzata <strong>Next MIRS<\/strong>\u00a0di Milano Bicocca. Un modo unico e concreto per avvicinare anche i pi\u00f9 giovani al mondo della fabbrica e del lavoro.<\/p>\n<p>Da segnalare inoltre il successo del corso di formazione e aggiornamento per docenti <strong>Cinema &amp; Storia<\/strong> organizzato in collaborazione con <a href=\"https:\/\/www.fondazioneisec.it\/\" target=\"_blank\" rel=\"noopener noreferrer\"><strong>Fondazione Isec<\/strong><\/a> e <strong><a href=\"https:\/\/www.cinetecamilano.it\/\" target=\"_blank\" rel=\"noopener noreferrer\">Fondazione Cineteca Italiana<\/a>,<\/strong> dedicato quest\u2019anno al tema della <strong>\u201c<a href=\"https:\/\/www.fondazionepirelli.org\/it\/education\/cinema-storia-2016-2017-world-history-oltre-leurocentrismo-nuove-prospettive-di-divulgazione-e-insegnamento\/\" target=\"_blank\" rel=\"noopener noreferrer\">World History: oltre l\u2019Eurocentrismo<\/a>\u201d.<\/strong> Il corso, riconosciuto dal <strong>Ministero dell\u2019Istruzione, dell\u2019Universit\u00e0 e della Ricerca,<\/strong> ha visto la partecipazione di 120 professori delle scuole primarie e secondarie e di circa <strong>180 ragazzi<\/strong> che hanno assistito alle due proiezioni rivolte agli studenti.<\/p>\n<p>L\u2019estate sta per iniziare ma i nostri progetti non si fermano qui!<\/p>\n<p>Vi aspettiamo a settembre per la presentazione dei nuovi programmi per l\u2019anno scolastico 2017-2018.<\/p>\n","protected":false},"excerpt":{"rendered":"<p>Il progamma Educational per l\u2019anno scolastico 2016-2017 \u00e8 stato denso di novit\u00e0 e ha raccolto l\u2019entusiasmo di molti bambini e ragazzi. Da settembre a giugno infatti oltre 3000 studenti di 120 classi provenienti dalla Lombardia e da altre regioni italiane hanno visitato l\u2019Archivio Storico Pirelli e partecipato ai laboratori creativi e formativi. Tra i quasi [&hellip;]<\/p>\n","protected":false},"author":1,"featured_media":51650,"comment_status":"open","ping_status":"open","sticky":false,"template":"","format":"standard","meta":{"footnotes":""},"categories":[59,120],"tags":[],"class_list":["post-51649","post","type-post","status-publish","format-standard","has-post-thumbnail","hentry","category-education","category-fondazione-pirelli-educational"],"acf":[],"yoast_head":"<!-- This site is optimized with the Yoast SEO plugin v25.0 - https:\/\/yoast.com\/wordpress\/plugins\/seo\/ -->\n<title>Fondazione Pirelli Educational: un anno di laboratori e visite guidate per le scuole - Fondazione Pirelli<\/title>\n<meta name=\"robots\" content=\"index, follow, max-snippet:-1, max-image-preview:large, max-video-preview:-1\" \/>\n<link rel=\"canonical\" href=\"https:\/\/www.fondazionepirelli.org\/it\/education\/fondazione-pirelli-educational-si-conclude-lanno-di-laboratori-e-visite-guidate-per-le-scuole\/\" \/>\n<meta property=\"og:locale\" content=\"it_IT\" \/>\n<meta property=\"og:type\" content=\"article\" \/>\n<meta property=\"og:title\" content=\"Fondazione Pirelli Educational: un anno di laboratori e visite guidate per le scuole - Fondazione Pirelli\" \/>\n<meta property=\"og:description\" content=\"Il progamma Educational per l\u2019anno scolastico 2016-2017 \u00e8 stato denso di novit\u00e0 e ha raccolto l\u2019entusiasmo di molti bambini e ragazzi. Da settembre a giugno infatti oltre 3000 studenti di 120 classi provenienti dalla Lombardia e da altre regioni italiane hanno visitato l\u2019Archivio Storico Pirelli e partecipato ai laboratori creativi e formativi. Tra i quasi [&hellip;]\" \/>\n<meta property=\"og:url\" content=\"https:\/\/www.fondazionepirelli.org\/it\/education\/fondazione-pirelli-educational-si-conclude-lanno-di-laboratori-e-visite-guidate-per-le-scuole\/\" \/>\n<meta property=\"og:site_name\" content=\"Fondazione Pirelli\" \/>\n<meta property=\"article:published_time\" content=\"2017-06-12T00:00:00+00:00\" \/>\n<meta property=\"article:modified_time\" content=\"2020-01-10T16:07:17+00:00\" \/>\n<meta property=\"og:image\" content=\"https:\/\/wpsite-assets.fondazionepirelli.org\/wp-content\/uploads\/2019\/05\/20101347\/DSC_02083-e1578650879632.jpg\" \/>\n\t<meta property=\"og:image:width\" content=\"573\" \/>\n\t<meta property=\"og:image:height\" content=\"402\" \/>\n\t<meta property=\"og:image:type\" content=\"image\/jpeg\" \/>\n<meta name=\"author\" content=\"fondadmin\" \/>\n<meta name=\"twitter:card\" content=\"summary_large_image\" \/>\n<meta name=\"twitter:label1\" content=\"Scritto da\" \/>\n\t<meta name=\"twitter:data1\" content=\"fondadmin\" \/>\n\t<meta name=\"twitter:label2\" content=\"Tempo di lettura stimato\" \/>\n\t<meta name=\"twitter:data2\" content=\"2 minuti\" \/>\n<script type=\"application\/ld+json\" class=\"yoast-schema-graph\">{\"@context\":\"https:\/\/schema.org\",\"@graph\":[{\"@type\":\"WebPage\",\"@id\":\"https:\/\/www.fondazionepirelli.org\/it\/education\/fondazione-pirelli-educational-si-conclude-lanno-di-laboratori-e-visite-guidate-per-le-scuole\/\",\"url\":\"https:\/\/www.fondazionepirelli.org\/it\/education\/fondazione-pirelli-educational-si-conclude-lanno-di-laboratori-e-visite-guidate-per-le-scuole\/\",\"name\":\"Fondazione Pirelli Educational: un anno di laboratori e visite guidate per le scuole - Fondazione Pirelli\",\"isPartOf\":{\"@id\":\"https:\/\/www.fondazionepirelli.org\/it\/#website\"},\"primaryImageOfPage\":{\"@id\":\"https:\/\/www.fondazionepirelli.org\/it\/education\/fondazione-pirelli-educational-si-conclude-lanno-di-laboratori-e-visite-guidate-per-le-scuole\/#primaryimage\"},\"image\":{\"@id\":\"https:\/\/www.fondazionepirelli.org\/it\/education\/fondazione-pirelli-educational-si-conclude-lanno-di-laboratori-e-visite-guidate-per-le-scuole\/#primaryimage\"},\"thumbnailUrl\":\"https:\/\/wpsite-assets.fondazionepirelli.org\/wp-content\/uploads\/2019\/05\/20101347\/DSC_02083-e1578650879632.jpg\",\"datePublished\":\"2017-06-12T00:00:00+00:00\",\"dateModified\":\"2020-01-10T16:07:17+00:00\",\"author\":{\"@id\":\"https:\/\/www.fondazionepirelli.org\/it\/#\/schema\/person\/f47d097000832c4a6e54538c791fdf25\"},\"breadcrumb\":{\"@id\":\"https:\/\/www.fondazionepirelli.org\/it\/education\/fondazione-pirelli-educational-si-conclude-lanno-di-laboratori-e-visite-guidate-per-le-scuole\/#breadcrumb\"},\"inLanguage\":\"it-IT\",\"potentialAction\":[{\"@type\":\"ReadAction\",\"target\":[\"https:\/\/www.fondazionepirelli.org\/it\/education\/fondazione-pirelli-educational-si-conclude-lanno-di-laboratori-e-visite-guidate-per-le-scuole\/\"]}]},{\"@type\":\"ImageObject\",\"inLanguage\":\"it-IT\",\"@id\":\"https:\/\/www.fondazionepirelli.org\/it\/education\/fondazione-pirelli-educational-si-conclude-lanno-di-laboratori-e-visite-guidate-per-le-scuole\/#primaryimage\",\"url\":\"https:\/\/wpsite-assets.fondazionepirelli.org\/wp-content\/uploads\/2019\/05\/20101347\/DSC_02083-e1578650879632.jpg\",\"contentUrl\":\"https:\/\/wpsite-assets.fondazionepirelli.org\/wp-content\/uploads\/2019\/05\/20101347\/DSC_02083-e1578650879632.jpg\",\"width\":573,\"height\":402,\"caption\":\"||||||||||\"},{\"@type\":\"BreadcrumbList\",\"@id\":\"https:\/\/www.fondazionepirelli.org\/it\/education\/fondazione-pirelli-educational-si-conclude-lanno-di-laboratori-e-visite-guidate-per-le-scuole\/#breadcrumb\",\"itemListElement\":[{\"@type\":\"ListItem\",\"position\":1,\"name\":\"Home\",\"item\":\"https:\/\/www.fondazionepirelli.org\/it\/\"},{\"@type\":\"ListItem\",\"position\":2,\"name\":\"Fondazione Pirelli Educational: un anno di laboratori e visite guidate per le scuole\"}]},{\"@type\":\"WebSite\",\"@id\":\"https:\/\/www.fondazionepirelli.org\/it\/#website\",\"url\":\"https:\/\/www.fondazionepirelli.org\/it\/\",\"name\":\"Fondazione Pirelli\",\"description\":\"\",\"potentialAction\":[{\"@type\":\"SearchAction\",\"target\":{\"@type\":\"EntryPoint\",\"urlTemplate\":\"https:\/\/www.fondazionepirelli.org\/it\/?s={search_term_string}\"},\"query-input\":{\"@type\":\"PropertyValueSpecification\",\"valueRequired\":true,\"valueName\":\"search_term_string\"}}],\"inLanguage\":\"it-IT\"},{\"@type\":\"Person\",\"@id\":\"https:\/\/www.fondazionepirelli.org\/it\/#\/schema\/person\/f47d097000832c4a6e54538c791fdf25\",\"name\":\"fondadmin\",\"image\":{\"@type\":\"ImageObject\",\"inLanguage\":\"it-IT\",\"@id\":\"https:\/\/www.fondazionepirelli.org\/it\/#\/schema\/person\/image\/\",\"url\":\"https:\/\/secure.gravatar.com\/avatar\/e69498a9175ca244966e51e53c88712c024fcebe41f9a05f75657f1bb25e489b?s=96&d=mm&r=g\",\"contentUrl\":\"https:\/\/secure.gravatar.com\/avatar\/e69498a9175ca244966e51e53c88712c024fcebe41f9a05f75657f1bb25e489b?s=96&d=mm&r=g\",\"caption\":\"fondadmin\"},\"url\":\"https:\/\/www.fondazionepirelli.org\/it\/author\/fondadmin\/\"}]}<\/script>\n<!-- \/ Yoast SEO plugin. -->","yoast_head_json":{"title":"Fondazione Pirelli Educational: un anno di laboratori e visite guidate per le scuole - Fondazione Pirelli","robots":{"index":"index","follow":"follow","max-snippet":"max-snippet:-1","max-image-preview":"max-image-preview:large","max-video-preview":"max-video-preview:-1"},"canonical":"https:\/\/www.fondazionepirelli.org\/it\/education\/fondazione-pirelli-educational-si-conclude-lanno-di-laboratori-e-visite-guidate-per-le-scuole\/","og_locale":"it_IT","og_type":"article","og_title":"Fondazione Pirelli Educational: un anno di laboratori e visite guidate per le scuole - Fondazione Pirelli","og_description":"Il progamma Educational per l\u2019anno scolastico 2016-2017 \u00e8 stato denso di novit\u00e0 e ha raccolto l\u2019entusiasmo di molti bambini e ragazzi. Da settembre a giugno infatti oltre 3000 studenti di 120 classi provenienti dalla Lombardia e da altre regioni italiane hanno visitato l\u2019Archivio Storico Pirelli e partecipato ai laboratori creativi e formativi. Tra i quasi [&hellip;]","og_url":"https:\/\/www.fondazionepirelli.org\/it\/education\/fondazione-pirelli-educational-si-conclude-lanno-di-laboratori-e-visite-guidate-per-le-scuole\/","og_site_name":"Fondazione Pirelli","article_published_time":"2017-06-12T00:00:00+00:00","article_modified_time":"2020-01-10T16:07:17+00:00","og_image":[{"width":573,"height":402,"url":"https:\/\/wpsite-assets.fondazionepirelli.org\/wp-content\/uploads\/2019\/05\/20101347\/DSC_02083-e1578650879632.jpg","type":"image\/jpeg"}],"author":"fondadmin","twitter_card":"summary_large_image","twitter_misc":{"Scritto da":"fondadmin","Tempo di lettura stimato":"2 minuti"},"schema":{"@context":"https:\/\/schema.org","@graph":[{"@type":"WebPage","@id":"https:\/\/www.fondazionepirelli.org\/it\/education\/fondazione-pirelli-educational-si-conclude-lanno-di-laboratori-e-visite-guidate-per-le-scuole\/","url":"https:\/\/www.fondazionepirelli.org\/it\/education\/fondazione-pirelli-educational-si-conclude-lanno-di-laboratori-e-visite-guidate-per-le-scuole\/","name":"Fondazione Pirelli Educational: un anno di laboratori e visite guidate per le scuole - Fondazione Pirelli","isPartOf":{"@id":"https:\/\/www.fondazionepirelli.org\/it\/#website"},"primaryImageOfPage":{"@id":"https:\/\/www.fondazionepirelli.org\/it\/education\/fondazione-pirelli-educational-si-conclude-lanno-di-laboratori-e-visite-guidate-per-le-scuole\/#primaryimage"},"image":{"@id":"https:\/\/www.fondazionepirelli.org\/it\/education\/fondazione-pirelli-educational-si-conclude-lanno-di-laboratori-e-visite-guidate-per-le-scuole\/#primaryimage"},"thumbnailUrl":"https:\/\/wpsite-assets.fondazionepirelli.org\/wp-content\/uploads\/2019\/05\/20101347\/DSC_02083-e1578650879632.jpg","datePublished":"2017-06-12T00:00:00+00:00","dateModified":"2020-01-10T16:07:17+00:00","author":{"@id":"https:\/\/www.fondazionepirelli.org\/it\/#\/schema\/person\/f47d097000832c4a6e54538c791fdf25"},"breadcrumb":{"@id":"https:\/\/www.fondazionepirelli.org\/it\/education\/fondazione-pirelli-educational-si-conclude-lanno-di-laboratori-e-visite-guidate-per-le-scuole\/#breadcrumb"},"inLanguage":"it-IT","potentialAction":[{"@type":"ReadAction","target":["https:\/\/www.fondazionepirelli.org\/it\/education\/fondazione-pirelli-educational-si-conclude-lanno-di-laboratori-e-visite-guidate-per-le-scuole\/"]}]},{"@type":"ImageObject","inLanguage":"it-IT","@id":"https:\/\/www.fondazionepirelli.org\/it\/education\/fondazione-pirelli-educational-si-conclude-lanno-di-laboratori-e-visite-guidate-per-le-scuole\/#primaryimage","url":"https:\/\/wpsite-assets.fondazionepirelli.org\/wp-content\/uploads\/2019\/05\/20101347\/DSC_02083-e1578650879632.jpg","contentUrl":"https:\/\/wpsite-assets.fondazionepirelli.org\/wp-content\/uploads\/2019\/05\/20101347\/DSC_02083-e1578650879632.jpg","width":573,"height":402,"caption":"||||||||||"},{"@type":"BreadcrumbList","@id":"https:\/\/www.fondazionepirelli.org\/it\/education\/fondazione-pirelli-educational-si-conclude-lanno-di-laboratori-e-visite-guidate-per-le-scuole\/#breadcrumb","itemListElement":[{"@type":"ListItem","position":1,"name":"Home","item":"https:\/\/www.fondazionepirelli.org\/it\/"},{"@type":"ListItem","position":2,"name":"Fondazione Pirelli Educational: un anno di laboratori e visite guidate per le scuole"}]},{"@type":"WebSite","@id":"https:\/\/www.fondazionepirelli.org\/it\/#website","url":"https:\/\/www.fondazionepirelli.org\/it\/","name":"Fondazione Pirelli","description":"","potentialAction":[{"@type":"SearchAction","target":{"@type":"EntryPoint","urlTemplate":"https:\/\/www.fondazionepirelli.org\/it\/?s={search_term_string}"},"query-input":{"@type":"PropertyValueSpecification","valueRequired":true,"valueName":"search_term_string"}}],"inLanguage":"it-IT"},{"@type":"Person","@id":"https:\/\/www.fondazionepirelli.org\/it\/#\/schema\/person\/f47d097000832c4a6e54538c791fdf25","name":"fondadmin","image":{"@type":"ImageObject","inLanguage":"it-IT","@id":"https:\/\/www.fondazionepirelli.org\/it\/#\/schema\/person\/image\/","url":"https:\/\/secure.gravatar.com\/avatar\/e69498a9175ca244966e51e53c88712c024fcebe41f9a05f75657f1bb25e489b?s=96&d=mm&r=g","contentUrl":"https:\/\/secure.gravatar.com\/avatar\/e69498a9175ca244966e51e53c88712c024fcebe41f9a05f75657f1bb25e489b?s=96&d=mm&r=g","caption":"fondadmin"},"url":"https:\/\/www.fondazionepirelli.org\/it\/author\/fondadmin\/"}]}},"_links":{"self":[{"href":"https:\/\/www.fondazionepirelli.org\/it\/wp-json\/wp\/v2\/posts\/51649\/"}],"collection":[{"href":"https:\/\/www.fondazionepirelli.org\/it\/wp-json\/wp\/v2\/posts\/"}],"about":[{"href":"https:\/\/www.fondazionepirelli.org\/it\/wp-json\/wp\/v2\/types\/post\/"}],"author":[{"embeddable":true,"href":"https:\/\/www.fondazionepirelli.org\/it\/wp-json\/wp\/v2\/users\/1\/"}],"replies":[{"embeddable":true,"href":"https:\/\/www.fondazionepirelli.org\/it\/wp-json\/wp\/v2\/comments\/?post=51649"}],"version-history":[{"count":8,"href":"https:\/\/www.fondazionepirelli.org\/it\/wp-json\/wp\/v2\/posts\/51649\/revisions\/"}],"predecessor-version":[{"id":73551,"href":"https:\/\/www.fondazionepirelli.org\/it\/wp-json\/wp\/v2\/posts\/51649\/revisions\/73551\/"}],"wp:featuredmedia":[{"embeddable":true,"href":"https:\/\/www.fondazionepirelli.org\/it\/wp-json\/wp\/v2\/media\/51650\/"}],"wp:attachment":[{"href":"https:\/\/www.fondazionepirelli.org\/it\/wp-json\/wp\/v2\/media\/?parent=51649"}],"wp:term":[{"taxonomy":"category","embeddable":true,"href":"https:\/\/www.fondazionepirelli.org\/it\/wp-json\/wp\/v2\/categories\/?post=51649"},{"taxonomy":"post_tag","embeddable":true,"href":"https:\/\/www.fondazionepirelli.org\/it\/wp-json\/wp\/v2\/tags\/?post=51649"}],"curies":[{"name":"wp","href":"https:\/\/api.w.org\/{rel}","templated":true}]}}