{"id":51657,"date":"2017-06-06T00:00:00","date_gmt":"2017-06-06T00:00:00","guid":{"rendered":"http:\/\/www.fondazionepirelli.org\/fondazione-pirelli\/cultura-dimpresa-manageriale\/"},"modified":"2019-05-09T13:05:28","modified_gmt":"2019-05-09T13:05:28","slug":"cultura-dimpresa-manageriale","status":"publish","type":"post","link":"https:\/\/www.fondazionepirelli.org\/it\/cultura-dimpresa\/cultura-dimpresa-manageriale\/","title":{"rendered":"Cultura d\u2019impresa manageriale"},"content":{"rendered":"<p><em>Un libro racconta il percorso che porta i manager \u00a0a diventare imprenditori. La teoria e le esperienze di vita di chi ha fatto questa strada<\/em><\/p><p>Si pu\u00f2 diventare imprenditori percorrendo strade diverse. Individuarne i percorsi \u00e8 interessante ma anche importante per comprendere come un sistema economico pu\u00f2 uscire da una crisi, evolversi, crescere. Pi\u00f9 in generale, il percorso che porta all\u2019imprenditorialit\u00e0 \u00e8 comunque un\u2019esperienza che va raccontata, magari perch\u00e9 \u00e8 possibile trarne spunto per altri percorsi simili.<\/p>\n<p>E\u2019 per tutto questo insieme di motivi che \u00e8 utile leggere \u201cDa <em>manager<\/em> a imprenditore. Come le <em>start<\/em>&#8211;<em>up<\/em> dei cinquantenni possono far ripartire la nostra economia\u201d scritto a quattro mani da Gian Franco Goeta (che da oltre 20 anni lavora come <em>executive<\/em> <em>coach<\/em>, professione di cui \u00e8 stato precursore in Italia) e\u00a0Leopoldo Ferr\u00e9 (con una trentennale esperienza nell&#8217;accompagnare persone, <em>team<\/em> e organizzazioni a innovarsi, trasformarsi e migliorare).<\/p>\n<p>I due autori partono in effetti non tanto dall\u2019analisi di singoli casi aziendali ma da uno sguardo d\u2019insieme. Per riprendere la crescita \u2013 \u00e8 la tesi -, l&#8217;Italia ha bisogno di generare nei prossimi anni 3 milioni di posti di lavoro. Solo cos\u00ec potr\u00e0 dare una prospettiva ai suoi giovani e mantenere attivi gli over 55, che entro il 2030 saranno alcuni milioni in pi\u00f9. \u00c8 immaginabile che le imprese esistenti possano offrire occupazione incrementale in proporzione adeguata, quando negli ultimi decenni hanno drasticamente ridotto i loro ranghi? O che la crescita occupazionale possa essere garantita dal tradizionale\u00a0<em>deus ex machina<\/em>, lo Stato, visto il debito accumulato? La risposta \u00e8 no. Secondo gli autori, appunto, il problema pu\u00f2 essere risolto solo dal moltiplicarsi di nuove iniziative imprenditoriali. Anche e forse soprattutto di chi prima era <em>manager. <\/em><\/p>\n<p>Il libro quindi si concentra su questa nuova classe imprenditoriale, portatrice di esperienze e competenze importanti e molto diversa dalle precedenti.<\/p>\n<p>Partendo dalle proprie esperienze, i due autori si pongono l&#8217;obiettivo di aiutare a fare in modo che il passaggio da <em>manager<\/em> a imprenditori \u201cnon sia un salto nel vuoto, ma un percorso sistematico che rafforzi la consapevolezza delle proprie potenzialit\u00e0 e dei propri limiti, aumenti le probabilit\u00e0 di successo, costruisca un <em>business<\/em> sostenibile nel tempo, stimoli ad accrescere le competenze richieste, aiuti a trovare i <em>partner<\/em> giusti, a muoversi verso i clienti e cos\u00ec via\u201d.<\/p>\n<p>La narrazione inizia con l\u2019immagine suggestiva di un passaggio \u201cdall&#8217;imprenditorialit\u00e0 elitaria all&#8217;imprenditorialit\u00e0 di massa\u201d per poi guardare i fattori di successo emergenti, il percorso preliminare del neoimprenditore e infine il \u00a0modello e il piano di <em>business <\/em>che \u00e8 bene adottare. Si passa poi ai racconti di diversi <em>manager <\/em>\u00a0che sono diventati imprenditori per finire con una carrellata di \u201canalisi di esperti\u201d sul fenomeno.<\/p>\n<p>Il libro di Goeta e Ferr\u00e9 \u00e8 da leggere con attenzione e senso vigile. Uno strumento per comprendere una realt\u00e0 molto diversa dal passato.<\/p><p><strong>Da manager a imprenditore. Come le start-up dei cinquantenni possono far ripartire la nostra economia<\/strong><\/p>\n<p>Gian Franco Goeta,\u00a0Leopoldo Ferr\u00e9<\/p>\n<p>Franco Angeli, 2017<\/p>","protected":false},"excerpt":{"rendered":"<p>Un libro racconta il percorso che porta i manager \u00a0a diventare imprenditori. La teoria e le esperienze di vita di chi ha fatto questa stradaSi pu\u00f2 diventare imprenditori percorrendo strade diverse. Individuarne i percorsi \u00e8 interessante ma anche importante per comprendere come un sistema economico pu\u00f2 uscire da una crisi, evolversi, crescere. Pi\u00f9 in generale, [&hellip;]<\/p>\n","protected":false},"author":1,"featured_media":51658,"comment_status":"open","ping_status":"open","sticky":false,"template":"","format":"standard","meta":{"footnotes":""},"categories":[52,58],"tags":[],"class_list":["post-51657","post","type-post","status-publish","format-standard","has-post-thumbnail","hentry","category-cultura-dimpresa","category-recensioni-libri"],"acf":[],"yoast_head":"<!-- This site is optimized with the Yoast SEO plugin v25.0 - https:\/\/yoast.com\/wordpress\/plugins\/seo\/ -->\n<title>Cultura d\u2019impresa manageriale - Fondazione Pirelli<\/title>\n<meta name=\"robots\" content=\"index, follow, max-snippet:-1, max-image-preview:large, max-video-preview:-1\" \/>\n<link rel=\"canonical\" href=\"https:\/\/www.fondazionepirelli.org\/it\/cultura-dimpresa\/cultura-dimpresa-manageriale\/\" \/>\n<meta property=\"og:locale\" content=\"it_IT\" \/>\n<meta property=\"og:type\" content=\"article\" \/>\n<meta property=\"og:title\" content=\"Cultura d\u2019impresa manageriale - Fondazione Pirelli\" \/>\n<meta property=\"og:description\" content=\"Un libro racconta il percorso che porta i manager \u00a0a diventare imprenditori. La teoria e le esperienze di vita di chi ha fatto questa stradaSi pu\u00f2 diventare imprenditori percorrendo strade diverse. Individuarne i percorsi \u00e8 interessante ma anche importante per comprendere come un sistema economico pu\u00f2 uscire da una crisi, evolversi, crescere. Pi\u00f9 in generale, [&hellip;]\" \/>\n<meta property=\"og:url\" content=\"https:\/\/www.fondazionepirelli.org\/it\/cultura-dimpresa\/cultura-dimpresa-manageriale\/\" \/>\n<meta property=\"og:site_name\" content=\"Fondazione Pirelli\" \/>\n<meta property=\"article:published_time\" content=\"2017-06-06T00:00:00+00:00\" \/>\n<meta property=\"article:modified_time\" content=\"2019-05-09T13:05:28+00:00\" \/>\n<meta property=\"og:image\" content=\"https:\/\/wpsite-assets.fondazionepirelli.org\/wp-content\/uploads\/2019\/05\/20101346\/gaeta.jpg\" \/>\n\t<meta property=\"og:image:width\" content=\"333\" \/>\n\t<meta property=\"og:image:height\" content=\"477\" \/>\n\t<meta property=\"og:image:type\" content=\"image\/jpeg\" \/>\n<meta name=\"author\" content=\"fondadmin\" \/>\n<meta name=\"twitter:card\" content=\"summary_large_image\" \/>\n<meta name=\"twitter:label1\" content=\"Scritto da\" \/>\n\t<meta name=\"twitter:data1\" content=\"fondadmin\" \/>\n\t<meta name=\"twitter:label2\" content=\"Tempo di lettura stimato\" \/>\n\t<meta name=\"twitter:data2\" content=\"2 minuti\" \/>\n<script type=\"application\/ld+json\" class=\"yoast-schema-graph\">{\"@context\":\"https:\/\/schema.org\",\"@graph\":[{\"@type\":\"WebPage\",\"@id\":\"https:\/\/www.fondazionepirelli.org\/it\/cultura-dimpresa\/cultura-dimpresa-manageriale\/\",\"url\":\"https:\/\/www.fondazionepirelli.org\/it\/cultura-dimpresa\/cultura-dimpresa-manageriale\/\",\"name\":\"Cultura d\u2019impresa manageriale - Fondazione Pirelli\",\"isPartOf\":{\"@id\":\"https:\/\/www.fondazionepirelli.org\/it\/#website\"},\"primaryImageOfPage\":{\"@id\":\"https:\/\/www.fondazionepirelli.org\/it\/cultura-dimpresa\/cultura-dimpresa-manageriale\/#primaryimage\"},\"image\":{\"@id\":\"https:\/\/www.fondazionepirelli.org\/it\/cultura-dimpresa\/cultura-dimpresa-manageriale\/#primaryimage\"},\"thumbnailUrl\":\"https:\/\/wpsite-assets.fondazionepirelli.org\/wp-content\/uploads\/2019\/05\/20101346\/gaeta.jpg\",\"datePublished\":\"2017-06-06T00:00:00+00:00\",\"dateModified\":\"2019-05-09T13:05:28+00:00\",\"author\":{\"@id\":\"https:\/\/www.fondazionepirelli.org\/it\/#\/schema\/person\/f47d097000832c4a6e54538c791fdf25\"},\"breadcrumb\":{\"@id\":\"https:\/\/www.fondazionepirelli.org\/it\/cultura-dimpresa\/cultura-dimpresa-manageriale\/#breadcrumb\"},\"inLanguage\":\"it-IT\",\"potentialAction\":[{\"@type\":\"ReadAction\",\"target\":[\"https:\/\/www.fondazionepirelli.org\/it\/cultura-dimpresa\/cultura-dimpresa-manageriale\/\"]}]},{\"@type\":\"ImageObject\",\"inLanguage\":\"it-IT\",\"@id\":\"https:\/\/www.fondazionepirelli.org\/it\/cultura-dimpresa\/cultura-dimpresa-manageriale\/#primaryimage\",\"url\":\"https:\/\/wpsite-assets.fondazionepirelli.org\/wp-content\/uploads\/2019\/05\/20101346\/gaeta.jpg\",\"contentUrl\":\"https:\/\/wpsite-assets.fondazionepirelli.org\/wp-content\/uploads\/2019\/05\/20101346\/gaeta.jpg\",\"width\":333,\"height\":477},{\"@type\":\"BreadcrumbList\",\"@id\":\"https:\/\/www.fondazionepirelli.org\/it\/cultura-dimpresa\/cultura-dimpresa-manageriale\/#breadcrumb\",\"itemListElement\":[{\"@type\":\"ListItem\",\"position\":1,\"name\":\"Home\",\"item\":\"https:\/\/www.fondazionepirelli.org\/it\/\"},{\"@type\":\"ListItem\",\"position\":2,\"name\":\"Cultura d\u2019impresa manageriale\"}]},{\"@type\":\"WebSite\",\"@id\":\"https:\/\/www.fondazionepirelli.org\/it\/#website\",\"url\":\"https:\/\/www.fondazionepirelli.org\/it\/\",\"name\":\"Fondazione Pirelli\",\"description\":\"\",\"potentialAction\":[{\"@type\":\"SearchAction\",\"target\":{\"@type\":\"EntryPoint\",\"urlTemplate\":\"https:\/\/www.fondazionepirelli.org\/it\/?s={search_term_string}\"},\"query-input\":{\"@type\":\"PropertyValueSpecification\",\"valueRequired\":true,\"valueName\":\"search_term_string\"}}],\"inLanguage\":\"it-IT\"},{\"@type\":\"Person\",\"@id\":\"https:\/\/www.fondazionepirelli.org\/it\/#\/schema\/person\/f47d097000832c4a6e54538c791fdf25\",\"name\":\"fondadmin\",\"image\":{\"@type\":\"ImageObject\",\"inLanguage\":\"it-IT\",\"@id\":\"https:\/\/www.fondazionepirelli.org\/it\/#\/schema\/person\/image\/\",\"url\":\"https:\/\/secure.gravatar.com\/avatar\/e69498a9175ca244966e51e53c88712c024fcebe41f9a05f75657f1bb25e489b?s=96&d=mm&r=g\",\"contentUrl\":\"https:\/\/secure.gravatar.com\/avatar\/e69498a9175ca244966e51e53c88712c024fcebe41f9a05f75657f1bb25e489b?s=96&d=mm&r=g\",\"caption\":\"fondadmin\"},\"url\":\"https:\/\/www.fondazionepirelli.org\/it\/author\/fondadmin\/\"}]}<\/script>\n<!-- \/ Yoast SEO plugin. -->","yoast_head_json":{"title":"Cultura d\u2019impresa manageriale - Fondazione Pirelli","robots":{"index":"index","follow":"follow","max-snippet":"max-snippet:-1","max-image-preview":"max-image-preview:large","max-video-preview":"max-video-preview:-1"},"canonical":"https:\/\/www.fondazionepirelli.org\/it\/cultura-dimpresa\/cultura-dimpresa-manageriale\/","og_locale":"it_IT","og_type":"article","og_title":"Cultura d\u2019impresa manageriale - Fondazione Pirelli","og_description":"Un libro racconta il percorso che porta i manager \u00a0a diventare imprenditori. La teoria e le esperienze di vita di chi ha fatto questa stradaSi pu\u00f2 diventare imprenditori percorrendo strade diverse. Individuarne i percorsi \u00e8 interessante ma anche importante per comprendere come un sistema economico pu\u00f2 uscire da una crisi, evolversi, crescere. Pi\u00f9 in generale, [&hellip;]","og_url":"https:\/\/www.fondazionepirelli.org\/it\/cultura-dimpresa\/cultura-dimpresa-manageriale\/","og_site_name":"Fondazione Pirelli","article_published_time":"2017-06-06T00:00:00+00:00","article_modified_time":"2019-05-09T13:05:28+00:00","og_image":[{"width":333,"height":477,"url":"https:\/\/wpsite-assets.fondazionepirelli.org\/wp-content\/uploads\/2019\/05\/20101346\/gaeta.jpg","type":"image\/jpeg"}],"author":"fondadmin","twitter_card":"summary_large_image","twitter_misc":{"Scritto da":"fondadmin","Tempo di lettura stimato":"2 minuti"},"schema":{"@context":"https:\/\/schema.org","@graph":[{"@type":"WebPage","@id":"https:\/\/www.fondazionepirelli.org\/it\/cultura-dimpresa\/cultura-dimpresa-manageriale\/","url":"https:\/\/www.fondazionepirelli.org\/it\/cultura-dimpresa\/cultura-dimpresa-manageriale\/","name":"Cultura d\u2019impresa manageriale - Fondazione Pirelli","isPartOf":{"@id":"https:\/\/www.fondazionepirelli.org\/it\/#website"},"primaryImageOfPage":{"@id":"https:\/\/www.fondazionepirelli.org\/it\/cultura-dimpresa\/cultura-dimpresa-manageriale\/#primaryimage"},"image":{"@id":"https:\/\/www.fondazionepirelli.org\/it\/cultura-dimpresa\/cultura-dimpresa-manageriale\/#primaryimage"},"thumbnailUrl":"https:\/\/wpsite-assets.fondazionepirelli.org\/wp-content\/uploads\/2019\/05\/20101346\/gaeta.jpg","datePublished":"2017-06-06T00:00:00+00:00","dateModified":"2019-05-09T13:05:28+00:00","author":{"@id":"https:\/\/www.fondazionepirelli.org\/it\/#\/schema\/person\/f47d097000832c4a6e54538c791fdf25"},"breadcrumb":{"@id":"https:\/\/www.fondazionepirelli.org\/it\/cultura-dimpresa\/cultura-dimpresa-manageriale\/#breadcrumb"},"inLanguage":"it-IT","potentialAction":[{"@type":"ReadAction","target":["https:\/\/www.fondazionepirelli.org\/it\/cultura-dimpresa\/cultura-dimpresa-manageriale\/"]}]},{"@type":"ImageObject","inLanguage":"it-IT","@id":"https:\/\/www.fondazionepirelli.org\/it\/cultura-dimpresa\/cultura-dimpresa-manageriale\/#primaryimage","url":"https:\/\/wpsite-assets.fondazionepirelli.org\/wp-content\/uploads\/2019\/05\/20101346\/gaeta.jpg","contentUrl":"https:\/\/wpsite-assets.fondazionepirelli.org\/wp-content\/uploads\/2019\/05\/20101346\/gaeta.jpg","width":333,"height":477},{"@type":"BreadcrumbList","@id":"https:\/\/www.fondazionepirelli.org\/it\/cultura-dimpresa\/cultura-dimpresa-manageriale\/#breadcrumb","itemListElement":[{"@type":"ListItem","position":1,"name":"Home","item":"https:\/\/www.fondazionepirelli.org\/it\/"},{"@type":"ListItem","position":2,"name":"Cultura d\u2019impresa manageriale"}]},{"@type":"WebSite","@id":"https:\/\/www.fondazionepirelli.org\/it\/#website","url":"https:\/\/www.fondazionepirelli.org\/it\/","name":"Fondazione Pirelli","description":"","potentialAction":[{"@type":"SearchAction","target":{"@type":"EntryPoint","urlTemplate":"https:\/\/www.fondazionepirelli.org\/it\/?s={search_term_string}"},"query-input":{"@type":"PropertyValueSpecification","valueRequired":true,"valueName":"search_term_string"}}],"inLanguage":"it-IT"},{"@type":"Person","@id":"https:\/\/www.fondazionepirelli.org\/it\/#\/schema\/person\/f47d097000832c4a6e54538c791fdf25","name":"fondadmin","image":{"@type":"ImageObject","inLanguage":"it-IT","@id":"https:\/\/www.fondazionepirelli.org\/it\/#\/schema\/person\/image\/","url":"https:\/\/secure.gravatar.com\/avatar\/e69498a9175ca244966e51e53c88712c024fcebe41f9a05f75657f1bb25e489b?s=96&d=mm&r=g","contentUrl":"https:\/\/secure.gravatar.com\/avatar\/e69498a9175ca244966e51e53c88712c024fcebe41f9a05f75657f1bb25e489b?s=96&d=mm&r=g","caption":"fondadmin"},"url":"https:\/\/www.fondazionepirelli.org\/it\/author\/fondadmin\/"}]}},"_links":{"self":[{"href":"https:\/\/www.fondazionepirelli.org\/it\/wp-json\/wp\/v2\/posts\/51657\/"}],"collection":[{"href":"https:\/\/www.fondazionepirelli.org\/it\/wp-json\/wp\/v2\/posts\/"}],"about":[{"href":"https:\/\/www.fondazionepirelli.org\/it\/wp-json\/wp\/v2\/types\/post\/"}],"author":[{"embeddable":true,"href":"https:\/\/www.fondazionepirelli.org\/it\/wp-json\/wp\/v2\/users\/1\/"}],"replies":[{"embeddable":true,"href":"https:\/\/www.fondazionepirelli.org\/it\/wp-json\/wp\/v2\/comments\/?post=51657"}],"version-history":[{"count":1,"href":"https:\/\/www.fondazionepirelli.org\/it\/wp-json\/wp\/v2\/posts\/51657\/revisions\/"}],"predecessor-version":[{"id":53481,"href":"https:\/\/www.fondazionepirelli.org\/it\/wp-json\/wp\/v2\/posts\/51657\/revisions\/53481\/"}],"wp:featuredmedia":[{"embeddable":true,"href":"https:\/\/www.fondazionepirelli.org\/it\/wp-json\/wp\/v2\/media\/51658\/"}],"wp:attachment":[{"href":"https:\/\/www.fondazionepirelli.org\/it\/wp-json\/wp\/v2\/media\/?parent=51657"}],"wp:term":[{"taxonomy":"category","embeddable":true,"href":"https:\/\/www.fondazionepirelli.org\/it\/wp-json\/wp\/v2\/categories\/?post=51657"},{"taxonomy":"post_tag","embeddable":true,"href":"https:\/\/www.fondazionepirelli.org\/it\/wp-json\/wp\/v2\/tags\/?post=51657"}],"curies":[{"name":"wp","href":"https:\/\/api.w.org\/{rel}","templated":true}]}}