{"id":51693,"date":"2017-05-16T00:00:00","date_gmt":"2017-05-16T00:00:00","guid":{"rendered":"http:\/\/www.fondazionepirelli.org\/fondazione-pirelli\/il-museo-del-futuro-e-la-fabbrica-bella-le-discussioni-aspen-su-cultura-e-impresa\/"},"modified":"2019-05-30T16:30:39","modified_gmt":"2019-05-30T16:30:39","slug":"il-museo-del-futuro-e-la-fabbrica-bella-le-discussioni-aspen-su-cultura-e-impresa","status":"publish","type":"post","link":"https:\/\/www.fondazionepirelli.org\/it\/cultura-dimpresa\/il-museo-del-futuro-e-la-fabbrica-bella-le-discussioni-aspen-su-cultura-e-impresa\/","title":{"rendered":"Il &#8220;Museo del futuro&#8221; e la &#8220;fabbrica bella&#8221;: le discussioni Aspen su cultura e impresa"},"content":{"rendered":"<p>Pu\u00f2 sembrare un ossimoro, dire &#8220;<strong>il museo del futuro<\/strong>&#8220;. Due parole che si negano a vicenda. Una, usata per definire il luogo di conservazione del passato. L&#8217;altra, per indicare l&#8217;orizzonte di tutto ci\u00f2 che \u00e8 ancora da fare. Eppure, a pensarci bene, la contraddizione \u00e8 solo apparente. Perch\u00e9 proprio la riflessione critica sul passato offre straordinarie chiavi di miglior comprensione della contemporaneit\u00e0. E l&#8217;<strong>innovazione<\/strong>, per quanto caratterizzata da discontinuit\u00e0, ha comunque bisogno di una robusta e radicale rielaborazione delle esperienze gi\u00e0 fatte, prima di diventare essa stessa esperienza, storia, documento da conservare e valorizzare. Memoria e futuro, dunque, come sintesi, sinergia dialettica fertile. Conoscenze orientate al cambiamento.<\/p>\n<p>Sta probabilmente qui la radice della scelta dell&#8217;<strong>Aspen Institute Italia<\/strong> di organizzare una delle sue discussioni proprio su &#8220;Il Museo del futuro&#8221;, nella Sala della Passione della Pinacoteca di Brera, la scorsa settimana, a Milano, mettendo a confronto imprenditori, manager, responsabili di istituzioni, personalit\u00e0 della cultura ed esperti d&#8217;arte di generazioni diverse (pi\u00f9 di met\u00e0, trentenni) per discutere di valorizzazione dei beni culturali nel rapporto tra &#8220;pubblico&#8221; e &#8220;privato&#8221;, di nuove professioni culturali, di valore della &#8220;grande bellezza&#8221; di cui l&#8217;Italia \u00e8 principale testimone internazionale (anche se troppo spesso ne \u00e8 custode mediocre e scadente promotore) e soprattutto di relazione tra patrimonio storico e artistico e tecnologie digitali (&#8220;A cosa serve un museo nell&#8217;era di Internet?&#8221;).<\/p>\n<p>Un dibattito approfondito. Utile per muoversi nel vasto e stimolante territorio contenuto da due confini: il rifiuto di considerare il museo come &#8220;<strong>cimitero di culture passate<\/strong>&#8221; e la consapevolezza di dover andare oltre &#8220;il rischio del positivismo tecnologico&#8221;, oltre cio\u00e8 la falsa credenza che l&#8217;esperienza sia racchiudibile &#8220;dentro&#8221; uno schermo hi tech, grazie al quale, senza alzarsi dal divano di casa, muoversi nelle sale d&#8217;un museo, &#8220;esplorare&#8221; la Cappella Sistina, visitare una collezione d&#8217;arte, assistere a un&#8217;opera teatrale.<\/p>\n<p>Sfuggendo alla falsa contrapposizione tra &#8220;apocalittici&#8221; e &#8220;integrati&#8221;, c&#8217;\u00e8 da capire come usare gli strumenti digital per conoscere e capire meglio (divertendosi) i quadri di Caravaggio e di Mantegna custoditi, appunto, a Brera. Cos&#8217;\u00e8 dunque oggi un museo?<\/p>\n<p>Il museo \u00e8 un luogo della comunit\u00e0, in cui si conserva e si valorizza una conoscenza che \u00e8 cardine di una identit\u00e0 ricca, molteplice, capace di emozionare e formare nuove generazioni. Ed \u00e8 anche uno spazio in cui testimoniare l&#8217;evoluzione della conoscenza e l&#8217;incrocio creativo tra scienze umane e tecnologie, sanando, proprio oggi, la falsa frattura tra umanesimo e scienza. Un esempio: fermarsi davanti a un quadro di Antonello da Messina, guardarne in profondit\u00e0 la forza di raffigurazione del volto d&#8217;una Madonna o dell'&#8221;Ignoto marinaio&#8221; e rivivere, sullo schermo d&#8217;un computer, l&#8217;appassionata ricerca delle vernici in grado di dare, all&#8217;olio della pittura, una inedita luminosit\u00e0, una straordinaria intensit\u00e0 della luce. Antonello come artista e come chimico d&#8217;avanguardia. Antonello da esporre al Museo della Scienza e della Tecnica di Milano.<\/p>\n<p>Gi\u00e0, proprio a Milano, citt\u00e0 in cui da sempre, nella storia, creativit\u00e0 artistica e innovazione scientifica hanno camminato insieme, sino ai tempi dell&#8217;eccellenza di Leonardo (il Codice Atlantico alla Biblioteca Ambrosiana ne \u00e8 sintesi straordinaria), alle migliori sperimentazioni del Futurismo nelle stagioni dell&#8217;avvio dell&#8217;industrializzazione di massa, ai tempi (anni Cinquanta e Sessanta) di Lucio Fontana nei bar e negli atelier di Brera e di Giulio Natta, premio Nobel per la chimica, nei laboratori delle grandi industrie (Pirelli e Montecatini) e dell&#8217;universit\u00e0.<\/p>\n<p>Museo, ancora, come luogo della storia. E degli stimoli d&#8217;una cultura &#8220;pop&#8221; che giochi in continuazione sull&#8217;espressione della contemporaneit\u00e0, con sguardo futuribile. Museo come nodo d&#8217;una rete che colleghi spazi storici e gallerie d&#8217;arte, centri di ricerca universitari pubblici e privati. E imprese, biblioteche e aule in cui ridiscutere la nuova attualit\u00e0 di grandi autori del Novecento europeo, dal Gramsci dei &#8220;Quaderni del carcere&#8221; (studiato a fondo proprio sui temi della cultura popolare da ricercatori negli Usa e in Gran Bretagna) all&#8217;Heidegger di &#8220;Essere e Tempo&#8221; le cui riedizioni critiche, al di l\u00e0 delle polemiche politiche, riaprono dibattiti sulle relazioni autentico-inautentico, su alcuni temi cardine delle responsabilit\u00e0 del fare cultura.<\/p>\n<p>Musei, dunque, come centri dell&#8217;innovazione. Proprio nel cuore della cultura d&#8217;impresa.<\/p>\n<p>Che rapporti dunque costruire su impresa e museo, tra produzione, conservazione, valorizzazione? Il punto di sintesi sta nella lezione di un grande storico come Carlo Maria Cipolla sull&#8217;attitudine degli italiani &#8220;a produrre, fin dal Medio Evo, all&#8217;ombra dei campanili, cose belle che piacciono al mondo&#8221;. Stabilire e rinnovare un rapporto tra impresa e cultura, manifattura e creativit\u00e0, \u00e8 indispensabile per rafforzare la competitivit\u00e0 dell&#8217;industria. Giocata sulla qualit\u00e0, sul &#8220;bello e ben fatto&#8221;.<\/p>\n<p>La relazione \u00e8 ancora pi\u00f9 profonda.<\/p>\n<p>Nel tempo della crisi e della rottura di tradizionali paradigmi sociali ed economici (ne abbiamo scritto pi\u00f9 volte in questo blog), servono nuove mappe per raccontare interessi, conflitti, scambi. Per tracciare, insomma, un&#8217;originale geo-economia della competizione internazionale. Resta troppo forte l&#8217;influenza di una finanza speculativa che domina e distorce la globalizzazione. E troppo debole una politica che abdica al proprio diritto-dovere di e fare rispettare regole di sviluppo pi\u00f9 equilibrato, giusto, sostenibile.<\/p>\n<p>E&#8217; necessaria dunque una cultura ispirata a un nuovo &#8220;umanesimo industriale&#8221;, una cultura politecnica che tenga insieme conoscenze umanistiche e competenze scientifiche, secondo l&#8217;ispirazione che nel corso lungo della storia d&#8217;Europa ha determinato il pensiero critico del progresso, della ricerca, delle libert\u00e0. E tra i luoghi privilegiati di questo &#8220;umanesimo&#8221; c&#8217;\u00e8 il &#8220;museo del futuro&#8221;. E ci sono le &#8220;<strong>neo-fabbriche<\/strong>&#8221; dove le tradizionali competenze manifatturiere della cultura del &#8220;made in Italy&#8221; si incrociano con le tecnologie creative e produttive &#8220;digital&#8221; e &#8220;hi tech&#8221;. Musei come spazi in cui la memoria ha un futuro e definisce futuri migliori (anche i musei e gli archivi d&#8217;impresa, naturalmente). E fabbriche come luoghi in cui si producono ricchezza, lavoro, innovazione. Una rinnovata &#8220;civilt\u00e0 delle macchine&#8221;.<\/p>\n","protected":false},"excerpt":{"rendered":"<p>Pu\u00f2 sembrare un ossimoro, dire &#8220;il museo del futuro&#8220;. Due parole che si negano a vicenda. Una, usata per definire il luogo di conservazione del passato. L&#8217;altra, per indicare l&#8217;orizzonte di tutto ci\u00f2 che \u00e8 ancora da fare. Eppure, a pensarci bene, la contraddizione \u00e8 solo apparente. Perch\u00e9 proprio la riflessione critica sul passato offre [&hellip;]<\/p>\n","protected":false},"author":1,"featured_media":51694,"comment_status":"open","ping_status":"open","sticky":false,"template":"","format":"standard","meta":{"footnotes":""},"categories":[53,52],"tags":[],"class_list":["post-51693","post","type-post","status-publish","format-standard","has-post-thumbnail","hentry","category-blog","category-cultura-dimpresa"],"acf":[],"yoast_head":"<!-- This site is optimized with the Yoast SEO plugin v25.0 - https:\/\/yoast.com\/wordpress\/plugins\/seo\/ -->\n<title>Il &quot;Museo del futuro&quot; e la &quot;fabbrica bella&quot;: le discussioni Aspen su cultura e impresa - Fondazione Pirelli<\/title>\n<meta name=\"robots\" content=\"index, follow, max-snippet:-1, max-image-preview:large, max-video-preview:-1\" \/>\n<link rel=\"canonical\" href=\"https:\/\/www.fondazionepirelli.org\/it\/cultura-dimpresa\/il-museo-del-futuro-e-la-fabbrica-bella-le-discussioni-aspen-su-cultura-e-impresa\/\" \/>\n<meta property=\"og:locale\" content=\"it_IT\" \/>\n<meta property=\"og:type\" content=\"article\" \/>\n<meta property=\"og:title\" content=\"Il &quot;Museo del futuro&quot; e la &quot;fabbrica bella&quot;: le discussioni Aspen su cultura e impresa - Fondazione Pirelli\" \/>\n<meta property=\"og:description\" content=\"Pu\u00f2 sembrare un ossimoro, dire &#8220;il museo del futuro&#8220;. Due parole che si negano a vicenda. Una, usata per definire il luogo di conservazione del passato. L&#8217;altra, per indicare l&#8217;orizzonte di tutto ci\u00f2 che \u00e8 ancora da fare. Eppure, a pensarci bene, la contraddizione \u00e8 solo apparente. Perch\u00e9 proprio la riflessione critica sul passato offre [&hellip;]\" \/>\n<meta property=\"og:url\" content=\"https:\/\/www.fondazionepirelli.org\/it\/cultura-dimpresa\/il-museo-del-futuro-e-la-fabbrica-bella-le-discussioni-aspen-su-cultura-e-impresa\/\" \/>\n<meta property=\"og:site_name\" content=\"Fondazione Pirelli\" \/>\n<meta property=\"article:published_time\" content=\"2017-05-16T00:00:00+00:00\" \/>\n<meta property=\"article:modified_time\" content=\"2019-05-30T16:30:39+00:00\" \/>\n<meta property=\"og:image\" content=\"https:\/\/wpsite-assets.fondazionepirelli.org\/wp-content\/uploads\/2019\/05\/20101338\/Museo-del-futuro-1030x615-e1559233829463.jpg\" \/>\n\t<meta property=\"og:image:width\" content=\"600\" \/>\n\t<meta property=\"og:image:height\" content=\"358\" \/>\n\t<meta property=\"og:image:type\" content=\"image\/jpeg\" \/>\n<meta name=\"author\" content=\"fondadmin\" \/>\n<meta name=\"twitter:card\" content=\"summary_large_image\" \/>\n<meta name=\"twitter:label1\" content=\"Scritto da\" \/>\n\t<meta name=\"twitter:data1\" content=\"fondadmin\" \/>\n\t<meta name=\"twitter:label2\" content=\"Tempo di lettura stimato\" \/>\n\t<meta name=\"twitter:data2\" content=\"5 minuti\" \/>\n<script type=\"application\/ld+json\" class=\"yoast-schema-graph\">{\"@context\":\"https:\/\/schema.org\",\"@graph\":[{\"@type\":\"WebPage\",\"@id\":\"https:\/\/www.fondazionepirelli.org\/it\/cultura-dimpresa\/il-museo-del-futuro-e-la-fabbrica-bella-le-discussioni-aspen-su-cultura-e-impresa\/\",\"url\":\"https:\/\/www.fondazionepirelli.org\/it\/cultura-dimpresa\/il-museo-del-futuro-e-la-fabbrica-bella-le-discussioni-aspen-su-cultura-e-impresa\/\",\"name\":\"Il \\\"Museo del futuro\\\" e la \\\"fabbrica bella\\\": le discussioni Aspen su cultura e impresa - Fondazione Pirelli\",\"isPartOf\":{\"@id\":\"https:\/\/www.fondazionepirelli.org\/it\/#website\"},\"primaryImageOfPage\":{\"@id\":\"https:\/\/www.fondazionepirelli.org\/it\/cultura-dimpresa\/il-museo-del-futuro-e-la-fabbrica-bella-le-discussioni-aspen-su-cultura-e-impresa\/#primaryimage\"},\"image\":{\"@id\":\"https:\/\/www.fondazionepirelli.org\/it\/cultura-dimpresa\/il-museo-del-futuro-e-la-fabbrica-bella-le-discussioni-aspen-su-cultura-e-impresa\/#primaryimage\"},\"thumbnailUrl\":\"https:\/\/wpsite-assets.fondazionepirelli.org\/wp-content\/uploads\/2019\/05\/20101338\/Museo-del-futuro-1030x615-e1559233829463.jpg\",\"datePublished\":\"2017-05-16T00:00:00+00:00\",\"dateModified\":\"2019-05-30T16:30:39+00:00\",\"author\":{\"@id\":\"https:\/\/www.fondazionepirelli.org\/it\/#\/schema\/person\/f47d097000832c4a6e54538c791fdf25\"},\"breadcrumb\":{\"@id\":\"https:\/\/www.fondazionepirelli.org\/it\/cultura-dimpresa\/il-museo-del-futuro-e-la-fabbrica-bella-le-discussioni-aspen-su-cultura-e-impresa\/#breadcrumb\"},\"inLanguage\":\"it-IT\",\"potentialAction\":[{\"@type\":\"ReadAction\",\"target\":[\"https:\/\/www.fondazionepirelli.org\/it\/cultura-dimpresa\/il-museo-del-futuro-e-la-fabbrica-bella-le-discussioni-aspen-su-cultura-e-impresa\/\"]}]},{\"@type\":\"ImageObject\",\"inLanguage\":\"it-IT\",\"@id\":\"https:\/\/www.fondazionepirelli.org\/it\/cultura-dimpresa\/il-museo-del-futuro-e-la-fabbrica-bella-le-discussioni-aspen-su-cultura-e-impresa\/#primaryimage\",\"url\":\"https:\/\/wpsite-assets.fondazionepirelli.org\/wp-content\/uploads\/2019\/05\/20101338\/Museo-del-futuro-1030x615-e1559233829463.jpg\",\"contentUrl\":\"https:\/\/wpsite-assets.fondazionepirelli.org\/wp-content\/uploads\/2019\/05\/20101338\/Museo-del-futuro-1030x615-e1559233829463.jpg\",\"width\":600,\"height\":358},{\"@type\":\"BreadcrumbList\",\"@id\":\"https:\/\/www.fondazionepirelli.org\/it\/cultura-dimpresa\/il-museo-del-futuro-e-la-fabbrica-bella-le-discussioni-aspen-su-cultura-e-impresa\/#breadcrumb\",\"itemListElement\":[{\"@type\":\"ListItem\",\"position\":1,\"name\":\"Home\",\"item\":\"https:\/\/www.fondazionepirelli.org\/it\/\"},{\"@type\":\"ListItem\",\"position\":2,\"name\":\"Il &#8220;Museo del futuro&#8221; e la &#8220;fabbrica bella&#8221;: le discussioni Aspen su cultura e impresa\"}]},{\"@type\":\"WebSite\",\"@id\":\"https:\/\/www.fondazionepirelli.org\/it\/#website\",\"url\":\"https:\/\/www.fondazionepirelli.org\/it\/\",\"name\":\"Fondazione Pirelli\",\"description\":\"\",\"potentialAction\":[{\"@type\":\"SearchAction\",\"target\":{\"@type\":\"EntryPoint\",\"urlTemplate\":\"https:\/\/www.fondazionepirelli.org\/it\/?s={search_term_string}\"},\"query-input\":{\"@type\":\"PropertyValueSpecification\",\"valueRequired\":true,\"valueName\":\"search_term_string\"}}],\"inLanguage\":\"it-IT\"},{\"@type\":\"Person\",\"@id\":\"https:\/\/www.fondazionepirelli.org\/it\/#\/schema\/person\/f47d097000832c4a6e54538c791fdf25\",\"name\":\"fondadmin\",\"image\":{\"@type\":\"ImageObject\",\"inLanguage\":\"it-IT\",\"@id\":\"https:\/\/www.fondazionepirelli.org\/it\/#\/schema\/person\/image\/\",\"url\":\"https:\/\/secure.gravatar.com\/avatar\/e69498a9175ca244966e51e53c88712c024fcebe41f9a05f75657f1bb25e489b?s=96&d=mm&r=g\",\"contentUrl\":\"https:\/\/secure.gravatar.com\/avatar\/e69498a9175ca244966e51e53c88712c024fcebe41f9a05f75657f1bb25e489b?s=96&d=mm&r=g\",\"caption\":\"fondadmin\"},\"url\":\"https:\/\/www.fondazionepirelli.org\/it\/author\/fondadmin\/\"}]}<\/script>\n<!-- \/ Yoast SEO plugin. -->","yoast_head_json":{"title":"Il \"Museo del futuro\" e la \"fabbrica bella\": le discussioni Aspen su cultura e impresa - Fondazione Pirelli","robots":{"index":"index","follow":"follow","max-snippet":"max-snippet:-1","max-image-preview":"max-image-preview:large","max-video-preview":"max-video-preview:-1"},"canonical":"https:\/\/www.fondazionepirelli.org\/it\/cultura-dimpresa\/il-museo-del-futuro-e-la-fabbrica-bella-le-discussioni-aspen-su-cultura-e-impresa\/","og_locale":"it_IT","og_type":"article","og_title":"Il \"Museo del futuro\" e la \"fabbrica bella\": le discussioni Aspen su cultura e impresa - Fondazione Pirelli","og_description":"Pu\u00f2 sembrare un ossimoro, dire &#8220;il museo del futuro&#8220;. Due parole che si negano a vicenda. Una, usata per definire il luogo di conservazione del passato. L&#8217;altra, per indicare l&#8217;orizzonte di tutto ci\u00f2 che \u00e8 ancora da fare. Eppure, a pensarci bene, la contraddizione \u00e8 solo apparente. Perch\u00e9 proprio la riflessione critica sul passato offre [&hellip;]","og_url":"https:\/\/www.fondazionepirelli.org\/it\/cultura-dimpresa\/il-museo-del-futuro-e-la-fabbrica-bella-le-discussioni-aspen-su-cultura-e-impresa\/","og_site_name":"Fondazione Pirelli","article_published_time":"2017-05-16T00:00:00+00:00","article_modified_time":"2019-05-30T16:30:39+00:00","og_image":[{"width":600,"height":358,"url":"https:\/\/wpsite-assets.fondazionepirelli.org\/wp-content\/uploads\/2019\/05\/20101338\/Museo-del-futuro-1030x615-e1559233829463.jpg","type":"image\/jpeg"}],"author":"fondadmin","twitter_card":"summary_large_image","twitter_misc":{"Scritto da":"fondadmin","Tempo di lettura stimato":"5 minuti"},"schema":{"@context":"https:\/\/schema.org","@graph":[{"@type":"WebPage","@id":"https:\/\/www.fondazionepirelli.org\/it\/cultura-dimpresa\/il-museo-del-futuro-e-la-fabbrica-bella-le-discussioni-aspen-su-cultura-e-impresa\/","url":"https:\/\/www.fondazionepirelli.org\/it\/cultura-dimpresa\/il-museo-del-futuro-e-la-fabbrica-bella-le-discussioni-aspen-su-cultura-e-impresa\/","name":"Il \"Museo del futuro\" e la \"fabbrica bella\": le discussioni Aspen su cultura e impresa - Fondazione Pirelli","isPartOf":{"@id":"https:\/\/www.fondazionepirelli.org\/it\/#website"},"primaryImageOfPage":{"@id":"https:\/\/www.fondazionepirelli.org\/it\/cultura-dimpresa\/il-museo-del-futuro-e-la-fabbrica-bella-le-discussioni-aspen-su-cultura-e-impresa\/#primaryimage"},"image":{"@id":"https:\/\/www.fondazionepirelli.org\/it\/cultura-dimpresa\/il-museo-del-futuro-e-la-fabbrica-bella-le-discussioni-aspen-su-cultura-e-impresa\/#primaryimage"},"thumbnailUrl":"https:\/\/wpsite-assets.fondazionepirelli.org\/wp-content\/uploads\/2019\/05\/20101338\/Museo-del-futuro-1030x615-e1559233829463.jpg","datePublished":"2017-05-16T00:00:00+00:00","dateModified":"2019-05-30T16:30:39+00:00","author":{"@id":"https:\/\/www.fondazionepirelli.org\/it\/#\/schema\/person\/f47d097000832c4a6e54538c791fdf25"},"breadcrumb":{"@id":"https:\/\/www.fondazionepirelli.org\/it\/cultura-dimpresa\/il-museo-del-futuro-e-la-fabbrica-bella-le-discussioni-aspen-su-cultura-e-impresa\/#breadcrumb"},"inLanguage":"it-IT","potentialAction":[{"@type":"ReadAction","target":["https:\/\/www.fondazionepirelli.org\/it\/cultura-dimpresa\/il-museo-del-futuro-e-la-fabbrica-bella-le-discussioni-aspen-su-cultura-e-impresa\/"]}]},{"@type":"ImageObject","inLanguage":"it-IT","@id":"https:\/\/www.fondazionepirelli.org\/it\/cultura-dimpresa\/il-museo-del-futuro-e-la-fabbrica-bella-le-discussioni-aspen-su-cultura-e-impresa\/#primaryimage","url":"https:\/\/wpsite-assets.fondazionepirelli.org\/wp-content\/uploads\/2019\/05\/20101338\/Museo-del-futuro-1030x615-e1559233829463.jpg","contentUrl":"https:\/\/wpsite-assets.fondazionepirelli.org\/wp-content\/uploads\/2019\/05\/20101338\/Museo-del-futuro-1030x615-e1559233829463.jpg","width":600,"height":358},{"@type":"BreadcrumbList","@id":"https:\/\/www.fondazionepirelli.org\/it\/cultura-dimpresa\/il-museo-del-futuro-e-la-fabbrica-bella-le-discussioni-aspen-su-cultura-e-impresa\/#breadcrumb","itemListElement":[{"@type":"ListItem","position":1,"name":"Home","item":"https:\/\/www.fondazionepirelli.org\/it\/"},{"@type":"ListItem","position":2,"name":"Il &#8220;Museo del futuro&#8221; e la &#8220;fabbrica bella&#8221;: le discussioni Aspen su cultura e impresa"}]},{"@type":"WebSite","@id":"https:\/\/www.fondazionepirelli.org\/it\/#website","url":"https:\/\/www.fondazionepirelli.org\/it\/","name":"Fondazione Pirelli","description":"","potentialAction":[{"@type":"SearchAction","target":{"@type":"EntryPoint","urlTemplate":"https:\/\/www.fondazionepirelli.org\/it\/?s={search_term_string}"},"query-input":{"@type":"PropertyValueSpecification","valueRequired":true,"valueName":"search_term_string"}}],"inLanguage":"it-IT"},{"@type":"Person","@id":"https:\/\/www.fondazionepirelli.org\/it\/#\/schema\/person\/f47d097000832c4a6e54538c791fdf25","name":"fondadmin","image":{"@type":"ImageObject","inLanguage":"it-IT","@id":"https:\/\/www.fondazionepirelli.org\/it\/#\/schema\/person\/image\/","url":"https:\/\/secure.gravatar.com\/avatar\/e69498a9175ca244966e51e53c88712c024fcebe41f9a05f75657f1bb25e489b?s=96&d=mm&r=g","contentUrl":"https:\/\/secure.gravatar.com\/avatar\/e69498a9175ca244966e51e53c88712c024fcebe41f9a05f75657f1bb25e489b?s=96&d=mm&r=g","caption":"fondadmin"},"url":"https:\/\/www.fondazionepirelli.org\/it\/author\/fondadmin\/"}]}},"_links":{"self":[{"href":"https:\/\/www.fondazionepirelli.org\/it\/wp-json\/wp\/v2\/posts\/51693\/"}],"collection":[{"href":"https:\/\/www.fondazionepirelli.org\/it\/wp-json\/wp\/v2\/posts\/"}],"about":[{"href":"https:\/\/www.fondazionepirelli.org\/it\/wp-json\/wp\/v2\/types\/post\/"}],"author":[{"embeddable":true,"href":"https:\/\/www.fondazionepirelli.org\/it\/wp-json\/wp\/v2\/users\/1\/"}],"replies":[{"embeddable":true,"href":"https:\/\/www.fondazionepirelli.org\/it\/wp-json\/wp\/v2\/comments\/?post=51693"}],"version-history":[{"count":2,"href":"https:\/\/www.fondazionepirelli.org\/it\/wp-json\/wp\/v2\/posts\/51693\/revisions\/"}],"predecessor-version":[{"id":57060,"href":"https:\/\/www.fondazionepirelli.org\/it\/wp-json\/wp\/v2\/posts\/51693\/revisions\/57060\/"}],"wp:featuredmedia":[{"embeddable":true,"href":"https:\/\/www.fondazionepirelli.org\/it\/wp-json\/wp\/v2\/media\/51694\/"}],"wp:attachment":[{"href":"https:\/\/www.fondazionepirelli.org\/it\/wp-json\/wp\/v2\/media\/?parent=51693"}],"wp:term":[{"taxonomy":"category","embeddable":true,"href":"https:\/\/www.fondazionepirelli.org\/it\/wp-json\/wp\/v2\/categories\/?post=51693"},{"taxonomy":"post_tag","embeddable":true,"href":"https:\/\/www.fondazionepirelli.org\/it\/wp-json\/wp\/v2\/tags\/?post=51693"}],"curies":[{"name":"wp","href":"https:\/\/api.w.org\/{rel}","templated":true}]}}