{"id":51698,"date":"2017-05-09T00:00:00","date_gmt":"2017-05-09T00:00:00","guid":{"rendered":"http:\/\/www.fondazionepirelli.org\/fondazione-pirelli\/affascinante-e-complessa-csr\/"},"modified":"2019-05-09T12:50:10","modified_gmt":"2019-05-09T12:50:10","slug":"affascinante-e-complessa-csr","status":"publish","type":"post","link":"https:\/\/www.fondazionepirelli.org\/it\/cultura-dimpresa\/affascinante-e-complessa-csr\/","title":{"rendered":"Affascinante e complessa CSR"},"content":{"rendered":"<p><em>Un libro scritto a quattro mani organizza e rende pi\u00f9 chiare le informazioni relative alla responsabilit\u00e0 sociale d\u2019impresa<\/em><\/p><p>Ci possono essere tante responsabilit\u00e0 sociali d\u2019impresa (CSR), quante sono le imprese che adottano questo particolare approccio aziendale al mondo circostante. Cosa naturale, visto che le imprese sono fatte di uomini e donne ognuno dei quali pu\u00f2 avere una particolare visione del ruolo della propria impresa nel mondo. Generalizzare, quindi, \u00e8 facile ma anche pericoloso. Il libro scritto da <a href=\"https:\/\/www.francoangeli.it\/ricerca\/risultati_autori.asp?codiceAutore=66885\">Silvio de Girolamo\u00a0<\/a>e\u00a0<a href=\"https:\/\/www.francoangeli.it\/ricerca\/risultati_autori.asp?codiceAutore=77413\">Paolo D&#8217;Anselmi<\/a> \u00e8 allora un utile strumento per orientarsi fra interpretazioni e visioni diverse della CSR.<\/p>\n<p>\u201cLa responsabilit\u00e0 sociale delle organizzazioni. L&#8217;impresa sostenibile e lo sviluppo competitivo\u201d, prende le mosse da una costatazione: la responsabilit\u00e0 sociale delle imprese \u00a0riguarda tutte le implicazioni di carattere etico inerenti l&#8217;attivit\u00e0 imprenditoriale. Ma il suo significato cambia secondo i punti di vista: per molte aziende \u00e8 un&#8217;attivit\u00e0 che si mette in atto solo per compiacere cittadini e <em>stakeholder<\/em>, ricevendone in cambio un \u201critorno di immagine\u201d. Per altre aziende e per i governi, l&#8217;obiettivo \u00e8 una crescita sostenibile e la creazione di occupazione durevole nel medio e lungo termine. Per cittadini e lavoratori, la posta in gioco \u00e8 alta: si tratta di difendere i diritti fondamentali alla salute, alla sicurezza e al posto di lavoro.<\/p>\n<p>Tante CSR, dunque, quante sono le persone coinvolte. Il libro quindi mette a confronto i punti di vista di due esperti: un <em>manager<\/em> del settore privato &#8211; esperto di <em>corporate<\/em> <em>governance<\/em> e sostenibilit\u00e0 &#8211; e un consulente di direzione aziendale che mette in evidenza il ruolo della concorrenza all&#8217;interno dei diversi settori dell&#8217;economia, inclusa l&#8217;amministrazione pubblica. Silvio de Girolamo, infatti, \u00e8 \u00a0<em>Chief Audit e Sustainability Executive<\/em> del Gruppo Autogrill e anche Vicepresidente dell&#8217;AIIA (Ass. Italiana <em>Internal<\/em> <em>Auditors<\/em>); Paolo D&#8217;Anselmi, \u00e8 consulente di organizzazione aziendale.<\/p>\n<p>Il libro inizia con una quadro generale sul tema e passa poi subito alle questioni relative alla \u201cmisura\u201d e alla rendicontazione della responsabilit\u00e0 sociale d&#8217;impresa. Successivamente i due autori esaminano come integrare la responsabilit\u00e0 sociale nella \u201cmissione\u201d dell&#8217;azienda e poi affrontano il tema degli <em>stakeholders<\/em>. De Girolamo e D\u2019Anselmi parlano poi di comunicazione e CSR per arrivare\u00a0 ai rapporti con la collettivit\u00e0 e alla creazione della \u201cbuona reputazione\u201d d\u2019impresa. Particolare attenzione viene rivolta anche al &#8220;popolo della Rete&#8221; e ai social network che stanno modificando i rapporti fra consumatori e aziende, nonch\u00e9 al ruolo crescente della Pubblica Amministrazione nella CSR.<br \/>\nTutto infine viene orientato verso il 2020 e quindi verso la sostenibilit\u00e0 della presenza delle imprese nel sistema economico e sociale oltre che ambientale.<\/p>\n<p>Ci\u00f2 che si coglie alla fine della lettura della fatica letteraria dei due ricercatori \u00e8 la visione completa delle trasformazioni in atto nei meccanismi concorrenziali e nei rapporti tra imprese, societ\u00e0 civile e organizzazioni non <em>profit<\/em>. \u00a0\u201cLa responsabilit\u00e0 sociale delle organizzazioni\u201d \u00e8 appunto una buona guida per sapersi orientare e partire per un viaggio lungo e complesso.<\/p>\n<p><strong>\u00a0<\/strong><\/p>\n<p><strong>\u00a0<\/strong><\/p>\n<p><strong>La responsabilit\u00e0 sociale delle organizzazioni. L&#8217;impresa sostenibile e lo sviluppo competitivo<\/strong><\/p>\n<p><a href=\"https:\/\/www.francoangeli.it\/ricerca\/risultati_autori.asp?codiceAutore=66885\">Silvio de Girolamo\u00a0<\/a>,\u00a0<a href=\"https:\/\/www.francoangeli.it\/ricerca\/risultati_autori.asp?codiceAutore=77413\">Paolo D&#8217;Anselmi<\/a><\/p>\n<p>Franco Angeli, 2017<\/p>","protected":false},"excerpt":{"rendered":"<p>Un libro scritto a quattro mani organizza e rende pi\u00f9 chiare le informazioni relative alla responsabilit\u00e0 sociale d\u2019impresaCi possono essere tante responsabilit\u00e0 sociali d\u2019impresa (CSR), quante sono le imprese che adottano questo particolare approccio aziendale al mondo circostante. Cosa naturale, visto che le imprese sono fatte di uomini e donne ognuno dei quali pu\u00f2 avere [&hellip;]<\/p>\n","protected":false},"author":1,"featured_media":51699,"comment_status":"open","ping_status":"open","sticky":false,"template":"","format":"standard","meta":{"footnotes":""},"categories":[52,58],"tags":[],"class_list":["post-51698","post","type-post","status-publish","format-standard","has-post-thumbnail","hentry","category-cultura-dimpresa","category-recensioni-libri"],"acf":[],"yoast_head":"<!-- This site is optimized with the Yoast SEO plugin v25.0 - https:\/\/yoast.com\/wordpress\/plugins\/seo\/ -->\n<title>Affascinante e complessa CSR - Fondazione Pirelli<\/title>\n<meta name=\"robots\" content=\"index, follow, max-snippet:-1, max-image-preview:large, max-video-preview:-1\" \/>\n<link rel=\"canonical\" href=\"https:\/\/www.fondazionepirelli.org\/it\/cultura-dimpresa\/affascinante-e-complessa-csr\/\" \/>\n<meta property=\"og:locale\" content=\"it_IT\" \/>\n<meta property=\"og:type\" content=\"article\" \/>\n<meta property=\"og:title\" content=\"Affascinante e complessa CSR - Fondazione Pirelli\" \/>\n<meta property=\"og:description\" content=\"Un libro scritto a quattro mani organizza e rende pi\u00f9 chiare le informazioni relative alla responsabilit\u00e0 sociale d\u2019impresaCi possono essere tante responsabilit\u00e0 sociali d\u2019impresa (CSR), quante sono le imprese che adottano questo particolare approccio aziendale al mondo circostante. Cosa naturale, visto che le imprese sono fatte di uomini e donne ognuno dei quali pu\u00f2 avere [&hellip;]\" \/>\n<meta property=\"og:url\" content=\"https:\/\/www.fondazionepirelli.org\/it\/cultura-dimpresa\/affascinante-e-complessa-csr\/\" \/>\n<meta property=\"og:site_name\" content=\"Fondazione Pirelli\" \/>\n<meta property=\"article:published_time\" content=\"2017-05-09T00:00:00+00:00\" \/>\n<meta property=\"article:modified_time\" content=\"2019-05-09T12:50:10+00:00\" \/>\n<meta property=\"og:image\" content=\"https:\/\/wpsite-assets.fondazionepirelli.org\/wp-content\/uploads\/2019\/05\/20101338\/responsab-sociale.jpg\" \/>\n\t<meta property=\"og:image:width\" content=\"270\" \/>\n\t<meta property=\"og:image:height\" content=\"401\" \/>\n\t<meta property=\"og:image:type\" content=\"image\/jpeg\" \/>\n<meta name=\"author\" content=\"fondadmin\" \/>\n<meta name=\"twitter:card\" content=\"summary_large_image\" \/>\n<meta name=\"twitter:label1\" content=\"Scritto da\" \/>\n\t<meta name=\"twitter:data1\" content=\"fondadmin\" \/>\n\t<meta name=\"twitter:label2\" content=\"Tempo di lettura stimato\" \/>\n\t<meta name=\"twitter:data2\" content=\"2 minuti\" \/>\n<script type=\"application\/ld+json\" class=\"yoast-schema-graph\">{\"@context\":\"https:\/\/schema.org\",\"@graph\":[{\"@type\":\"WebPage\",\"@id\":\"https:\/\/www.fondazionepirelli.org\/it\/cultura-dimpresa\/affascinante-e-complessa-csr\/\",\"url\":\"https:\/\/www.fondazionepirelli.org\/it\/cultura-dimpresa\/affascinante-e-complessa-csr\/\",\"name\":\"Affascinante e complessa CSR - Fondazione Pirelli\",\"isPartOf\":{\"@id\":\"https:\/\/www.fondazionepirelli.org\/it\/#website\"},\"primaryImageOfPage\":{\"@id\":\"https:\/\/www.fondazionepirelli.org\/it\/cultura-dimpresa\/affascinante-e-complessa-csr\/#primaryimage\"},\"image\":{\"@id\":\"https:\/\/www.fondazionepirelli.org\/it\/cultura-dimpresa\/affascinante-e-complessa-csr\/#primaryimage\"},\"thumbnailUrl\":\"https:\/\/wpsite-assets.fondazionepirelli.org\/wp-content\/uploads\/2019\/05\/20101338\/responsab-sociale.jpg\",\"datePublished\":\"2017-05-09T00:00:00+00:00\",\"dateModified\":\"2019-05-09T12:50:10+00:00\",\"author\":{\"@id\":\"https:\/\/www.fondazionepirelli.org\/it\/#\/schema\/person\/f47d097000832c4a6e54538c791fdf25\"},\"breadcrumb\":{\"@id\":\"https:\/\/www.fondazionepirelli.org\/it\/cultura-dimpresa\/affascinante-e-complessa-csr\/#breadcrumb\"},\"inLanguage\":\"it-IT\",\"potentialAction\":[{\"@type\":\"ReadAction\",\"target\":[\"https:\/\/www.fondazionepirelli.org\/it\/cultura-dimpresa\/affascinante-e-complessa-csr\/\"]}]},{\"@type\":\"ImageObject\",\"inLanguage\":\"it-IT\",\"@id\":\"https:\/\/www.fondazionepirelli.org\/it\/cultura-dimpresa\/affascinante-e-complessa-csr\/#primaryimage\",\"url\":\"https:\/\/wpsite-assets.fondazionepirelli.org\/wp-content\/uploads\/2019\/05\/20101338\/responsab-sociale.jpg\",\"contentUrl\":\"https:\/\/wpsite-assets.fondazionepirelli.org\/wp-content\/uploads\/2019\/05\/20101338\/responsab-sociale.jpg\",\"width\":270,\"height\":401,\"caption\":\"|\"},{\"@type\":\"BreadcrumbList\",\"@id\":\"https:\/\/www.fondazionepirelli.org\/it\/cultura-dimpresa\/affascinante-e-complessa-csr\/#breadcrumb\",\"itemListElement\":[{\"@type\":\"ListItem\",\"position\":1,\"name\":\"Home\",\"item\":\"https:\/\/www.fondazionepirelli.org\/it\/\"},{\"@type\":\"ListItem\",\"position\":2,\"name\":\"Affascinante e complessa CSR\"}]},{\"@type\":\"WebSite\",\"@id\":\"https:\/\/www.fondazionepirelli.org\/it\/#website\",\"url\":\"https:\/\/www.fondazionepirelli.org\/it\/\",\"name\":\"Fondazione Pirelli\",\"description\":\"\",\"potentialAction\":[{\"@type\":\"SearchAction\",\"target\":{\"@type\":\"EntryPoint\",\"urlTemplate\":\"https:\/\/www.fondazionepirelli.org\/it\/?s={search_term_string}\"},\"query-input\":{\"@type\":\"PropertyValueSpecification\",\"valueRequired\":true,\"valueName\":\"search_term_string\"}}],\"inLanguage\":\"it-IT\"},{\"@type\":\"Person\",\"@id\":\"https:\/\/www.fondazionepirelli.org\/it\/#\/schema\/person\/f47d097000832c4a6e54538c791fdf25\",\"name\":\"fondadmin\",\"image\":{\"@type\":\"ImageObject\",\"inLanguage\":\"it-IT\",\"@id\":\"https:\/\/www.fondazionepirelli.org\/it\/#\/schema\/person\/image\/\",\"url\":\"https:\/\/secure.gravatar.com\/avatar\/e69498a9175ca244966e51e53c88712c024fcebe41f9a05f75657f1bb25e489b?s=96&d=mm&r=g\",\"contentUrl\":\"https:\/\/secure.gravatar.com\/avatar\/e69498a9175ca244966e51e53c88712c024fcebe41f9a05f75657f1bb25e489b?s=96&d=mm&r=g\",\"caption\":\"fondadmin\"},\"url\":\"https:\/\/www.fondazionepirelli.org\/it\/author\/fondadmin\/\"}]}<\/script>\n<!-- \/ Yoast SEO plugin. -->","yoast_head_json":{"title":"Affascinante e complessa CSR - Fondazione Pirelli","robots":{"index":"index","follow":"follow","max-snippet":"max-snippet:-1","max-image-preview":"max-image-preview:large","max-video-preview":"max-video-preview:-1"},"canonical":"https:\/\/www.fondazionepirelli.org\/it\/cultura-dimpresa\/affascinante-e-complessa-csr\/","og_locale":"it_IT","og_type":"article","og_title":"Affascinante e complessa CSR - Fondazione Pirelli","og_description":"Un libro scritto a quattro mani organizza e rende pi\u00f9 chiare le informazioni relative alla responsabilit\u00e0 sociale d\u2019impresaCi possono essere tante responsabilit\u00e0 sociali d\u2019impresa (CSR), quante sono le imprese che adottano questo particolare approccio aziendale al mondo circostante. Cosa naturale, visto che le imprese sono fatte di uomini e donne ognuno dei quali pu\u00f2 avere [&hellip;]","og_url":"https:\/\/www.fondazionepirelli.org\/it\/cultura-dimpresa\/affascinante-e-complessa-csr\/","og_site_name":"Fondazione Pirelli","article_published_time":"2017-05-09T00:00:00+00:00","article_modified_time":"2019-05-09T12:50:10+00:00","og_image":[{"width":270,"height":401,"url":"https:\/\/wpsite-assets.fondazionepirelli.org\/wp-content\/uploads\/2019\/05\/20101338\/responsab-sociale.jpg","type":"image\/jpeg"}],"author":"fondadmin","twitter_card":"summary_large_image","twitter_misc":{"Scritto da":"fondadmin","Tempo di lettura stimato":"2 minuti"},"schema":{"@context":"https:\/\/schema.org","@graph":[{"@type":"WebPage","@id":"https:\/\/www.fondazionepirelli.org\/it\/cultura-dimpresa\/affascinante-e-complessa-csr\/","url":"https:\/\/www.fondazionepirelli.org\/it\/cultura-dimpresa\/affascinante-e-complessa-csr\/","name":"Affascinante e complessa CSR - Fondazione Pirelli","isPartOf":{"@id":"https:\/\/www.fondazionepirelli.org\/it\/#website"},"primaryImageOfPage":{"@id":"https:\/\/www.fondazionepirelli.org\/it\/cultura-dimpresa\/affascinante-e-complessa-csr\/#primaryimage"},"image":{"@id":"https:\/\/www.fondazionepirelli.org\/it\/cultura-dimpresa\/affascinante-e-complessa-csr\/#primaryimage"},"thumbnailUrl":"https:\/\/wpsite-assets.fondazionepirelli.org\/wp-content\/uploads\/2019\/05\/20101338\/responsab-sociale.jpg","datePublished":"2017-05-09T00:00:00+00:00","dateModified":"2019-05-09T12:50:10+00:00","author":{"@id":"https:\/\/www.fondazionepirelli.org\/it\/#\/schema\/person\/f47d097000832c4a6e54538c791fdf25"},"breadcrumb":{"@id":"https:\/\/www.fondazionepirelli.org\/it\/cultura-dimpresa\/affascinante-e-complessa-csr\/#breadcrumb"},"inLanguage":"it-IT","potentialAction":[{"@type":"ReadAction","target":["https:\/\/www.fondazionepirelli.org\/it\/cultura-dimpresa\/affascinante-e-complessa-csr\/"]}]},{"@type":"ImageObject","inLanguage":"it-IT","@id":"https:\/\/www.fondazionepirelli.org\/it\/cultura-dimpresa\/affascinante-e-complessa-csr\/#primaryimage","url":"https:\/\/wpsite-assets.fondazionepirelli.org\/wp-content\/uploads\/2019\/05\/20101338\/responsab-sociale.jpg","contentUrl":"https:\/\/wpsite-assets.fondazionepirelli.org\/wp-content\/uploads\/2019\/05\/20101338\/responsab-sociale.jpg","width":270,"height":401,"caption":"|"},{"@type":"BreadcrumbList","@id":"https:\/\/www.fondazionepirelli.org\/it\/cultura-dimpresa\/affascinante-e-complessa-csr\/#breadcrumb","itemListElement":[{"@type":"ListItem","position":1,"name":"Home","item":"https:\/\/www.fondazionepirelli.org\/it\/"},{"@type":"ListItem","position":2,"name":"Affascinante e complessa CSR"}]},{"@type":"WebSite","@id":"https:\/\/www.fondazionepirelli.org\/it\/#website","url":"https:\/\/www.fondazionepirelli.org\/it\/","name":"Fondazione Pirelli","description":"","potentialAction":[{"@type":"SearchAction","target":{"@type":"EntryPoint","urlTemplate":"https:\/\/www.fondazionepirelli.org\/it\/?s={search_term_string}"},"query-input":{"@type":"PropertyValueSpecification","valueRequired":true,"valueName":"search_term_string"}}],"inLanguage":"it-IT"},{"@type":"Person","@id":"https:\/\/www.fondazionepirelli.org\/it\/#\/schema\/person\/f47d097000832c4a6e54538c791fdf25","name":"fondadmin","image":{"@type":"ImageObject","inLanguage":"it-IT","@id":"https:\/\/www.fondazionepirelli.org\/it\/#\/schema\/person\/image\/","url":"https:\/\/secure.gravatar.com\/avatar\/e69498a9175ca244966e51e53c88712c024fcebe41f9a05f75657f1bb25e489b?s=96&d=mm&r=g","contentUrl":"https:\/\/secure.gravatar.com\/avatar\/e69498a9175ca244966e51e53c88712c024fcebe41f9a05f75657f1bb25e489b?s=96&d=mm&r=g","caption":"fondadmin"},"url":"https:\/\/www.fondazionepirelli.org\/it\/author\/fondadmin\/"}]}},"_links":{"self":[{"href":"https:\/\/www.fondazionepirelli.org\/it\/wp-json\/wp\/v2\/posts\/51698\/"}],"collection":[{"href":"https:\/\/www.fondazionepirelli.org\/it\/wp-json\/wp\/v2\/posts\/"}],"about":[{"href":"https:\/\/www.fondazionepirelli.org\/it\/wp-json\/wp\/v2\/types\/post\/"}],"author":[{"embeddable":true,"href":"https:\/\/www.fondazionepirelli.org\/it\/wp-json\/wp\/v2\/users\/1\/"}],"replies":[{"embeddable":true,"href":"https:\/\/www.fondazionepirelli.org\/it\/wp-json\/wp\/v2\/comments\/?post=51698"}],"version-history":[{"count":1,"href":"https:\/\/www.fondazionepirelli.org\/it\/wp-json\/wp\/v2\/posts\/51698\/revisions\/"}],"predecessor-version":[{"id":53462,"href":"https:\/\/www.fondazionepirelli.org\/it\/wp-json\/wp\/v2\/posts\/51698\/revisions\/53462\/"}],"wp:featuredmedia":[{"embeddable":true,"href":"https:\/\/www.fondazionepirelli.org\/it\/wp-json\/wp\/v2\/media\/51699\/"}],"wp:attachment":[{"href":"https:\/\/www.fondazionepirelli.org\/it\/wp-json\/wp\/v2\/media\/?parent=51698"}],"wp:term":[{"taxonomy":"category","embeddable":true,"href":"https:\/\/www.fondazionepirelli.org\/it\/wp-json\/wp\/v2\/categories\/?post=51698"},{"taxonomy":"post_tag","embeddable":true,"href":"https:\/\/www.fondazionepirelli.org\/it\/wp-json\/wp\/v2\/tags\/?post=51698"}],"curies":[{"name":"wp","href":"https:\/\/api.w.org\/{rel}","templated":true}]}}