{"id":51701,"date":"2017-05-09T00:00:00","date_gmt":"2017-05-09T00:00:00","guid":{"rendered":"http:\/\/www.fondazionepirelli.org\/fondazione-pirelli\/milano-ha-i-numeri-per-costruire-politiche-di-sviluppo-a-confronto-con-leuropa\/"},"modified":"2019-05-30T16:29:18","modified_gmt":"2019-05-30T16:29:18","slug":"milano-ha-i-numeri-per-costruire-politiche-di-sviluppo-a-confronto-con-leuropa","status":"publish","type":"post","link":"https:\/\/www.fondazionepirelli.org\/it\/cultura-dimpresa\/milano-ha-i-numeri-per-costruire-politiche-di-sviluppo-a-confronto-con-leuropa\/","title":{"rendered":"Milano ha \u201ci numeri\u201d per costruire politiche di sviluppo: a confronto con l\u2019Europa"},"content":{"rendered":"<p>Ragionare su dati e fatti. Costruire politiche documentate. Ed essere capaci d\u2019un \u201cdiscorso pubblico\u201d ben informato, secondo la dialettica democratica critica-proposta. Sta qui la sfida dell\u2019\u201d<strong>Osservatorio Milano<\/strong>\u201d, uno strumento di analisi e misurazione della metropoli, a paragone con analoghe altre aree europee, Monaco e Stoccarda, Barcellona e Lione.<\/p>\n<p>Realizzato da <strong>Assolombarda<\/strong> in stretta collaborazione con il Comune di Milano e con il contributo attivo di una serie di centri studi (tra gli altri, Banca d\u2019Italia, Camera di Commercio, Intesa San Paolo, Fondazione Ambrosianeum, Confcommercio, ma anche Google e Mastercard) e presentato il 3 maggio, lo \u201c<strong>Scoreboard<\/strong>\u201d misura attrattivit\u00e0, reputazione e competitivit\u00e0 di Milano, usando 214 indicatori diversi (un centinaio originali) su redditi, lavoro, istruzione, investimenti, imprese, consumi, salute, ambiente, traffico (anche del bike sharing, per esempio), abitazioni, efficienza della pubblica amministrazione, cultura e tempo libero, etc. Per raccontare, nel tempo, come cambia Milano, guardando sia al resto d\u2019Italia che al cuore pi\u00f9 dinamico dell\u2019Europa. Dati e fatti, appunto. Che documentano come oggi Milano, in una delle stagioni migliori della sua storia, vanti un primato internazionale per reputazione, forte di eccellente offerta culturale e d\u2019iniziative di qualit\u00e0 per moda e design, e sia al top per qualit\u00e0 dell\u2019offerta universitaria, ma resti ancora indietro per innovazione, ricerca, occupazione giovanile.<\/p>\n<p>Numeri importanti, per impostare policy pubbliche, iniziative di governo del territorio, strategie di crescita aziendale, programmi per un futuro migliore. E strumenti via via aggiornati per una \u201cconoscenza azionabile\u201d, per usare la pertinente definizione di Gianfelice Rocca, presidente di Assolombarda. Conoscere per decidere. Disegnare un futuro con competenza. Un paradigma di buona politica che da Milano pu\u00f2 fornire utili indicazioni al governo italiano ma anche a Bruxelles.<\/p>\n<p>Ci sono due considerazioni da fare. La prima, generale, riguarda qualit\u00e0 e responsabilit\u00e0 delle classi dirigenti. La seconda, i meccanismi di sviluppo di Milano come metropoli europea in grado di dare un impulso decisivo a tutta la crescita italiana.<\/p>\n<p>La classe dirigente, innanzitutto. Viviamo in tempi di \u201casinocrazia\u201d, per usare la definizione tagliente di Giovanni Sartori, maestro di studi politici, gran liberale, morto poche settimane fa (una critica fondata non sul disprezzo della politica, tutt\u2019altro, ma proprio sull\u2019insofferenza per il degrado della buona politica democratica per carenze di competenze e capacit\u00e0 d\u2019ascolto, d\u2019indirizzo, di governo). O anche in condizioni di \u201cmediocrazia\u201d, per dirla con le analisi di Alain Deneault, filosofo politico canadese (\u201cUna qualit\u00e0 modesta\u2026uno stato medio tendente al banale, all\u2019incolore\u2026 ma innalzato al rango d\u2019autorit\u00e0\u201d).<\/p>\n<p>Sia la lezione di Sartori che l\u2019analisi di Deneault tornano in mente leggendo le pagine di uno dei libri pi\u00f9 interessanti appena usciti, \u201c<strong>La fine del dibattito pubblico<\/strong>\u201d di Mark Thompson, edito da Feltrinelli, ovvero \u201ccome la retorica sta distruggendo la lingua della democrazia\u201d. Thompson conosce bene le relazioni tra linguaggio e potere: \u00e8 stato direttore generale della Bbc a Londra, adesso \u00e8 amministratore delegato del \u201cNew York Times\u201d. Sa che la \u201cretorica\u201d \u00e8 in origine arte nobile dell\u2019uso della parola e che il \u201cdiscorso pubblico\u201d, strumento cardine della buona politica democratica, deve avere la forza del ragionamento e delle emozioni e deve saper essere ascoltato con capacit\u00e0 critiche, dialettiche. Racconta che la democrazia \u00e8 una forma, un insieme di parole dense, significanti. Ma oggi proprio la parola \u00e8 in crisi, perch\u00e9 banalizzata o inquinata dall\u2019uso delle <em>fake news<\/em>, delle falsificazioni, da una propaganda sbrigativa che fa perno sulle emozioni pi\u00f9 radicali e viene velocemente amplificata, senza critica competente, dai media digitali. Si crea un cortocircuito di disinformazione. Le istituzioni liberali, gli organi d\u2019informazione di qualit\u00e0 e la politica ne soffrono. Si allarga lo spazio di poteri irresponsabili e spesso incompetenti. Abili nell\u2019arte della propaganda. Il contrario della democrazia.<\/p>\n<p><strong>Ragionare su dati e fatti<\/strong> \u00e8 un\u2019attivit\u00e0 che attiene direttamente all\u2019impegno di ricostruire affidabilit\u00e0 di classi dirigenti, condizioni di fiducia, dunque credibilit\u00e0 della democrazia stessa. Conoscere e interpretare i numeri di quel che c\u2019\u00e8.\u00a0 Misurare i cambiamenti. Non indulgere dunque alla propaganda. Ma \u201cfare i conti\u201d e \u201cdare conto\u201d. Democrazia trasparente ed efficace, appunto. Una scelta coraggiosa. Fondata su competenza, concretezza, responsabilit\u00e0. Milano pu\u00f2 avere ruolo esemplare.<\/p>\n<p>Che Milano valorizzare e fare crescere, dunque? Una <strong>Milano<\/strong> \u201ccompetitiva ma anche <strong>inclusiva<\/strong>, perch\u00e9 solo tranquillit\u00e0 sociale e inclusione garantiscono lo sviluppo\u201d, sostiene il sindaco Beppe Sala, che sull\u2019attrattivit\u00e0 della metropoli gioca molte delle sue carte e che dichiara grande fiducia nell\u2019\u201dOsservatorio Milano\u201d di cui stiamo parlando. \u201cLe attese dei milanesi \u2013 aggiunge \u2013 sono alte e c\u2019\u00e8 gran voglia di fare. Non dobbiamo frustrare la volont\u00e0 e il coraggio dei nostri cittadini\u201d.<\/p>\n<p>Ci sono \u201cspecializzazioni\u201d di Milano, ribadite dall\u2019Osservatorio, su cui insistere: scienze della vita, industria agroalimentare, manifattura 4.0 nel contesto di una grande trasformazione digitale dell\u2019industria e dei servizi, finanza, sinergie tra arte, design e cultura. Il capitale umano \u00e8 il crescita. Il capitale sociale si rafforza. Milano, \u00e8 vero, \u00e8 citt\u00e0 difficile. Ma oggi ha tutti \u201ci numeri\u201d per potere costruire politiche di sviluppo. Imprese. Iniziative solidali. I \u201cnumeri\u201d, sono la chiave della sua buona politica.<\/p>\n","protected":false},"excerpt":{"rendered":"<p>Ragionare su dati e fatti. Costruire politiche documentate. Ed essere capaci d\u2019un \u201cdiscorso pubblico\u201d ben informato, secondo la dialettica democratica critica-proposta. Sta qui la sfida dell\u2019\u201dOsservatorio Milano\u201d, uno strumento di analisi e misurazione della metropoli, a paragone con analoghe altre aree europee, Monaco e Stoccarda, Barcellona e Lione. Realizzato da Assolombarda in stretta collaborazione con [&hellip;]<\/p>\n","protected":false},"author":1,"featured_media":51702,"comment_status":"open","ping_status":"open","sticky":false,"template":"","format":"standard","meta":{"footnotes":""},"categories":[53,52],"tags":[],"class_list":["post-51701","post","type-post","status-publish","format-standard","has-post-thumbnail","hentry","category-blog","category-cultura-dimpresa"],"acf":[],"yoast_head":"<!-- This site is optimized with the Yoast SEO plugin v25.0 - https:\/\/yoast.com\/wordpress\/plugins\/seo\/ -->\n<title>Milano ha \u201ci numeri\u201d per costruire politiche di sviluppo: a confronto con l\u2019Europa - Fondazione Pirelli<\/title>\n<meta name=\"robots\" content=\"index, follow, max-snippet:-1, max-image-preview:large, max-video-preview:-1\" \/>\n<link rel=\"canonical\" href=\"https:\/\/www.fondazionepirelli.org\/it\/cultura-dimpresa\/milano-ha-i-numeri-per-costruire-politiche-di-sviluppo-a-confronto-con-leuropa\/\" \/>\n<meta property=\"og:locale\" content=\"it_IT\" \/>\n<meta property=\"og:type\" content=\"article\" \/>\n<meta property=\"og:title\" content=\"Milano ha \u201ci numeri\u201d per costruire politiche di sviluppo: a confronto con l\u2019Europa - Fondazione Pirelli\" \/>\n<meta property=\"og:description\" content=\"Ragionare su dati e fatti. Costruire politiche documentate. Ed essere capaci d\u2019un \u201cdiscorso pubblico\u201d ben informato, secondo la dialettica democratica critica-proposta. Sta qui la sfida dell\u2019\u201dOsservatorio Milano\u201d, uno strumento di analisi e misurazione della metropoli, a paragone con analoghe altre aree europee, Monaco e Stoccarda, Barcellona e Lione. Realizzato da Assolombarda in stretta collaborazione con [&hellip;]\" \/>\n<meta property=\"og:url\" content=\"https:\/\/www.fondazionepirelli.org\/it\/cultura-dimpresa\/milano-ha-i-numeri-per-costruire-politiche-di-sviluppo-a-confronto-con-leuropa\/\" \/>\n<meta property=\"og:site_name\" content=\"Fondazione Pirelli\" \/>\n<meta property=\"article:published_time\" content=\"2017-05-09T00:00:00+00:00\" \/>\n<meta property=\"article:modified_time\" content=\"2019-05-30T16:29:18+00:00\" \/>\n<meta property=\"og:image\" content=\"https:\/\/wpsite-assets.fondazionepirelli.org\/wp-content\/uploads\/2019\/05\/20101338\/job-at-tech-start-up-600x300.jpg\" \/>\n\t<meta property=\"og:image:width\" content=\"600\" \/>\n\t<meta property=\"og:image:height\" content=\"300\" \/>\n\t<meta property=\"og:image:type\" content=\"image\/jpeg\" \/>\n<meta name=\"author\" content=\"fondadmin\" \/>\n<meta name=\"twitter:card\" content=\"summary_large_image\" \/>\n<meta name=\"twitter:label1\" content=\"Scritto da\" \/>\n\t<meta name=\"twitter:data1\" content=\"fondadmin\" \/>\n\t<meta name=\"twitter:label2\" content=\"Tempo di lettura stimato\" \/>\n\t<meta name=\"twitter:data2\" content=\"4 minuti\" \/>\n<script type=\"application\/ld+json\" class=\"yoast-schema-graph\">{\"@context\":\"https:\/\/schema.org\",\"@graph\":[{\"@type\":\"WebPage\",\"@id\":\"https:\/\/www.fondazionepirelli.org\/it\/cultura-dimpresa\/milano-ha-i-numeri-per-costruire-politiche-di-sviluppo-a-confronto-con-leuropa\/\",\"url\":\"https:\/\/www.fondazionepirelli.org\/it\/cultura-dimpresa\/milano-ha-i-numeri-per-costruire-politiche-di-sviluppo-a-confronto-con-leuropa\/\",\"name\":\"Milano ha \u201ci numeri\u201d per costruire politiche di sviluppo: a confronto con l\u2019Europa - Fondazione Pirelli\",\"isPartOf\":{\"@id\":\"https:\/\/www.fondazionepirelli.org\/it\/#website\"},\"primaryImageOfPage\":{\"@id\":\"https:\/\/www.fondazionepirelli.org\/it\/cultura-dimpresa\/milano-ha-i-numeri-per-costruire-politiche-di-sviluppo-a-confronto-con-leuropa\/#primaryimage\"},\"image\":{\"@id\":\"https:\/\/www.fondazionepirelli.org\/it\/cultura-dimpresa\/milano-ha-i-numeri-per-costruire-politiche-di-sviluppo-a-confronto-con-leuropa\/#primaryimage\"},\"thumbnailUrl\":\"https:\/\/wpsite-assets.fondazionepirelli.org\/wp-content\/uploads\/2019\/05\/20101338\/job-at-tech-start-up-600x300.jpg\",\"datePublished\":\"2017-05-09T00:00:00+00:00\",\"dateModified\":\"2019-05-30T16:29:18+00:00\",\"author\":{\"@id\":\"https:\/\/www.fondazionepirelli.org\/it\/#\/schema\/person\/f47d097000832c4a6e54538c791fdf25\"},\"breadcrumb\":{\"@id\":\"https:\/\/www.fondazionepirelli.org\/it\/cultura-dimpresa\/milano-ha-i-numeri-per-costruire-politiche-di-sviluppo-a-confronto-con-leuropa\/#breadcrumb\"},\"inLanguage\":\"it-IT\",\"potentialAction\":[{\"@type\":\"ReadAction\",\"target\":[\"https:\/\/www.fondazionepirelli.org\/it\/cultura-dimpresa\/milano-ha-i-numeri-per-costruire-politiche-di-sviluppo-a-confronto-con-leuropa\/\"]}]},{\"@type\":\"ImageObject\",\"inLanguage\":\"it-IT\",\"@id\":\"https:\/\/www.fondazionepirelli.org\/it\/cultura-dimpresa\/milano-ha-i-numeri-per-costruire-politiche-di-sviluppo-a-confronto-con-leuropa\/#primaryimage\",\"url\":\"https:\/\/wpsite-assets.fondazionepirelli.org\/wp-content\/uploads\/2019\/05\/20101338\/job-at-tech-start-up-600x300.jpg\",\"contentUrl\":\"https:\/\/wpsite-assets.fondazionepirelli.org\/wp-content\/uploads\/2019\/05\/20101338\/job-at-tech-start-up-600x300.jpg\",\"width\":600,\"height\":300},{\"@type\":\"BreadcrumbList\",\"@id\":\"https:\/\/www.fondazionepirelli.org\/it\/cultura-dimpresa\/milano-ha-i-numeri-per-costruire-politiche-di-sviluppo-a-confronto-con-leuropa\/#breadcrumb\",\"itemListElement\":[{\"@type\":\"ListItem\",\"position\":1,\"name\":\"Home\",\"item\":\"https:\/\/www.fondazionepirelli.org\/it\/\"},{\"@type\":\"ListItem\",\"position\":2,\"name\":\"Milano ha \u201ci numeri\u201d per costruire politiche di sviluppo: a confronto con l\u2019Europa\"}]},{\"@type\":\"WebSite\",\"@id\":\"https:\/\/www.fondazionepirelli.org\/it\/#website\",\"url\":\"https:\/\/www.fondazionepirelli.org\/it\/\",\"name\":\"Fondazione Pirelli\",\"description\":\"\",\"potentialAction\":[{\"@type\":\"SearchAction\",\"target\":{\"@type\":\"EntryPoint\",\"urlTemplate\":\"https:\/\/www.fondazionepirelli.org\/it\/?s={search_term_string}\"},\"query-input\":{\"@type\":\"PropertyValueSpecification\",\"valueRequired\":true,\"valueName\":\"search_term_string\"}}],\"inLanguage\":\"it-IT\"},{\"@type\":\"Person\",\"@id\":\"https:\/\/www.fondazionepirelli.org\/it\/#\/schema\/person\/f47d097000832c4a6e54538c791fdf25\",\"name\":\"fondadmin\",\"image\":{\"@type\":\"ImageObject\",\"inLanguage\":\"it-IT\",\"@id\":\"https:\/\/www.fondazionepirelli.org\/it\/#\/schema\/person\/image\/\",\"url\":\"https:\/\/secure.gravatar.com\/avatar\/e69498a9175ca244966e51e53c88712c024fcebe41f9a05f75657f1bb25e489b?s=96&d=mm&r=g\",\"contentUrl\":\"https:\/\/secure.gravatar.com\/avatar\/e69498a9175ca244966e51e53c88712c024fcebe41f9a05f75657f1bb25e489b?s=96&d=mm&r=g\",\"caption\":\"fondadmin\"},\"url\":\"https:\/\/www.fondazionepirelli.org\/it\/author\/fondadmin\/\"}]}<\/script>\n<!-- \/ Yoast SEO plugin. -->","yoast_head_json":{"title":"Milano ha \u201ci numeri\u201d per costruire politiche di sviluppo: a confronto con l\u2019Europa - Fondazione Pirelli","robots":{"index":"index","follow":"follow","max-snippet":"max-snippet:-1","max-image-preview":"max-image-preview:large","max-video-preview":"max-video-preview:-1"},"canonical":"https:\/\/www.fondazionepirelli.org\/it\/cultura-dimpresa\/milano-ha-i-numeri-per-costruire-politiche-di-sviluppo-a-confronto-con-leuropa\/","og_locale":"it_IT","og_type":"article","og_title":"Milano ha \u201ci numeri\u201d per costruire politiche di sviluppo: a confronto con l\u2019Europa - Fondazione Pirelli","og_description":"Ragionare su dati e fatti. Costruire politiche documentate. Ed essere capaci d\u2019un \u201cdiscorso pubblico\u201d ben informato, secondo la dialettica democratica critica-proposta. Sta qui la sfida dell\u2019\u201dOsservatorio Milano\u201d, uno strumento di analisi e misurazione della metropoli, a paragone con analoghe altre aree europee, Monaco e Stoccarda, Barcellona e Lione. Realizzato da Assolombarda in stretta collaborazione con [&hellip;]","og_url":"https:\/\/www.fondazionepirelli.org\/it\/cultura-dimpresa\/milano-ha-i-numeri-per-costruire-politiche-di-sviluppo-a-confronto-con-leuropa\/","og_site_name":"Fondazione Pirelli","article_published_time":"2017-05-09T00:00:00+00:00","article_modified_time":"2019-05-30T16:29:18+00:00","og_image":[{"width":600,"height":300,"url":"https:\/\/wpsite-assets.fondazionepirelli.org\/wp-content\/uploads\/2019\/05\/20101338\/job-at-tech-start-up-600x300.jpg","type":"image\/jpeg"}],"author":"fondadmin","twitter_card":"summary_large_image","twitter_misc":{"Scritto da":"fondadmin","Tempo di lettura stimato":"4 minuti"},"schema":{"@context":"https:\/\/schema.org","@graph":[{"@type":"WebPage","@id":"https:\/\/www.fondazionepirelli.org\/it\/cultura-dimpresa\/milano-ha-i-numeri-per-costruire-politiche-di-sviluppo-a-confronto-con-leuropa\/","url":"https:\/\/www.fondazionepirelli.org\/it\/cultura-dimpresa\/milano-ha-i-numeri-per-costruire-politiche-di-sviluppo-a-confronto-con-leuropa\/","name":"Milano ha \u201ci numeri\u201d per costruire politiche di sviluppo: a confronto con l\u2019Europa - Fondazione Pirelli","isPartOf":{"@id":"https:\/\/www.fondazionepirelli.org\/it\/#website"},"primaryImageOfPage":{"@id":"https:\/\/www.fondazionepirelli.org\/it\/cultura-dimpresa\/milano-ha-i-numeri-per-costruire-politiche-di-sviluppo-a-confronto-con-leuropa\/#primaryimage"},"image":{"@id":"https:\/\/www.fondazionepirelli.org\/it\/cultura-dimpresa\/milano-ha-i-numeri-per-costruire-politiche-di-sviluppo-a-confronto-con-leuropa\/#primaryimage"},"thumbnailUrl":"https:\/\/wpsite-assets.fondazionepirelli.org\/wp-content\/uploads\/2019\/05\/20101338\/job-at-tech-start-up-600x300.jpg","datePublished":"2017-05-09T00:00:00+00:00","dateModified":"2019-05-30T16:29:18+00:00","author":{"@id":"https:\/\/www.fondazionepirelli.org\/it\/#\/schema\/person\/f47d097000832c4a6e54538c791fdf25"},"breadcrumb":{"@id":"https:\/\/www.fondazionepirelli.org\/it\/cultura-dimpresa\/milano-ha-i-numeri-per-costruire-politiche-di-sviluppo-a-confronto-con-leuropa\/#breadcrumb"},"inLanguage":"it-IT","potentialAction":[{"@type":"ReadAction","target":["https:\/\/www.fondazionepirelli.org\/it\/cultura-dimpresa\/milano-ha-i-numeri-per-costruire-politiche-di-sviluppo-a-confronto-con-leuropa\/"]}]},{"@type":"ImageObject","inLanguage":"it-IT","@id":"https:\/\/www.fondazionepirelli.org\/it\/cultura-dimpresa\/milano-ha-i-numeri-per-costruire-politiche-di-sviluppo-a-confronto-con-leuropa\/#primaryimage","url":"https:\/\/wpsite-assets.fondazionepirelli.org\/wp-content\/uploads\/2019\/05\/20101338\/job-at-tech-start-up-600x300.jpg","contentUrl":"https:\/\/wpsite-assets.fondazionepirelli.org\/wp-content\/uploads\/2019\/05\/20101338\/job-at-tech-start-up-600x300.jpg","width":600,"height":300},{"@type":"BreadcrumbList","@id":"https:\/\/www.fondazionepirelli.org\/it\/cultura-dimpresa\/milano-ha-i-numeri-per-costruire-politiche-di-sviluppo-a-confronto-con-leuropa\/#breadcrumb","itemListElement":[{"@type":"ListItem","position":1,"name":"Home","item":"https:\/\/www.fondazionepirelli.org\/it\/"},{"@type":"ListItem","position":2,"name":"Milano ha \u201ci numeri\u201d per costruire politiche di sviluppo: a confronto con l\u2019Europa"}]},{"@type":"WebSite","@id":"https:\/\/www.fondazionepirelli.org\/it\/#website","url":"https:\/\/www.fondazionepirelli.org\/it\/","name":"Fondazione Pirelli","description":"","potentialAction":[{"@type":"SearchAction","target":{"@type":"EntryPoint","urlTemplate":"https:\/\/www.fondazionepirelli.org\/it\/?s={search_term_string}"},"query-input":{"@type":"PropertyValueSpecification","valueRequired":true,"valueName":"search_term_string"}}],"inLanguage":"it-IT"},{"@type":"Person","@id":"https:\/\/www.fondazionepirelli.org\/it\/#\/schema\/person\/f47d097000832c4a6e54538c791fdf25","name":"fondadmin","image":{"@type":"ImageObject","inLanguage":"it-IT","@id":"https:\/\/www.fondazionepirelli.org\/it\/#\/schema\/person\/image\/","url":"https:\/\/secure.gravatar.com\/avatar\/e69498a9175ca244966e51e53c88712c024fcebe41f9a05f75657f1bb25e489b?s=96&d=mm&r=g","contentUrl":"https:\/\/secure.gravatar.com\/avatar\/e69498a9175ca244966e51e53c88712c024fcebe41f9a05f75657f1bb25e489b?s=96&d=mm&r=g","caption":"fondadmin"},"url":"https:\/\/www.fondazionepirelli.org\/it\/author\/fondadmin\/"}]}},"_links":{"self":[{"href":"https:\/\/www.fondazionepirelli.org\/it\/wp-json\/wp\/v2\/posts\/51701\/"}],"collection":[{"href":"https:\/\/www.fondazionepirelli.org\/it\/wp-json\/wp\/v2\/posts\/"}],"about":[{"href":"https:\/\/www.fondazionepirelli.org\/it\/wp-json\/wp\/v2\/types\/post\/"}],"author":[{"embeddable":true,"href":"https:\/\/www.fondazionepirelli.org\/it\/wp-json\/wp\/v2\/users\/1\/"}],"replies":[{"embeddable":true,"href":"https:\/\/www.fondazionepirelli.org\/it\/wp-json\/wp\/v2\/comments\/?post=51701"}],"version-history":[{"count":2,"href":"https:\/\/www.fondazionepirelli.org\/it\/wp-json\/wp\/v2\/posts\/51701\/revisions\/"}],"predecessor-version":[{"id":57059,"href":"https:\/\/www.fondazionepirelli.org\/it\/wp-json\/wp\/v2\/posts\/51701\/revisions\/57059\/"}],"wp:featuredmedia":[{"embeddable":true,"href":"https:\/\/www.fondazionepirelli.org\/it\/wp-json\/wp\/v2\/media\/51702\/"}],"wp:attachment":[{"href":"https:\/\/www.fondazionepirelli.org\/it\/wp-json\/wp\/v2\/media\/?parent=51701"}],"wp:term":[{"taxonomy":"category","embeddable":true,"href":"https:\/\/www.fondazionepirelli.org\/it\/wp-json\/wp\/v2\/categories\/?post=51701"},{"taxonomy":"post_tag","embeddable":true,"href":"https:\/\/www.fondazionepirelli.org\/it\/wp-json\/wp\/v2\/tags\/?post=51701"}],"curies":[{"name":"wp","href":"https:\/\/api.w.org\/{rel}","templated":true}]}}