{"id":51709,"date":"2017-05-02T00:00:00","date_gmt":"2017-05-02T00:00:00","guid":{"rendered":"http:\/\/www.fondazionepirelli.org\/fondazione-pirelli\/litalia-provinciale-che-parla-male-di-se-e-le-imprese-che-innovano-e-investono\/"},"modified":"2019-06-03T08:01:05","modified_gmt":"2019-06-03T08:01:05","slug":"litalia-provinciale-che-parla-male-di-se-e-le-imprese-che-innovano-e-investono","status":"publish","type":"post","link":"https:\/\/www.fondazionepirelli.org\/it\/cultura-dimpresa\/litalia-provinciale-che-parla-male-di-se-e-le-imprese-che-innovano-e-investono\/","title":{"rendered":"L&#8217;Italia provinciale che parla male di s\u00e9 e le imprese che innovano e investono"},"content":{"rendered":"<p>\u00c8 una delle pi\u00f9 grandi passioni degli italiani, parlar male dell&#8217;Italia. Ma anche offendersi con coloro che la criticano. Tifoserie. Chiacchiere da Bar Sport elevate a valori politici. Insistenza nel proclamare, alla Bartali, &#8220;tutto sbagliato, tutto da rifare&#8221; (ma senza la sua ruvida bonomia) . O prendersela con i &#8220;gufi&#8221; e &#8220;chi rema contro&#8221;. &#8220;<strong>Provincialismo<\/strong>&#8220;, sentenzia sul &#8220;Corriere della Sera&#8221; Angelo Panebianco, contestando giustamente &#8220;i lamenti dell&#8217;Italia immobile&#8221;.<\/p>\n<p>Meglio, invece, guardare senza passioni partigiane dati e fatti. Costruire critiche consapevoli. Apprezzare il lavoro di quegli italiani che fanno e non maledicono. E applicare nella vita quotidiana (e nell&#8217;impegno politico, amministrativo, culturale) la lezione civile di <strong>Italo Calvino<\/strong>, nelle ultime pagine de &#8220;<strong>Le citt\u00e0 invisibili<\/strong>&#8220;: &#8220;L&#8217;inferno dei viventi non \u00e8 qualcosa che sar\u00e0; se ce n&#8217;\u00e8 uno, \u00e8 quello che \u00e8 gi\u00e0 qui, l&#8217;inferno che abitiamo tutti i giorni, che formiamo stando insieme. Due modi ci sono per non soffrirne. Il primo riesce facile a molti: accettare l&#8217;inferno e diventarne parte fino al punto di non vederlo pi\u00f9. Il secondo \u00e8 rischioso ed esige attenzione e apprendimento continui: cercare e saper riconoscere chi e cosa, in mezzo all&#8217;inferno, non \u00e8 inferno, e farlo durare, e dargli spazio.\u201d<\/p>\n<p>Vediamo meglio, allora, in quest&#8217;Italia ipercriticata ma anche, troppo spesso, ostile ai cambiamenti e alle riforme (ne abbiamo parlato pi\u00f9 volte, nei nostri blog), cosa &#8220;non \u00e8 inferno&#8221; e a cosa &#8220;dare spazio&#8221;.<\/p>\n<p>Un dato, innanzitutto: la<strong> ripresa degli investimenti<\/strong> delle imprese industriali in nuovi macchinari. Segno positivo di attivismo, intraprendenza, volont\u00e0 non rassegnata al declino.<\/p>\n<p>Dopo anni di stasi, gli ordini di macchine utensili sono saliti del 22% nel primo trimestre &#8217;17 (rispetto allo stesso periodo dell&#8217;anno precedente) sul mercato interno e di quasi l&#8217;1% sui mercati internazionali (dati Ucimu, l&#8217;associazione confindustriale del settore). Cosa vuol dire questa ripresa? Che l&#8217;industria italiana ha finalmente preso atto d&#8217;avere in casa macchinari vecchi (13 anni, l&#8217;et\u00e0 media degli impianti) e ha deciso che era oramai tempo di giocare la carta dell&#8217;innovazione. Carta obbligata, per fare fronte alla competitivit\u00e0 internazionale. E positivamente stimolata dagli incentivi fiscali per il &#8220;Piano Industria 4.0&#8221; del governo: i super-ammortamenti al 120% e gli iper-ammortamenti al 140%.<\/p>\n<p>C&#8217;\u00e8 insomma una <strong>combinazione virtuos<\/strong>a tra iniziativa privata e politica industriale (positive, le scelte dei governi Renzi e poi Gentiloni e l&#8217;impegno del ministro Calenda). E cresce la consapevolezza della parte pi\u00f9 dinamica della manifattura italiana di dover cogliere l&#8217;opportunit\u00e0 della svolta &#8220;digital&#8221; dell&#8217;industria: produzione hi tech e di qualit\u00e0, servizi, utilizzo dei big data, tutto l&#8217;universo innovativo di &#8220;<strong>Industria 4.0<\/strong>&#8220;, appunto. Su cui l&#8217;impresa italiana sta giocando una robusta capacit\u00e0 competitiva. Quanta parte dell&#8217;industria? Un quinto o, al massimo, un quarto, dice chi conosce la forza di imprese, filiere e reti produttive, distretti, medie imprese d&#8217;eccellenza della meccatronica e della gomma, della farmaceutica e della chimica, dei nuovi materiali e dell&#8217;agro-alimentare pi\u00f9 sofisticato. E il resto dell&#8217;industria? Cambiamenti selettivi in corso. Un mondo, comunque, in movimento. Il 20% delle imprese fa l&#8217;80% dell&#8217;export e del suo valore aggiunto. Il resto arranca, anche se a diversi livelli di velocit\u00e0. La sfida (di cultura d&#8217;impresa e di politica industriale) \u00e8 fare crescere quel 20%. Insistere insomma su innovazione e competitivit\u00e0.<\/p>\n<p>C&#8217;\u00e8 un altro dato sul &#8220;non inferno&#8221; su cui vale la pena riflettere. Ed \u00e8 quello della fiducia delle imprese, finalmente migliorata. L&#8217;indice di fiducia mensile rilevato dall&#8217;Istat ha segnato ad aprile un valore di 107,4 punti, rispetto a 100,8 del dicembre 2016: \u00e8 il pi\u00f9 alto dall&#8217;ottobre 2007, vigilia della Grande Crisi (durante la quale l&#8217;industria italiana ha perso il 25% della sua capacit\u00e0 produttiva, ha sofferto in termini di attivit\u00e0 e posti di lavoro, ha cominciato a riprendersi investendo, innovando, trovando nuovi spazi sui mercati internazionali: protagonismo da apprezzare e a cui &#8220;dare spazio&#8221;). Fiducia, dunque. Che stimola anche quegli investimenti di lungo periodo, in impianti e macchinari, di cui abbiamo detto.<\/p>\n<p>Le imprese migliori sono insomma in movimento. Il loro dato di fiducia va letto accanto a un altro dato, quello della caduta della fiducia dei consumatori. In arretramento. &#8220;Italia bipolare. Aziende e famiglie, le strade si dividono&#8221;, commenta Paolo Bricco su &#8220;IlSole24Ore&#8221; (28 aprile). L&#8217;Istat parla di 7,2 milioni di italiani che &#8220;vivono in gravi condizioni economiche&#8221;. I consumi non crescono se non marginalmente. Il mercato interno \u00e8 fermo. Le imprese che operano soprattutto su questo mercato soffrono (l&#8217;edilizia \u00e8 in caduta per il decimo anno, qualcosa si muove solo nelle grandi citt\u00e0 del Nord, a cominciare da Milano).<\/p>\n<p>In un clima del genere, sfide politiche, economiche e sociali si incrociano. Il futuro dello sviluppo sta nelle imprese pi\u00f9 dinamiche, nella capacit\u00e0 di traino da parte della manifattura hi tech e medium tech delle aree settentrionali, le pi\u00f9 &#8220;europee&#8221;. Ma non c&#8217;\u00e8 settore n\u00e9 area geo-economica che possa fare da locomotiva, se tutto il sistema Paese non entra nell&#8217;ordine di idee di una forte e decisa scelta di riforme di lungo periodo. Proprio quello che sinora ha rifiutato di fare. Eccola dunque la &#8220;sfida del non inferno&#8221;. Senza parlare male di noi stessi. Senza stolido ottimismo. Ma facendo crescere quel che sappiamo &#8220;fare, e fare bene&#8221;. Meritiamo di meglio che non chiacchiere al vento.<\/p>\n","protected":false},"excerpt":{"rendered":"<p>\u00c8 una delle pi\u00f9 grandi passioni degli italiani, parlar male dell&#8217;Italia. Ma anche offendersi con coloro che la criticano. Tifoserie. Chiacchiere da Bar Sport elevate a valori politici. Insistenza nel proclamare, alla Bartali, &#8220;tutto sbagliato, tutto da rifare&#8221; (ma senza la sua ruvida bonomia) . O prendersela con i &#8220;gufi&#8221; e &#8220;chi rema contro&#8221;. &#8220;Provincialismo&#8220;, [&hellip;]<\/p>\n","protected":false},"author":1,"featured_media":51710,"comment_status":"open","ping_status":"open","sticky":false,"template":"","format":"standard","meta":{"footnotes":""},"categories":[53,52],"tags":[],"class_list":["post-51709","post","type-post","status-publish","format-standard","has-post-thumbnail","hentry","category-blog","category-cultura-dimpresa"],"acf":[],"yoast_head":"<!-- This site is optimized with the Yoast SEO plugin v25.0 - https:\/\/yoast.com\/wordpress\/plugins\/seo\/ -->\n<title>L&#039;Italia provinciale che parla male di s\u00e9 e le imprese che innovano e investono - Fondazione Pirelli<\/title>\n<meta name=\"robots\" content=\"index, follow, max-snippet:-1, max-image-preview:large, max-video-preview:-1\" \/>\n<link rel=\"canonical\" href=\"https:\/\/www.fondazionepirelli.org\/it\/cultura-dimpresa\/litalia-provinciale-che-parla-male-di-se-e-le-imprese-che-innovano-e-investono\/\" \/>\n<meta property=\"og:locale\" content=\"it_IT\" \/>\n<meta property=\"og:type\" content=\"article\" \/>\n<meta property=\"og:title\" content=\"L&#039;Italia provinciale che parla male di s\u00e9 e le imprese che innovano e investono - Fondazione Pirelli\" \/>\n<meta property=\"og:description\" content=\"\u00c8 una delle pi\u00f9 grandi passioni degli italiani, parlar male dell&#8217;Italia. Ma anche offendersi con coloro che la criticano. Tifoserie. Chiacchiere da Bar Sport elevate a valori politici. Insistenza nel proclamare, alla Bartali, &#8220;tutto sbagliato, tutto da rifare&#8221; (ma senza la sua ruvida bonomia) . O prendersela con i &#8220;gufi&#8221; e &#8220;chi rema contro&#8221;. &#8220;Provincialismo&#8220;, [&hellip;]\" \/>\n<meta property=\"og:url\" content=\"https:\/\/www.fondazionepirelli.org\/it\/cultura-dimpresa\/litalia-provinciale-che-parla-male-di-se-e-le-imprese-che-innovano-e-investono\/\" \/>\n<meta property=\"og:site_name\" content=\"Fondazione Pirelli\" \/>\n<meta property=\"article:published_time\" content=\"2017-05-02T00:00:00+00:00\" \/>\n<meta property=\"article:modified_time\" content=\"2019-06-03T08:01:05+00:00\" \/>\n<meta property=\"og:image\" content=\"https:\/\/wpsite-assets.fondazionepirelli.org\/wp-content\/uploads\/2019\/05\/20101335\/cst-consulting-cloud-170109175412.jpg\" \/>\n\t<meta property=\"og:image:width\" content=\"562\" \/>\n\t<meta property=\"og:image:height\" content=\"476\" \/>\n\t<meta property=\"og:image:type\" content=\"image\/jpeg\" \/>\n<meta name=\"author\" content=\"fondadmin\" \/>\n<meta name=\"twitter:card\" content=\"summary_large_image\" \/>\n<meta name=\"twitter:label1\" content=\"Scritto da\" \/>\n\t<meta name=\"twitter:data1\" content=\"fondadmin\" \/>\n\t<meta name=\"twitter:label2\" content=\"Tempo di lettura stimato\" \/>\n\t<meta name=\"twitter:data2\" content=\"4 minuti\" \/>\n<script type=\"application\/ld+json\" class=\"yoast-schema-graph\">{\"@context\":\"https:\/\/schema.org\",\"@graph\":[{\"@type\":\"WebPage\",\"@id\":\"https:\/\/www.fondazionepirelli.org\/it\/cultura-dimpresa\/litalia-provinciale-che-parla-male-di-se-e-le-imprese-che-innovano-e-investono\/\",\"url\":\"https:\/\/www.fondazionepirelli.org\/it\/cultura-dimpresa\/litalia-provinciale-che-parla-male-di-se-e-le-imprese-che-innovano-e-investono\/\",\"name\":\"L'Italia provinciale che parla male di s\u00e9 e le imprese che innovano e investono - Fondazione Pirelli\",\"isPartOf\":{\"@id\":\"https:\/\/www.fondazionepirelli.org\/it\/#website\"},\"primaryImageOfPage\":{\"@id\":\"https:\/\/www.fondazionepirelli.org\/it\/cultura-dimpresa\/litalia-provinciale-che-parla-male-di-se-e-le-imprese-che-innovano-e-investono\/#primaryimage\"},\"image\":{\"@id\":\"https:\/\/www.fondazionepirelli.org\/it\/cultura-dimpresa\/litalia-provinciale-che-parla-male-di-se-e-le-imprese-che-innovano-e-investono\/#primaryimage\"},\"thumbnailUrl\":\"https:\/\/wpsite-assets.fondazionepirelli.org\/wp-content\/uploads\/2019\/05\/20101335\/cst-consulting-cloud-170109175412.jpg\",\"datePublished\":\"2017-05-02T00:00:00+00:00\",\"dateModified\":\"2019-06-03T08:01:05+00:00\",\"author\":{\"@id\":\"https:\/\/www.fondazionepirelli.org\/it\/#\/schema\/person\/f47d097000832c4a6e54538c791fdf25\"},\"breadcrumb\":{\"@id\":\"https:\/\/www.fondazionepirelli.org\/it\/cultura-dimpresa\/litalia-provinciale-che-parla-male-di-se-e-le-imprese-che-innovano-e-investono\/#breadcrumb\"},\"inLanguage\":\"it-IT\",\"potentialAction\":[{\"@type\":\"ReadAction\",\"target\":[\"https:\/\/www.fondazionepirelli.org\/it\/cultura-dimpresa\/litalia-provinciale-che-parla-male-di-se-e-le-imprese-che-innovano-e-investono\/\"]}]},{\"@type\":\"ImageObject\",\"inLanguage\":\"it-IT\",\"@id\":\"https:\/\/www.fondazionepirelli.org\/it\/cultura-dimpresa\/litalia-provinciale-che-parla-male-di-se-e-le-imprese-che-innovano-e-investono\/#primaryimage\",\"url\":\"https:\/\/wpsite-assets.fondazionepirelli.org\/wp-content\/uploads\/2019\/05\/20101335\/cst-consulting-cloud-170109175412.jpg\",\"contentUrl\":\"https:\/\/wpsite-assets.fondazionepirelli.org\/wp-content\/uploads\/2019\/05\/20101335\/cst-consulting-cloud-170109175412.jpg\",\"width\":562,\"height\":476},{\"@type\":\"BreadcrumbList\",\"@id\":\"https:\/\/www.fondazionepirelli.org\/it\/cultura-dimpresa\/litalia-provinciale-che-parla-male-di-se-e-le-imprese-che-innovano-e-investono\/#breadcrumb\",\"itemListElement\":[{\"@type\":\"ListItem\",\"position\":1,\"name\":\"Home\",\"item\":\"https:\/\/www.fondazionepirelli.org\/it\/\"},{\"@type\":\"ListItem\",\"position\":2,\"name\":\"L&#8217;Italia provinciale che parla male di s\u00e9 e le imprese che innovano e investono\"}]},{\"@type\":\"WebSite\",\"@id\":\"https:\/\/www.fondazionepirelli.org\/it\/#website\",\"url\":\"https:\/\/www.fondazionepirelli.org\/it\/\",\"name\":\"Fondazione Pirelli\",\"description\":\"\",\"potentialAction\":[{\"@type\":\"SearchAction\",\"target\":{\"@type\":\"EntryPoint\",\"urlTemplate\":\"https:\/\/www.fondazionepirelli.org\/it\/?s={search_term_string}\"},\"query-input\":{\"@type\":\"PropertyValueSpecification\",\"valueRequired\":true,\"valueName\":\"search_term_string\"}}],\"inLanguage\":\"it-IT\"},{\"@type\":\"Person\",\"@id\":\"https:\/\/www.fondazionepirelli.org\/it\/#\/schema\/person\/f47d097000832c4a6e54538c791fdf25\",\"name\":\"fondadmin\",\"image\":{\"@type\":\"ImageObject\",\"inLanguage\":\"it-IT\",\"@id\":\"https:\/\/www.fondazionepirelli.org\/it\/#\/schema\/person\/image\/\",\"url\":\"https:\/\/secure.gravatar.com\/avatar\/e69498a9175ca244966e51e53c88712c024fcebe41f9a05f75657f1bb25e489b?s=96&d=mm&r=g\",\"contentUrl\":\"https:\/\/secure.gravatar.com\/avatar\/e69498a9175ca244966e51e53c88712c024fcebe41f9a05f75657f1bb25e489b?s=96&d=mm&r=g\",\"caption\":\"fondadmin\"},\"url\":\"https:\/\/www.fondazionepirelli.org\/it\/author\/fondadmin\/\"}]}<\/script>\n<!-- \/ Yoast SEO plugin. -->","yoast_head_json":{"title":"L'Italia provinciale che parla male di s\u00e9 e le imprese che innovano e investono - Fondazione Pirelli","robots":{"index":"index","follow":"follow","max-snippet":"max-snippet:-1","max-image-preview":"max-image-preview:large","max-video-preview":"max-video-preview:-1"},"canonical":"https:\/\/www.fondazionepirelli.org\/it\/cultura-dimpresa\/litalia-provinciale-che-parla-male-di-se-e-le-imprese-che-innovano-e-investono\/","og_locale":"it_IT","og_type":"article","og_title":"L'Italia provinciale che parla male di s\u00e9 e le imprese che innovano e investono - Fondazione Pirelli","og_description":"\u00c8 una delle pi\u00f9 grandi passioni degli italiani, parlar male dell&#8217;Italia. Ma anche offendersi con coloro che la criticano. Tifoserie. Chiacchiere da Bar Sport elevate a valori politici. Insistenza nel proclamare, alla Bartali, &#8220;tutto sbagliato, tutto da rifare&#8221; (ma senza la sua ruvida bonomia) . O prendersela con i &#8220;gufi&#8221; e &#8220;chi rema contro&#8221;. &#8220;Provincialismo&#8220;, [&hellip;]","og_url":"https:\/\/www.fondazionepirelli.org\/it\/cultura-dimpresa\/litalia-provinciale-che-parla-male-di-se-e-le-imprese-che-innovano-e-investono\/","og_site_name":"Fondazione Pirelli","article_published_time":"2017-05-02T00:00:00+00:00","article_modified_time":"2019-06-03T08:01:05+00:00","og_image":[{"width":562,"height":476,"url":"https:\/\/wpsite-assets.fondazionepirelli.org\/wp-content\/uploads\/2019\/05\/20101335\/cst-consulting-cloud-170109175412.jpg","type":"image\/jpeg"}],"author":"fondadmin","twitter_card":"summary_large_image","twitter_misc":{"Scritto da":"fondadmin","Tempo di lettura stimato":"4 minuti"},"schema":{"@context":"https:\/\/schema.org","@graph":[{"@type":"WebPage","@id":"https:\/\/www.fondazionepirelli.org\/it\/cultura-dimpresa\/litalia-provinciale-che-parla-male-di-se-e-le-imprese-che-innovano-e-investono\/","url":"https:\/\/www.fondazionepirelli.org\/it\/cultura-dimpresa\/litalia-provinciale-che-parla-male-di-se-e-le-imprese-che-innovano-e-investono\/","name":"L'Italia provinciale che parla male di s\u00e9 e le imprese che innovano e investono - Fondazione Pirelli","isPartOf":{"@id":"https:\/\/www.fondazionepirelli.org\/it\/#website"},"primaryImageOfPage":{"@id":"https:\/\/www.fondazionepirelli.org\/it\/cultura-dimpresa\/litalia-provinciale-che-parla-male-di-se-e-le-imprese-che-innovano-e-investono\/#primaryimage"},"image":{"@id":"https:\/\/www.fondazionepirelli.org\/it\/cultura-dimpresa\/litalia-provinciale-che-parla-male-di-se-e-le-imprese-che-innovano-e-investono\/#primaryimage"},"thumbnailUrl":"https:\/\/wpsite-assets.fondazionepirelli.org\/wp-content\/uploads\/2019\/05\/20101335\/cst-consulting-cloud-170109175412.jpg","datePublished":"2017-05-02T00:00:00+00:00","dateModified":"2019-06-03T08:01:05+00:00","author":{"@id":"https:\/\/www.fondazionepirelli.org\/it\/#\/schema\/person\/f47d097000832c4a6e54538c791fdf25"},"breadcrumb":{"@id":"https:\/\/www.fondazionepirelli.org\/it\/cultura-dimpresa\/litalia-provinciale-che-parla-male-di-se-e-le-imprese-che-innovano-e-investono\/#breadcrumb"},"inLanguage":"it-IT","potentialAction":[{"@type":"ReadAction","target":["https:\/\/www.fondazionepirelli.org\/it\/cultura-dimpresa\/litalia-provinciale-che-parla-male-di-se-e-le-imprese-che-innovano-e-investono\/"]}]},{"@type":"ImageObject","inLanguage":"it-IT","@id":"https:\/\/www.fondazionepirelli.org\/it\/cultura-dimpresa\/litalia-provinciale-che-parla-male-di-se-e-le-imprese-che-innovano-e-investono\/#primaryimage","url":"https:\/\/wpsite-assets.fondazionepirelli.org\/wp-content\/uploads\/2019\/05\/20101335\/cst-consulting-cloud-170109175412.jpg","contentUrl":"https:\/\/wpsite-assets.fondazionepirelli.org\/wp-content\/uploads\/2019\/05\/20101335\/cst-consulting-cloud-170109175412.jpg","width":562,"height":476},{"@type":"BreadcrumbList","@id":"https:\/\/www.fondazionepirelli.org\/it\/cultura-dimpresa\/litalia-provinciale-che-parla-male-di-se-e-le-imprese-che-innovano-e-investono\/#breadcrumb","itemListElement":[{"@type":"ListItem","position":1,"name":"Home","item":"https:\/\/www.fondazionepirelli.org\/it\/"},{"@type":"ListItem","position":2,"name":"L&#8217;Italia provinciale che parla male di s\u00e9 e le imprese che innovano e investono"}]},{"@type":"WebSite","@id":"https:\/\/www.fondazionepirelli.org\/it\/#website","url":"https:\/\/www.fondazionepirelli.org\/it\/","name":"Fondazione Pirelli","description":"","potentialAction":[{"@type":"SearchAction","target":{"@type":"EntryPoint","urlTemplate":"https:\/\/www.fondazionepirelli.org\/it\/?s={search_term_string}"},"query-input":{"@type":"PropertyValueSpecification","valueRequired":true,"valueName":"search_term_string"}}],"inLanguage":"it-IT"},{"@type":"Person","@id":"https:\/\/www.fondazionepirelli.org\/it\/#\/schema\/person\/f47d097000832c4a6e54538c791fdf25","name":"fondadmin","image":{"@type":"ImageObject","inLanguage":"it-IT","@id":"https:\/\/www.fondazionepirelli.org\/it\/#\/schema\/person\/image\/","url":"https:\/\/secure.gravatar.com\/avatar\/e69498a9175ca244966e51e53c88712c024fcebe41f9a05f75657f1bb25e489b?s=96&d=mm&r=g","contentUrl":"https:\/\/secure.gravatar.com\/avatar\/e69498a9175ca244966e51e53c88712c024fcebe41f9a05f75657f1bb25e489b?s=96&d=mm&r=g","caption":"fondadmin"},"url":"https:\/\/www.fondazionepirelli.org\/it\/author\/fondadmin\/"}]}},"_links":{"self":[{"href":"https:\/\/www.fondazionepirelli.org\/it\/wp-json\/wp\/v2\/posts\/51709\/"}],"collection":[{"href":"https:\/\/www.fondazionepirelli.org\/it\/wp-json\/wp\/v2\/posts\/"}],"about":[{"href":"https:\/\/www.fondazionepirelli.org\/it\/wp-json\/wp\/v2\/types\/post\/"}],"author":[{"embeddable":true,"href":"https:\/\/www.fondazionepirelli.org\/it\/wp-json\/wp\/v2\/users\/1\/"}],"replies":[{"embeddable":true,"href":"https:\/\/www.fondazionepirelli.org\/it\/wp-json\/wp\/v2\/comments\/?post=51709"}],"version-history":[{"count":2,"href":"https:\/\/www.fondazionepirelli.org\/it\/wp-json\/wp\/v2\/posts\/51709\/revisions\/"}],"predecessor-version":[{"id":57110,"href":"https:\/\/www.fondazionepirelli.org\/it\/wp-json\/wp\/v2\/posts\/51709\/revisions\/57110\/"}],"wp:featuredmedia":[{"embeddable":true,"href":"https:\/\/www.fondazionepirelli.org\/it\/wp-json\/wp\/v2\/media\/51710\/"}],"wp:attachment":[{"href":"https:\/\/www.fondazionepirelli.org\/it\/wp-json\/wp\/v2\/media\/?parent=51709"}],"wp:term":[{"taxonomy":"category","embeddable":true,"href":"https:\/\/www.fondazionepirelli.org\/it\/wp-json\/wp\/v2\/categories\/?post=51709"},{"taxonomy":"post_tag","embeddable":true,"href":"https:\/\/www.fondazionepirelli.org\/it\/wp-json\/wp\/v2\/tags\/?post=51709"}],"curies":[{"name":"wp","href":"https:\/\/api.w.org\/{rel}","templated":true}]}}