{"id":51717,"date":"2017-04-26T00:00:00","date_gmt":"2017-04-26T00:00:00","guid":{"rendered":"http:\/\/www.fondazionepirelli.org\/fondazione-pirelli\/corretta-comunicazione-per-buone-imprese\/"},"modified":"2019-05-09T12:42:08","modified_gmt":"2019-05-09T12:42:08","slug":"corretta-comunicazione-per-buone-imprese","status":"publish","type":"post","link":"https:\/\/www.fondazionepirelli.org\/it\/cultura-dimpresa\/corretta-comunicazione-per-buone-imprese\/","title":{"rendered":"Corretta comunicazione per buone imprese"},"content":{"rendered":"<p><em>In un libro riassunti tutti gli aspetti del moderno sistema del comunicare<\/em><\/p><p>L\u2019impresa comunica con l\u2019esterno. Aspetto cruciale, quello della comunicazione e dell\u2019erogazione di informazioni, troppo spesso poco compreso, travisato, confuso con altre caselle dell\u2019organizzazione della produzione. Comunicare bene, d\u2019altra parte, \u00e8 parte essenziale di una buona cultura d\u2019impresa, attenta non solo alla qualit\u00e0 del prodotto ma anche al contesto e al territorio. Senza contare le ormai tante aziende che della comunicazione hanno fatto il proprio prodotto.<\/p>\n<p>\u201cLe professioni della comunicazione 2017\u201d appena pubblicato \u00e8 una buona lettura da fare per capire meglio e con pi\u00f9 precisione la natura e gli strumenti della comunicazione a disposizione anche delle imprese. Scritto a pi\u00f9 mani e a cura di <strong>Ruggero Eugeni<\/strong><strong> (<\/strong>professore di Semiotica dei media presso l&#8217;Universit\u00e0 Cattolica di Milano), e di <strong>Nicoletta Vittadini<\/strong><strong>\u00a0 <\/strong>(professore di Sociologia della comunicazione e di Web e social Media presso l&#8217;Universit\u00e0 Cattolica), il libro ha l\u2019obiettivo di rispondere all\u2019interrogativo su su come stiano cambiando le professioni della comunicazione. Il traguardo pi\u00f9 generale che il volume vuole raggiungere, \u00e8 quello di arrivare a\u00a0 \u201cdisegnare per la prima volta in Italia una mappa dei mondi professionali della comunicazione e cogliere i cambiamenti in atto al suo interno\u201d.<br \/>\nAll\u2019interno quindi, vengono prima di tutto delineate le nuove figure e le nuove competenze che si sono delineate nel settore dei media e della comunicazione approfondendo poi la comunicazione d\u2019impresa e del prodotto per passare poi alla comunicazione propria dei \u201cvenditori\u201d e arrivando quindi alla comunicazione digitale e audiovisiva. Particolare attenzione viene anche posta sul mondo dell\u2019editoria\u00a0 e dell\u2019organizzazione degli eventi.<\/p>\n<p>Frutto di numerose ricerche e interventi di professionisti, aziende e associazioni del settore &#8211; coordinato da Almed, Alta Scuola in Media, Comunicazione e Spettacolo dell&#8217;Universit\u00e0 Cattolica -, il libro \u00e8 scritto con un linguaggio immediato e quasi in presa diretta. Una buona porta d\u2019ingresso ad un mondo che evolve in continuazione, e i cui strumenti imprenditori e <em>manager <\/em>\u00a0devono conoscere bene per poterli usare adeguatamente.<\/p><p><strong>Libro bianco de Le professioni della comunicazione 2017<\/strong><\/p>\n<p>Ruggero Eugeni, Nicoletta Vittadini (a cura di)<\/p>\n<p>Franco Angeli, 2017<\/p>\n","protected":false},"excerpt":{"rendered":"<p>In un libro riassunti tutti gli aspetti del moderno sistema del comunicareL\u2019impresa comunica con l\u2019esterno. Aspetto cruciale, quello della comunicazione e dell\u2019erogazione di informazioni, troppo spesso poco compreso, travisato, confuso con altre caselle dell\u2019organizzazione della produzione. Comunicare bene, d\u2019altra parte, \u00e8 parte essenziale di una buona cultura d\u2019impresa, attenta non solo alla qualit\u00e0 del prodotto [&hellip;]<\/p>\n","protected":false},"author":1,"featured_media":51718,"comment_status":"open","ping_status":"open","sticky":false,"template":"","format":"standard","meta":{"footnotes":""},"categories":[52,58],"tags":[],"class_list":["post-51717","post","type-post","status-publish","format-standard","has-post-thumbnail","hentry","category-cultura-dimpresa","category-recensioni-libri"],"acf":[],"yoast_head":"<!-- This site is optimized with the Yoast SEO plugin v25.0 - https:\/\/yoast.com\/wordpress\/plugins\/seo\/ -->\n<title>Corretta comunicazione per buone imprese - Fondazione Pirelli<\/title>\n<meta name=\"robots\" content=\"index, follow, max-snippet:-1, max-image-preview:large, max-video-preview:-1\" \/>\n<link rel=\"canonical\" href=\"https:\/\/www.fondazionepirelli.org\/it\/cultura-dimpresa\/corretta-comunicazione-per-buone-imprese\/\" \/>\n<meta property=\"og:locale\" content=\"it_IT\" \/>\n<meta property=\"og:type\" content=\"article\" \/>\n<meta property=\"og:title\" content=\"Corretta comunicazione per buone imprese - Fondazione Pirelli\" \/>\n<meta property=\"og:description\" content=\"In un libro riassunti tutti gli aspetti del moderno sistema del comunicareL\u2019impresa comunica con l\u2019esterno. Aspetto cruciale, quello della comunicazione e dell\u2019erogazione di informazioni, troppo spesso poco compreso, travisato, confuso con altre caselle dell\u2019organizzazione della produzione. Comunicare bene, d\u2019altra parte, \u00e8 parte essenziale di una buona cultura d\u2019impresa, attenta non solo alla qualit\u00e0 del prodotto [&hellip;]\" \/>\n<meta property=\"og:url\" content=\"https:\/\/www.fondazionepirelli.org\/it\/cultura-dimpresa\/corretta-comunicazione-per-buone-imprese\/\" \/>\n<meta property=\"og:site_name\" content=\"Fondazione Pirelli\" \/>\n<meta property=\"article:published_time\" content=\"2017-04-26T00:00:00+00:00\" \/>\n<meta property=\"article:modified_time\" content=\"2019-05-09T12:42:08+00:00\" \/>\n<meta property=\"og:image\" content=\"https:\/\/wpsite-assets.fondazionepirelli.org\/wp-content\/uploads\/2019\/05\/20101334\/professioni-comunicazioni.jpg\" \/>\n\t<meta property=\"og:image:width\" content=\"229\" \/>\n\t<meta property=\"og:image:height\" content=\"341\" \/>\n\t<meta property=\"og:image:type\" content=\"image\/jpeg\" \/>\n<meta name=\"author\" content=\"fondadmin\" \/>\n<meta name=\"twitter:card\" content=\"summary_large_image\" \/>\n<meta name=\"twitter:label1\" content=\"Scritto da\" \/>\n\t<meta name=\"twitter:data1\" content=\"fondadmin\" \/>\n\t<meta name=\"twitter:label2\" content=\"Tempo di lettura stimato\" \/>\n\t<meta name=\"twitter:data2\" content=\"2 minuti\" \/>\n<script type=\"application\/ld+json\" class=\"yoast-schema-graph\">{\"@context\":\"https:\/\/schema.org\",\"@graph\":[{\"@type\":\"WebPage\",\"@id\":\"https:\/\/www.fondazionepirelli.org\/it\/cultura-dimpresa\/corretta-comunicazione-per-buone-imprese\/\",\"url\":\"https:\/\/www.fondazionepirelli.org\/it\/cultura-dimpresa\/corretta-comunicazione-per-buone-imprese\/\",\"name\":\"Corretta comunicazione per buone imprese - Fondazione Pirelli\",\"isPartOf\":{\"@id\":\"https:\/\/www.fondazionepirelli.org\/it\/#website\"},\"primaryImageOfPage\":{\"@id\":\"https:\/\/www.fondazionepirelli.org\/it\/cultura-dimpresa\/corretta-comunicazione-per-buone-imprese\/#primaryimage\"},\"image\":{\"@id\":\"https:\/\/www.fondazionepirelli.org\/it\/cultura-dimpresa\/corretta-comunicazione-per-buone-imprese\/#primaryimage\"},\"thumbnailUrl\":\"https:\/\/wpsite-assets.fondazionepirelli.org\/wp-content\/uploads\/2019\/05\/20101334\/professioni-comunicazioni.jpg\",\"datePublished\":\"2017-04-26T00:00:00+00:00\",\"dateModified\":\"2019-05-09T12:42:08+00:00\",\"author\":{\"@id\":\"https:\/\/www.fondazionepirelli.org\/it\/#\/schema\/person\/f47d097000832c4a6e54538c791fdf25\"},\"breadcrumb\":{\"@id\":\"https:\/\/www.fondazionepirelli.org\/it\/cultura-dimpresa\/corretta-comunicazione-per-buone-imprese\/#breadcrumb\"},\"inLanguage\":\"it-IT\",\"potentialAction\":[{\"@type\":\"ReadAction\",\"target\":[\"https:\/\/www.fondazionepirelli.org\/it\/cultura-dimpresa\/corretta-comunicazione-per-buone-imprese\/\"]}]},{\"@type\":\"ImageObject\",\"inLanguage\":\"it-IT\",\"@id\":\"https:\/\/www.fondazionepirelli.org\/it\/cultura-dimpresa\/corretta-comunicazione-per-buone-imprese\/#primaryimage\",\"url\":\"https:\/\/wpsite-assets.fondazionepirelli.org\/wp-content\/uploads\/2019\/05\/20101334\/professioni-comunicazioni.jpg\",\"contentUrl\":\"https:\/\/wpsite-assets.fondazionepirelli.org\/wp-content\/uploads\/2019\/05\/20101334\/professioni-comunicazioni.jpg\",\"width\":229,\"height\":341},{\"@type\":\"BreadcrumbList\",\"@id\":\"https:\/\/www.fondazionepirelli.org\/it\/cultura-dimpresa\/corretta-comunicazione-per-buone-imprese\/#breadcrumb\",\"itemListElement\":[{\"@type\":\"ListItem\",\"position\":1,\"name\":\"Home\",\"item\":\"https:\/\/www.fondazionepirelli.org\/it\/\"},{\"@type\":\"ListItem\",\"position\":2,\"name\":\"Corretta comunicazione per buone imprese\"}]},{\"@type\":\"WebSite\",\"@id\":\"https:\/\/www.fondazionepirelli.org\/it\/#website\",\"url\":\"https:\/\/www.fondazionepirelli.org\/it\/\",\"name\":\"Fondazione Pirelli\",\"description\":\"\",\"potentialAction\":[{\"@type\":\"SearchAction\",\"target\":{\"@type\":\"EntryPoint\",\"urlTemplate\":\"https:\/\/www.fondazionepirelli.org\/it\/?s={search_term_string}\"},\"query-input\":{\"@type\":\"PropertyValueSpecification\",\"valueRequired\":true,\"valueName\":\"search_term_string\"}}],\"inLanguage\":\"it-IT\"},{\"@type\":\"Person\",\"@id\":\"https:\/\/www.fondazionepirelli.org\/it\/#\/schema\/person\/f47d097000832c4a6e54538c791fdf25\",\"name\":\"fondadmin\",\"image\":{\"@type\":\"ImageObject\",\"inLanguage\":\"it-IT\",\"@id\":\"https:\/\/www.fondazionepirelli.org\/it\/#\/schema\/person\/image\/\",\"url\":\"https:\/\/secure.gravatar.com\/avatar\/e69498a9175ca244966e51e53c88712c024fcebe41f9a05f75657f1bb25e489b?s=96&d=mm&r=g\",\"contentUrl\":\"https:\/\/secure.gravatar.com\/avatar\/e69498a9175ca244966e51e53c88712c024fcebe41f9a05f75657f1bb25e489b?s=96&d=mm&r=g\",\"caption\":\"fondadmin\"},\"url\":\"https:\/\/www.fondazionepirelli.org\/it\/author\/fondadmin\/\"}]}<\/script>\n<!-- \/ Yoast SEO plugin. -->","yoast_head_json":{"title":"Corretta comunicazione per buone imprese - Fondazione Pirelli","robots":{"index":"index","follow":"follow","max-snippet":"max-snippet:-1","max-image-preview":"max-image-preview:large","max-video-preview":"max-video-preview:-1"},"canonical":"https:\/\/www.fondazionepirelli.org\/it\/cultura-dimpresa\/corretta-comunicazione-per-buone-imprese\/","og_locale":"it_IT","og_type":"article","og_title":"Corretta comunicazione per buone imprese - Fondazione Pirelli","og_description":"In un libro riassunti tutti gli aspetti del moderno sistema del comunicareL\u2019impresa comunica con l\u2019esterno. Aspetto cruciale, quello della comunicazione e dell\u2019erogazione di informazioni, troppo spesso poco compreso, travisato, confuso con altre caselle dell\u2019organizzazione della produzione. Comunicare bene, d\u2019altra parte, \u00e8 parte essenziale di una buona cultura d\u2019impresa, attenta non solo alla qualit\u00e0 del prodotto [&hellip;]","og_url":"https:\/\/www.fondazionepirelli.org\/it\/cultura-dimpresa\/corretta-comunicazione-per-buone-imprese\/","og_site_name":"Fondazione Pirelli","article_published_time":"2017-04-26T00:00:00+00:00","article_modified_time":"2019-05-09T12:42:08+00:00","og_image":[{"width":229,"height":341,"url":"https:\/\/wpsite-assets.fondazionepirelli.org\/wp-content\/uploads\/2019\/05\/20101334\/professioni-comunicazioni.jpg","type":"image\/jpeg"}],"author":"fondadmin","twitter_card":"summary_large_image","twitter_misc":{"Scritto da":"fondadmin","Tempo di lettura stimato":"2 minuti"},"schema":{"@context":"https:\/\/schema.org","@graph":[{"@type":"WebPage","@id":"https:\/\/www.fondazionepirelli.org\/it\/cultura-dimpresa\/corretta-comunicazione-per-buone-imprese\/","url":"https:\/\/www.fondazionepirelli.org\/it\/cultura-dimpresa\/corretta-comunicazione-per-buone-imprese\/","name":"Corretta comunicazione per buone imprese - Fondazione Pirelli","isPartOf":{"@id":"https:\/\/www.fondazionepirelli.org\/it\/#website"},"primaryImageOfPage":{"@id":"https:\/\/www.fondazionepirelli.org\/it\/cultura-dimpresa\/corretta-comunicazione-per-buone-imprese\/#primaryimage"},"image":{"@id":"https:\/\/www.fondazionepirelli.org\/it\/cultura-dimpresa\/corretta-comunicazione-per-buone-imprese\/#primaryimage"},"thumbnailUrl":"https:\/\/wpsite-assets.fondazionepirelli.org\/wp-content\/uploads\/2019\/05\/20101334\/professioni-comunicazioni.jpg","datePublished":"2017-04-26T00:00:00+00:00","dateModified":"2019-05-09T12:42:08+00:00","author":{"@id":"https:\/\/www.fondazionepirelli.org\/it\/#\/schema\/person\/f47d097000832c4a6e54538c791fdf25"},"breadcrumb":{"@id":"https:\/\/www.fondazionepirelli.org\/it\/cultura-dimpresa\/corretta-comunicazione-per-buone-imprese\/#breadcrumb"},"inLanguage":"it-IT","potentialAction":[{"@type":"ReadAction","target":["https:\/\/www.fondazionepirelli.org\/it\/cultura-dimpresa\/corretta-comunicazione-per-buone-imprese\/"]}]},{"@type":"ImageObject","inLanguage":"it-IT","@id":"https:\/\/www.fondazionepirelli.org\/it\/cultura-dimpresa\/corretta-comunicazione-per-buone-imprese\/#primaryimage","url":"https:\/\/wpsite-assets.fondazionepirelli.org\/wp-content\/uploads\/2019\/05\/20101334\/professioni-comunicazioni.jpg","contentUrl":"https:\/\/wpsite-assets.fondazionepirelli.org\/wp-content\/uploads\/2019\/05\/20101334\/professioni-comunicazioni.jpg","width":229,"height":341},{"@type":"BreadcrumbList","@id":"https:\/\/www.fondazionepirelli.org\/it\/cultura-dimpresa\/corretta-comunicazione-per-buone-imprese\/#breadcrumb","itemListElement":[{"@type":"ListItem","position":1,"name":"Home","item":"https:\/\/www.fondazionepirelli.org\/it\/"},{"@type":"ListItem","position":2,"name":"Corretta comunicazione per buone imprese"}]},{"@type":"WebSite","@id":"https:\/\/www.fondazionepirelli.org\/it\/#website","url":"https:\/\/www.fondazionepirelli.org\/it\/","name":"Fondazione Pirelli","description":"","potentialAction":[{"@type":"SearchAction","target":{"@type":"EntryPoint","urlTemplate":"https:\/\/www.fondazionepirelli.org\/it\/?s={search_term_string}"},"query-input":{"@type":"PropertyValueSpecification","valueRequired":true,"valueName":"search_term_string"}}],"inLanguage":"it-IT"},{"@type":"Person","@id":"https:\/\/www.fondazionepirelli.org\/it\/#\/schema\/person\/f47d097000832c4a6e54538c791fdf25","name":"fondadmin","image":{"@type":"ImageObject","inLanguage":"it-IT","@id":"https:\/\/www.fondazionepirelli.org\/it\/#\/schema\/person\/image\/","url":"https:\/\/secure.gravatar.com\/avatar\/e69498a9175ca244966e51e53c88712c024fcebe41f9a05f75657f1bb25e489b?s=96&d=mm&r=g","contentUrl":"https:\/\/secure.gravatar.com\/avatar\/e69498a9175ca244966e51e53c88712c024fcebe41f9a05f75657f1bb25e489b?s=96&d=mm&r=g","caption":"fondadmin"},"url":"https:\/\/www.fondazionepirelli.org\/it\/author\/fondadmin\/"}]}},"_links":{"self":[{"href":"https:\/\/www.fondazionepirelli.org\/it\/wp-json\/wp\/v2\/posts\/51717\/"}],"collection":[{"href":"https:\/\/www.fondazionepirelli.org\/it\/wp-json\/wp\/v2\/posts\/"}],"about":[{"href":"https:\/\/www.fondazionepirelli.org\/it\/wp-json\/wp\/v2\/types\/post\/"}],"author":[{"embeddable":true,"href":"https:\/\/www.fondazionepirelli.org\/it\/wp-json\/wp\/v2\/users\/1\/"}],"replies":[{"embeddable":true,"href":"https:\/\/www.fondazionepirelli.org\/it\/wp-json\/wp\/v2\/comments\/?post=51717"}],"version-history":[{"count":1,"href":"https:\/\/www.fondazionepirelli.org\/it\/wp-json\/wp\/v2\/posts\/51717\/revisions\/"}],"predecessor-version":[{"id":53452,"href":"https:\/\/www.fondazionepirelli.org\/it\/wp-json\/wp\/v2\/posts\/51717\/revisions\/53452\/"}],"wp:featuredmedia":[{"embeddable":true,"href":"https:\/\/www.fondazionepirelli.org\/it\/wp-json\/wp\/v2\/media\/51718\/"}],"wp:attachment":[{"href":"https:\/\/www.fondazionepirelli.org\/it\/wp-json\/wp\/v2\/media\/?parent=51717"}],"wp:term":[{"taxonomy":"category","embeddable":true,"href":"https:\/\/www.fondazionepirelli.org\/it\/wp-json\/wp\/v2\/categories\/?post=51717"},{"taxonomy":"post_tag","embeddable":true,"href":"https:\/\/www.fondazionepirelli.org\/it\/wp-json\/wp\/v2\/tags\/?post=51717"}],"curies":[{"name":"wp","href":"https:\/\/api.w.org\/{rel}","templated":true}]}}