{"id":51720,"date":"2017-04-18T00:00:00","date_gmt":"2017-04-18T00:00:00","guid":{"rendered":"http:\/\/www.fondazionepirelli.org\/fondazione-pirelli\/il-dividendo-milano-tra-human-technopole-manifattura-4-0-e-iniziative-per-libri-e-cultura\/"},"modified":"2019-05-30T16:27:01","modified_gmt":"2019-05-30T16:27:01","slug":"il-dividendo-milano-tra-human-technopole-manifattura-4-0-e-iniziative-per-libri-e-cultura","status":"publish","type":"post","link":"https:\/\/www.fondazionepirelli.org\/it\/cultura-dimpresa\/il-dividendo-milano-tra-human-technopole-manifattura-4-0-e-iniziative-per-libri-e-cultura\/","title":{"rendered":"Il &#8220;dividendo Milano&#8221; tra Human Technopole, manifattura 4.0 e iniziative per libri e cultura"},"content":{"rendered":"<p class=\"Corpo\"><span lang=\"IT\">Il &#8220;<strong>dividendo di Milano<\/strong>&#8221; (il vantaggio di stare in una citt\u00e0 sempre pi\u00f9 attiva sulla ribalta del mondo) lo si pu\u00f2 riconoscere anche in un particolare: una luminosa fotografia del Duomo usata come &#8220;screen saver&#8221; sul computer portatile d&#8217;un ragazzo inglese in aereo da Linate verso Palermo. Milano nel cuore digitale. Quel ragazzo ha padre inglese e madre italiana (sta andando in vacanza dai nonni in Sicilia), studi universitari a Milano e a Londra, interessi per le imprese hi tech e della moda, una consapevolezza chiara: Milano, per un giovane intraprendente, \u00e8 in questi anni straordinariamente attraente. Proprio &#8220;the place to be&#8221;, per riprendere l&#8217;efficace sintesi fatta dal &#8220;New York Times&#8221; durante l&#8217;Expo.<\/span><\/p>\n<p class=\"Corpo\"><span lang=\"IT\">La metropoli in movimento (ne abbiamo parlato a proposito della sua &#8220;felicit\u00e0&#8221; nel blog della scorsa settimana) si pu\u00f2 guardare adesso anche da altri tre punti di vista: l&#8217;andamento del progetto per Human Technopole sull&#8217;area ex Expo, gli investimenti del Comune per &#8220;Milano Manifattura 4.0&#8221;, l&#8217;avvio della manifestazione &#8220;Tempo di libri&#8221; dal 19 al 23 aprile. Sullo sfondo, un giudizio di Mauro Magatti, sociologo: &#8220;Se succedono cose che riguardano il futuro in Italia, o succedono a Milano o non succedono&#8221; (&#8220;La Lettura&#8221; del &#8220;Corriere della Sera&#8221;, 16 aprile).<\/span><\/p>\n<p class=\"Corpo\"><span lang=\"IT\">Vediamo meglio, punto per punto. Per rilanciare l&#8217;area dell&#8217;Expo i lavori vanno avanti. Parte la gara per scegliere la societ\u00e0 che si occuper\u00e0 dello sviluppo immobiliare. E gi\u00e0 si sa che l\u00ec, oltre alle facolt\u00e0 scientifiche della Statale, a un grande ospedale creato dal Galeazzi e dalla Clinica Sant&#8217;Ambrogio e ai centri di ricerca di Human Technopole, hanno espresso interesse ad andare una quarantina di imprese multinazionali hi tech, tra cui la Bayer, l&#8217;Ibm, la Nokia, la Novartis. E forse saranno presenti anche la Scala con magazzini e laboratori e Altagamma con la &#8220;Scuola del saper fare italiano&#8221;. <\/span><\/p>\n<p class=\"Corpo\"><span lang=\"IT\">C&#8217;\u00e8 tutto un gran movimento, insomma. Cui, oltre al Comune, alla Regione e alle Universit\u00e0, guardano con attenzione istituzioni d&#8217;impresa come Assolombarda, che ne fa cardine del suo progetto di Milano &#8220;Steam&#8221; (dalle iniziali di science, technology, environment ed education, arts e manifacturing). Resta ancora da chiarire il ruolo dell&#8217;Istituto Italiano di Tecnologia, un&#8217;eccellenza dell&#8217;innovazione italiana, che il governo Renzi, nel 2015, subito dopo l&#8217;Expo, aveva indicato come guida del post Expo e che adesso rischia d&#8217;essere tagliato fuori (sarebbe un grave errore). Ma la strada, in generale, \u00e8 chiara: scienza, cultura politecnica e innovazione, come cardini di Milano locomotiva dello sviluppo italiano. Con sintesi originali tra pubblico e privato, universit\u00e0 e imprese, ricerca e trasferimento tecnologico. Intelligenza che crea ricchezza (la lezione sempre attuale di Carlo Cattaneo, citata nel blog della scorsa settimana).<\/span><\/p>\n<p class=\"Corpo\"><span lang=\"IT\">Sostiene Alberto Mantovani, direttore scientifico dell&#8217;Humanitas e professore alla Humanitas University: &#8220;In una mappa mondiale di trenta zone dell&#8217;innovazione, l&#8217;unica area che si accende in Italia \u00e8 quella di Milano. Me l&#8217;hanno di recente mostrata all&#8217;Universit\u00e0 di Lovanio, in Belgio&#8221;. E ancora: &#8220;Usando gli indicatori della produttivit\u00e0 scientifica e immaginando la ricerca come una riedizione della storica partita di calcio Italia-Germania, battiamo i tedeschi: se facciamo 100 la Germania, noi siamo a 125. Cos\u00ec come nel ranking internazionale di Scimago, che classifica cinquemila istituzioni impegnate nella ricerca biomedica, le istituzioni concentrate nell&#8217;area milanese, allargata fino al San Matteo di Pavia, si giocano la sfida alla pari con le altre grandi aree del mondo&#8221; (&#8220;La Lettura&#8221;, 16 aprile). Milano competitiva, dunque. Per ricerca, &#8220;life sciences&#8221;, qualit\u00e0 della vita. E in grado, anche da questo punto di vista, di avere un ruolo di primo piano nella battaglia per la nuova sede dell&#8217;Ema, l&#8217;Agenzia Ue per il farmaco, che lascer\u00e0 Londra dopo Brexit.<\/span><\/p>\n<p class=\"Corpo\"><span lang=\"IT\">Dinamismo culturale e creativo, dunque. Intraprendenza. Imprese, fra tradizione industriale e &#8211; riecco la parola chiave &#8211; innovazione. Il Comune ha presentato gioved\u00ec 13 aprile il suo programma &#8220;<strong>Milano Manifattura 4.0<\/strong>&#8220;, dieci milioni di euro d&#8217;investimenti, aree pubbliche destinate a <strong>start up<\/strong> (Milano ne \u00e8 gi\u00e0 capitale, ospitando pi\u00f9 di mille di quelle innovative, delle 7mila nazionali) che lavorino su manifattura, artigianato, stampanti 3D, prodotti e servizi su misura. Formazione e voglia di &#8220;fare, e fare bene&#8221;. Attrazione e stimolo per investimenti. Leva su capitale umano e capitale sociale. Intelligenze che continuano ad arrivare a Milano dal resto del mondo. Il &#8220;dividendo di Milano&#8221;, appunto.<\/span><\/p>\n<p class=\"Corpo\"><span lang=\"IT\">Quell&#8217;attrattivit\u00e0, gi\u00e0 evidente nei giorni del Salone del Mobile, pu\u00f2 ripetersi, pi\u00f9 in piccolo naturalmente, anche per &#8220;Tempo di libri&#8221;, dal 19 al 23 aprile, appuntamento per editoria, scrittura, lettura, 700 incontri con scrittori e personalit\u00e0 della cultura tra gli spazi della Fiera a Rho-Pero e altre zone in citt\u00e0, una serie di eventi che, nella Milano che ha gi\u00e0 visto da anni il successo di BookCity, possono rafforzare l&#8217;identit\u00e0 della metropoli come capitale dell&#8217;editoria, della comunicazione, delle attivit\u00e0 culturali contemporaneamente popolari e di qualit\u00e0 (resta aperta la sfida con il Salone del Libro di Torino, a maggio: chi ha a cuore la crescita della cultura italiana non pu\u00f2 che augurarsi che al pi\u00f9 presto si rilanci la collaborazione tra tutte le iniziative che, in Italia, da Mantova a Pordenone, da Roma a Ragusa, da Bologna a Genova e a tanti altri posti ancora, sono dedicate alla promozione del libro e della lettura).<\/span><\/p>\n<p class=\"Corpo\"><span lang=\"IT\">Milano, anche da questo punto di vista, \u00e8 citt\u00e0 di sintesi. Industria della cultura. Rapporti tra industria e cultura, in relazioni di collaborazione che vanno avanti (su musica, teatro, arte, etc.). L&#8217;industria che, nel fondarsi competitivamente su scienza e tecnica, \u00e8 in se stessa cultura. Quel che resta al fondo dei cambiamenti di Milano \u00e8 il suo saper costruire un futuro.<\/span><\/p>\n","protected":false},"excerpt":{"rendered":"<p>Il &#8220;dividendo di Milano&#8221; (il vantaggio di stare in una citt\u00e0 sempre pi\u00f9 attiva sulla ribalta del mondo) lo si pu\u00f2 riconoscere anche in un particolare: una luminosa fotografia del Duomo usata come &#8220;screen saver&#8221; sul computer portatile d&#8217;un ragazzo inglese in aereo da Linate verso Palermo. Milano nel cuore digitale. Quel ragazzo ha padre [&hellip;]<\/p>\n","protected":false},"author":1,"featured_media":51721,"comment_status":"open","ping_status":"open","sticky":false,"template":"","format":"standard","meta":{"footnotes":""},"categories":[53,52],"tags":[],"class_list":["post-51720","post","type-post","status-publish","format-standard","has-post-thumbnail","hentry","category-blog","category-cultura-dimpresa"],"acf":[],"yoast_head":"<!-- This site is optimized with the Yoast SEO plugin v25.0 - https:\/\/yoast.com\/wordpress\/plugins\/seo\/ -->\n<title>Il &quot;dividendo Milano&quot; tra Human Technopole, manifattura 4.0 e iniziative per libri e cultura - Fondazione Pirelli<\/title>\n<meta name=\"robots\" content=\"index, follow, max-snippet:-1, max-image-preview:large, max-video-preview:-1\" \/>\n<link rel=\"canonical\" href=\"https:\/\/www.fondazionepirelli.org\/it\/cultura-dimpresa\/il-dividendo-milano-tra-human-technopole-manifattura-4-0-e-iniziative-per-libri-e-cultura\/\" \/>\n<meta property=\"og:locale\" content=\"it_IT\" \/>\n<meta property=\"og:type\" content=\"article\" \/>\n<meta property=\"og:title\" content=\"Il &quot;dividendo Milano&quot; tra Human Technopole, manifattura 4.0 e iniziative per libri e cultura - Fondazione Pirelli\" \/>\n<meta property=\"og:description\" content=\"Il &#8220;dividendo di Milano&#8221; (il vantaggio di stare in una citt\u00e0 sempre pi\u00f9 attiva sulla ribalta del mondo) lo si pu\u00f2 riconoscere anche in un particolare: una luminosa fotografia del Duomo usata come &#8220;screen saver&#8221; sul computer portatile d&#8217;un ragazzo inglese in aereo da Linate verso Palermo. Milano nel cuore digitale. Quel ragazzo ha padre [&hellip;]\" \/>\n<meta property=\"og:url\" content=\"https:\/\/www.fondazionepirelli.org\/it\/cultura-dimpresa\/il-dividendo-milano-tra-human-technopole-manifattura-4-0-e-iniziative-per-libri-e-cultura\/\" \/>\n<meta property=\"og:site_name\" content=\"Fondazione Pirelli\" \/>\n<meta property=\"article:published_time\" content=\"2017-04-18T00:00:00+00:00\" \/>\n<meta property=\"article:modified_time\" content=\"2019-05-30T16:27:01+00:00\" \/>\n<meta property=\"og:image\" content=\"https:\/\/wpsite-assets.fondazionepirelli.org\/wp-content\/uploads\/2019\/05\/20101334\/smart-161114153018_medium.jpg\" \/>\n\t<meta property=\"og:image:width\" content=\"450\" \/>\n\t<meta property=\"og:image:height\" content=\"318\" \/>\n\t<meta property=\"og:image:type\" content=\"image\/jpeg\" \/>\n<meta name=\"author\" content=\"fondadmin\" \/>\n<meta name=\"twitter:card\" content=\"summary_large_image\" \/>\n<meta name=\"twitter:label1\" content=\"Scritto da\" \/>\n\t<meta name=\"twitter:data1\" content=\"fondadmin\" \/>\n\t<meta name=\"twitter:label2\" content=\"Tempo di lettura stimato\" \/>\n\t<meta name=\"twitter:data2\" content=\"4 minuti\" \/>\n<script type=\"application\/ld+json\" class=\"yoast-schema-graph\">{\"@context\":\"https:\/\/schema.org\",\"@graph\":[{\"@type\":\"WebPage\",\"@id\":\"https:\/\/www.fondazionepirelli.org\/it\/cultura-dimpresa\/il-dividendo-milano-tra-human-technopole-manifattura-4-0-e-iniziative-per-libri-e-cultura\/\",\"url\":\"https:\/\/www.fondazionepirelli.org\/it\/cultura-dimpresa\/il-dividendo-milano-tra-human-technopole-manifattura-4-0-e-iniziative-per-libri-e-cultura\/\",\"name\":\"Il \\\"dividendo Milano\\\" tra Human Technopole, manifattura 4.0 e iniziative per libri e cultura - Fondazione Pirelli\",\"isPartOf\":{\"@id\":\"https:\/\/www.fondazionepirelli.org\/it\/#website\"},\"primaryImageOfPage\":{\"@id\":\"https:\/\/www.fondazionepirelli.org\/it\/cultura-dimpresa\/il-dividendo-milano-tra-human-technopole-manifattura-4-0-e-iniziative-per-libri-e-cultura\/#primaryimage\"},\"image\":{\"@id\":\"https:\/\/www.fondazionepirelli.org\/it\/cultura-dimpresa\/il-dividendo-milano-tra-human-technopole-manifattura-4-0-e-iniziative-per-libri-e-cultura\/#primaryimage\"},\"thumbnailUrl\":\"https:\/\/wpsite-assets.fondazionepirelli.org\/wp-content\/uploads\/2019\/05\/20101334\/smart-161114153018_medium.jpg\",\"datePublished\":\"2017-04-18T00:00:00+00:00\",\"dateModified\":\"2019-05-30T16:27:01+00:00\",\"author\":{\"@id\":\"https:\/\/www.fondazionepirelli.org\/it\/#\/schema\/person\/f47d097000832c4a6e54538c791fdf25\"},\"breadcrumb\":{\"@id\":\"https:\/\/www.fondazionepirelli.org\/it\/cultura-dimpresa\/il-dividendo-milano-tra-human-technopole-manifattura-4-0-e-iniziative-per-libri-e-cultura\/#breadcrumb\"},\"inLanguage\":\"it-IT\",\"potentialAction\":[{\"@type\":\"ReadAction\",\"target\":[\"https:\/\/www.fondazionepirelli.org\/it\/cultura-dimpresa\/il-dividendo-milano-tra-human-technopole-manifattura-4-0-e-iniziative-per-libri-e-cultura\/\"]}]},{\"@type\":\"ImageObject\",\"inLanguage\":\"it-IT\",\"@id\":\"https:\/\/www.fondazionepirelli.org\/it\/cultura-dimpresa\/il-dividendo-milano-tra-human-technopole-manifattura-4-0-e-iniziative-per-libri-e-cultura\/#primaryimage\",\"url\":\"https:\/\/wpsite-assets.fondazionepirelli.org\/wp-content\/uploads\/2019\/05\/20101334\/smart-161114153018_medium.jpg\",\"contentUrl\":\"https:\/\/wpsite-assets.fondazionepirelli.org\/wp-content\/uploads\/2019\/05\/20101334\/smart-161114153018_medium.jpg\",\"width\":450,\"height\":318},{\"@type\":\"BreadcrumbList\",\"@id\":\"https:\/\/www.fondazionepirelli.org\/it\/cultura-dimpresa\/il-dividendo-milano-tra-human-technopole-manifattura-4-0-e-iniziative-per-libri-e-cultura\/#breadcrumb\",\"itemListElement\":[{\"@type\":\"ListItem\",\"position\":1,\"name\":\"Home\",\"item\":\"https:\/\/www.fondazionepirelli.org\/it\/\"},{\"@type\":\"ListItem\",\"position\":2,\"name\":\"Il &#8220;dividendo Milano&#8221; tra Human Technopole, manifattura 4.0 e iniziative per libri e cultura\"}]},{\"@type\":\"WebSite\",\"@id\":\"https:\/\/www.fondazionepirelli.org\/it\/#website\",\"url\":\"https:\/\/www.fondazionepirelli.org\/it\/\",\"name\":\"Fondazione Pirelli\",\"description\":\"\",\"potentialAction\":[{\"@type\":\"SearchAction\",\"target\":{\"@type\":\"EntryPoint\",\"urlTemplate\":\"https:\/\/www.fondazionepirelli.org\/it\/?s={search_term_string}\"},\"query-input\":{\"@type\":\"PropertyValueSpecification\",\"valueRequired\":true,\"valueName\":\"search_term_string\"}}],\"inLanguage\":\"it-IT\"},{\"@type\":\"Person\",\"@id\":\"https:\/\/www.fondazionepirelli.org\/it\/#\/schema\/person\/f47d097000832c4a6e54538c791fdf25\",\"name\":\"fondadmin\",\"image\":{\"@type\":\"ImageObject\",\"inLanguage\":\"it-IT\",\"@id\":\"https:\/\/www.fondazionepirelli.org\/it\/#\/schema\/person\/image\/\",\"url\":\"https:\/\/secure.gravatar.com\/avatar\/e69498a9175ca244966e51e53c88712c024fcebe41f9a05f75657f1bb25e489b?s=96&d=mm&r=g\",\"contentUrl\":\"https:\/\/secure.gravatar.com\/avatar\/e69498a9175ca244966e51e53c88712c024fcebe41f9a05f75657f1bb25e489b?s=96&d=mm&r=g\",\"caption\":\"fondadmin\"},\"url\":\"https:\/\/www.fondazionepirelli.org\/it\/author\/fondadmin\/\"}]}<\/script>\n<!-- \/ Yoast SEO plugin. -->","yoast_head_json":{"title":"Il \"dividendo Milano\" tra Human Technopole, manifattura 4.0 e iniziative per libri e cultura - Fondazione Pirelli","robots":{"index":"index","follow":"follow","max-snippet":"max-snippet:-1","max-image-preview":"max-image-preview:large","max-video-preview":"max-video-preview:-1"},"canonical":"https:\/\/www.fondazionepirelli.org\/it\/cultura-dimpresa\/il-dividendo-milano-tra-human-technopole-manifattura-4-0-e-iniziative-per-libri-e-cultura\/","og_locale":"it_IT","og_type":"article","og_title":"Il \"dividendo Milano\" tra Human Technopole, manifattura 4.0 e iniziative per libri e cultura - Fondazione Pirelli","og_description":"Il &#8220;dividendo di Milano&#8221; (il vantaggio di stare in una citt\u00e0 sempre pi\u00f9 attiva sulla ribalta del mondo) lo si pu\u00f2 riconoscere anche in un particolare: una luminosa fotografia del Duomo usata come &#8220;screen saver&#8221; sul computer portatile d&#8217;un ragazzo inglese in aereo da Linate verso Palermo. Milano nel cuore digitale. Quel ragazzo ha padre [&hellip;]","og_url":"https:\/\/www.fondazionepirelli.org\/it\/cultura-dimpresa\/il-dividendo-milano-tra-human-technopole-manifattura-4-0-e-iniziative-per-libri-e-cultura\/","og_site_name":"Fondazione Pirelli","article_published_time":"2017-04-18T00:00:00+00:00","article_modified_time":"2019-05-30T16:27:01+00:00","og_image":[{"width":450,"height":318,"url":"https:\/\/wpsite-assets.fondazionepirelli.org\/wp-content\/uploads\/2019\/05\/20101334\/smart-161114153018_medium.jpg","type":"image\/jpeg"}],"author":"fondadmin","twitter_card":"summary_large_image","twitter_misc":{"Scritto da":"fondadmin","Tempo di lettura stimato":"4 minuti"},"schema":{"@context":"https:\/\/schema.org","@graph":[{"@type":"WebPage","@id":"https:\/\/www.fondazionepirelli.org\/it\/cultura-dimpresa\/il-dividendo-milano-tra-human-technopole-manifattura-4-0-e-iniziative-per-libri-e-cultura\/","url":"https:\/\/www.fondazionepirelli.org\/it\/cultura-dimpresa\/il-dividendo-milano-tra-human-technopole-manifattura-4-0-e-iniziative-per-libri-e-cultura\/","name":"Il \"dividendo Milano\" tra Human Technopole, manifattura 4.0 e iniziative per libri e cultura - Fondazione Pirelli","isPartOf":{"@id":"https:\/\/www.fondazionepirelli.org\/it\/#website"},"primaryImageOfPage":{"@id":"https:\/\/www.fondazionepirelli.org\/it\/cultura-dimpresa\/il-dividendo-milano-tra-human-technopole-manifattura-4-0-e-iniziative-per-libri-e-cultura\/#primaryimage"},"image":{"@id":"https:\/\/www.fondazionepirelli.org\/it\/cultura-dimpresa\/il-dividendo-milano-tra-human-technopole-manifattura-4-0-e-iniziative-per-libri-e-cultura\/#primaryimage"},"thumbnailUrl":"https:\/\/wpsite-assets.fondazionepirelli.org\/wp-content\/uploads\/2019\/05\/20101334\/smart-161114153018_medium.jpg","datePublished":"2017-04-18T00:00:00+00:00","dateModified":"2019-05-30T16:27:01+00:00","author":{"@id":"https:\/\/www.fondazionepirelli.org\/it\/#\/schema\/person\/f47d097000832c4a6e54538c791fdf25"},"breadcrumb":{"@id":"https:\/\/www.fondazionepirelli.org\/it\/cultura-dimpresa\/il-dividendo-milano-tra-human-technopole-manifattura-4-0-e-iniziative-per-libri-e-cultura\/#breadcrumb"},"inLanguage":"it-IT","potentialAction":[{"@type":"ReadAction","target":["https:\/\/www.fondazionepirelli.org\/it\/cultura-dimpresa\/il-dividendo-milano-tra-human-technopole-manifattura-4-0-e-iniziative-per-libri-e-cultura\/"]}]},{"@type":"ImageObject","inLanguage":"it-IT","@id":"https:\/\/www.fondazionepirelli.org\/it\/cultura-dimpresa\/il-dividendo-milano-tra-human-technopole-manifattura-4-0-e-iniziative-per-libri-e-cultura\/#primaryimage","url":"https:\/\/wpsite-assets.fondazionepirelli.org\/wp-content\/uploads\/2019\/05\/20101334\/smart-161114153018_medium.jpg","contentUrl":"https:\/\/wpsite-assets.fondazionepirelli.org\/wp-content\/uploads\/2019\/05\/20101334\/smart-161114153018_medium.jpg","width":450,"height":318},{"@type":"BreadcrumbList","@id":"https:\/\/www.fondazionepirelli.org\/it\/cultura-dimpresa\/il-dividendo-milano-tra-human-technopole-manifattura-4-0-e-iniziative-per-libri-e-cultura\/#breadcrumb","itemListElement":[{"@type":"ListItem","position":1,"name":"Home","item":"https:\/\/www.fondazionepirelli.org\/it\/"},{"@type":"ListItem","position":2,"name":"Il &#8220;dividendo Milano&#8221; tra Human Technopole, manifattura 4.0 e iniziative per libri e cultura"}]},{"@type":"WebSite","@id":"https:\/\/www.fondazionepirelli.org\/it\/#website","url":"https:\/\/www.fondazionepirelli.org\/it\/","name":"Fondazione Pirelli","description":"","potentialAction":[{"@type":"SearchAction","target":{"@type":"EntryPoint","urlTemplate":"https:\/\/www.fondazionepirelli.org\/it\/?s={search_term_string}"},"query-input":{"@type":"PropertyValueSpecification","valueRequired":true,"valueName":"search_term_string"}}],"inLanguage":"it-IT"},{"@type":"Person","@id":"https:\/\/www.fondazionepirelli.org\/it\/#\/schema\/person\/f47d097000832c4a6e54538c791fdf25","name":"fondadmin","image":{"@type":"ImageObject","inLanguage":"it-IT","@id":"https:\/\/www.fondazionepirelli.org\/it\/#\/schema\/person\/image\/","url":"https:\/\/secure.gravatar.com\/avatar\/e69498a9175ca244966e51e53c88712c024fcebe41f9a05f75657f1bb25e489b?s=96&d=mm&r=g","contentUrl":"https:\/\/secure.gravatar.com\/avatar\/e69498a9175ca244966e51e53c88712c024fcebe41f9a05f75657f1bb25e489b?s=96&d=mm&r=g","caption":"fondadmin"},"url":"https:\/\/www.fondazionepirelli.org\/it\/author\/fondadmin\/"}]}},"_links":{"self":[{"href":"https:\/\/www.fondazionepirelli.org\/it\/wp-json\/wp\/v2\/posts\/51720\/"}],"collection":[{"href":"https:\/\/www.fondazionepirelli.org\/it\/wp-json\/wp\/v2\/posts\/"}],"about":[{"href":"https:\/\/www.fondazionepirelli.org\/it\/wp-json\/wp\/v2\/types\/post\/"}],"author":[{"embeddable":true,"href":"https:\/\/www.fondazionepirelli.org\/it\/wp-json\/wp\/v2\/users\/1\/"}],"replies":[{"embeddable":true,"href":"https:\/\/www.fondazionepirelli.org\/it\/wp-json\/wp\/v2\/comments\/?post=51720"}],"version-history":[{"count":2,"href":"https:\/\/www.fondazionepirelli.org\/it\/wp-json\/wp\/v2\/posts\/51720\/revisions\/"}],"predecessor-version":[{"id":57057,"href":"https:\/\/www.fondazionepirelli.org\/it\/wp-json\/wp\/v2\/posts\/51720\/revisions\/57057\/"}],"wp:featuredmedia":[{"embeddable":true,"href":"https:\/\/www.fondazionepirelli.org\/it\/wp-json\/wp\/v2\/media\/51721\/"}],"wp:attachment":[{"href":"https:\/\/www.fondazionepirelli.org\/it\/wp-json\/wp\/v2\/media\/?parent=51720"}],"wp:term":[{"taxonomy":"category","embeddable":true,"href":"https:\/\/www.fondazionepirelli.org\/it\/wp-json\/wp\/v2\/categories\/?post=51720"},{"taxonomy":"post_tag","embeddable":true,"href":"https:\/\/www.fondazionepirelli.org\/it\/wp-json\/wp\/v2\/tags\/?post=51720"}],"curies":[{"name":"wp","href":"https:\/\/api.w.org\/{rel}","templated":true}]}}