{"id":51731,"date":"2017-04-11T00:00:00","date_gmt":"2017-04-11T00:00:00","guid":{"rendered":"http:\/\/www.fondazionepirelli.org\/fondazione-pirelli\/multiverso-intelligente\/"},"modified":"2019-05-09T12:38:20","modified_gmt":"2019-05-09T12:38:20","slug":"multiverso-intelligente","status":"publish","type":"post","link":"https:\/\/www.fondazionepirelli.org\/it\/cultura-dimpresa\/multiverso-intelligente\/","title":{"rendered":"Multiverso intelligente"},"content":{"rendered":"<p><em>Una ricerca sull\u2019industria 4.0 apre nuovi scenari di sviluppo della manifattura ma anche sfide importanti per l\u2019organizzazione della produzione<\/em><\/p>\n<p>Cambia il mondo, deve cambiare l\u2019impresa. Questione di sopravvivenza forse, questione di adattamento e sviluppo certamente. Le difficolt\u00e0 possono essere due. Prima di tutto la capacit\u00e0, anche culturale, di comprendere il cambiamento; poi quella di sapervi rispondere in maniera opportuna.\u00a0 E\u2019 anche il caso di ci\u00f2 che sta avvenendo nell\u2019ambito pi\u00f9 strettamente produttivo. \u201cFabbrica 4.0: I processi innovativi nel \u2018multiverso\u2019 fisico-digitale\u201d<strong> \u00a0<\/strong>di Mauro Lombardi, indagine a met\u00e0 fra la ricerca e il saggio appena pubblicata da IRPET Toscana, riesce ad indagare i cambiamenti nelle modalit\u00e0 di produrre e collegarli alle innovazioni necessarie in fabbrica.<\/p>\n<p>Frutto\u00a0 di uno studio commissionato dalla Regione Toscana, la ricerca ha tre obiettivi. Prima di tutto \u201ceffettuare una ricognizione sistematica degli studi concernenti l\u2019insieme dei processi innovativi, sintetizzati in ambito internazionale con espressioni sostanzialmente equivalenti\u201d, Fabbrica Intelligente \u00a0in Italia. Poi quello di unire la teoria con la definizione di \u201cstrumenti operativi\u201d. Infine, riuscire attraverso fonti diverse e multidisciplinari a delineare una sorta di immagine nuova dell\u2019agire produttivo. Lombardi cos\u00ec introduce il \u201c<em>Multiverso<\/em> (\u2026) che in estrema sintesi significa questo: nell\u2019epoca odierna caratterizzata dalle interazioni tra una miriade di agenti nell\u2019universo fisico-digitale, il ciclo economico-produttivo di un prodotto o un servizio deve essere concepito come un insieme tendenzialmente infinito di sequenze potenziali, tra le quali scegliere quella ritenuta migliore o pi\u00f9 appropriata. Le scelte possono, e in molti casi devono, essere continuamente sviluppate in relazione al panorama tecno-economico in continua evoluzione\u201d.<\/p>\n<p>La ricerca quindi muove dal racconto dello scenario della fabbrica intelligente (con la manifattura che assurge al livello di \u201cmotore propulsivo dell\u2019universo fisico-digitale\u201d), per passare ad approfondire gli aspetti della digitalizzazione della produzione e del lavoro e poi toccare le politiche industriali che devono essere costruire per rispondere in maniera adeguata alle nuove sollecitazioni.<\/p>\n<p>Certamente il lavoro di Mauro Lombardi non \u00e8 una lettura da fare distrattamente. A tratti complesso, il testo \u00e8 per\u00f2 un buon percorso di approfondimento sul futuro industriale.<\/p><p><strong>Fabbrica 4.0: I processi innovativi nel \u201cmultiverso\u201d fisico-digitale<\/strong><\/p>\n<p>Mauro Lombardi<\/p>\n<p>IRPET (Istituto regionale Programmazione Economica della Toscana), 2017<\/p>\n","protected":false},"excerpt":{"rendered":"<p>Una ricerca sull\u2019industria 4.0 apre nuovi scenari di sviluppo della manifattura ma anche sfide importanti per l\u2019organizzazione della produzione Cambia il mondo, deve cambiare l\u2019impresa. Questione di sopravvivenza forse, questione di adattamento e sviluppo certamente. Le difficolt\u00e0 possono essere due. Prima di tutto la capacit\u00e0, anche culturale, di comprendere il cambiamento; poi quella di sapervi [&hellip;]<\/p>\n","protected":false},"author":1,"featured_media":0,"comment_status":"open","ping_status":"open","sticky":false,"template":"","format":"standard","meta":{"footnotes":""},"categories":[54,52],"tags":[],"class_list":["post-51731","post","type-post","status-publish","format-standard","hentry","category-approfondimenti","category-cultura-dimpresa"],"acf":[],"yoast_head":"<!-- This site is optimized with the Yoast SEO plugin v25.0 - https:\/\/yoast.com\/wordpress\/plugins\/seo\/ -->\n<title>Multiverso intelligente - Fondazione Pirelli<\/title>\n<meta name=\"robots\" content=\"index, follow, max-snippet:-1, max-image-preview:large, max-video-preview:-1\" \/>\n<link rel=\"canonical\" href=\"https:\/\/www.fondazionepirelli.org\/it\/cultura-dimpresa\/multiverso-intelligente\/\" \/>\n<meta property=\"og:locale\" content=\"it_IT\" \/>\n<meta property=\"og:type\" content=\"article\" \/>\n<meta property=\"og:title\" content=\"Multiverso intelligente - Fondazione Pirelli\" \/>\n<meta property=\"og:description\" content=\"Una ricerca sull\u2019industria 4.0 apre nuovi scenari di sviluppo della manifattura ma anche sfide importanti per l\u2019organizzazione della produzione Cambia il mondo, deve cambiare l\u2019impresa. Questione di sopravvivenza forse, questione di adattamento e sviluppo certamente. Le difficolt\u00e0 possono essere due. Prima di tutto la capacit\u00e0, anche culturale, di comprendere il cambiamento; poi quella di sapervi [&hellip;]\" \/>\n<meta property=\"og:url\" content=\"https:\/\/www.fondazionepirelli.org\/it\/cultura-dimpresa\/multiverso-intelligente\/\" \/>\n<meta property=\"og:site_name\" content=\"Fondazione Pirelli\" \/>\n<meta property=\"article:published_time\" content=\"2017-04-11T00:00:00+00:00\" \/>\n<meta property=\"article:modified_time\" content=\"2019-05-09T12:38:20+00:00\" \/>\n<meta name=\"author\" content=\"fondadmin\" \/>\n<meta name=\"twitter:card\" content=\"summary_large_image\" \/>\n<meta name=\"twitter:label1\" content=\"Scritto da\" \/>\n\t<meta name=\"twitter:data1\" content=\"fondadmin\" \/>\n\t<meta name=\"twitter:label2\" content=\"Tempo di lettura stimato\" \/>\n\t<meta name=\"twitter:data2\" content=\"2 minuti\" \/>\n<script type=\"application\/ld+json\" class=\"yoast-schema-graph\">{\"@context\":\"https:\/\/schema.org\",\"@graph\":[{\"@type\":\"WebPage\",\"@id\":\"https:\/\/www.fondazionepirelli.org\/it\/cultura-dimpresa\/multiverso-intelligente\/\",\"url\":\"https:\/\/www.fondazionepirelli.org\/it\/cultura-dimpresa\/multiverso-intelligente\/\",\"name\":\"Multiverso intelligente - Fondazione Pirelli\",\"isPartOf\":{\"@id\":\"https:\/\/www.fondazionepirelli.org\/it\/#website\"},\"datePublished\":\"2017-04-11T00:00:00+00:00\",\"dateModified\":\"2019-05-09T12:38:20+00:00\",\"author\":{\"@id\":\"https:\/\/www.fondazionepirelli.org\/it\/#\/schema\/person\/f47d097000832c4a6e54538c791fdf25\"},\"breadcrumb\":{\"@id\":\"https:\/\/www.fondazionepirelli.org\/it\/cultura-dimpresa\/multiverso-intelligente\/#breadcrumb\"},\"inLanguage\":\"it-IT\",\"potentialAction\":[{\"@type\":\"ReadAction\",\"target\":[\"https:\/\/www.fondazionepirelli.org\/it\/cultura-dimpresa\/multiverso-intelligente\/\"]}]},{\"@type\":\"BreadcrumbList\",\"@id\":\"https:\/\/www.fondazionepirelli.org\/it\/cultura-dimpresa\/multiverso-intelligente\/#breadcrumb\",\"itemListElement\":[{\"@type\":\"ListItem\",\"position\":1,\"name\":\"Home\",\"item\":\"https:\/\/www.fondazionepirelli.org\/it\/\"},{\"@type\":\"ListItem\",\"position\":2,\"name\":\"Multiverso intelligente\"}]},{\"@type\":\"WebSite\",\"@id\":\"https:\/\/www.fondazionepirelli.org\/it\/#website\",\"url\":\"https:\/\/www.fondazionepirelli.org\/it\/\",\"name\":\"Fondazione Pirelli\",\"description\":\"\",\"potentialAction\":[{\"@type\":\"SearchAction\",\"target\":{\"@type\":\"EntryPoint\",\"urlTemplate\":\"https:\/\/www.fondazionepirelli.org\/it\/?s={search_term_string}\"},\"query-input\":{\"@type\":\"PropertyValueSpecification\",\"valueRequired\":true,\"valueName\":\"search_term_string\"}}],\"inLanguage\":\"it-IT\"},{\"@type\":\"Person\",\"@id\":\"https:\/\/www.fondazionepirelli.org\/it\/#\/schema\/person\/f47d097000832c4a6e54538c791fdf25\",\"name\":\"fondadmin\",\"image\":{\"@type\":\"ImageObject\",\"inLanguage\":\"it-IT\",\"@id\":\"https:\/\/www.fondazionepirelli.org\/it\/#\/schema\/person\/image\/\",\"url\":\"https:\/\/secure.gravatar.com\/avatar\/e69498a9175ca244966e51e53c88712c024fcebe41f9a05f75657f1bb25e489b?s=96&d=mm&r=g\",\"contentUrl\":\"https:\/\/secure.gravatar.com\/avatar\/e69498a9175ca244966e51e53c88712c024fcebe41f9a05f75657f1bb25e489b?s=96&d=mm&r=g\",\"caption\":\"fondadmin\"},\"url\":\"https:\/\/www.fondazionepirelli.org\/it\/author\/fondadmin\/\"}]}<\/script>\n<!-- \/ Yoast SEO plugin. -->","yoast_head_json":{"title":"Multiverso intelligente - Fondazione Pirelli","robots":{"index":"index","follow":"follow","max-snippet":"max-snippet:-1","max-image-preview":"max-image-preview:large","max-video-preview":"max-video-preview:-1"},"canonical":"https:\/\/www.fondazionepirelli.org\/it\/cultura-dimpresa\/multiverso-intelligente\/","og_locale":"it_IT","og_type":"article","og_title":"Multiverso intelligente - Fondazione Pirelli","og_description":"Una ricerca sull\u2019industria 4.0 apre nuovi scenari di sviluppo della manifattura ma anche sfide importanti per l\u2019organizzazione della produzione Cambia il mondo, deve cambiare l\u2019impresa. Questione di sopravvivenza forse, questione di adattamento e sviluppo certamente. Le difficolt\u00e0 possono essere due. Prima di tutto la capacit\u00e0, anche culturale, di comprendere il cambiamento; poi quella di sapervi [&hellip;]","og_url":"https:\/\/www.fondazionepirelli.org\/it\/cultura-dimpresa\/multiverso-intelligente\/","og_site_name":"Fondazione Pirelli","article_published_time":"2017-04-11T00:00:00+00:00","article_modified_time":"2019-05-09T12:38:20+00:00","author":"fondadmin","twitter_card":"summary_large_image","twitter_misc":{"Scritto da":"fondadmin","Tempo di lettura stimato":"2 minuti"},"schema":{"@context":"https:\/\/schema.org","@graph":[{"@type":"WebPage","@id":"https:\/\/www.fondazionepirelli.org\/it\/cultura-dimpresa\/multiverso-intelligente\/","url":"https:\/\/www.fondazionepirelli.org\/it\/cultura-dimpresa\/multiverso-intelligente\/","name":"Multiverso intelligente - Fondazione Pirelli","isPartOf":{"@id":"https:\/\/www.fondazionepirelli.org\/it\/#website"},"datePublished":"2017-04-11T00:00:00+00:00","dateModified":"2019-05-09T12:38:20+00:00","author":{"@id":"https:\/\/www.fondazionepirelli.org\/it\/#\/schema\/person\/f47d097000832c4a6e54538c791fdf25"},"breadcrumb":{"@id":"https:\/\/www.fondazionepirelli.org\/it\/cultura-dimpresa\/multiverso-intelligente\/#breadcrumb"},"inLanguage":"it-IT","potentialAction":[{"@type":"ReadAction","target":["https:\/\/www.fondazionepirelli.org\/it\/cultura-dimpresa\/multiverso-intelligente\/"]}]},{"@type":"BreadcrumbList","@id":"https:\/\/www.fondazionepirelli.org\/it\/cultura-dimpresa\/multiverso-intelligente\/#breadcrumb","itemListElement":[{"@type":"ListItem","position":1,"name":"Home","item":"https:\/\/www.fondazionepirelli.org\/it\/"},{"@type":"ListItem","position":2,"name":"Multiverso intelligente"}]},{"@type":"WebSite","@id":"https:\/\/www.fondazionepirelli.org\/it\/#website","url":"https:\/\/www.fondazionepirelli.org\/it\/","name":"Fondazione Pirelli","description":"","potentialAction":[{"@type":"SearchAction","target":{"@type":"EntryPoint","urlTemplate":"https:\/\/www.fondazionepirelli.org\/it\/?s={search_term_string}"},"query-input":{"@type":"PropertyValueSpecification","valueRequired":true,"valueName":"search_term_string"}}],"inLanguage":"it-IT"},{"@type":"Person","@id":"https:\/\/www.fondazionepirelli.org\/it\/#\/schema\/person\/f47d097000832c4a6e54538c791fdf25","name":"fondadmin","image":{"@type":"ImageObject","inLanguage":"it-IT","@id":"https:\/\/www.fondazionepirelli.org\/it\/#\/schema\/person\/image\/","url":"https:\/\/secure.gravatar.com\/avatar\/e69498a9175ca244966e51e53c88712c024fcebe41f9a05f75657f1bb25e489b?s=96&d=mm&r=g","contentUrl":"https:\/\/secure.gravatar.com\/avatar\/e69498a9175ca244966e51e53c88712c024fcebe41f9a05f75657f1bb25e489b?s=96&d=mm&r=g","caption":"fondadmin"},"url":"https:\/\/www.fondazionepirelli.org\/it\/author\/fondadmin\/"}]}},"_links":{"self":[{"href":"https:\/\/www.fondazionepirelli.org\/it\/wp-json\/wp\/v2\/posts\/51731\/"}],"collection":[{"href":"https:\/\/www.fondazionepirelli.org\/it\/wp-json\/wp\/v2\/posts\/"}],"about":[{"href":"https:\/\/www.fondazionepirelli.org\/it\/wp-json\/wp\/v2\/types\/post\/"}],"author":[{"embeddable":true,"href":"https:\/\/www.fondazionepirelli.org\/it\/wp-json\/wp\/v2\/users\/1\/"}],"replies":[{"embeddable":true,"href":"https:\/\/www.fondazionepirelli.org\/it\/wp-json\/wp\/v2\/comments\/?post=51731"}],"version-history":[{"count":1,"href":"https:\/\/www.fondazionepirelli.org\/it\/wp-json\/wp\/v2\/posts\/51731\/revisions\/"}],"predecessor-version":[{"id":53447,"href":"https:\/\/www.fondazionepirelli.org\/it\/wp-json\/wp\/v2\/posts\/51731\/revisions\/53447\/"}],"wp:attachment":[{"href":"https:\/\/www.fondazionepirelli.org\/it\/wp-json\/wp\/v2\/media\/?parent=51731"}],"wp:term":[{"taxonomy":"category","embeddable":true,"href":"https:\/\/www.fondazionepirelli.org\/it\/wp-json\/wp\/v2\/categories\/?post=51731"},{"taxonomy":"post_tag","embeddable":true,"href":"https:\/\/www.fondazionepirelli.org\/it\/wp-json\/wp\/v2\/tags\/?post=51731"}],"curies":[{"name":"wp","href":"https:\/\/api.w.org\/{rel}","templated":true}]}}