{"id":51741,"date":"2017-04-04T00:00:00","date_gmt":"2017-04-04T00:00:00","guid":{"rendered":"http:\/\/www.fondazionepirelli.org\/fondazione-pirelli\/piccolo-teatro-le-imprese-in-scena-per-raccontare-milano-il-futuro\/"},"modified":"2019-06-03T07:58:01","modified_gmt":"2019-06-03T07:58:01","slug":"piccolo-teatro-le-imprese-in-scena-per-raccontare-milano-il-futuro","status":"publish","type":"post","link":"https:\/\/www.fondazionepirelli.org\/it\/cultura-dimpresa\/piccolo-teatro-le-imprese-in-scena-per-raccontare-milano-il-futuro\/","title":{"rendered":"Piccolo Teatro, le imprese in scena per raccontare \u201cMilano, il Futuro\u201d"},"content":{"rendered":"<p>\u201cIl teatro \u00e8 il luogo dove una comunit\u00e0 liberamente riunita si rivela a se stessa\u201d. La frase \u00e8 di Paolo Grassi, fondatore del <strong>Piccolo Teatro di Milano<\/strong>, uno dei protagonisti della migliore cultura italiana del Novecento. Ed \u00e8 proprio questa lezione sulle parole da dire, ascoltare e accogliere, sulla \u201cverit\u00e0\u201d d\u2019una recita, a costituire il cardine della scelta di <strong>Assolombarda<\/strong> di fare un punto sulle proprie attivit\u00e0 proprio l\u00ec, al Piccolo, gioved\u00ec mattina, con un incontro su \u201c<strong>Milano, il Futuro<\/strong>\u201d. Non un convegno, naturalmente. Ma una rappresentazione, in forma teatrale, di esperienze e d\u2019idee che coinvolgono la citt\u00e0 che prova a guardare alla propria memoria e a ragionare sul proprio destino e a cercare di costruirne uno migliore per le giovani generazioni. Il Piccolo Teatro di Milano, fin dal momento della sua nascita, nel 1947, ha alcune delle principali famiglie della borghesia imprenditoriale tra i fondatori e sostenitori (Alberto e Piero Pirelli, tra i primi). E anche cos\u00ec Milano conferma la sua identit\u00e0 di citt\u00e0 imprenditoriale e culturale, con sinergie e sintonie ancora attuali. Milano \u00e8 \u201cLa citt\u00e0 che sale\u201d dipinta da Umberto Boccioni nel momento pi\u00f9 dinamico dell\u2019avvio del Novecento (l\u2019originale \u00e8 al Moma di New York, il bozzetto preparatorio alla Pinacoteca di Brera: \u201cil frutto del nostro tempo industriale\u201d, per usare le parole dell\u2019autore). La metropoli delle trasformazioni continue. La pi\u00f9 aperta ed europea delle citt\u00e0 italiane.<\/p>\n<p>L\u2019<strong>impresa va in scena<\/strong>, dunque. Si sente di casa a teatro (e il teatro milanese, in molte delle sue dimensioni, sa essere una buona, efficiente impresa). Si racconta \u201cnel\u201d teatro. Usa un linguaggio teatrale. Si muove secondo un immaginario comunque originale, per il mondo dell\u2019economia. Fa innovazione nella sua stessa rappresentazione. Luci che scandiscono presenze e movimenti. Pagine di letteratura e scienza trasformate da attori del Piccolo Teatro in recitazione. Imprenditori e personalit\u00e0 delle istituzioni e della cultura che offrono testimonianza del \u201cfare\u201d e del \u201cprogettare\u201d. Musiche eseguite al pianoforte da <strong>Enrico Intra<\/strong>, a scandire i blocchi dello spettacolo. Immagini in dissolvenza tra grande arte figurativa, disegno architettonico, forme digitali delle nuove tecnologie industriali, reti e punti di connessione, sguardi acuti sulle dimensioni sociali. Rappresentazione, appunto, d\u2019una comunit\u00e0 vitale, che conosce la sua storia e ne ripropone la forza delle trasformazioni. E\u2019 proprio questo, d\u2019altronde, il senso profondo dell\u2019essere impresa nella comunit\u00e0: consapevolezza e responsabilit\u00e0 dell\u2019innovazione.<\/p>\n<p>L\u2019<strong>identit\u00e0 di Milano<\/strong>, aperta, molteplice, conflittuale e contemporaneamente inclusiva (\u201cMilanesi si diventa\u201d, come ha insegnato Carlo Castellaneta, scrittore milanesissimo, di madre milanese e padre pugliese) \u00e8 raccontata da Cristina Messa, Rettore dell\u2019Universit\u00e0 Bicocca (con le sue dieci e pi\u00f9 universit\u00e0 e i 200mila studenti, Milano \u00e8 luogo d\u2019eccellenza in cui si incrociano formazione e ricerca, costruzione di capitale umano e di capitale sociale di qualit\u00e0). E la metropoli pu\u00f2 essere interpretata secondo un acronimo caro ad Assolombarda, <strong>STEAM<\/strong>, con le iniziali di <em>science<\/em>, <em>technology<\/em>, <em>environment<\/em> ma anche <em>energy<\/em> da <em>green economy<\/em>, <em>arts<\/em> e <em>manufacturing<\/em>: aspetti convergenti di cultura d\u2019impresa, di \u201ccultura politecnica\u201d, in cui Milano ha una dimensione molto italiana e molto internazionale.<\/p>\n<p>Lo raccontano le testimonianze di Sergio Domp\u00e9 (farmaceutica d\u2019avanguardia) su ricerca scientifica e <em>life sciences<\/em>; di Enrico Cereda (presidente Ibm) sull\u2019innovazione <em>hi tech<\/em>, i servizi digitali e la <em>smart city<\/em>; di Pietro Modiano (presidente Sea) sulle infrastrutture materiali e immateriali che rendono Milano accogliente e capace di attrarre persone e investimenti internazionali e di stare in connessione con l\u2019Europa e il mondo; di Carlotta De Bevilacqua (Artemide) sui saperi umanistici che danno forza di grande cultura originale al design, alla moda e alle altre dimensioni del made in Italy di cui Milano \u00e8 capitale; di Marco Tronchetti Provera (Ceo di Pirelli) sulle trasformazioni del <strong><em>digital manifacturing<\/em><\/strong>, sulla sintesi contemporanea di industria, servizi, <em>big data<\/em>, in un mondo stimolante e competitivo qual \u00e8 quello di <em>Industry 4.0<\/em>. (sulle trasformazioni produttive e sociali, la Fondazione Pirelli e il Piccolo Teatro avevano organizzato insieme, nel 2012, lo spettacolo \u201c<strong>Settimo \u2013 La fabbrica e il lavoro<\/strong>\u201d, per la regia di Serena Sinigaglia: un racconto sull\u2019evoluzione del polo industriale di Settimo Torinese, con riscontri positivi di critica e di pubblico).<\/p>\n<p>Nelle testimonianze dei cinque imprenditori e manager, sulla scena del Piccolo Teatro, c\u2019\u00e8 la sintesi particolarmente milanese di cultura del progetto e cultura del prodotto. Il \u201cfare, e fare bene \u201c. E il raccontarlo. A trarne le fila, gli interventi del sindaco di Milano Beppe Sala, uomo delle istituzioni che sanno declinare memoria e futuro, orgoglio d\u2019appartenenza e ambizione di attrattivit\u00e0; del presidente di Assolombarda Gianfelice Rocca, alla scadenza d\u2019un mandato quadriennale caratterizzato da cinquanta progetti (in gran parte gi\u00e0 portati a termine e altri destinati ad andare avanti nel tempo) dedicati a \u201cfar volare Milano per far volare l\u2019Italia\u201d; del cardinale Francesco Scola, appena reduce da un\u2019emozionante visita di Papa Francesco a Milano e autore d\u2019un libro uscito proprio in questi giorni, \u201cPostcristianesimo? Il malessere e le speranze dell\u2019Occidente\u201d, attento a cercare di intravvedere \u201cil bene comune nella societ\u00e0 plurale\u201d e a ragionare sull\u2019accoglienza e sui valori delle culture diverse, sul \u201csaper vedere l\u2019altro oltre il Narciso che \u00e8 in noi\u201d.<\/p>\n<p>Sono sfide complesse ma ineludibili, proprio per una metropoli, come Milano, da sempre aperta, impegnata a coniugare in modo originale e non senza contraddizioni e contrasti la competitivit\u00e0 e la solidariet\u00e0. A fare cultura, come strumento di crescita non solo economica ma anche sociale. E, senza vanto, a darne conto. Risuonano appunto le parole di Grassi sul teatro come \u201cluogo dove una comunit\u00e0 liberamente riunita si rivela a se stessa\u201d.<\/p>\n","protected":false},"excerpt":{"rendered":"<p>\u201cIl teatro \u00e8 il luogo dove una comunit\u00e0 liberamente riunita si rivela a se stessa\u201d. La frase \u00e8 di Paolo Grassi, fondatore del Piccolo Teatro di Milano, uno dei protagonisti della migliore cultura italiana del Novecento. Ed \u00e8 proprio questa lezione sulle parole da dire, ascoltare e accogliere, sulla \u201cverit\u00e0\u201d d\u2019una recita, a costituire il [&hellip;]<\/p>\n","protected":false},"author":1,"featured_media":51742,"comment_status":"open","ping_status":"open","sticky":false,"template":"","format":"standard","meta":{"footnotes":""},"categories":[53,52],"tags":[],"class_list":["post-51741","post","type-post","status-publish","format-standard","has-post-thumbnail","hentry","category-blog","category-cultura-dimpresa"],"acf":[],"yoast_head":"<!-- This site is optimized with the Yoast SEO plugin v25.0 - https:\/\/yoast.com\/wordpress\/plugins\/seo\/ -->\n<title>Piccolo Teatro, le imprese in scena per raccontare \u201cMilano, il Futuro\u201d - Fondazione Pirelli<\/title>\n<meta name=\"robots\" content=\"index, follow, max-snippet:-1, max-image-preview:large, max-video-preview:-1\" \/>\n<link rel=\"canonical\" href=\"https:\/\/www.fondazionepirelli.org\/it\/cultura-dimpresa\/piccolo-teatro-le-imprese-in-scena-per-raccontare-milano-il-futuro\/\" \/>\n<meta property=\"og:locale\" content=\"it_IT\" \/>\n<meta property=\"og:type\" content=\"article\" \/>\n<meta property=\"og:title\" content=\"Piccolo Teatro, le imprese in scena per raccontare \u201cMilano, il Futuro\u201d - Fondazione Pirelli\" \/>\n<meta property=\"og:description\" content=\"\u201cIl teatro \u00e8 il luogo dove una comunit\u00e0 liberamente riunita si rivela a se stessa\u201d. La frase \u00e8 di Paolo Grassi, fondatore del Piccolo Teatro di Milano, uno dei protagonisti della migliore cultura italiana del Novecento. Ed \u00e8 proprio questa lezione sulle parole da dire, ascoltare e accogliere, sulla \u201cverit\u00e0\u201d d\u2019una recita, a costituire il [&hellip;]\" \/>\n<meta property=\"og:url\" content=\"https:\/\/www.fondazionepirelli.org\/it\/cultura-dimpresa\/piccolo-teatro-le-imprese-in-scena-per-raccontare-milano-il-futuro\/\" \/>\n<meta property=\"og:site_name\" content=\"Fondazione Pirelli\" \/>\n<meta property=\"article:published_time\" content=\"2017-04-04T00:00:00+00:00\" \/>\n<meta property=\"article:modified_time\" content=\"2019-06-03T07:58:01+00:00\" \/>\n<meta property=\"og:image\" content=\"https:\/\/wpsite-assets.fondazionepirelli.org\/wp-content\/uploads\/2019\/05\/20101329\/LMF20170328mec94-e1559548674656.jpg\" \/>\n\t<meta property=\"og:image:width\" content=\"600\" \/>\n\t<meta property=\"og:image:height\" content=\"400\" \/>\n\t<meta property=\"og:image:type\" content=\"image\/jpeg\" \/>\n<meta name=\"author\" content=\"fondadmin\" \/>\n<meta name=\"twitter:card\" content=\"summary_large_image\" \/>\n<meta name=\"twitter:label1\" content=\"Scritto da\" \/>\n\t<meta name=\"twitter:data1\" content=\"fondadmin\" \/>\n\t<meta name=\"twitter:label2\" content=\"Tempo di lettura stimato\" \/>\n\t<meta name=\"twitter:data2\" content=\"5 minuti\" \/>\n<script type=\"application\/ld+json\" class=\"yoast-schema-graph\">{\"@context\":\"https:\/\/schema.org\",\"@graph\":[{\"@type\":\"WebPage\",\"@id\":\"https:\/\/www.fondazionepirelli.org\/it\/cultura-dimpresa\/piccolo-teatro-le-imprese-in-scena-per-raccontare-milano-il-futuro\/\",\"url\":\"https:\/\/www.fondazionepirelli.org\/it\/cultura-dimpresa\/piccolo-teatro-le-imprese-in-scena-per-raccontare-milano-il-futuro\/\",\"name\":\"Piccolo Teatro, le imprese in scena per raccontare \u201cMilano, il Futuro\u201d - Fondazione Pirelli\",\"isPartOf\":{\"@id\":\"https:\/\/www.fondazionepirelli.org\/it\/#website\"},\"primaryImageOfPage\":{\"@id\":\"https:\/\/www.fondazionepirelli.org\/it\/cultura-dimpresa\/piccolo-teatro-le-imprese-in-scena-per-raccontare-milano-il-futuro\/#primaryimage\"},\"image\":{\"@id\":\"https:\/\/www.fondazionepirelli.org\/it\/cultura-dimpresa\/piccolo-teatro-le-imprese-in-scena-per-raccontare-milano-il-futuro\/#primaryimage\"},\"thumbnailUrl\":\"https:\/\/wpsite-assets.fondazionepirelli.org\/wp-content\/uploads\/2019\/05\/20101329\/LMF20170328mec94-e1559548674656.jpg\",\"datePublished\":\"2017-04-04T00:00:00+00:00\",\"dateModified\":\"2019-06-03T07:58:01+00:00\",\"author\":{\"@id\":\"https:\/\/www.fondazionepirelli.org\/it\/#\/schema\/person\/f47d097000832c4a6e54538c791fdf25\"},\"breadcrumb\":{\"@id\":\"https:\/\/www.fondazionepirelli.org\/it\/cultura-dimpresa\/piccolo-teatro-le-imprese-in-scena-per-raccontare-milano-il-futuro\/#breadcrumb\"},\"inLanguage\":\"it-IT\",\"potentialAction\":[{\"@type\":\"ReadAction\",\"target\":[\"https:\/\/www.fondazionepirelli.org\/it\/cultura-dimpresa\/piccolo-teatro-le-imprese-in-scena-per-raccontare-milano-il-futuro\/\"]}]},{\"@type\":\"ImageObject\",\"inLanguage\":\"it-IT\",\"@id\":\"https:\/\/www.fondazionepirelli.org\/it\/cultura-dimpresa\/piccolo-teatro-le-imprese-in-scena-per-raccontare-milano-il-futuro\/#primaryimage\",\"url\":\"https:\/\/wpsite-assets.fondazionepirelli.org\/wp-content\/uploads\/2019\/05\/20101329\/LMF20170328mec94-e1559548674656.jpg\",\"contentUrl\":\"https:\/\/wpsite-assets.fondazionepirelli.org\/wp-content\/uploads\/2019\/05\/20101329\/LMF20170328mec94-e1559548674656.jpg\",\"width\":600,\"height\":400,\"caption\":\"Teatro Piccolo\"},{\"@type\":\"BreadcrumbList\",\"@id\":\"https:\/\/www.fondazionepirelli.org\/it\/cultura-dimpresa\/piccolo-teatro-le-imprese-in-scena-per-raccontare-milano-il-futuro\/#breadcrumb\",\"itemListElement\":[{\"@type\":\"ListItem\",\"position\":1,\"name\":\"Home\",\"item\":\"https:\/\/www.fondazionepirelli.org\/it\/\"},{\"@type\":\"ListItem\",\"position\":2,\"name\":\"Piccolo Teatro, le imprese in scena per raccontare \u201cMilano, il Futuro\u201d\"}]},{\"@type\":\"WebSite\",\"@id\":\"https:\/\/www.fondazionepirelli.org\/it\/#website\",\"url\":\"https:\/\/www.fondazionepirelli.org\/it\/\",\"name\":\"Fondazione Pirelli\",\"description\":\"\",\"potentialAction\":[{\"@type\":\"SearchAction\",\"target\":{\"@type\":\"EntryPoint\",\"urlTemplate\":\"https:\/\/www.fondazionepirelli.org\/it\/?s={search_term_string}\"},\"query-input\":{\"@type\":\"PropertyValueSpecification\",\"valueRequired\":true,\"valueName\":\"search_term_string\"}}],\"inLanguage\":\"it-IT\"},{\"@type\":\"Person\",\"@id\":\"https:\/\/www.fondazionepirelli.org\/it\/#\/schema\/person\/f47d097000832c4a6e54538c791fdf25\",\"name\":\"fondadmin\",\"image\":{\"@type\":\"ImageObject\",\"inLanguage\":\"it-IT\",\"@id\":\"https:\/\/www.fondazionepirelli.org\/it\/#\/schema\/person\/image\/\",\"url\":\"https:\/\/secure.gravatar.com\/avatar\/e69498a9175ca244966e51e53c88712c024fcebe41f9a05f75657f1bb25e489b?s=96&d=mm&r=g\",\"contentUrl\":\"https:\/\/secure.gravatar.com\/avatar\/e69498a9175ca244966e51e53c88712c024fcebe41f9a05f75657f1bb25e489b?s=96&d=mm&r=g\",\"caption\":\"fondadmin\"},\"url\":\"https:\/\/www.fondazionepirelli.org\/it\/author\/fondadmin\/\"}]}<\/script>\n<!-- \/ Yoast SEO plugin. -->","yoast_head_json":{"title":"Piccolo Teatro, le imprese in scena per raccontare \u201cMilano, il Futuro\u201d - Fondazione Pirelli","robots":{"index":"index","follow":"follow","max-snippet":"max-snippet:-1","max-image-preview":"max-image-preview:large","max-video-preview":"max-video-preview:-1"},"canonical":"https:\/\/www.fondazionepirelli.org\/it\/cultura-dimpresa\/piccolo-teatro-le-imprese-in-scena-per-raccontare-milano-il-futuro\/","og_locale":"it_IT","og_type":"article","og_title":"Piccolo Teatro, le imprese in scena per raccontare \u201cMilano, il Futuro\u201d - Fondazione Pirelli","og_description":"\u201cIl teatro \u00e8 il luogo dove una comunit\u00e0 liberamente riunita si rivela a se stessa\u201d. La frase \u00e8 di Paolo Grassi, fondatore del Piccolo Teatro di Milano, uno dei protagonisti della migliore cultura italiana del Novecento. Ed \u00e8 proprio questa lezione sulle parole da dire, ascoltare e accogliere, sulla \u201cverit\u00e0\u201d d\u2019una recita, a costituire il [&hellip;]","og_url":"https:\/\/www.fondazionepirelli.org\/it\/cultura-dimpresa\/piccolo-teatro-le-imprese-in-scena-per-raccontare-milano-il-futuro\/","og_site_name":"Fondazione Pirelli","article_published_time":"2017-04-04T00:00:00+00:00","article_modified_time":"2019-06-03T07:58:01+00:00","og_image":[{"width":600,"height":400,"url":"https:\/\/wpsite-assets.fondazionepirelli.org\/wp-content\/uploads\/2019\/05\/20101329\/LMF20170328mec94-e1559548674656.jpg","type":"image\/jpeg"}],"author":"fondadmin","twitter_card":"summary_large_image","twitter_misc":{"Scritto da":"fondadmin","Tempo di lettura stimato":"5 minuti"},"schema":{"@context":"https:\/\/schema.org","@graph":[{"@type":"WebPage","@id":"https:\/\/www.fondazionepirelli.org\/it\/cultura-dimpresa\/piccolo-teatro-le-imprese-in-scena-per-raccontare-milano-il-futuro\/","url":"https:\/\/www.fondazionepirelli.org\/it\/cultura-dimpresa\/piccolo-teatro-le-imprese-in-scena-per-raccontare-milano-il-futuro\/","name":"Piccolo Teatro, le imprese in scena per raccontare \u201cMilano, il Futuro\u201d - Fondazione Pirelli","isPartOf":{"@id":"https:\/\/www.fondazionepirelli.org\/it\/#website"},"primaryImageOfPage":{"@id":"https:\/\/www.fondazionepirelli.org\/it\/cultura-dimpresa\/piccolo-teatro-le-imprese-in-scena-per-raccontare-milano-il-futuro\/#primaryimage"},"image":{"@id":"https:\/\/www.fondazionepirelli.org\/it\/cultura-dimpresa\/piccolo-teatro-le-imprese-in-scena-per-raccontare-milano-il-futuro\/#primaryimage"},"thumbnailUrl":"https:\/\/wpsite-assets.fondazionepirelli.org\/wp-content\/uploads\/2019\/05\/20101329\/LMF20170328mec94-e1559548674656.jpg","datePublished":"2017-04-04T00:00:00+00:00","dateModified":"2019-06-03T07:58:01+00:00","author":{"@id":"https:\/\/www.fondazionepirelli.org\/it\/#\/schema\/person\/f47d097000832c4a6e54538c791fdf25"},"breadcrumb":{"@id":"https:\/\/www.fondazionepirelli.org\/it\/cultura-dimpresa\/piccolo-teatro-le-imprese-in-scena-per-raccontare-milano-il-futuro\/#breadcrumb"},"inLanguage":"it-IT","potentialAction":[{"@type":"ReadAction","target":["https:\/\/www.fondazionepirelli.org\/it\/cultura-dimpresa\/piccolo-teatro-le-imprese-in-scena-per-raccontare-milano-il-futuro\/"]}]},{"@type":"ImageObject","inLanguage":"it-IT","@id":"https:\/\/www.fondazionepirelli.org\/it\/cultura-dimpresa\/piccolo-teatro-le-imprese-in-scena-per-raccontare-milano-il-futuro\/#primaryimage","url":"https:\/\/wpsite-assets.fondazionepirelli.org\/wp-content\/uploads\/2019\/05\/20101329\/LMF20170328mec94-e1559548674656.jpg","contentUrl":"https:\/\/wpsite-assets.fondazionepirelli.org\/wp-content\/uploads\/2019\/05\/20101329\/LMF20170328mec94-e1559548674656.jpg","width":600,"height":400,"caption":"Teatro Piccolo"},{"@type":"BreadcrumbList","@id":"https:\/\/www.fondazionepirelli.org\/it\/cultura-dimpresa\/piccolo-teatro-le-imprese-in-scena-per-raccontare-milano-il-futuro\/#breadcrumb","itemListElement":[{"@type":"ListItem","position":1,"name":"Home","item":"https:\/\/www.fondazionepirelli.org\/it\/"},{"@type":"ListItem","position":2,"name":"Piccolo Teatro, le imprese in scena per raccontare \u201cMilano, il Futuro\u201d"}]},{"@type":"WebSite","@id":"https:\/\/www.fondazionepirelli.org\/it\/#website","url":"https:\/\/www.fondazionepirelli.org\/it\/","name":"Fondazione Pirelli","description":"","potentialAction":[{"@type":"SearchAction","target":{"@type":"EntryPoint","urlTemplate":"https:\/\/www.fondazionepirelli.org\/it\/?s={search_term_string}"},"query-input":{"@type":"PropertyValueSpecification","valueRequired":true,"valueName":"search_term_string"}}],"inLanguage":"it-IT"},{"@type":"Person","@id":"https:\/\/www.fondazionepirelli.org\/it\/#\/schema\/person\/f47d097000832c4a6e54538c791fdf25","name":"fondadmin","image":{"@type":"ImageObject","inLanguage":"it-IT","@id":"https:\/\/www.fondazionepirelli.org\/it\/#\/schema\/person\/image\/","url":"https:\/\/secure.gravatar.com\/avatar\/e69498a9175ca244966e51e53c88712c024fcebe41f9a05f75657f1bb25e489b?s=96&d=mm&r=g","contentUrl":"https:\/\/secure.gravatar.com\/avatar\/e69498a9175ca244966e51e53c88712c024fcebe41f9a05f75657f1bb25e489b?s=96&d=mm&r=g","caption":"fondadmin"},"url":"https:\/\/www.fondazionepirelli.org\/it\/author\/fondadmin\/"}]}},"_links":{"self":[{"href":"https:\/\/www.fondazionepirelli.org\/it\/wp-json\/wp\/v2\/posts\/51741\/"}],"collection":[{"href":"https:\/\/www.fondazionepirelli.org\/it\/wp-json\/wp\/v2\/posts\/"}],"about":[{"href":"https:\/\/www.fondazionepirelli.org\/it\/wp-json\/wp\/v2\/types\/post\/"}],"author":[{"embeddable":true,"href":"https:\/\/www.fondazionepirelli.org\/it\/wp-json\/wp\/v2\/users\/1\/"}],"replies":[{"embeddable":true,"href":"https:\/\/www.fondazionepirelli.org\/it\/wp-json\/wp\/v2\/comments\/?post=51741"}],"version-history":[{"count":2,"href":"https:\/\/www.fondazionepirelli.org\/it\/wp-json\/wp\/v2\/posts\/51741\/revisions\/"}],"predecessor-version":[{"id":57108,"href":"https:\/\/www.fondazionepirelli.org\/it\/wp-json\/wp\/v2\/posts\/51741\/revisions\/57108\/"}],"wp:featuredmedia":[{"embeddable":true,"href":"https:\/\/www.fondazionepirelli.org\/it\/wp-json\/wp\/v2\/media\/51742\/"}],"wp:attachment":[{"href":"https:\/\/www.fondazionepirelli.org\/it\/wp-json\/wp\/v2\/media\/?parent=51741"}],"wp:term":[{"taxonomy":"category","embeddable":true,"href":"https:\/\/www.fondazionepirelli.org\/it\/wp-json\/wp\/v2\/categories\/?post=51741"},{"taxonomy":"post_tag","embeddable":true,"href":"https:\/\/www.fondazionepirelli.org\/it\/wp-json\/wp\/v2\/tags\/?post=51741"}],"curies":[{"name":"wp","href":"https:\/\/api.w.org\/{rel}","templated":true}]}}