{"id":51766,"date":"2017-03-15T00:00:00","date_gmt":"2017-03-15T00:00:00","guid":{"rendered":"http:\/\/www.fondazionepirelli.org\/fondazione-pirelli\/diventa-permanente-la-mostra-le-eta-del-grattacielo\/"},"modified":"2021-10-15T14:51:26","modified_gmt":"2021-10-15T13:51:26","slug":"diventa-permanente-la-mostra-le-eta-del-grattacielo","status":"publish","type":"post","link":"https:\/\/www.fondazionepirelli.org\/it\/iniziative\/diventa-permanente-la-mostra-le-eta-del-grattacielo\/","title":{"rendered":"Diventa permanente la mostra \u201cLe et\u00e0 del grattacielo\u201d"},"content":{"rendered":"<p>Diventa permanente la mostra <a href=\"https:\/\/www.fondazionepirelli.org\/it\/iniziative\/fondazione-pirelli-alle-celebrazioni-della-mostra-le-eta-del-grattacielo\/\" target=\"_blank\" rel=\"noopener noreferrer\"><strong>&#8220;Le et\u00e0 del grattacielo&#8221;<\/strong><\/a>, promossa dal Consiglio Regionale della Lombardia e dalla Triennale di Milano con la collaborazione della Fondazione Pirelli, per le <strong>celebrazioni dei 60 anni dalla posa della prima pietra del \u201cPirellone\u201d<\/strong>.<\/p>\n<p>L\u2019esposizione, inaugurata il<strong> 25 maggio 2016<\/strong> e inserita nel circuito della <strong>XXI Esposizione Internazionale della Triennale di Milano<\/strong>, \u00e8 stata visitata da oltre <strong>13 mila persone<\/strong>: una dimostrazione di affetto verso il questo importante <strong>simbolo della citt\u00e0 di Milano<\/strong> che ha portato alla scelta di rendere la mostra disponibile in modo permanente. Oggi la mostra \u00e8 stata riallestita all&#8217;interno del grattacielo su pi\u00f9 piani, mantenendo la distinzione delle tappe pi\u00f9 importanti della vita di questo edificio: la sua costruzione, l\u2019<strong>incidente aereo del 2002<\/strong> e il suo recente restauro.<\/p>\n<p>Il contributo di Fondazione Pirelli \u00e8 stato importante per permettere l\u2019allestimento della prima parte della mostra dedicata alla <strong>costruzione<\/strong> e al periodo in cui il grattacielo \u00e8 stato <strong>sede del Centro Direzionale di Pirelli<\/strong>. Questa sezione \u00e8 ora allestita davanti alla sala dedicata all\u2019<strong>architetto e progettista dell\u2019edificio <a href=\"https:\/\/www.fondazionepirelli.org\/archivio-storico\/bookreader\/pubblicazioni-e-riviste\/RivistaPirelli\/1951_6.html?q=Gio%20Ponti&amp;start=8&amp;lang=it#page\/8\/mode\/2up\" target=\"_blank\" rel=\"noopener noreferrer\">Gio Ponti<\/a><\/strong>. Tra i documenti selezionati dall\u2019<strong>Archivio Storico Pirelli<\/strong> e riprodotti in mostra sono presenti gli scatti del ricco <a href=\"https:\/\/www.fondazionepirelli.org\/archivio-storico\/fotografie\/search\/result.html?collanaName=%22grattacielo%20Pirelli%22&amp;lang=it\" target=\"_blank\" rel=\"noopener noreferrer\">fondo fotografico<\/a> che ricostruisce tutte le tappe dalla costruzione: dalla posa delle <strong>prime fondamenta<\/strong> all\u2019<strong>inaugurazione<\/strong>, passando dalla documentazione degli<strong> interni<\/strong> e degli <strong>esterni<\/strong> dell\u2019edificio oggi disponibili sul nostro archivio on line. Inoltre sono esposte le riproduzioni di alcune copertine della rivista \u201cPirelli\u201d (1955,1958 e 1959) e il catalogo \u201cLa moda e il grattacielo\u201d con fotografie di <strong>Ugo Mulas<\/strong> e impaginazione di<strong> Bob Noorda<\/strong>. Ad accompagnare il visitatore anche alcune citazioni riprese da un articolo scritto da <strong>Dino Buzzati<\/strong> \u201c<a href=\"https:\/\/www.rivistapirelli.org\/it\/selezione_antologica\/piccole-storie-del-grattacielo\/\" target=\"_blank\" rel=\"noopener noreferrer\">Piccole storie del grattacielo<\/a>\u201d pubblicato sulla rivista \u201cPirelli\u201d nel 1970.<\/p>\n","protected":false},"excerpt":{"rendered":"<p>Diventa permanente la mostra &#8220;Le et\u00e0 del grattacielo&#8221;, promossa dal Consiglio Regionale della Lombardia e dalla Triennale di Milano con la collaborazione della Fondazione Pirelli, per le celebrazioni dei 60 anni dalla posa della prima pietra del \u201cPirellone\u201d. L\u2019esposizione, inaugurata il 25 maggio 2016 e inserita nel circuito della XXI Esposizione Internazionale della Triennale di [&hellip;]<\/p>\n","protected":false},"author":1,"featured_media":51767,"comment_status":"open","ping_status":"open","sticky":false,"template":"","format":"standard","meta":{"footnotes":""},"categories":[60,79],"tags":[90],"class_list":["post-51766","post","type-post","status-publish","format-standard","has-post-thumbnail","hentry","category-iniziative","category-le-collaborazioni","tag-le-architetture-dellindustria"],"acf":[],"yoast_head":"<!-- This site is optimized with the Yoast SEO plugin v25.0 - https:\/\/yoast.com\/wordpress\/plugins\/seo\/ -->\n<title>Mostra permanente \u201cLe et\u00e0 del grattacielo\u201d | Fondazione Pirelli<\/title>\n<meta name=\"description\" content=\"Diventa permanente \u201cLe et\u00e0 del grattacielo\u201d, la mostra per celebrare i 60 anni della posa della prima pietra del famoso Grattacielo Pirelli. Scopri di pi\u00f9 su\" \/>\n<meta name=\"robots\" content=\"index, follow, max-snippet:-1, max-image-preview:large, max-video-preview:-1\" \/>\n<link rel=\"canonical\" href=\"https:\/\/www.fondazionepirelli.org\/it\/iniziative\/diventa-permanente-la-mostra-le-eta-del-grattacielo\/\" \/>\n<meta property=\"og:locale\" content=\"it_IT\" \/>\n<meta property=\"og:type\" content=\"article\" \/>\n<meta property=\"og:title\" content=\"Mostra permanente \u201cLe et\u00e0 del grattacielo\u201d | Fondazione Pirelli\" \/>\n<meta property=\"og:description\" content=\"Diventa permanente \u201cLe et\u00e0 del grattacielo\u201d, la mostra per celebrare i 60 anni della posa della prima pietra del famoso Grattacielo Pirelli. Scopri di pi\u00f9 su\" \/>\n<meta property=\"og:url\" content=\"https:\/\/www.fondazionepirelli.org\/it\/iniziative\/diventa-permanente-la-mostra-le-eta-del-grattacielo\/\" \/>\n<meta property=\"og:site_name\" content=\"Fondazione Pirelli\" \/>\n<meta property=\"article:published_time\" content=\"2017-03-15T00:00:00+00:00\" \/>\n<meta property=\"article:modified_time\" content=\"2021-10-15T13:51:26+00:00\" \/>\n<meta property=\"og:image\" content=\"https:\/\/wpsite-assets.fondazionepirelli.org\/wp-content\/uploads\/2019\/05\/20101324\/62315_430-e1571830742500.jpg\" \/>\n\t<meta property=\"og:image:width\" content=\"500\" \/>\n\t<meta property=\"og:image:height\" content=\"397\" \/>\n\t<meta property=\"og:image:type\" content=\"image\/jpeg\" \/>\n<meta name=\"author\" content=\"fondadmin\" \/>\n<meta name=\"twitter:card\" content=\"summary_large_image\" \/>\n<meta name=\"twitter:label1\" content=\"Scritto da\" \/>\n\t<meta name=\"twitter:data1\" content=\"fondadmin\" \/>\n\t<meta name=\"twitter:label2\" content=\"Tempo di lettura stimato\" \/>\n\t<meta name=\"twitter:data2\" content=\"1 minuto\" \/>\n<script type=\"application\/ld+json\" class=\"yoast-schema-graph\">{\"@context\":\"https:\/\/schema.org\",\"@graph\":[{\"@type\":\"WebPage\",\"@id\":\"https:\/\/www.fondazionepirelli.org\/it\/iniziative\/diventa-permanente-la-mostra-le-eta-del-grattacielo\/\",\"url\":\"https:\/\/www.fondazionepirelli.org\/it\/iniziative\/diventa-permanente-la-mostra-le-eta-del-grattacielo\/\",\"name\":\"Mostra permanente \u201cLe et\u00e0 del grattacielo\u201d | Fondazione Pirelli\",\"isPartOf\":{\"@id\":\"https:\/\/www.fondazionepirelli.org\/it\/#website\"},\"primaryImageOfPage\":{\"@id\":\"https:\/\/www.fondazionepirelli.org\/it\/iniziative\/diventa-permanente-la-mostra-le-eta-del-grattacielo\/#primaryimage\"},\"image\":{\"@id\":\"https:\/\/www.fondazionepirelli.org\/it\/iniziative\/diventa-permanente-la-mostra-le-eta-del-grattacielo\/#primaryimage\"},\"thumbnailUrl\":\"https:\/\/wpsite-assets.fondazionepirelli.org\/wp-content\/uploads\/2019\/05\/20101324\/62315_430-e1571830742500.jpg\",\"datePublished\":\"2017-03-15T00:00:00+00:00\",\"dateModified\":\"2021-10-15T13:51:26+00:00\",\"author\":{\"@id\":\"https:\/\/www.fondazionepirelli.org\/it\/#\/schema\/person\/f47d097000832c4a6e54538c791fdf25\"},\"description\":\"Diventa permanente \u201cLe et\u00e0 del grattacielo\u201d, la mostra per celebrare i 60 anni della posa della prima pietra del famoso Grattacielo Pirelli. Scopri di pi\u00f9 su\",\"breadcrumb\":{\"@id\":\"https:\/\/www.fondazionepirelli.org\/it\/iniziative\/diventa-permanente-la-mostra-le-eta-del-grattacielo\/#breadcrumb\"},\"inLanguage\":\"it-IT\",\"potentialAction\":[{\"@type\":\"ReadAction\",\"target\":[\"https:\/\/www.fondazionepirelli.org\/it\/iniziative\/diventa-permanente-la-mostra-le-eta-del-grattacielo\/\"]}]},{\"@type\":\"ImageObject\",\"inLanguage\":\"it-IT\",\"@id\":\"https:\/\/www.fondazionepirelli.org\/it\/iniziative\/diventa-permanente-la-mostra-le-eta-del-grattacielo\/#primaryimage\",\"url\":\"https:\/\/wpsite-assets.fondazionepirelli.org\/wp-content\/uploads\/2019\/05\/20101324\/62315_430-e1571830742500.jpg\",\"contentUrl\":\"https:\/\/wpsite-assets.fondazionepirelli.org\/wp-content\/uploads\/2019\/05\/20101324\/62315_430-e1571830742500.jpg\",\"width\":500,\"height\":397},{\"@type\":\"BreadcrumbList\",\"@id\":\"https:\/\/www.fondazionepirelli.org\/it\/iniziative\/diventa-permanente-la-mostra-le-eta-del-grattacielo\/#breadcrumb\",\"itemListElement\":[{\"@type\":\"ListItem\",\"position\":1,\"name\":\"Home\",\"item\":\"https:\/\/www.fondazionepirelli.org\/it\/\"},{\"@type\":\"ListItem\",\"position\":2,\"name\":\"Diventa permanente la mostra \u201cLe et\u00e0 del grattacielo\u201d\"}]},{\"@type\":\"WebSite\",\"@id\":\"https:\/\/www.fondazionepirelli.org\/it\/#website\",\"url\":\"https:\/\/www.fondazionepirelli.org\/it\/\",\"name\":\"Fondazione Pirelli\",\"description\":\"\",\"potentialAction\":[{\"@type\":\"SearchAction\",\"target\":{\"@type\":\"EntryPoint\",\"urlTemplate\":\"https:\/\/www.fondazionepirelli.org\/it\/?s={search_term_string}\"},\"query-input\":{\"@type\":\"PropertyValueSpecification\",\"valueRequired\":true,\"valueName\":\"search_term_string\"}}],\"inLanguage\":\"it-IT\"},{\"@type\":\"Person\",\"@id\":\"https:\/\/www.fondazionepirelli.org\/it\/#\/schema\/person\/f47d097000832c4a6e54538c791fdf25\",\"name\":\"fondadmin\",\"image\":{\"@type\":\"ImageObject\",\"inLanguage\":\"it-IT\",\"@id\":\"https:\/\/www.fondazionepirelli.org\/it\/#\/schema\/person\/image\/\",\"url\":\"https:\/\/secure.gravatar.com\/avatar\/e69498a9175ca244966e51e53c88712c024fcebe41f9a05f75657f1bb25e489b?s=96&d=mm&r=g\",\"contentUrl\":\"https:\/\/secure.gravatar.com\/avatar\/e69498a9175ca244966e51e53c88712c024fcebe41f9a05f75657f1bb25e489b?s=96&d=mm&r=g\",\"caption\":\"fondadmin\"},\"url\":\"https:\/\/www.fondazionepirelli.org\/it\/author\/fondadmin\/\"}]}<\/script>\n<!-- \/ Yoast SEO plugin. -->","yoast_head_json":{"title":"Mostra permanente \u201cLe et\u00e0 del grattacielo\u201d | Fondazione Pirelli","description":"Diventa permanente \u201cLe et\u00e0 del grattacielo\u201d, la mostra per celebrare i 60 anni della posa della prima pietra del famoso Grattacielo Pirelli. Scopri di pi\u00f9 su","robots":{"index":"index","follow":"follow","max-snippet":"max-snippet:-1","max-image-preview":"max-image-preview:large","max-video-preview":"max-video-preview:-1"},"canonical":"https:\/\/www.fondazionepirelli.org\/it\/iniziative\/diventa-permanente-la-mostra-le-eta-del-grattacielo\/","og_locale":"it_IT","og_type":"article","og_title":"Mostra permanente \u201cLe et\u00e0 del grattacielo\u201d | Fondazione Pirelli","og_description":"Diventa permanente \u201cLe et\u00e0 del grattacielo\u201d, la mostra per celebrare i 60 anni della posa della prima pietra del famoso Grattacielo Pirelli. Scopri di pi\u00f9 su","og_url":"https:\/\/www.fondazionepirelli.org\/it\/iniziative\/diventa-permanente-la-mostra-le-eta-del-grattacielo\/","og_site_name":"Fondazione Pirelli","article_published_time":"2017-03-15T00:00:00+00:00","article_modified_time":"2021-10-15T13:51:26+00:00","og_image":[{"width":500,"height":397,"url":"https:\/\/wpsite-assets.fondazionepirelli.org\/wp-content\/uploads\/2019\/05\/20101324\/62315_430-e1571830742500.jpg","type":"image\/jpeg"}],"author":"fondadmin","twitter_card":"summary_large_image","twitter_misc":{"Scritto da":"fondadmin","Tempo di lettura stimato":"1 minuto"},"schema":{"@context":"https:\/\/schema.org","@graph":[{"@type":"WebPage","@id":"https:\/\/www.fondazionepirelli.org\/it\/iniziative\/diventa-permanente-la-mostra-le-eta-del-grattacielo\/","url":"https:\/\/www.fondazionepirelli.org\/it\/iniziative\/diventa-permanente-la-mostra-le-eta-del-grattacielo\/","name":"Mostra permanente \u201cLe et\u00e0 del grattacielo\u201d | Fondazione Pirelli","isPartOf":{"@id":"https:\/\/www.fondazionepirelli.org\/it\/#website"},"primaryImageOfPage":{"@id":"https:\/\/www.fondazionepirelli.org\/it\/iniziative\/diventa-permanente-la-mostra-le-eta-del-grattacielo\/#primaryimage"},"image":{"@id":"https:\/\/www.fondazionepirelli.org\/it\/iniziative\/diventa-permanente-la-mostra-le-eta-del-grattacielo\/#primaryimage"},"thumbnailUrl":"https:\/\/wpsite-assets.fondazionepirelli.org\/wp-content\/uploads\/2019\/05\/20101324\/62315_430-e1571830742500.jpg","datePublished":"2017-03-15T00:00:00+00:00","dateModified":"2021-10-15T13:51:26+00:00","author":{"@id":"https:\/\/www.fondazionepirelli.org\/it\/#\/schema\/person\/f47d097000832c4a6e54538c791fdf25"},"description":"Diventa permanente \u201cLe et\u00e0 del grattacielo\u201d, la mostra per celebrare i 60 anni della posa della prima pietra del famoso Grattacielo Pirelli. Scopri di pi\u00f9 su","breadcrumb":{"@id":"https:\/\/www.fondazionepirelli.org\/it\/iniziative\/diventa-permanente-la-mostra-le-eta-del-grattacielo\/#breadcrumb"},"inLanguage":"it-IT","potentialAction":[{"@type":"ReadAction","target":["https:\/\/www.fondazionepirelli.org\/it\/iniziative\/diventa-permanente-la-mostra-le-eta-del-grattacielo\/"]}]},{"@type":"ImageObject","inLanguage":"it-IT","@id":"https:\/\/www.fondazionepirelli.org\/it\/iniziative\/diventa-permanente-la-mostra-le-eta-del-grattacielo\/#primaryimage","url":"https:\/\/wpsite-assets.fondazionepirelli.org\/wp-content\/uploads\/2019\/05\/20101324\/62315_430-e1571830742500.jpg","contentUrl":"https:\/\/wpsite-assets.fondazionepirelli.org\/wp-content\/uploads\/2019\/05\/20101324\/62315_430-e1571830742500.jpg","width":500,"height":397},{"@type":"BreadcrumbList","@id":"https:\/\/www.fondazionepirelli.org\/it\/iniziative\/diventa-permanente-la-mostra-le-eta-del-grattacielo\/#breadcrumb","itemListElement":[{"@type":"ListItem","position":1,"name":"Home","item":"https:\/\/www.fondazionepirelli.org\/it\/"},{"@type":"ListItem","position":2,"name":"Diventa permanente la mostra \u201cLe et\u00e0 del grattacielo\u201d"}]},{"@type":"WebSite","@id":"https:\/\/www.fondazionepirelli.org\/it\/#website","url":"https:\/\/www.fondazionepirelli.org\/it\/","name":"Fondazione Pirelli","description":"","potentialAction":[{"@type":"SearchAction","target":{"@type":"EntryPoint","urlTemplate":"https:\/\/www.fondazionepirelli.org\/it\/?s={search_term_string}"},"query-input":{"@type":"PropertyValueSpecification","valueRequired":true,"valueName":"search_term_string"}}],"inLanguage":"it-IT"},{"@type":"Person","@id":"https:\/\/www.fondazionepirelli.org\/it\/#\/schema\/person\/f47d097000832c4a6e54538c791fdf25","name":"fondadmin","image":{"@type":"ImageObject","inLanguage":"it-IT","@id":"https:\/\/www.fondazionepirelli.org\/it\/#\/schema\/person\/image\/","url":"https:\/\/secure.gravatar.com\/avatar\/e69498a9175ca244966e51e53c88712c024fcebe41f9a05f75657f1bb25e489b?s=96&d=mm&r=g","contentUrl":"https:\/\/secure.gravatar.com\/avatar\/e69498a9175ca244966e51e53c88712c024fcebe41f9a05f75657f1bb25e489b?s=96&d=mm&r=g","caption":"fondadmin"},"url":"https:\/\/www.fondazionepirelli.org\/it\/author\/fondadmin\/"}]}},"_links":{"self":[{"href":"https:\/\/www.fondazionepirelli.org\/it\/wp-json\/wp\/v2\/posts\/51766\/"}],"collection":[{"href":"https:\/\/www.fondazionepirelli.org\/it\/wp-json\/wp\/v2\/posts\/"}],"about":[{"href":"https:\/\/www.fondazionepirelli.org\/it\/wp-json\/wp\/v2\/types\/post\/"}],"author":[{"embeddable":true,"href":"https:\/\/www.fondazionepirelli.org\/it\/wp-json\/wp\/v2\/users\/1\/"}],"replies":[{"embeddable":true,"href":"https:\/\/www.fondazionepirelli.org\/it\/wp-json\/wp\/v2\/comments\/?post=51766"}],"version-history":[{"count":4,"href":"https:\/\/www.fondazionepirelli.org\/it\/wp-json\/wp\/v2\/posts\/51766\/revisions\/"}],"predecessor-version":[{"id":73869,"href":"https:\/\/www.fondazionepirelli.org\/it\/wp-json\/wp\/v2\/posts\/51766\/revisions\/73869\/"}],"wp:featuredmedia":[{"embeddable":true,"href":"https:\/\/www.fondazionepirelli.org\/it\/wp-json\/wp\/v2\/media\/51767\/"}],"wp:attachment":[{"href":"https:\/\/www.fondazionepirelli.org\/it\/wp-json\/wp\/v2\/media\/?parent=51766"}],"wp:term":[{"taxonomy":"category","embeddable":true,"href":"https:\/\/www.fondazionepirelli.org\/it\/wp-json\/wp\/v2\/categories\/?post=51766"},{"taxonomy":"post_tag","embeddable":true,"href":"https:\/\/www.fondazionepirelli.org\/it\/wp-json\/wp\/v2\/tags\/?post=51766"}],"curies":[{"name":"wp","href":"https:\/\/api.w.org\/{rel}","templated":true}]}}