{"id":51775,"date":"2017-03-07T00:00:00","date_gmt":"2017-03-07T00:00:00","guid":{"rendered":"http:\/\/www.fondazionepirelli.org\/fondazione-pirelli\/crisi-positiva\/"},"modified":"2019-05-09T10:53:39","modified_gmt":"2019-05-09T10:53:39","slug":"crisi-positiva","status":"publish","type":"post","link":"https:\/\/www.fondazionepirelli.org\/it\/cultura-dimpresa\/crisi-positiva\/","title":{"rendered":"Crisi positiva"},"content":{"rendered":"<p><em>Un libro appena pubblicato racconta i tanti modi attraverso i quali \u00e8 possibile resistere\u00a0 e superare le difficolt\u00e0 della congiuntura<\/em><\/p><p>Che le difficolt\u00e0 nell\u2019economia vi siano ancora \u00e8 indubbio. Ma che ci possano essere risorse per affrontarle e superarle \u2013 innovando oppure semplicemente cambiando -, \u00e8 altrettanto certo. Si tratta poi di nient\u2019altro che di quella capacit\u00e0 e voglia di mettersi in gioco e di rischiare che \u00e8 insita in ogni vicenda che abbia a che fare con il progresso. Per avere un\u2019idea di ci\u00f2 che pu\u00f2 accadere, \u00e8 interessante leggere \u201cResistere. Innovazione e vita quotidiana\u201d, libro scritto a molteplici mani e composto a cura di Laura Bovone e Carla Lunghi. Entrambe sociologhe presso l\u2019Universit\u00e0 Cattolica di Milano, Bovone e Lunghi hanno coinvolto diciotto altri studiosi della realt\u00e0 per delineare non tanto la crisi dell\u2019oggi ma soprattutto gli svariati modi con i quali \u00e8 possibile resistervi e uscirne.<\/p>\n<p>L\u2019assunto di partenza \u00e8 chiaro: la crisi ha prodotto in questi anni una forte perdita di sicurezza che ha investito il modo di lavorare e di consumare. E\u2019 la reazione a questa insicurezza che costituisce la molla per il cambiamento. In varie forme.<\/p>\n<p>Frutto di approcci teorici e di una ricerca sul campo, il libro indaga le strategie che sono state messe in atto per resistere alla crisi, innovando e reinventando se stessi e il lavoro. Ci\u00f2 che emerge \u00e8 una straordinaria capacit\u00e0 di escogitare pratiche produttive e collaborative per reagire alla disoccupazione, riappropriarsi del diritto di scegliere e anche vivere in un modo nuovo.<\/p>\n<p>Secondo gli autori, si tratta di un cambiamento che muove dal basso: un insieme di attivit\u00e0 solidali o conviviali, una condivisione di risorse e di decisioni, finalizzate a un consumo ridotto ed equilibrato. Si \u00e8 fatta strada un\u2019economia alternativa, non-profit e for-profit, formale e informale, caratterizzata da aspirazioni sociali o anti-capitalistiche o comunitarie e forte creativit\u00e0. Legata allo sviluppo di internet, approfitta di tutte le novit\u00e0 che si affacciano al volgere del millennio con il web 2.0. Nel complesso, queste pratiche si profilano come un universo variegato, in cui operano sofisticati meccanismi di ricomposizione fra produzione e consumo, dimensione privata e pubblica, tempo libero e lavoro, vicinanza e lontananza territoriale, mondo reale e virtuale.<\/p>\n<p>E\u2019 una realt\u00e0 multiforme quella che emerge da \u201cResistere\u201d, nella quale anche le imprese, l\u2019imprenditorialit\u00e0 lo stesso <em>management <\/em>\u00a0ne escono in qualche modo cambiati. Ma \u201cResistere\u201d \u00e8 soprattutto un libro che si fa leggere e che produce sollecitazioni diverse dalle solite nell\u2019affrontare la congiuntura difficile. Con un assunto di base: la crisi \u00a0pu\u00f2 essere letta anche come un\u2019opportunit\u00e0.<\/p><p><strong>Resistere. Innovazione e vita quotidiana<\/strong><\/p>\n<p>Laura Bovone, Carla Lunghi (a cura di)<\/p>\n<p>Donzelli, 2017<\/p>\n","protected":false},"excerpt":{"rendered":"<p>Un libro appena pubblicato racconta i tanti modi attraverso i quali \u00e8 possibile resistere\u00a0 e superare le difficolt\u00e0 della congiunturaChe le difficolt\u00e0 nell\u2019economia vi siano ancora \u00e8 indubbio. Ma che ci possano essere risorse per affrontarle e superarle \u2013 innovando oppure semplicemente cambiando -, \u00e8 altrettanto certo. Si tratta poi di nient\u2019altro che di quella [&hellip;]<\/p>\n","protected":false},"author":1,"featured_media":51776,"comment_status":"open","ping_status":"open","sticky":false,"template":"","format":"standard","meta":{"footnotes":""},"categories":[52,58],"tags":[],"class_list":["post-51775","post","type-post","status-publish","format-standard","has-post-thumbnail","hentry","category-cultura-dimpresa","category-recensioni-libri"],"acf":[],"yoast_head":"<!-- This site is optimized with the Yoast SEO plugin v25.0 - https:\/\/yoast.com\/wordpress\/plugins\/seo\/ -->\n<title>Crisi positiva - Fondazione Pirelli<\/title>\n<meta name=\"robots\" content=\"index, follow, max-snippet:-1, max-image-preview:large, max-video-preview:-1\" \/>\n<link rel=\"canonical\" href=\"https:\/\/www.fondazionepirelli.org\/it\/cultura-dimpresa\/crisi-positiva\/\" \/>\n<meta property=\"og:locale\" content=\"it_IT\" \/>\n<meta property=\"og:type\" content=\"article\" \/>\n<meta property=\"og:title\" content=\"Crisi positiva - Fondazione Pirelli\" \/>\n<meta property=\"og:description\" content=\"Un libro appena pubblicato racconta i tanti modi attraverso i quali \u00e8 possibile resistere\u00a0 e superare le difficolt\u00e0 della congiunturaChe le difficolt\u00e0 nell\u2019economia vi siano ancora \u00e8 indubbio. Ma che ci possano essere risorse per affrontarle e superarle \u2013 innovando oppure semplicemente cambiando -, \u00e8 altrettanto certo. Si tratta poi di nient\u2019altro che di quella [&hellip;]\" \/>\n<meta property=\"og:url\" content=\"https:\/\/127.0.0.1\/it\/cultura-dimpresa\/crisi-positiva\/\" \/>\n<meta property=\"og:site_name\" content=\"Fondazione Pirelli\" \/>\n<meta property=\"article:published_time\" content=\"2017-03-07T00:00:00+00:00\" \/>\n<meta property=\"article:modified_time\" content=\"2019-05-09T10:53:39+00:00\" \/>\n<meta property=\"og:image\" content=\"https:\/\/wpsite-assets.fondazionepirelli.org\/wp-content\/uploads\/2019\/05\/20101321\/71Pk16kSwtL.jpg\" \/>\n\t<meta property=\"og:image:width\" content=\"852\" \/>\n\t<meta property=\"og:image:height\" content=\"1200\" \/>\n\t<meta property=\"og:image:type\" content=\"image\/jpeg\" \/>\n<meta name=\"author\" content=\"fondadmin\" \/>\n<meta name=\"twitter:card\" content=\"summary_large_image\" \/>\n<meta name=\"twitter:label1\" content=\"Scritto da\" \/>\n\t<meta name=\"twitter:data1\" content=\"fondadmin\" \/>\n\t<meta name=\"twitter:label2\" content=\"Tempo di lettura stimato\" \/>\n\t<meta name=\"twitter:data2\" content=\"2 minuti\" \/>\n<script type=\"application\/ld+json\" class=\"yoast-schema-graph\">{\"@context\":\"https:\/\/schema.org\",\"@graph\":[{\"@type\":\"WebPage\",\"@id\":\"https:\/\/127.0.0.1\/it\/cultura-dimpresa\/crisi-positiva\/\",\"url\":\"https:\/\/127.0.0.1\/it\/cultura-dimpresa\/crisi-positiva\/\",\"name\":\"Crisi positiva - Fondazione Pirelli\",\"isPartOf\":{\"@id\":\"https:\/\/www.fondazionepirelli.org\/it\/#website\"},\"primaryImageOfPage\":{\"@id\":\"https:\/\/127.0.0.1\/it\/cultura-dimpresa\/crisi-positiva\/#primaryimage\"},\"image\":{\"@id\":\"https:\/\/127.0.0.1\/it\/cultura-dimpresa\/crisi-positiva\/#primaryimage\"},\"thumbnailUrl\":\"https:\/\/wpsite-assets.fondazionepirelli.org\/wp-content\/uploads\/2019\/05\/20101321\/71Pk16kSwtL.jpg\",\"datePublished\":\"2017-03-07T00:00:00+00:00\",\"dateModified\":\"2019-05-09T10:53:39+00:00\",\"author\":{\"@id\":\"https:\/\/www.fondazionepirelli.org\/it\/#\/schema\/person\/f47d097000832c4a6e54538c791fdf25\"},\"breadcrumb\":{\"@id\":\"https:\/\/127.0.0.1\/it\/cultura-dimpresa\/crisi-positiva\/#breadcrumb\"},\"inLanguage\":\"it-IT\",\"potentialAction\":[{\"@type\":\"ReadAction\",\"target\":[\"https:\/\/127.0.0.1\/it\/cultura-dimpresa\/crisi-positiva\/\"]}]},{\"@type\":\"ImageObject\",\"inLanguage\":\"it-IT\",\"@id\":\"https:\/\/127.0.0.1\/it\/cultura-dimpresa\/crisi-positiva\/#primaryimage\",\"url\":\"https:\/\/wpsite-assets.fondazionepirelli.org\/wp-content\/uploads\/2019\/05\/20101321\/71Pk16kSwtL.jpg\",\"contentUrl\":\"https:\/\/wpsite-assets.fondazionepirelli.org\/wp-content\/uploads\/2019\/05\/20101321\/71Pk16kSwtL.jpg\",\"width\":852,\"height\":1200},{\"@type\":\"BreadcrumbList\",\"@id\":\"https:\/\/127.0.0.1\/it\/cultura-dimpresa\/crisi-positiva\/#breadcrumb\",\"itemListElement\":[{\"@type\":\"ListItem\",\"position\":1,\"name\":\"Home\",\"item\":\"https:\/\/www.fondazionepirelli.org\/it\/\"},{\"@type\":\"ListItem\",\"position\":2,\"name\":\"Crisi positiva\"}]},{\"@type\":\"WebSite\",\"@id\":\"https:\/\/www.fondazionepirelli.org\/it\/#website\",\"url\":\"https:\/\/www.fondazionepirelli.org\/it\/\",\"name\":\"Fondazione Pirelli\",\"description\":\"\",\"potentialAction\":[{\"@type\":\"SearchAction\",\"target\":{\"@type\":\"EntryPoint\",\"urlTemplate\":\"https:\/\/www.fondazionepirelli.org\/it\/?s={search_term_string}\"},\"query-input\":{\"@type\":\"PropertyValueSpecification\",\"valueRequired\":true,\"valueName\":\"search_term_string\"}}],\"inLanguage\":\"it-IT\"},{\"@type\":\"Person\",\"@id\":\"https:\/\/www.fondazionepirelli.org\/it\/#\/schema\/person\/f47d097000832c4a6e54538c791fdf25\",\"name\":\"fondadmin\",\"image\":{\"@type\":\"ImageObject\",\"inLanguage\":\"it-IT\",\"@id\":\"https:\/\/www.fondazionepirelli.org\/it\/#\/schema\/person\/image\/\",\"url\":\"https:\/\/secure.gravatar.com\/avatar\/e69498a9175ca244966e51e53c88712c024fcebe41f9a05f75657f1bb25e489b?s=96&d=mm&r=g\",\"contentUrl\":\"https:\/\/secure.gravatar.com\/avatar\/e69498a9175ca244966e51e53c88712c024fcebe41f9a05f75657f1bb25e489b?s=96&d=mm&r=g\",\"caption\":\"fondadmin\"},\"url\":\"https:\/\/www.fondazionepirelli.org\/it\/author\/fondadmin\/\"}]}<\/script>\n<!-- \/ Yoast SEO plugin. -->","yoast_head_json":{"title":"Crisi positiva - Fondazione Pirelli","robots":{"index":"index","follow":"follow","max-snippet":"max-snippet:-1","max-image-preview":"max-image-preview:large","max-video-preview":"max-video-preview:-1"},"canonical":"https:\/\/www.fondazionepirelli.org\/it\/cultura-dimpresa\/crisi-positiva\/","og_locale":"it_IT","og_type":"article","og_title":"Crisi positiva - Fondazione Pirelli","og_description":"Un libro appena pubblicato racconta i tanti modi attraverso i quali \u00e8 possibile resistere\u00a0 e superare le difficolt\u00e0 della congiunturaChe le difficolt\u00e0 nell\u2019economia vi siano ancora \u00e8 indubbio. Ma che ci possano essere risorse per affrontarle e superarle \u2013 innovando oppure semplicemente cambiando -, \u00e8 altrettanto certo. Si tratta poi di nient\u2019altro che di quella [&hellip;]","og_url":"https:\/\/127.0.0.1\/it\/cultura-dimpresa\/crisi-positiva\/","og_site_name":"Fondazione Pirelli","article_published_time":"2017-03-07T00:00:00+00:00","article_modified_time":"2019-05-09T10:53:39+00:00","og_image":[{"width":852,"height":1200,"url":"https:\/\/wpsite-assets.fondazionepirelli.org\/wp-content\/uploads\/2019\/05\/20101321\/71Pk16kSwtL.jpg","type":"image\/jpeg"}],"author":"fondadmin","twitter_card":"summary_large_image","twitter_misc":{"Scritto da":"fondadmin","Tempo di lettura stimato":"2 minuti"},"schema":{"@context":"https:\/\/schema.org","@graph":[{"@type":"WebPage","@id":"https:\/\/127.0.0.1\/it\/cultura-dimpresa\/crisi-positiva\/","url":"https:\/\/127.0.0.1\/it\/cultura-dimpresa\/crisi-positiva\/","name":"Crisi positiva - Fondazione Pirelli","isPartOf":{"@id":"https:\/\/www.fondazionepirelli.org\/it\/#website"},"primaryImageOfPage":{"@id":"https:\/\/127.0.0.1\/it\/cultura-dimpresa\/crisi-positiva\/#primaryimage"},"image":{"@id":"https:\/\/127.0.0.1\/it\/cultura-dimpresa\/crisi-positiva\/#primaryimage"},"thumbnailUrl":"https:\/\/wpsite-assets.fondazionepirelli.org\/wp-content\/uploads\/2019\/05\/20101321\/71Pk16kSwtL.jpg","datePublished":"2017-03-07T00:00:00+00:00","dateModified":"2019-05-09T10:53:39+00:00","author":{"@id":"https:\/\/www.fondazionepirelli.org\/it\/#\/schema\/person\/f47d097000832c4a6e54538c791fdf25"},"breadcrumb":{"@id":"https:\/\/127.0.0.1\/it\/cultura-dimpresa\/crisi-positiva\/#breadcrumb"},"inLanguage":"it-IT","potentialAction":[{"@type":"ReadAction","target":["https:\/\/127.0.0.1\/it\/cultura-dimpresa\/crisi-positiva\/"]}]},{"@type":"ImageObject","inLanguage":"it-IT","@id":"https:\/\/127.0.0.1\/it\/cultura-dimpresa\/crisi-positiva\/#primaryimage","url":"https:\/\/wpsite-assets.fondazionepirelli.org\/wp-content\/uploads\/2019\/05\/20101321\/71Pk16kSwtL.jpg","contentUrl":"https:\/\/wpsite-assets.fondazionepirelli.org\/wp-content\/uploads\/2019\/05\/20101321\/71Pk16kSwtL.jpg","width":852,"height":1200},{"@type":"BreadcrumbList","@id":"https:\/\/127.0.0.1\/it\/cultura-dimpresa\/crisi-positiva\/#breadcrumb","itemListElement":[{"@type":"ListItem","position":1,"name":"Home","item":"https:\/\/www.fondazionepirelli.org\/it\/"},{"@type":"ListItem","position":2,"name":"Crisi positiva"}]},{"@type":"WebSite","@id":"https:\/\/www.fondazionepirelli.org\/it\/#website","url":"https:\/\/www.fondazionepirelli.org\/it\/","name":"Fondazione Pirelli","description":"","potentialAction":[{"@type":"SearchAction","target":{"@type":"EntryPoint","urlTemplate":"https:\/\/www.fondazionepirelli.org\/it\/?s={search_term_string}"},"query-input":{"@type":"PropertyValueSpecification","valueRequired":true,"valueName":"search_term_string"}}],"inLanguage":"it-IT"},{"@type":"Person","@id":"https:\/\/www.fondazionepirelli.org\/it\/#\/schema\/person\/f47d097000832c4a6e54538c791fdf25","name":"fondadmin","image":{"@type":"ImageObject","inLanguage":"it-IT","@id":"https:\/\/www.fondazionepirelli.org\/it\/#\/schema\/person\/image\/","url":"https:\/\/secure.gravatar.com\/avatar\/e69498a9175ca244966e51e53c88712c024fcebe41f9a05f75657f1bb25e489b?s=96&d=mm&r=g","contentUrl":"https:\/\/secure.gravatar.com\/avatar\/e69498a9175ca244966e51e53c88712c024fcebe41f9a05f75657f1bb25e489b?s=96&d=mm&r=g","caption":"fondadmin"},"url":"https:\/\/www.fondazionepirelli.org\/it\/author\/fondadmin\/"}]}},"_links":{"self":[{"href":"https:\/\/www.fondazionepirelli.org\/it\/wp-json\/wp\/v2\/posts\/51775\/"}],"collection":[{"href":"https:\/\/www.fondazionepirelli.org\/it\/wp-json\/wp\/v2\/posts\/"}],"about":[{"href":"https:\/\/www.fondazionepirelli.org\/it\/wp-json\/wp\/v2\/types\/post\/"}],"author":[{"embeddable":true,"href":"https:\/\/www.fondazionepirelli.org\/it\/wp-json\/wp\/v2\/users\/1\/"}],"replies":[{"embeddable":true,"href":"https:\/\/www.fondazionepirelli.org\/it\/wp-json\/wp\/v2\/comments\/?post=51775"}],"version-history":[{"count":1,"href":"https:\/\/www.fondazionepirelli.org\/it\/wp-json\/wp\/v2\/posts\/51775\/revisions\/"}],"predecessor-version":[{"id":53424,"href":"https:\/\/www.fondazionepirelli.org\/it\/wp-json\/wp\/v2\/posts\/51775\/revisions\/53424\/"}],"wp:featuredmedia":[{"embeddable":true,"href":"https:\/\/www.fondazionepirelli.org\/it\/wp-json\/wp\/v2\/media\/51776\/"}],"wp:attachment":[{"href":"https:\/\/www.fondazionepirelli.org\/it\/wp-json\/wp\/v2\/media\/?parent=51775"}],"wp:term":[{"taxonomy":"category","embeddable":true,"href":"https:\/\/www.fondazionepirelli.org\/it\/wp-json\/wp\/v2\/categories\/?post=51775"},{"taxonomy":"post_tag","embeddable":true,"href":"https:\/\/www.fondazionepirelli.org\/it\/wp-json\/wp\/v2\/tags\/?post=51775"}],"curies":[{"name":"wp","href":"https:\/\/api.w.org\/{rel}","templated":true}]}}