{"id":51780,"date":"2017-03-07T00:00:00","date_gmt":"2017-03-07T00:00:00","guid":{"rendered":"http:\/\/www.fondazionepirelli.org\/fondazione-pirelli\/la-curva-dellelefante-su-redditi-e-squilibri-e-i-consigli-del-quirinale-alle-imprese-insistere-su-innovazione-e-competitivita\/"},"modified":"2019-05-30T16:23:58","modified_gmt":"2019-05-30T16:23:58","slug":"la-curva-dellelefante-su-redditi-e-squilibri-e-i-consigli-del-quirinale-alle-imprese-insistere-su-innovazione-e-competitivita","status":"publish","type":"post","link":"https:\/\/www.fondazionepirelli.org\/it\/cultura-dimpresa\/la-curva-dellelefante-su-redditi-e-squilibri-e-i-consigli-del-quirinale-alle-imprese-insistere-su-innovazione-e-competitivita\/","title":{"rendered":"La \u201ccurva dell\u2019elefante\u201d su redditi e squilibri e i consigli del Quirinale\u00a0alle imprese:  insistere su innovazione e competitivit\u00e0"},"content":{"rendered":"<p>\u201cLogore strategie di chiusura dei mercati al commercio internazionale\u201d. E \u201cun\u2019anacronistica visione mercantilistica <em>ancient regime<\/em>, indifferente ai danni che la sua applicazione potrebbe recare in particolare a un\u2019economia come la nostra, fortemente orientata all\u2019estero\u201d. I rischi di questi fenomeni trovano eco nelle stanze del Quirinale. E le parole chiare con cui il presidente della Repubblica <strong>Sergio Mattarella<\/strong> li esplicita manifestano all\u2019opinione pubblica la pericolosit\u00e0 d\u2019un passaggio \u201cdalla recessione economica alla <strong>recessione geopolitica<\/strong>\u201d che pu\u00f2 investire non solo il lavoro, i redditi, i consumi, ma le strutture profonde della comunit\u00e0 internazionale e gli equilibri sociali tra i Paesi e all\u2019interno dei singoli paesi.<\/p>\n<p>Il presidente Mattarella parla durante la cerimonia per la consegna del<strong> Premio Leonardo<\/strong>, un riconoscimento alle imprese che si distinguono per qualit\u00e0 e innovazione (la cerimonia il 2 marzo, vincitore Alberto Bombassei con la Brembo, sistemi frenanti, un\u2019eccellenza italiana di rilievo internazionale). Il contesto dei tempi difficili in cui viviamo \u00e8 allarmante, perch\u00e9 mostra l\u2019emergere di nazionalismi, protezionismi, \u201c<strong>sovranismi<\/strong>\u201d, politiche di chiusura dei mercati e crisi delle grandi istituzioni internazionali, a cominciare dalla Wto, la World Trade Organization. Dal multipolarismo che ha caratterizzato la lunga stagione degli anni Novanta e dei primi Duemila si passa al bilateralismo, al calcolo degli interessi senza attenzione ai valori. I trattati di libero scambio come il Nafta (gli accordi tra Usa, Messico e Canada per commerci senza dazi) sono contestati dalla Casa Bianca di Donald Trump, in nome di politiche da \u201cAmerica first\u201d che costringono tutti a rivedere le mappe tradizionali dei commerci e degli investimenti (ne abbiamo parlato nel blog di due settimane fa). La Brexit e i nazionalismi che attraversano la Ue, dalla Francia all\u2019Olanda, dalla Polonia all\u2019Italia, fanno scricchiolare la fragile costruzione europea. Una brutta condizione sociale e politica.<\/p>\n<p><strong>Addio globalizzazione<\/strong>? Troppo presto per dirlo. Gli effetti congiunti dello sviluppo impetuoso degli scambi e degli investimenti internazionali e le straordinarie innovazioni dell\u2019economia digitale hanno fatto emergere dalla povert\u00e0 centinaia di milioni di persone, nei paesi \u201cin via di sviluppo\u201d. Ma questa globalizzazione (predominio della finanza pi\u00f9 speculativa, scarsa attenzione al disegno di nuovi e migliori equilibri sociali) ha mostrato pesanti limiti. I ceti medi dei paesi occidentali non hanno avvertito benefici sui redditi, ma anzi si sono sentiti pi\u00f9 fragili, poveri, insicuri (i <em>forgotten men <\/em>cui si \u00e8 rivolta con successo la politica di Trump e cui guardano i populismi europei). I ceti pi\u00f9 ricchi hanno invece visto aumentare clamorosamente le loro ricchezze. E la diseguaglianza economica e sociale \u00e8 cresciuta, come mostra la \u201ccurva dell\u2019elefante\u201d dell\u2019economista Branko Milanovic, un grafico sulla distribuzione mondiale dei redditi: l\u2019ampio dorso raffigura i ceti medi dei paesi un tempo poveri, Cina innanzitutto, la curva bassa della proboscide indica i ceti medi dei paesi ricchi, la punta alta i redditi maggiori (Dario Di Vico, \u201cLa Lettura \u2013 Corriere della Sera\u201d, 5 marzo). Sgradevole, questo \u201celefante\u201d.<\/p>\n<p>Per risposte efficaci, serve <strong>maggiore e migliore politica<\/strong>. E un\u2019attivit\u00e0 lungimirante delle imprese che crescono proprio su mercati aperti e globali.<\/p>\n<p>Le parole di Mattarella vanno lette proprio in questo contesto. Monito alle responsabilit\u00e0 di chi governa. E invito autorevole alle aziende perch\u00e9 siano sempre pi\u00f9 <strong>competitive<\/strong>. Sostiene Mattarella: \u201cIn un sistema fortemente integrato come l\u2019attuale, in cui le filiere produttive si avvalgono di scambi di beni intermedi tra produttori di Paesi diversi, la sfida per la crescita \u00e8 giocata sul posto che si riesce a occupare nella catena di creazione del valore e non su logore strategie di chiusura dei mercati al commercio internazionale\u201d.<\/p>\n<p>Bisogna \u201candare controcorrente\u201d, rafforzando \u201cla cooperazione e gli strumenti di governance internazionale, europei e mondiali, sapendo che da soli non si va lontano\u201d.<\/p>\n<p>E le imprese italiane? Nel 2016, ancora un record di export, per 417 miliardi, con un avanzo commerciale di 51,6 miliardi, determinato dalla manifattura di qualit\u00e0. Ma sono ancora poche le imprese orientate ai mercati internazionali, il 20% appena. Un altro 20% non \u00e8 capace di competere, soffrendo moltissimo sull\u2019asfittico mercato interno. Il 60% deve sapere giocare la partita d\u2019una crescita robusta di produttivit\u00e0 e competitivit\u00e0. Una partita difficile. Ma ancora aperta. Insiste Mattarella: \u201cPer operare su mercati difficili\u2026 sono decisivi gli investimenti in ricerca, innovazione e formazione, per rafforzare la competitivit\u00e0, cogliere le opportunit\u00e0 dell\u2019internazionalizzazione e delle trasformazioni digitali. Gli investimenti di qualit\u00e0 rafforzano non solo le imprese che li attuano ma l\u2019intero capitale sociale del Paese\u201d.<\/p>\n<p>I cambiamenti in atto sollecitano \u201c<strong>un cambio di paradigma<\/strong>\u201d. Non solo economico. Ma pi\u00f9 generale, politico: \u201cL\u2019apertura del commercio e il progresso tecnologico sono stati elementi trainanti per la crescita economica globale, i cui benefici dovrebbero per\u00f2 essere distribuiti in maniera pi\u00f9 equilibrata. Sono fenomeni che non possiamo rinunciare a governare\u201d. Come? Con \u201cla ricerca di un nuovo equilibrio tra Stati\u201d e per \u201cbenessere e inclusione\u201d, legando \u201cla ricerca di maggiore competitivit\u00e0 alle tutele per una societ\u00e0 pi\u00f9 giusta e per uno sviluppo pi\u00f9 sostenibile\u201d, su lavoro, ambiente, societ\u00e0. Tutto il contrario degli egoismi nazionalisti e dei muri.<\/p>\n","protected":false},"excerpt":{"rendered":"<p>\u201cLogore strategie di chiusura dei mercati al commercio internazionale\u201d. E \u201cun\u2019anacronistica visione mercantilistica ancient regime, indifferente ai danni che la sua applicazione potrebbe recare in particolare a un\u2019economia come la nostra, fortemente orientata all\u2019estero\u201d. I rischi di questi fenomeni trovano eco nelle stanze del Quirinale. E le parole chiare con cui il presidente della Repubblica [&hellip;]<\/p>\n","protected":false},"author":1,"featured_media":51781,"comment_status":"open","ping_status":"open","sticky":false,"template":"","format":"standard","meta":{"footnotes":""},"categories":[53,52],"tags":[],"class_list":["post-51780","post","type-post","status-publish","format-standard","has-post-thumbnail","hentry","category-blog","category-cultura-dimpresa"],"acf":[],"yoast_head":"<!-- This site is optimized with the Yoast SEO plugin v25.0 - https:\/\/yoast.com\/wordpress\/plugins\/seo\/ -->\n<title>La \u201ccurva dell\u2019elefante\u201d su redditi e squilibri e i consigli del Quirinale\u00a0alle imprese: insistere su innovazione e competitivit\u00e0 - Fondazione Pirelli<\/title>\n<meta name=\"robots\" content=\"index, follow, max-snippet:-1, max-image-preview:large, max-video-preview:-1\" \/>\n<link rel=\"canonical\" href=\"https:\/\/www.fondazionepirelli.org\/it\/cultura-dimpresa\/la-curva-dellelefante-su-redditi-e-squilibri-e-i-consigli-del-quirinale-alle-imprese-insistere-su-innovazione-e-competitivita\/\" \/>\n<meta property=\"og:locale\" content=\"it_IT\" \/>\n<meta property=\"og:type\" content=\"article\" \/>\n<meta property=\"og:title\" content=\"La \u201ccurva dell\u2019elefante\u201d su redditi e squilibri e i consigli del Quirinale\u00a0alle imprese: insistere su innovazione e competitivit\u00e0 - Fondazione Pirelli\" \/>\n<meta property=\"og:description\" content=\"\u201cLogore strategie di chiusura dei mercati al commercio internazionale\u201d. E \u201cun\u2019anacronistica visione mercantilistica ancient regime, indifferente ai danni che la sua applicazione potrebbe recare in particolare a un\u2019economia come la nostra, fortemente orientata all\u2019estero\u201d. I rischi di questi fenomeni trovano eco nelle stanze del Quirinale. E le parole chiare con cui il presidente della Repubblica [&hellip;]\" \/>\n<meta property=\"og:url\" content=\"https:\/\/www.fondazionepirelli.org\/it\/cultura-dimpresa\/la-curva-dellelefante-su-redditi-e-squilibri-e-i-consigli-del-quirinale-alle-imprese-insistere-su-innovazione-e-competitivita\/\" \/>\n<meta property=\"og:site_name\" content=\"Fondazione Pirelli\" \/>\n<meta property=\"article:published_time\" content=\"2017-03-07T00:00:00+00:00\" \/>\n<meta property=\"article:modified_time\" content=\"2019-05-30T16:23:58+00:00\" \/>\n<meta property=\"og:image\" content=\"https:\/\/wpsite-assets.fondazionepirelli.org\/wp-content\/uploads\/2019\/05\/20101320\/mercati-lyoutlook-di-jupiter-asset-management-per-il-2017.jpg\" \/>\n\t<meta property=\"og:image:width\" content=\"600\" \/>\n\t<meta property=\"og:image:height\" content=\"450\" \/>\n\t<meta property=\"og:image:type\" content=\"image\/jpeg\" \/>\n<meta name=\"author\" content=\"fondadmin\" \/>\n<meta name=\"twitter:card\" content=\"summary_large_image\" \/>\n<meta name=\"twitter:label1\" content=\"Scritto da\" \/>\n\t<meta name=\"twitter:data1\" content=\"fondadmin\" \/>\n\t<meta name=\"twitter:label2\" content=\"Tempo di lettura stimato\" \/>\n\t<meta name=\"twitter:data2\" content=\"4 minuti\" \/>\n<script type=\"application\/ld+json\" class=\"yoast-schema-graph\">{\"@context\":\"https:\/\/schema.org\",\"@graph\":[{\"@type\":\"WebPage\",\"@id\":\"https:\/\/www.fondazionepirelli.org\/it\/cultura-dimpresa\/la-curva-dellelefante-su-redditi-e-squilibri-e-i-consigli-del-quirinale-alle-imprese-insistere-su-innovazione-e-competitivita\/\",\"url\":\"https:\/\/www.fondazionepirelli.org\/it\/cultura-dimpresa\/la-curva-dellelefante-su-redditi-e-squilibri-e-i-consigli-del-quirinale-alle-imprese-insistere-su-innovazione-e-competitivita\/\",\"name\":\"La \u201ccurva dell\u2019elefante\u201d su redditi e squilibri e i consigli del Quirinale\u00a0alle imprese: insistere su innovazione e competitivit\u00e0 - Fondazione Pirelli\",\"isPartOf\":{\"@id\":\"https:\/\/www.fondazionepirelli.org\/it\/#website\"},\"primaryImageOfPage\":{\"@id\":\"https:\/\/www.fondazionepirelli.org\/it\/cultura-dimpresa\/la-curva-dellelefante-su-redditi-e-squilibri-e-i-consigli-del-quirinale-alle-imprese-insistere-su-innovazione-e-competitivita\/#primaryimage\"},\"image\":{\"@id\":\"https:\/\/www.fondazionepirelli.org\/it\/cultura-dimpresa\/la-curva-dellelefante-su-redditi-e-squilibri-e-i-consigli-del-quirinale-alle-imprese-insistere-su-innovazione-e-competitivita\/#primaryimage\"},\"thumbnailUrl\":\"https:\/\/wpsite-assets.fondazionepirelli.org\/wp-content\/uploads\/2019\/05\/20101320\/mercati-lyoutlook-di-jupiter-asset-management-per-il-2017.jpg\",\"datePublished\":\"2017-03-07T00:00:00+00:00\",\"dateModified\":\"2019-05-30T16:23:58+00:00\",\"author\":{\"@id\":\"https:\/\/www.fondazionepirelli.org\/it\/#\/schema\/person\/f47d097000832c4a6e54538c791fdf25\"},\"breadcrumb\":{\"@id\":\"https:\/\/www.fondazionepirelli.org\/it\/cultura-dimpresa\/la-curva-dellelefante-su-redditi-e-squilibri-e-i-consigli-del-quirinale-alle-imprese-insistere-su-innovazione-e-competitivita\/#breadcrumb\"},\"inLanguage\":\"it-IT\",\"potentialAction\":[{\"@type\":\"ReadAction\",\"target\":[\"https:\/\/www.fondazionepirelli.org\/it\/cultura-dimpresa\/la-curva-dellelefante-su-redditi-e-squilibri-e-i-consigli-del-quirinale-alle-imprese-insistere-su-innovazione-e-competitivita\/\"]}]},{\"@type\":\"ImageObject\",\"inLanguage\":\"it-IT\",\"@id\":\"https:\/\/www.fondazionepirelli.org\/it\/cultura-dimpresa\/la-curva-dellelefante-su-redditi-e-squilibri-e-i-consigli-del-quirinale-alle-imprese-insistere-su-innovazione-e-competitivita\/#primaryimage\",\"url\":\"https:\/\/wpsite-assets.fondazionepirelli.org\/wp-content\/uploads\/2019\/05\/20101320\/mercati-lyoutlook-di-jupiter-asset-management-per-il-2017.jpg\",\"contentUrl\":\"https:\/\/wpsite-assets.fondazionepirelli.org\/wp-content\/uploads\/2019\/05\/20101320\/mercati-lyoutlook-di-jupiter-asset-management-per-il-2017.jpg\",\"width\":600,\"height\":450},{\"@type\":\"BreadcrumbList\",\"@id\":\"https:\/\/www.fondazionepirelli.org\/it\/cultura-dimpresa\/la-curva-dellelefante-su-redditi-e-squilibri-e-i-consigli-del-quirinale-alle-imprese-insistere-su-innovazione-e-competitivita\/#breadcrumb\",\"itemListElement\":[{\"@type\":\"ListItem\",\"position\":1,\"name\":\"Home\",\"item\":\"https:\/\/www.fondazionepirelli.org\/it\/\"},{\"@type\":\"ListItem\",\"position\":2,\"name\":\"La \u201ccurva dell\u2019elefante\u201d su redditi e squilibri e i consigli del Quirinale\u00a0alle imprese: insistere su innovazione e competitivit\u00e0\"}]},{\"@type\":\"WebSite\",\"@id\":\"https:\/\/www.fondazionepirelli.org\/it\/#website\",\"url\":\"https:\/\/www.fondazionepirelli.org\/it\/\",\"name\":\"Fondazione Pirelli\",\"description\":\"\",\"potentialAction\":[{\"@type\":\"SearchAction\",\"target\":{\"@type\":\"EntryPoint\",\"urlTemplate\":\"https:\/\/www.fondazionepirelli.org\/it\/?s={search_term_string}\"},\"query-input\":{\"@type\":\"PropertyValueSpecification\",\"valueRequired\":true,\"valueName\":\"search_term_string\"}}],\"inLanguage\":\"it-IT\"},{\"@type\":\"Person\",\"@id\":\"https:\/\/www.fondazionepirelli.org\/it\/#\/schema\/person\/f47d097000832c4a6e54538c791fdf25\",\"name\":\"fondadmin\",\"image\":{\"@type\":\"ImageObject\",\"inLanguage\":\"it-IT\",\"@id\":\"https:\/\/www.fondazionepirelli.org\/it\/#\/schema\/person\/image\/\",\"url\":\"https:\/\/secure.gravatar.com\/avatar\/e69498a9175ca244966e51e53c88712c024fcebe41f9a05f75657f1bb25e489b?s=96&d=mm&r=g\",\"contentUrl\":\"https:\/\/secure.gravatar.com\/avatar\/e69498a9175ca244966e51e53c88712c024fcebe41f9a05f75657f1bb25e489b?s=96&d=mm&r=g\",\"caption\":\"fondadmin\"},\"url\":\"https:\/\/www.fondazionepirelli.org\/it\/author\/fondadmin\/\"}]}<\/script>\n<!-- \/ Yoast SEO plugin. -->","yoast_head_json":{"title":"La \u201ccurva dell\u2019elefante\u201d su redditi e squilibri e i consigli del Quirinale\u00a0alle imprese: insistere su innovazione e competitivit\u00e0 - Fondazione Pirelli","robots":{"index":"index","follow":"follow","max-snippet":"max-snippet:-1","max-image-preview":"max-image-preview:large","max-video-preview":"max-video-preview:-1"},"canonical":"https:\/\/www.fondazionepirelli.org\/it\/cultura-dimpresa\/la-curva-dellelefante-su-redditi-e-squilibri-e-i-consigli-del-quirinale-alle-imprese-insistere-su-innovazione-e-competitivita\/","og_locale":"it_IT","og_type":"article","og_title":"La \u201ccurva dell\u2019elefante\u201d su redditi e squilibri e i consigli del Quirinale\u00a0alle imprese: insistere su innovazione e competitivit\u00e0 - Fondazione Pirelli","og_description":"\u201cLogore strategie di chiusura dei mercati al commercio internazionale\u201d. E \u201cun\u2019anacronistica visione mercantilistica ancient regime, indifferente ai danni che la sua applicazione potrebbe recare in particolare a un\u2019economia come la nostra, fortemente orientata all\u2019estero\u201d. I rischi di questi fenomeni trovano eco nelle stanze del Quirinale. E le parole chiare con cui il presidente della Repubblica [&hellip;]","og_url":"https:\/\/www.fondazionepirelli.org\/it\/cultura-dimpresa\/la-curva-dellelefante-su-redditi-e-squilibri-e-i-consigli-del-quirinale-alle-imprese-insistere-su-innovazione-e-competitivita\/","og_site_name":"Fondazione Pirelli","article_published_time":"2017-03-07T00:00:00+00:00","article_modified_time":"2019-05-30T16:23:58+00:00","og_image":[{"width":600,"height":450,"url":"https:\/\/wpsite-assets.fondazionepirelli.org\/wp-content\/uploads\/2019\/05\/20101320\/mercati-lyoutlook-di-jupiter-asset-management-per-il-2017.jpg","type":"image\/jpeg"}],"author":"fondadmin","twitter_card":"summary_large_image","twitter_misc":{"Scritto da":"fondadmin","Tempo di lettura stimato":"4 minuti"},"schema":{"@context":"https:\/\/schema.org","@graph":[{"@type":"WebPage","@id":"https:\/\/www.fondazionepirelli.org\/it\/cultura-dimpresa\/la-curva-dellelefante-su-redditi-e-squilibri-e-i-consigli-del-quirinale-alle-imprese-insistere-su-innovazione-e-competitivita\/","url":"https:\/\/www.fondazionepirelli.org\/it\/cultura-dimpresa\/la-curva-dellelefante-su-redditi-e-squilibri-e-i-consigli-del-quirinale-alle-imprese-insistere-su-innovazione-e-competitivita\/","name":"La \u201ccurva dell\u2019elefante\u201d su redditi e squilibri e i consigli del Quirinale\u00a0alle imprese: insistere su innovazione e competitivit\u00e0 - Fondazione Pirelli","isPartOf":{"@id":"https:\/\/www.fondazionepirelli.org\/it\/#website"},"primaryImageOfPage":{"@id":"https:\/\/www.fondazionepirelli.org\/it\/cultura-dimpresa\/la-curva-dellelefante-su-redditi-e-squilibri-e-i-consigli-del-quirinale-alle-imprese-insistere-su-innovazione-e-competitivita\/#primaryimage"},"image":{"@id":"https:\/\/www.fondazionepirelli.org\/it\/cultura-dimpresa\/la-curva-dellelefante-su-redditi-e-squilibri-e-i-consigli-del-quirinale-alle-imprese-insistere-su-innovazione-e-competitivita\/#primaryimage"},"thumbnailUrl":"https:\/\/wpsite-assets.fondazionepirelli.org\/wp-content\/uploads\/2019\/05\/20101320\/mercati-lyoutlook-di-jupiter-asset-management-per-il-2017.jpg","datePublished":"2017-03-07T00:00:00+00:00","dateModified":"2019-05-30T16:23:58+00:00","author":{"@id":"https:\/\/www.fondazionepirelli.org\/it\/#\/schema\/person\/f47d097000832c4a6e54538c791fdf25"},"breadcrumb":{"@id":"https:\/\/www.fondazionepirelli.org\/it\/cultura-dimpresa\/la-curva-dellelefante-su-redditi-e-squilibri-e-i-consigli-del-quirinale-alle-imprese-insistere-su-innovazione-e-competitivita\/#breadcrumb"},"inLanguage":"it-IT","potentialAction":[{"@type":"ReadAction","target":["https:\/\/www.fondazionepirelli.org\/it\/cultura-dimpresa\/la-curva-dellelefante-su-redditi-e-squilibri-e-i-consigli-del-quirinale-alle-imprese-insistere-su-innovazione-e-competitivita\/"]}]},{"@type":"ImageObject","inLanguage":"it-IT","@id":"https:\/\/www.fondazionepirelli.org\/it\/cultura-dimpresa\/la-curva-dellelefante-su-redditi-e-squilibri-e-i-consigli-del-quirinale-alle-imprese-insistere-su-innovazione-e-competitivita\/#primaryimage","url":"https:\/\/wpsite-assets.fondazionepirelli.org\/wp-content\/uploads\/2019\/05\/20101320\/mercati-lyoutlook-di-jupiter-asset-management-per-il-2017.jpg","contentUrl":"https:\/\/wpsite-assets.fondazionepirelli.org\/wp-content\/uploads\/2019\/05\/20101320\/mercati-lyoutlook-di-jupiter-asset-management-per-il-2017.jpg","width":600,"height":450},{"@type":"BreadcrumbList","@id":"https:\/\/www.fondazionepirelli.org\/it\/cultura-dimpresa\/la-curva-dellelefante-su-redditi-e-squilibri-e-i-consigli-del-quirinale-alle-imprese-insistere-su-innovazione-e-competitivita\/#breadcrumb","itemListElement":[{"@type":"ListItem","position":1,"name":"Home","item":"https:\/\/www.fondazionepirelli.org\/it\/"},{"@type":"ListItem","position":2,"name":"La \u201ccurva dell\u2019elefante\u201d su redditi e squilibri e i consigli del Quirinale\u00a0alle imprese: insistere su innovazione e competitivit\u00e0"}]},{"@type":"WebSite","@id":"https:\/\/www.fondazionepirelli.org\/it\/#website","url":"https:\/\/www.fondazionepirelli.org\/it\/","name":"Fondazione Pirelli","description":"","potentialAction":[{"@type":"SearchAction","target":{"@type":"EntryPoint","urlTemplate":"https:\/\/www.fondazionepirelli.org\/it\/?s={search_term_string}"},"query-input":{"@type":"PropertyValueSpecification","valueRequired":true,"valueName":"search_term_string"}}],"inLanguage":"it-IT"},{"@type":"Person","@id":"https:\/\/www.fondazionepirelli.org\/it\/#\/schema\/person\/f47d097000832c4a6e54538c791fdf25","name":"fondadmin","image":{"@type":"ImageObject","inLanguage":"it-IT","@id":"https:\/\/www.fondazionepirelli.org\/it\/#\/schema\/person\/image\/","url":"https:\/\/secure.gravatar.com\/avatar\/e69498a9175ca244966e51e53c88712c024fcebe41f9a05f75657f1bb25e489b?s=96&d=mm&r=g","contentUrl":"https:\/\/secure.gravatar.com\/avatar\/e69498a9175ca244966e51e53c88712c024fcebe41f9a05f75657f1bb25e489b?s=96&d=mm&r=g","caption":"fondadmin"},"url":"https:\/\/www.fondazionepirelli.org\/it\/author\/fondadmin\/"}]}},"_links":{"self":[{"href":"https:\/\/www.fondazionepirelli.org\/it\/wp-json\/wp\/v2\/posts\/51780\/"}],"collection":[{"href":"https:\/\/www.fondazionepirelli.org\/it\/wp-json\/wp\/v2\/posts\/"}],"about":[{"href":"https:\/\/www.fondazionepirelli.org\/it\/wp-json\/wp\/v2\/types\/post\/"}],"author":[{"embeddable":true,"href":"https:\/\/www.fondazionepirelli.org\/it\/wp-json\/wp\/v2\/users\/1\/"}],"replies":[{"embeddable":true,"href":"https:\/\/www.fondazionepirelli.org\/it\/wp-json\/wp\/v2\/comments\/?post=51780"}],"version-history":[{"count":2,"href":"https:\/\/www.fondazionepirelli.org\/it\/wp-json\/wp\/v2\/posts\/51780\/revisions\/"}],"predecessor-version":[{"id":57053,"href":"https:\/\/www.fondazionepirelli.org\/it\/wp-json\/wp\/v2\/posts\/51780\/revisions\/57053\/"}],"wp:featuredmedia":[{"embeddable":true,"href":"https:\/\/www.fondazionepirelli.org\/it\/wp-json\/wp\/v2\/media\/51781\/"}],"wp:attachment":[{"href":"https:\/\/www.fondazionepirelli.org\/it\/wp-json\/wp\/v2\/media\/?parent=51780"}],"wp:term":[{"taxonomy":"category","embeddable":true,"href":"https:\/\/www.fondazionepirelli.org\/it\/wp-json\/wp\/v2\/categories\/?post=51780"},{"taxonomy":"post_tag","embeddable":true,"href":"https:\/\/www.fondazionepirelli.org\/it\/wp-json\/wp\/v2\/tags\/?post=51780"}],"curies":[{"name":"wp","href":"https:\/\/api.w.org\/{rel}","templated":true}]}}