{"id":51793,"date":"2017-02-21T00:00:00","date_gmt":"2017-02-21T00:00:00","guid":{"rendered":"http:\/\/www.fondazionepirelli.org\/fondazione-pirelli\/concorrenza-e-cultura-dimpresa\/"},"modified":"2019-05-09T10:28:47","modified_gmt":"2019-05-09T10:28:47","slug":"concorrenza-e-cultura-dimpresa","status":"publish","type":"post","link":"https:\/\/www.fondazionepirelli.org\/it\/cultura-dimpresa\/concorrenza-e-cultura-dimpresa\/","title":{"rendered":"Concorrenza e cultura d\u2019impresa"},"content":{"rendered":"<p><em>Una ampia ricerca promossa da Banca d\u2019Italia analizza l\u2019evoluzione del concetto di concorrenza, le sue implicazioni nel tempo e le sue relazioni con la cultura e la crescita delle imprese<\/em><\/p>\n<p>Le imprese crescono e la loro cultura si evolve se entrambe &#8211; imprese e cultura -, sono sottoposte a stimoli e spinte che rendano viva la loro quotidianit\u00e0. Questione di vivacit\u00e0 intellettuale e di necessit\u00e0 di sopravvivere e di vincere sui mercati. Esattamente l\u2019opposto della gestione ripetitiva e monotona, anticamera del fallimento. Nei sistemi economici uno degli elementi principali che hanno giocato un ruolo determinante in questo senso, \u00e8 certamente quello della concorrenza. Positiva quando leale e franca, negativa quando sleale e drogata da elementi ad essa estranei. Comprendere i legami fra concorrenza e crescita delle imprese \u00e8 importante. Anche da un punto di vista storico. Ne beneficiano, infatti, l\u2019attuale cultura d\u2019impresa e le attuali modalit\u00e0 di gestione della stessa.<\/p>\n<p>Fa bene allora leggere <strong>\u201cConcorrenza, mercato e crescita in Italia: il lungo periodo\u201d<\/strong> ricerca curata da <strong>Alfredo Gigliobianco<\/strong> e <strong>Gianni Toniolo<\/strong> e pubblicata da Banca d\u2019Italia.<\/p>\n<p>L\u2019indagine ha l\u2019obiettivo di rispondere ad una serie di domande. Che cosa, per esempio, insegna la storia a proposito del <strong>nesso fra concorrenza e crescita<\/strong>? E quale \u00e8 stato il ruolo della concorrenza nel definire i caratteri dell\u2019economia italiana? E quali sono le implicazioni per la situazione attuale?<\/p>\n<p>E a leggere si scopre subito una cosa: solo negli ultimi decenni la <strong>concorrenza<\/strong> \u00e8 stata per davvero assunta ad <strong>elemento chiave per l\u2019innovazione<\/strong> e la crescita delle aziende. Una volta la concorrenza era una minaccia e basta. Gigliobianco e Toniolo proprio attorno al concetto di concorrenza e alla sua evoluzione mettono in fila una serie di contributi che ne analizzano numerosi aspetti. A partire da quelli culturali per passare a quelli giuridici e arrivare ai temi pi\u00f9 strettamente economici. Tutti vengono poi colti sotto diversi punti di vista.\u00a0 C\u2019\u00e8, per esempio, un approfondimento dei risvolti \u00a0di politica economica e quindi delle eredit\u00e0 dell\u2019impostazione anteguerra dell\u2019assetto dei mercati e della produzione. Mentre in un\u2019altra parte del volume viene passato al vaglio l\u2019atteggiamento dell\u2019industria manifatturiera di fronte alla necessaria apertura ai mercati internazionali ed alle importazioni. Altri contributi, invece, ricordano come in realt\u00e0 i mercati di oggi non siano propriamente perfettamente concorrenziali e come quindi l\u2019ideale del mercato perfetto sia molto lontano dal realizzarsi. Altri ancora si avventurano nel terreno delicato degli oligopoli e dei monopoli.<\/p>\n<p>Pi\u00f9 in generale la ricerca promossa dalla Banca d\u2019Italia mira a misurare il deficit concorrenziale del Paese, individuarne le radici storiche, metterne in luce le conseguenze. Ci\u00f2 che ne emerge \u00e8 un libro corposo (quasi 600 pagine), e non sempre di facile e lineare lettura. Ma si tratta di pagine importanti per chi voglia capire meglio da cosa nasca quella cultura dell\u2019impresa e della concorrenza leale di cui oggi si sente molto bisogno.<\/p><p><strong>Concorrenza, mercato e crescita in Italia: il lungo periodo<\/strong><\/p>\n<p>Alfredo Gigliobianco e Gianni Toniolo (a cura)<\/p>\n<p>Collezione storica della Banca d\u2019Italia, Marsilio, 2017<\/p>\n","protected":false},"excerpt":{"rendered":"<p>Una ampia ricerca promossa da Banca d\u2019Italia analizza l\u2019evoluzione del concetto di concorrenza, le sue implicazioni nel tempo e le sue relazioni con la cultura e la crescita delle imprese Le imprese crescono e la loro cultura si evolve se entrambe &#8211; imprese e cultura -, sono sottoposte a stimoli e spinte che rendano viva [&hellip;]<\/p>\n","protected":false},"author":1,"featured_media":51794,"comment_status":"open","ping_status":"open","sticky":false,"template":"","format":"standard","meta":{"footnotes":""},"categories":[54,52],"tags":[],"class_list":["post-51793","post","type-post","status-publish","format-standard","has-post-thumbnail","hentry","category-approfondimenti","category-cultura-dimpresa"],"acf":[],"yoast_head":"<!-- This site is optimized with the Yoast SEO plugin v25.0 - https:\/\/yoast.com\/wordpress\/plugins\/seo\/ -->\n<title>Concorrenza e cultura d\u2019impresa - Fondazione Pirelli<\/title>\n<meta name=\"robots\" content=\"index, follow, max-snippet:-1, max-image-preview:large, max-video-preview:-1\" \/>\n<link rel=\"canonical\" href=\"https:\/\/www.fondazionepirelli.org\/it\/cultura-dimpresa\/concorrenza-e-cultura-dimpresa\/\" \/>\n<meta property=\"og:locale\" content=\"it_IT\" \/>\n<meta property=\"og:type\" content=\"article\" \/>\n<meta property=\"og:title\" content=\"Concorrenza e cultura d\u2019impresa - Fondazione Pirelli\" \/>\n<meta property=\"og:description\" content=\"Una ampia ricerca promossa da Banca d\u2019Italia analizza l\u2019evoluzione del concetto di concorrenza, le sue implicazioni nel tempo e le sue relazioni con la cultura e la crescita delle imprese Le imprese crescono e la loro cultura si evolve se entrambe &#8211; imprese e cultura -, sono sottoposte a stimoli e spinte che rendano viva [&hellip;]\" \/>\n<meta property=\"og:url\" content=\"https:\/\/127.0.0.1\/it\/cultura-dimpresa\/concorrenza-e-cultura-dimpresa\/\" \/>\n<meta property=\"og:site_name\" content=\"Fondazione Pirelli\" \/>\n<meta property=\"article:published_time\" content=\"2017-02-21T00:00:00+00:00\" \/>\n<meta property=\"article:modified_time\" content=\"2019-05-09T10:28:47+00:00\" \/>\n<meta property=\"og:image\" content=\"https:\/\/wpsite-assets.fondazionepirelli.org\/wp-content\/uploads\/2019\/05\/20101318\/71aYfacjIXL.jpg\" \/>\n\t<meta property=\"og:image:width\" content=\"780\" \/>\n\t<meta property=\"og:image:height\" content=\"1200\" \/>\n\t<meta property=\"og:image:type\" content=\"image\/jpeg\" \/>\n<meta name=\"author\" content=\"fondadmin\" \/>\n<meta name=\"twitter:card\" content=\"summary_large_image\" \/>\n<meta name=\"twitter:label1\" content=\"Scritto da\" \/>\n\t<meta name=\"twitter:data1\" content=\"fondadmin\" \/>\n\t<meta name=\"twitter:label2\" content=\"Tempo di lettura stimato\" \/>\n\t<meta name=\"twitter:data2\" content=\"3 minuti\" \/>\n<script type=\"application\/ld+json\" class=\"yoast-schema-graph\">{\"@context\":\"https:\/\/schema.org\",\"@graph\":[{\"@type\":\"WebPage\",\"@id\":\"https:\/\/127.0.0.1\/it\/cultura-dimpresa\/concorrenza-e-cultura-dimpresa\/\",\"url\":\"https:\/\/127.0.0.1\/it\/cultura-dimpresa\/concorrenza-e-cultura-dimpresa\/\",\"name\":\"Concorrenza e cultura d\u2019impresa - Fondazione Pirelli\",\"isPartOf\":{\"@id\":\"https:\/\/www.fondazionepirelli.org\/it\/#website\"},\"primaryImageOfPage\":{\"@id\":\"https:\/\/127.0.0.1\/it\/cultura-dimpresa\/concorrenza-e-cultura-dimpresa\/#primaryimage\"},\"image\":{\"@id\":\"https:\/\/127.0.0.1\/it\/cultura-dimpresa\/concorrenza-e-cultura-dimpresa\/#primaryimage\"},\"thumbnailUrl\":\"https:\/\/wpsite-assets.fondazionepirelli.org\/wp-content\/uploads\/2019\/05\/20101318\/71aYfacjIXL.jpg\",\"datePublished\":\"2017-02-21T00:00:00+00:00\",\"dateModified\":\"2019-05-09T10:28:47+00:00\",\"author\":{\"@id\":\"https:\/\/www.fondazionepirelli.org\/it\/#\/schema\/person\/f47d097000832c4a6e54538c791fdf25\"},\"breadcrumb\":{\"@id\":\"https:\/\/127.0.0.1\/it\/cultura-dimpresa\/concorrenza-e-cultura-dimpresa\/#breadcrumb\"},\"inLanguage\":\"it-IT\",\"potentialAction\":[{\"@type\":\"ReadAction\",\"target\":[\"https:\/\/127.0.0.1\/it\/cultura-dimpresa\/concorrenza-e-cultura-dimpresa\/\"]}]},{\"@type\":\"ImageObject\",\"inLanguage\":\"it-IT\",\"@id\":\"https:\/\/127.0.0.1\/it\/cultura-dimpresa\/concorrenza-e-cultura-dimpresa\/#primaryimage\",\"url\":\"https:\/\/wpsite-assets.fondazionepirelli.org\/wp-content\/uploads\/2019\/05\/20101318\/71aYfacjIXL.jpg\",\"contentUrl\":\"https:\/\/wpsite-assets.fondazionepirelli.org\/wp-content\/uploads\/2019\/05\/20101318\/71aYfacjIXL.jpg\",\"width\":780,\"height\":1200},{\"@type\":\"BreadcrumbList\",\"@id\":\"https:\/\/127.0.0.1\/it\/cultura-dimpresa\/concorrenza-e-cultura-dimpresa\/#breadcrumb\",\"itemListElement\":[{\"@type\":\"ListItem\",\"position\":1,\"name\":\"Home\",\"item\":\"https:\/\/www.fondazionepirelli.org\/it\/\"},{\"@type\":\"ListItem\",\"position\":2,\"name\":\"Concorrenza e cultura d\u2019impresa\"}]},{\"@type\":\"WebSite\",\"@id\":\"https:\/\/www.fondazionepirelli.org\/it\/#website\",\"url\":\"https:\/\/www.fondazionepirelli.org\/it\/\",\"name\":\"Fondazione Pirelli\",\"description\":\"\",\"potentialAction\":[{\"@type\":\"SearchAction\",\"target\":{\"@type\":\"EntryPoint\",\"urlTemplate\":\"https:\/\/www.fondazionepirelli.org\/it\/?s={search_term_string}\"},\"query-input\":{\"@type\":\"PropertyValueSpecification\",\"valueRequired\":true,\"valueName\":\"search_term_string\"}}],\"inLanguage\":\"it-IT\"},{\"@type\":\"Person\",\"@id\":\"https:\/\/www.fondazionepirelli.org\/it\/#\/schema\/person\/f47d097000832c4a6e54538c791fdf25\",\"name\":\"fondadmin\",\"image\":{\"@type\":\"ImageObject\",\"inLanguage\":\"it-IT\",\"@id\":\"https:\/\/www.fondazionepirelli.org\/it\/#\/schema\/person\/image\/\",\"url\":\"https:\/\/secure.gravatar.com\/avatar\/e69498a9175ca244966e51e53c88712c024fcebe41f9a05f75657f1bb25e489b?s=96&d=mm&r=g\",\"contentUrl\":\"https:\/\/secure.gravatar.com\/avatar\/e69498a9175ca244966e51e53c88712c024fcebe41f9a05f75657f1bb25e489b?s=96&d=mm&r=g\",\"caption\":\"fondadmin\"},\"url\":\"https:\/\/www.fondazionepirelli.org\/it\/author\/fondadmin\/\"}]}<\/script>\n<!-- \/ Yoast SEO plugin. -->","yoast_head_json":{"title":"Concorrenza e cultura d\u2019impresa - Fondazione Pirelli","robots":{"index":"index","follow":"follow","max-snippet":"max-snippet:-1","max-image-preview":"max-image-preview:large","max-video-preview":"max-video-preview:-1"},"canonical":"https:\/\/www.fondazionepirelli.org\/it\/cultura-dimpresa\/concorrenza-e-cultura-dimpresa\/","og_locale":"it_IT","og_type":"article","og_title":"Concorrenza e cultura d\u2019impresa - Fondazione Pirelli","og_description":"Una ampia ricerca promossa da Banca d\u2019Italia analizza l\u2019evoluzione del concetto di concorrenza, le sue implicazioni nel tempo e le sue relazioni con la cultura e la crescita delle imprese Le imprese crescono e la loro cultura si evolve se entrambe &#8211; imprese e cultura -, sono sottoposte a stimoli e spinte che rendano viva [&hellip;]","og_url":"https:\/\/127.0.0.1\/it\/cultura-dimpresa\/concorrenza-e-cultura-dimpresa\/","og_site_name":"Fondazione Pirelli","article_published_time":"2017-02-21T00:00:00+00:00","article_modified_time":"2019-05-09T10:28:47+00:00","og_image":[{"width":780,"height":1200,"url":"https:\/\/wpsite-assets.fondazionepirelli.org\/wp-content\/uploads\/2019\/05\/20101318\/71aYfacjIXL.jpg","type":"image\/jpeg"}],"author":"fondadmin","twitter_card":"summary_large_image","twitter_misc":{"Scritto da":"fondadmin","Tempo di lettura stimato":"3 minuti"},"schema":{"@context":"https:\/\/schema.org","@graph":[{"@type":"WebPage","@id":"https:\/\/127.0.0.1\/it\/cultura-dimpresa\/concorrenza-e-cultura-dimpresa\/","url":"https:\/\/127.0.0.1\/it\/cultura-dimpresa\/concorrenza-e-cultura-dimpresa\/","name":"Concorrenza e cultura d\u2019impresa - Fondazione Pirelli","isPartOf":{"@id":"https:\/\/www.fondazionepirelli.org\/it\/#website"},"primaryImageOfPage":{"@id":"https:\/\/127.0.0.1\/it\/cultura-dimpresa\/concorrenza-e-cultura-dimpresa\/#primaryimage"},"image":{"@id":"https:\/\/127.0.0.1\/it\/cultura-dimpresa\/concorrenza-e-cultura-dimpresa\/#primaryimage"},"thumbnailUrl":"https:\/\/wpsite-assets.fondazionepirelli.org\/wp-content\/uploads\/2019\/05\/20101318\/71aYfacjIXL.jpg","datePublished":"2017-02-21T00:00:00+00:00","dateModified":"2019-05-09T10:28:47+00:00","author":{"@id":"https:\/\/www.fondazionepirelli.org\/it\/#\/schema\/person\/f47d097000832c4a6e54538c791fdf25"},"breadcrumb":{"@id":"https:\/\/127.0.0.1\/it\/cultura-dimpresa\/concorrenza-e-cultura-dimpresa\/#breadcrumb"},"inLanguage":"it-IT","potentialAction":[{"@type":"ReadAction","target":["https:\/\/127.0.0.1\/it\/cultura-dimpresa\/concorrenza-e-cultura-dimpresa\/"]}]},{"@type":"ImageObject","inLanguage":"it-IT","@id":"https:\/\/127.0.0.1\/it\/cultura-dimpresa\/concorrenza-e-cultura-dimpresa\/#primaryimage","url":"https:\/\/wpsite-assets.fondazionepirelli.org\/wp-content\/uploads\/2019\/05\/20101318\/71aYfacjIXL.jpg","contentUrl":"https:\/\/wpsite-assets.fondazionepirelli.org\/wp-content\/uploads\/2019\/05\/20101318\/71aYfacjIXL.jpg","width":780,"height":1200},{"@type":"BreadcrumbList","@id":"https:\/\/127.0.0.1\/it\/cultura-dimpresa\/concorrenza-e-cultura-dimpresa\/#breadcrumb","itemListElement":[{"@type":"ListItem","position":1,"name":"Home","item":"https:\/\/www.fondazionepirelli.org\/it\/"},{"@type":"ListItem","position":2,"name":"Concorrenza e cultura d\u2019impresa"}]},{"@type":"WebSite","@id":"https:\/\/www.fondazionepirelli.org\/it\/#website","url":"https:\/\/www.fondazionepirelli.org\/it\/","name":"Fondazione Pirelli","description":"","potentialAction":[{"@type":"SearchAction","target":{"@type":"EntryPoint","urlTemplate":"https:\/\/www.fondazionepirelli.org\/it\/?s={search_term_string}"},"query-input":{"@type":"PropertyValueSpecification","valueRequired":true,"valueName":"search_term_string"}}],"inLanguage":"it-IT"},{"@type":"Person","@id":"https:\/\/www.fondazionepirelli.org\/it\/#\/schema\/person\/f47d097000832c4a6e54538c791fdf25","name":"fondadmin","image":{"@type":"ImageObject","inLanguage":"it-IT","@id":"https:\/\/www.fondazionepirelli.org\/it\/#\/schema\/person\/image\/","url":"https:\/\/secure.gravatar.com\/avatar\/e69498a9175ca244966e51e53c88712c024fcebe41f9a05f75657f1bb25e489b?s=96&d=mm&r=g","contentUrl":"https:\/\/secure.gravatar.com\/avatar\/e69498a9175ca244966e51e53c88712c024fcebe41f9a05f75657f1bb25e489b?s=96&d=mm&r=g","caption":"fondadmin"},"url":"https:\/\/www.fondazionepirelli.org\/it\/author\/fondadmin\/"}]}},"_links":{"self":[{"href":"https:\/\/www.fondazionepirelli.org\/it\/wp-json\/wp\/v2\/posts\/51793\/"}],"collection":[{"href":"https:\/\/www.fondazionepirelli.org\/it\/wp-json\/wp\/v2\/posts\/"}],"about":[{"href":"https:\/\/www.fondazionepirelli.org\/it\/wp-json\/wp\/v2\/types\/post\/"}],"author":[{"embeddable":true,"href":"https:\/\/www.fondazionepirelli.org\/it\/wp-json\/wp\/v2\/users\/1\/"}],"replies":[{"embeddable":true,"href":"https:\/\/www.fondazionepirelli.org\/it\/wp-json\/wp\/v2\/comments\/?post=51793"}],"version-history":[{"count":1,"href":"https:\/\/www.fondazionepirelli.org\/it\/wp-json\/wp\/v2\/posts\/51793\/revisions\/"}],"predecessor-version":[{"id":53415,"href":"https:\/\/www.fondazionepirelli.org\/it\/wp-json\/wp\/v2\/posts\/51793\/revisions\/53415\/"}],"wp:featuredmedia":[{"embeddable":true,"href":"https:\/\/www.fondazionepirelli.org\/it\/wp-json\/wp\/v2\/media\/51794\/"}],"wp:attachment":[{"href":"https:\/\/www.fondazionepirelli.org\/it\/wp-json\/wp\/v2\/media\/?parent=51793"}],"wp:term":[{"taxonomy":"category","embeddable":true,"href":"https:\/\/www.fondazionepirelli.org\/it\/wp-json\/wp\/v2\/categories\/?post=51793"},{"taxonomy":"post_tag","embeddable":true,"href":"https:\/\/www.fondazionepirelli.org\/it\/wp-json\/wp\/v2\/tags\/?post=51793"}],"curies":[{"name":"wp","href":"https:\/\/api.w.org\/{rel}","templated":true}]}}