{"id":51796,"date":"2017-02-21T00:00:00","date_gmt":"2017-02-21T00:00:00","guid":{"rendered":"http:\/\/www.fondazionepirelli.org\/fondazione-pirelli\/le-nuove-mappe-della-geo-economia-e-la-memoria-di-bauman-matvejevic-e-kounellis-mediterraneo-e-ue-di-dialogo-e-politica\/"},"modified":"2019-05-30T16:21:42","modified_gmt":"2019-05-30T16:21:42","slug":"le-nuove-mappe-della-geo-economia-e-la-memoria-di-bauman-matvejevic-e-kounellis-mediterraneo-e-ue-di-dialogo-e-politica","status":"publish","type":"post","link":"https:\/\/www.fondazionepirelli.org\/it\/cultura-dimpresa\/le-nuove-mappe-della-geo-economia-e-la-memoria-di-bauman-matvejevic-e-kounellis-mediterraneo-e-ue-di-dialogo-e-politica\/","title":{"rendered":"Le nuove mappe della geo-economia e la memoria di Bauman, Matvejevic e Kounellis: Mediterraneo  e Ue di dialogo e politica"},"content":{"rendered":"<p>Peccato che i manager e gli imprenditori italiani leggano poco, troppo poco. Quattro su dieci, in media, non toccano un libro (la statistica \u00e8 dell\u2019<strong>AIE<\/strong>, l\u2019Associazione degli Editori, secondo cui il 39% dei dirigenti, manager e professionisti nei dodici mesi precedenti a un\u2019indagine, presentata nell\u2019ottobre 2015, non aveva preso in mano un volume, eccezion fatta per i testi tecnici). Peccato, per la qualit\u00e0 ma anche per l\u2019intensit\u00e0 della nostra crescita economica: in tempi di \u201ceconomia della conoscenza\u201d e di manifattura di qualit\u00e0 sono proprio le condizioni di un sofisticato \u201c<strong>sapere<\/strong>\u201d e \u201c<strong>saper fare<\/strong>\u201d a fare da cardini essenziali di competitivit\u00e0. Soprattutto in una controversa stagione in cui le mappe tradizionali degli investimenti e degli scambi, scritte sotto il segno della globalizzazione positiva, sono state stravolte dall\u2019affermarsi di neo-nazionalismi, sovranismi, protezionismi, scelte di muri e dazi, subculture di paure, esclusioni e chiusure. Tutto l\u2019opposto delle buone culture liberali del mercato. \u201cThe retreat of the global company\u201d, titolava alcune settimane fa \u201cThe Economist\u201d (28 gennaio), sottolineando che \u201cthe biggest business idea of the past three decades is in a deep trouble\u201d. Tempi di crisi, dunque, accentuati dalla Brexit e dai proclami del nuovo presidente Usa Donald Trump.<\/p>\n<p>E\u2019 affrettato, \u00e8 vero, dare per morta la globalizzazione. Di certo, economia e politica vanno radicalmente ripensate. E le relazioni tra paesi e popoli diversi, interpretate con criteri aggiornati, anche per governarle meglio. Servono, comunque, nuove mappe geografiche. E nuovi geografi.<\/p>\n<p>Nuovi? Geografi abili nel decrittare e descrivere le condizioni di un mondo in cambiamento, in contraddizione (<em>digital <\/em>e <em>big data<\/em>, <em>cloud computing<\/em> e scienza, cardini dell\u2019economia <em>hi tech<\/em>, sono fenomeni aperti, non sopportano barriere nazionali). Ma anche consapevoli che non c\u2019\u00e8 futuro, senza radici nella memoria. Non c\u2019\u00e8 coscienza dell\u2019identit\u00e0 in movimento, non c\u2019\u00e8 insomma storia, senza memoria critica (Pier Paolo Pasolini, \u201cScritti corsari\u201d, 1975: da rileggere).<\/p>\n<p><strong>Geografi<\/strong>, dunque, sensibili agli <strong>orizzonti<\/strong> delle trasformazioni. E ai maestri. La recente scomparsa di tre grandi uomini di cultura del Novecento stimola a prendere (o a riprendere) in mano le loro opere, a rimemorare la loro lezione.<\/p>\n<p>Quella di <strong>Zygmunt Bauman<\/strong>, per esempio, morto il 9 gennaio scorso e ricordato pochi giorni fa anche da Papa Francesco dialogando con gli studenti universitari di \u201cRoma Tre\u201d (Corriere della Sera, 18 febbraio): contro i rischi di un aggravarsi dell\u2019instabilit\u00e0 e dei limiti di una \u201csociet\u00e0 liquida\u201d che disgrega confini, riferimenti, relazioni sociali, il Papa insiste su lavoro e solidariet\u00e0, per contrastare \u201cun\u2019economia diventata anch\u2019essa liquida, senza consistenza\u201d. Il lavoro \u00e8 sicurezza, dignit\u00e0, futuro. Ed \u00e8 proprio questa la scommessa da sostenere. Puntando anche sul \u201cdialogo\u201d, l\u2019incontro tra culture, i vincoli solidali tra le persone. Tutti temi centrali, appunto, nella ricerca di Bauman. <strong>Concretezza<\/strong>, insiste il Papa, di fronte \u201calla violenza di societ\u00e0 anonime e liquide\u201d e ai rischi dell\u2019avvento di \u201cuna societ\u00e0 della morte del prossimo\u201d. Maggior impegno, ancora, \u201cad abbassare i toni, parlare meno e ascoltare di pi\u00f9\u201d.<\/p>\n<p>La seconda lezione da ricordare \u00e8 quella di <strong>Predrag Matvejevic<\/strong>, morto nella sua Zagabria il 2 febbraio. Geografo e storico esemplare, un vero maestro (ha insegnato anche all\u2019Universit\u00e0 di Roma e alla Sorbona di Parigi). E autore di uno straordinario \u201cBreviario mediterraneo\u201d, opera tra le pi\u00f9 importanti di tutto il Novecento, per raccontare, in un \u201csaggio poetico\u201d o \u201cpoema in prosa\u201d o \u201cromanzo sui luoghi\u201d (tre delle tante definizioni date dai critici), con la precisione documentale dei grandi storici alla Fernand Braudel e le capacit\u00e0 narrative dei migliori scrittori un Mediterraneo denso di miti e riti comuni\u00a0 (l\u2019ulivo, la vite, il pane), di viaggi e avventure (il mare dell\u2019Odissea), di commerci e conflitti. Un mediterraneo drammatico e poetico. In cui, nonostante tutto, qualcosa ha tenuto e ancora tiene: un\u2019attitudine al dialogo, anche nei momenti peggiori. Un Mediterraneo in cui nascono l\u2019Europa, la democrazia, l\u2019idea alta della politica.<\/p>\n<p>Ecco, la terza lezione. Sull\u2019essenzialit\u00e0 della politica, della buona politica. \u201cLa politica \u00e8 l\u2019unica maniera per capire gli altri e amarli\u201d, sosteneva <strong>Jannis Kounellis<\/strong>, morto il 16 febbraio a Roma (ieri, i funerali). Un grandissimo artista, Kounellis, non un politico. Greco d\u2019origine, italiano d\u2019adozione, cresciuto nei dinamici creativi anni Cinquanta e Sessanta (\u00e8 del 1967 la prima mostra che vede la nascita dell\u2019\u201darte povera\u201d di cui \u00e8 protagonista, con Pistoletto, Penone, i Merz, Fabro, Mondino, etc.). E internazionale per ispirazione e vocazione. Arte come territorio di segni forti di ricerca e innovazione, dramma e confronto, come strumento per un \u201crespiro insieme delle persone\u201d. Arte tutt\u2019altro che estranea \u201cai contesti\u201d. Arte e politica.<\/p>\n<p>Anche di lui, dunque, devono ricordarsi i <strong>nuovi geografi<\/strong>. Per scrivere le loro originali mappe. Magari su una tela di sacco sdrucita, su una lastra d\u2019acciaio macchiata di ruggine, su una parete grezza sporca di carbone. Alla Kounellis, appunto.<\/p>\n","protected":false},"excerpt":{"rendered":"<p>Peccato che i manager e gli imprenditori italiani leggano poco, troppo poco. Quattro su dieci, in media, non toccano un libro (la statistica \u00e8 dell\u2019AIE, l\u2019Associazione degli Editori, secondo cui il 39% dei dirigenti, manager e professionisti nei dodici mesi precedenti a un\u2019indagine, presentata nell\u2019ottobre 2015, non aveva preso in mano un volume, eccezion fatta [&hellip;]<\/p>\n","protected":false},"author":1,"featured_media":51797,"comment_status":"open","ping_status":"open","sticky":false,"template":"","format":"standard","meta":{"footnotes":""},"categories":[53,52],"tags":[],"class_list":["post-51796","post","type-post","status-publish","format-standard","has-post-thumbnail","hentry","category-blog","category-cultura-dimpresa"],"acf":[],"yoast_head":"<!-- This site is optimized with the Yoast SEO plugin v25.0 - https:\/\/yoast.com\/wordpress\/plugins\/seo\/ -->\n<title>Le nuove mappe della geo-economia e la memoria di Bauman, Matvejevic e Kounellis: Mediterraneo e Ue di dialogo e politica - Fondazione Pirelli<\/title>\n<meta name=\"robots\" content=\"index, follow, max-snippet:-1, max-image-preview:large, max-video-preview:-1\" \/>\n<link rel=\"canonical\" href=\"https:\/\/www.fondazionepirelli.org\/it\/cultura-dimpresa\/le-nuove-mappe-della-geo-economia-e-la-memoria-di-bauman-matvejevic-e-kounellis-mediterraneo-e-ue-di-dialogo-e-politica\/\" \/>\n<meta property=\"og:locale\" content=\"it_IT\" \/>\n<meta property=\"og:type\" content=\"article\" \/>\n<meta property=\"og:title\" content=\"Le nuove mappe della geo-economia e la memoria di Bauman, Matvejevic e Kounellis: Mediterraneo e Ue di dialogo e politica - Fondazione Pirelli\" \/>\n<meta property=\"og:description\" content=\"Peccato che i manager e gli imprenditori italiani leggano poco, troppo poco. Quattro su dieci, in media, non toccano un libro (la statistica \u00e8 dell\u2019AIE, l\u2019Associazione degli Editori, secondo cui il 39% dei dirigenti, manager e professionisti nei dodici mesi precedenti a un\u2019indagine, presentata nell\u2019ottobre 2015, non aveva preso in mano un volume, eccezion fatta [&hellip;]\" \/>\n<meta property=\"og:url\" content=\"https:\/\/127.0.0.1\/it\/cultura-dimpresa\/le-nuove-mappe-della-geo-economia-e-la-memoria-di-bauman-matvejevic-e-kounellis-mediterraneo-e-ue-di-dialogo-e-politica\/\" \/>\n<meta property=\"og:site_name\" content=\"Fondazione Pirelli\" \/>\n<meta property=\"article:published_time\" content=\"2017-02-21T00:00:00+00:00\" \/>\n<meta property=\"article:modified_time\" content=\"2019-05-30T16:21:42+00:00\" \/>\n<meta property=\"og:image\" content=\"https:\/\/wpsite-assets.fondazionepirelli.org\/wp-content\/uploads\/2019\/05\/20101317\/diageografo-g-150414.jpg\" \/>\n\t<meta property=\"og:image:width\" content=\"644\" \/>\n\t<meta property=\"og:image:height\" content=\"384\" \/>\n\t<meta property=\"og:image:type\" content=\"image\/jpeg\" \/>\n<meta name=\"author\" content=\"fondadmin\" \/>\n<meta name=\"twitter:card\" content=\"summary_large_image\" \/>\n<meta name=\"twitter:label1\" content=\"Scritto da\" \/>\n\t<meta name=\"twitter:data1\" content=\"fondadmin\" \/>\n\t<meta name=\"twitter:label2\" content=\"Tempo di lettura stimato\" \/>\n\t<meta name=\"twitter:data2\" content=\"4 minuti\" \/>\n<script type=\"application\/ld+json\" class=\"yoast-schema-graph\">{\"@context\":\"https:\/\/schema.org\",\"@graph\":[{\"@type\":\"WebPage\",\"@id\":\"https:\/\/127.0.0.1\/it\/cultura-dimpresa\/le-nuove-mappe-della-geo-economia-e-la-memoria-di-bauman-matvejevic-e-kounellis-mediterraneo-e-ue-di-dialogo-e-politica\/\",\"url\":\"https:\/\/127.0.0.1\/it\/cultura-dimpresa\/le-nuove-mappe-della-geo-economia-e-la-memoria-di-bauman-matvejevic-e-kounellis-mediterraneo-e-ue-di-dialogo-e-politica\/\",\"name\":\"Le nuove mappe della geo-economia e la memoria di Bauman, Matvejevic e Kounellis: Mediterraneo e Ue di dialogo e politica - Fondazione Pirelli\",\"isPartOf\":{\"@id\":\"https:\/\/www.fondazionepirelli.org\/it\/#website\"},\"primaryImageOfPage\":{\"@id\":\"https:\/\/127.0.0.1\/it\/cultura-dimpresa\/le-nuove-mappe-della-geo-economia-e-la-memoria-di-bauman-matvejevic-e-kounellis-mediterraneo-e-ue-di-dialogo-e-politica\/#primaryimage\"},\"image\":{\"@id\":\"https:\/\/127.0.0.1\/it\/cultura-dimpresa\/le-nuove-mappe-della-geo-economia-e-la-memoria-di-bauman-matvejevic-e-kounellis-mediterraneo-e-ue-di-dialogo-e-politica\/#primaryimage\"},\"thumbnailUrl\":\"https:\/\/wpsite-assets.fondazionepirelli.org\/wp-content\/uploads\/2019\/05\/20101317\/diageografo-g-150414.jpg\",\"datePublished\":\"2017-02-21T00:00:00+00:00\",\"dateModified\":\"2019-05-30T16:21:42+00:00\",\"author\":{\"@id\":\"https:\/\/www.fondazionepirelli.org\/it\/#\/schema\/person\/f47d097000832c4a6e54538c791fdf25\"},\"breadcrumb\":{\"@id\":\"https:\/\/127.0.0.1\/it\/cultura-dimpresa\/le-nuove-mappe-della-geo-economia-e-la-memoria-di-bauman-matvejevic-e-kounellis-mediterraneo-e-ue-di-dialogo-e-politica\/#breadcrumb\"},\"inLanguage\":\"it-IT\",\"potentialAction\":[{\"@type\":\"ReadAction\",\"target\":[\"https:\/\/127.0.0.1\/it\/cultura-dimpresa\/le-nuove-mappe-della-geo-economia-e-la-memoria-di-bauman-matvejevic-e-kounellis-mediterraneo-e-ue-di-dialogo-e-politica\/\"]}]},{\"@type\":\"ImageObject\",\"inLanguage\":\"it-IT\",\"@id\":\"https:\/\/127.0.0.1\/it\/cultura-dimpresa\/le-nuove-mappe-della-geo-economia-e-la-memoria-di-bauman-matvejevic-e-kounellis-mediterraneo-e-ue-di-dialogo-e-politica\/#primaryimage\",\"url\":\"https:\/\/wpsite-assets.fondazionepirelli.org\/wp-content\/uploads\/2019\/05\/20101317\/diageografo-g-150414.jpg\",\"contentUrl\":\"https:\/\/wpsite-assets.fondazionepirelli.org\/wp-content\/uploads\/2019\/05\/20101317\/diageografo-g-150414.jpg\",\"width\":644,\"height\":384},{\"@type\":\"BreadcrumbList\",\"@id\":\"https:\/\/127.0.0.1\/it\/cultura-dimpresa\/le-nuove-mappe-della-geo-economia-e-la-memoria-di-bauman-matvejevic-e-kounellis-mediterraneo-e-ue-di-dialogo-e-politica\/#breadcrumb\",\"itemListElement\":[{\"@type\":\"ListItem\",\"position\":1,\"name\":\"Home\",\"item\":\"https:\/\/www.fondazionepirelli.org\/it\/\"},{\"@type\":\"ListItem\",\"position\":2,\"name\":\"Le nuove mappe della geo-economia e la memoria di Bauman, Matvejevic e Kounellis: Mediterraneo e Ue di dialogo e politica\"}]},{\"@type\":\"WebSite\",\"@id\":\"https:\/\/www.fondazionepirelli.org\/it\/#website\",\"url\":\"https:\/\/www.fondazionepirelli.org\/it\/\",\"name\":\"Fondazione Pirelli\",\"description\":\"\",\"potentialAction\":[{\"@type\":\"SearchAction\",\"target\":{\"@type\":\"EntryPoint\",\"urlTemplate\":\"https:\/\/www.fondazionepirelli.org\/it\/?s={search_term_string}\"},\"query-input\":{\"@type\":\"PropertyValueSpecification\",\"valueRequired\":true,\"valueName\":\"search_term_string\"}}],\"inLanguage\":\"it-IT\"},{\"@type\":\"Person\",\"@id\":\"https:\/\/www.fondazionepirelli.org\/it\/#\/schema\/person\/f47d097000832c4a6e54538c791fdf25\",\"name\":\"fondadmin\",\"image\":{\"@type\":\"ImageObject\",\"inLanguage\":\"it-IT\",\"@id\":\"https:\/\/www.fondazionepirelli.org\/it\/#\/schema\/person\/image\/\",\"url\":\"https:\/\/secure.gravatar.com\/avatar\/e69498a9175ca244966e51e53c88712c024fcebe41f9a05f75657f1bb25e489b?s=96&d=mm&r=g\",\"contentUrl\":\"https:\/\/secure.gravatar.com\/avatar\/e69498a9175ca244966e51e53c88712c024fcebe41f9a05f75657f1bb25e489b?s=96&d=mm&r=g\",\"caption\":\"fondadmin\"},\"url\":\"https:\/\/www.fondazionepirelli.org\/it\/author\/fondadmin\/\"}]}<\/script>\n<!-- \/ Yoast SEO plugin. -->","yoast_head_json":{"title":"Le nuove mappe della geo-economia e la memoria di Bauman, Matvejevic e Kounellis: Mediterraneo e Ue di dialogo e politica - Fondazione Pirelli","robots":{"index":"index","follow":"follow","max-snippet":"max-snippet:-1","max-image-preview":"max-image-preview:large","max-video-preview":"max-video-preview:-1"},"canonical":"https:\/\/www.fondazionepirelli.org\/it\/cultura-dimpresa\/le-nuove-mappe-della-geo-economia-e-la-memoria-di-bauman-matvejevic-e-kounellis-mediterraneo-e-ue-di-dialogo-e-politica\/","og_locale":"it_IT","og_type":"article","og_title":"Le nuove mappe della geo-economia e la memoria di Bauman, Matvejevic e Kounellis: Mediterraneo e Ue di dialogo e politica - Fondazione Pirelli","og_description":"Peccato che i manager e gli imprenditori italiani leggano poco, troppo poco. Quattro su dieci, in media, non toccano un libro (la statistica \u00e8 dell\u2019AIE, l\u2019Associazione degli Editori, secondo cui il 39% dei dirigenti, manager e professionisti nei dodici mesi precedenti a un\u2019indagine, presentata nell\u2019ottobre 2015, non aveva preso in mano un volume, eccezion fatta [&hellip;]","og_url":"https:\/\/127.0.0.1\/it\/cultura-dimpresa\/le-nuove-mappe-della-geo-economia-e-la-memoria-di-bauman-matvejevic-e-kounellis-mediterraneo-e-ue-di-dialogo-e-politica\/","og_site_name":"Fondazione Pirelli","article_published_time":"2017-02-21T00:00:00+00:00","article_modified_time":"2019-05-30T16:21:42+00:00","og_image":[{"width":644,"height":384,"url":"https:\/\/wpsite-assets.fondazionepirelli.org\/wp-content\/uploads\/2019\/05\/20101317\/diageografo-g-150414.jpg","type":"image\/jpeg"}],"author":"fondadmin","twitter_card":"summary_large_image","twitter_misc":{"Scritto da":"fondadmin","Tempo di lettura stimato":"4 minuti"},"schema":{"@context":"https:\/\/schema.org","@graph":[{"@type":"WebPage","@id":"https:\/\/127.0.0.1\/it\/cultura-dimpresa\/le-nuove-mappe-della-geo-economia-e-la-memoria-di-bauman-matvejevic-e-kounellis-mediterraneo-e-ue-di-dialogo-e-politica\/","url":"https:\/\/127.0.0.1\/it\/cultura-dimpresa\/le-nuove-mappe-della-geo-economia-e-la-memoria-di-bauman-matvejevic-e-kounellis-mediterraneo-e-ue-di-dialogo-e-politica\/","name":"Le nuove mappe della geo-economia e la memoria di Bauman, Matvejevic e Kounellis: Mediterraneo e Ue di dialogo e politica - Fondazione Pirelli","isPartOf":{"@id":"https:\/\/www.fondazionepirelli.org\/it\/#website"},"primaryImageOfPage":{"@id":"https:\/\/127.0.0.1\/it\/cultura-dimpresa\/le-nuove-mappe-della-geo-economia-e-la-memoria-di-bauman-matvejevic-e-kounellis-mediterraneo-e-ue-di-dialogo-e-politica\/#primaryimage"},"image":{"@id":"https:\/\/127.0.0.1\/it\/cultura-dimpresa\/le-nuove-mappe-della-geo-economia-e-la-memoria-di-bauman-matvejevic-e-kounellis-mediterraneo-e-ue-di-dialogo-e-politica\/#primaryimage"},"thumbnailUrl":"https:\/\/wpsite-assets.fondazionepirelli.org\/wp-content\/uploads\/2019\/05\/20101317\/diageografo-g-150414.jpg","datePublished":"2017-02-21T00:00:00+00:00","dateModified":"2019-05-30T16:21:42+00:00","author":{"@id":"https:\/\/www.fondazionepirelli.org\/it\/#\/schema\/person\/f47d097000832c4a6e54538c791fdf25"},"breadcrumb":{"@id":"https:\/\/127.0.0.1\/it\/cultura-dimpresa\/le-nuove-mappe-della-geo-economia-e-la-memoria-di-bauman-matvejevic-e-kounellis-mediterraneo-e-ue-di-dialogo-e-politica\/#breadcrumb"},"inLanguage":"it-IT","potentialAction":[{"@type":"ReadAction","target":["https:\/\/127.0.0.1\/it\/cultura-dimpresa\/le-nuove-mappe-della-geo-economia-e-la-memoria-di-bauman-matvejevic-e-kounellis-mediterraneo-e-ue-di-dialogo-e-politica\/"]}]},{"@type":"ImageObject","inLanguage":"it-IT","@id":"https:\/\/127.0.0.1\/it\/cultura-dimpresa\/le-nuove-mappe-della-geo-economia-e-la-memoria-di-bauman-matvejevic-e-kounellis-mediterraneo-e-ue-di-dialogo-e-politica\/#primaryimage","url":"https:\/\/wpsite-assets.fondazionepirelli.org\/wp-content\/uploads\/2019\/05\/20101317\/diageografo-g-150414.jpg","contentUrl":"https:\/\/wpsite-assets.fondazionepirelli.org\/wp-content\/uploads\/2019\/05\/20101317\/diageografo-g-150414.jpg","width":644,"height":384},{"@type":"BreadcrumbList","@id":"https:\/\/127.0.0.1\/it\/cultura-dimpresa\/le-nuove-mappe-della-geo-economia-e-la-memoria-di-bauman-matvejevic-e-kounellis-mediterraneo-e-ue-di-dialogo-e-politica\/#breadcrumb","itemListElement":[{"@type":"ListItem","position":1,"name":"Home","item":"https:\/\/www.fondazionepirelli.org\/it\/"},{"@type":"ListItem","position":2,"name":"Le nuove mappe della geo-economia e la memoria di Bauman, Matvejevic e Kounellis: Mediterraneo e Ue di dialogo e politica"}]},{"@type":"WebSite","@id":"https:\/\/www.fondazionepirelli.org\/it\/#website","url":"https:\/\/www.fondazionepirelli.org\/it\/","name":"Fondazione Pirelli","description":"","potentialAction":[{"@type":"SearchAction","target":{"@type":"EntryPoint","urlTemplate":"https:\/\/www.fondazionepirelli.org\/it\/?s={search_term_string}"},"query-input":{"@type":"PropertyValueSpecification","valueRequired":true,"valueName":"search_term_string"}}],"inLanguage":"it-IT"},{"@type":"Person","@id":"https:\/\/www.fondazionepirelli.org\/it\/#\/schema\/person\/f47d097000832c4a6e54538c791fdf25","name":"fondadmin","image":{"@type":"ImageObject","inLanguage":"it-IT","@id":"https:\/\/www.fondazionepirelli.org\/it\/#\/schema\/person\/image\/","url":"https:\/\/secure.gravatar.com\/avatar\/e69498a9175ca244966e51e53c88712c024fcebe41f9a05f75657f1bb25e489b?s=96&d=mm&r=g","contentUrl":"https:\/\/secure.gravatar.com\/avatar\/e69498a9175ca244966e51e53c88712c024fcebe41f9a05f75657f1bb25e489b?s=96&d=mm&r=g","caption":"fondadmin"},"url":"https:\/\/www.fondazionepirelli.org\/it\/author\/fondadmin\/"}]}},"_links":{"self":[{"href":"https:\/\/www.fondazionepirelli.org\/it\/wp-json\/wp\/v2\/posts\/51796\/"}],"collection":[{"href":"https:\/\/www.fondazionepirelli.org\/it\/wp-json\/wp\/v2\/posts\/"}],"about":[{"href":"https:\/\/www.fondazionepirelli.org\/it\/wp-json\/wp\/v2\/types\/post\/"}],"author":[{"embeddable":true,"href":"https:\/\/www.fondazionepirelli.org\/it\/wp-json\/wp\/v2\/users\/1\/"}],"replies":[{"embeddable":true,"href":"https:\/\/www.fondazionepirelli.org\/it\/wp-json\/wp\/v2\/comments\/?post=51796"}],"version-history":[{"count":2,"href":"https:\/\/www.fondazionepirelli.org\/it\/wp-json\/wp\/v2\/posts\/51796\/revisions\/"}],"predecessor-version":[{"id":57050,"href":"https:\/\/www.fondazionepirelli.org\/it\/wp-json\/wp\/v2\/posts\/51796\/revisions\/57050\/"}],"wp:featuredmedia":[{"embeddable":true,"href":"https:\/\/www.fondazionepirelli.org\/it\/wp-json\/wp\/v2\/media\/51797\/"}],"wp:attachment":[{"href":"https:\/\/www.fondazionepirelli.org\/it\/wp-json\/wp\/v2\/media\/?parent=51796"}],"wp:term":[{"taxonomy":"category","embeddable":true,"href":"https:\/\/www.fondazionepirelli.org\/it\/wp-json\/wp\/v2\/categories\/?post=51796"},{"taxonomy":"post_tag","embeddable":true,"href":"https:\/\/www.fondazionepirelli.org\/it\/wp-json\/wp\/v2\/tags\/?post=51796"}],"curies":[{"name":"wp","href":"https:\/\/api.w.org\/{rel}","templated":true}]}}