{"id":51806,"date":"2017-02-14T00:00:00","date_gmt":"2017-02-14T00:00:00","guid":{"rendered":"http:\/\/www.fondazionepirelli.org\/fondazione-pirelli\/come-nasce-un-uomo-dimpresa\/"},"modified":"2019-05-09T10:21:57","modified_gmt":"2019-05-09T10:21:57","slug":"come-nasce-un-uomo-dimpresa","status":"publish","type":"post","link":"https:\/\/www.fondazionepirelli.org\/it\/cultura-dimpresa\/come-nasce-un-uomo-dimpresa\/","title":{"rendered":"Come nasce un uomo d\u2019impresa"},"content":{"rendered":"<p><em>Appena pubblicata una nuova biografia di Adriano Olivetti che esplora la formazione e lo sviluppo della sua originale concezione di fabbrica e di comunit\u00e0<\/em><\/p>\n<p>E\u2019 importante capire come nascono le idee e poi come queste crescono e si sviluppano, fino ad arrivare a delinearne il percorso finale. Atteggiamento che vale anche per le imprese e i loro protagonisti. Quando poi fare impresa e anche fare cultura, allora la storia delle idee si fonde con avventure umane e culturali di prim\u2019ordine. E\u2019 il caso della vicenda di Adriano Olivetti e della Olivetti. Storia raccontata mille volte e sempre da raccontare. Ma storia che ogni volta suggerisce nuovi aspetti da narrare e che pu\u00f2 insegnare ancora molto a chi l\u2019apprende.<\/p>\n<p>Del tema \u2013 colto da un profilo particolare -, si \u00e8 occupato Marco Maffioletti che ha scritto \u201cL\u2019impresa ideale tra fabbrica e comunit\u00e0. Una biografia intellettuale di Adriano Olivetti\u201d. Si tratta di un bel libro che racconta della vita d\u2019impresa e culturale di Adriano Olivetti basandosi su quanto \u00e8 gi\u00e0 stato pubblicato e da un esame di libri e carte di propriet\u00e0 dello stesso Adriano.<\/p>\n<p>Il testo ha un\u2019organizzazione semplice, una scansione in pochi passi quasi elementare della vicenda: come nasce un\u2019idea, come sviluppare un\u2019idea, come realizzare un\u2019idea, come finisce un\u2019idea. L\u2019attenzione \u00e8 per\u00f2 quasi tutta puntata sugli anni giovanili di Adriano, quelli della sua formazione prima e della formazione dell\u2019idea alla base di quanto progettato e sviluppato successivamente. Vengono cos\u00ec raccontati la famiglia e le prime visioni del mondo, i lineamenti di un\u2019impresa che produce non solo oggetti ma anche cultura, i legami con il territorio, la nascita di una particolare concezione delle relazioni fra fabbrica e sistema sociale, i contrasti con una societ\u00e0 (siamo negli anni \u201920 e poi \u201930-\u201940) prima ostica e avversa \u00a0e poi (dopo la guerra) difficile da capire e lontana. Si delinea il Movimento di Comunit\u00e0.<\/p>\n<p>Le oltre quattrocento pagine di racconto scorrono via quasi lievi, anche se affrontano momenti complicati nella vita di un\u2019impresa importante e di un uomo complesso. La fatica di analisi e di sintesi di Maffioletti lascia aperti molti spazi d\u2019indagine e di apprendimento, proprio per questo \u00e8 da leggere fino in fondo.<\/p><p><strong>L\u2019impresa ideale tra fabbrica e comunit\u00e0. Una biografia intellettuale di Adriano Olivetti<\/strong><\/p>\n<p>Marco Maffioletti<\/p>\n<p>Fondazione Adriano Olivetti, Edizioni di Comunit\u00e0, 2016<\/p>","protected":false},"excerpt":{"rendered":"<p>Appena pubblicata una nuova biografia di Adriano Olivetti che esplora la formazione e lo sviluppo della sua originale concezione di fabbrica e di comunit\u00e0 E\u2019 importante capire come nascono le idee e poi come queste crescono e si sviluppano, fino ad arrivare a delinearne il percorso finale. Atteggiamento che vale anche per le imprese e [&hellip;]<\/p>\n","protected":false},"author":1,"featured_media":51807,"comment_status":"open","ping_status":"open","sticky":false,"template":"","format":"standard","meta":{"footnotes":""},"categories":[52,58],"tags":[],"class_list":["post-51806","post","type-post","status-publish","format-standard","has-post-thumbnail","hentry","category-cultura-dimpresa","category-recensioni-libri"],"acf":[],"yoast_head":"<!-- This site is optimized with the Yoast SEO plugin v25.0 - https:\/\/yoast.com\/wordpress\/plugins\/seo\/ -->\n<title>Come nasce un uomo d\u2019impresa - Fondazione Pirelli<\/title>\n<meta name=\"robots\" content=\"index, follow, max-snippet:-1, max-image-preview:large, max-video-preview:-1\" \/>\n<link rel=\"canonical\" href=\"https:\/\/www.fondazionepirelli.org\/it\/cultura-dimpresa\/come-nasce-un-uomo-dimpresa\/\" \/>\n<meta property=\"og:locale\" content=\"it_IT\" \/>\n<meta property=\"og:type\" content=\"article\" \/>\n<meta property=\"og:title\" content=\"Come nasce un uomo d\u2019impresa - Fondazione Pirelli\" \/>\n<meta property=\"og:description\" content=\"Appena pubblicata una nuova biografia di Adriano Olivetti che esplora la formazione e lo sviluppo della sua originale concezione di fabbrica e di comunit\u00e0 E\u2019 importante capire come nascono le idee e poi come queste crescono e si sviluppano, fino ad arrivare a delinearne il percorso finale. Atteggiamento che vale anche per le imprese e [&hellip;]\" \/>\n<meta property=\"og:url\" content=\"https:\/\/127.0.0.1\/it\/cultura-dimpresa\/come-nasce-un-uomo-dimpresa\/\" \/>\n<meta property=\"og:site_name\" content=\"Fondazione Pirelli\" \/>\n<meta property=\"article:published_time\" content=\"2017-02-14T00:00:00+00:00\" \/>\n<meta property=\"article:modified_time\" content=\"2019-05-09T10:21:57+00:00\" \/>\n<meta property=\"og:image\" content=\"https:\/\/wpsite-assets.fondazionepirelli.org\/wp-content\/uploads\/2019\/05\/20101315\/122316132004Tesi-Marco-Maffioletti-1-3.jpg\" \/>\n\t<meta property=\"og:image:width\" content=\"345\" \/>\n\t<meta property=\"og:image:height\" content=\"400\" \/>\n\t<meta property=\"og:image:type\" content=\"image\/jpeg\" \/>\n<meta name=\"author\" content=\"fondadmin\" \/>\n<meta name=\"twitter:card\" content=\"summary_large_image\" \/>\n<meta name=\"twitter:label1\" content=\"Scritto da\" \/>\n\t<meta name=\"twitter:data1\" content=\"fondadmin\" \/>\n\t<meta name=\"twitter:label2\" content=\"Tempo di lettura stimato\" \/>\n\t<meta name=\"twitter:data2\" content=\"2 minuti\" \/>\n<script type=\"application\/ld+json\" class=\"yoast-schema-graph\">{\"@context\":\"https:\/\/schema.org\",\"@graph\":[{\"@type\":\"WebPage\",\"@id\":\"https:\/\/127.0.0.1\/it\/cultura-dimpresa\/come-nasce-un-uomo-dimpresa\/\",\"url\":\"https:\/\/127.0.0.1\/it\/cultura-dimpresa\/come-nasce-un-uomo-dimpresa\/\",\"name\":\"Come nasce un uomo d\u2019impresa - Fondazione Pirelli\",\"isPartOf\":{\"@id\":\"https:\/\/www.fondazionepirelli.org\/it\/#website\"},\"primaryImageOfPage\":{\"@id\":\"https:\/\/127.0.0.1\/it\/cultura-dimpresa\/come-nasce-un-uomo-dimpresa\/#primaryimage\"},\"image\":{\"@id\":\"https:\/\/127.0.0.1\/it\/cultura-dimpresa\/come-nasce-un-uomo-dimpresa\/#primaryimage\"},\"thumbnailUrl\":\"https:\/\/wpsite-assets.fondazionepirelli.org\/wp-content\/uploads\/2019\/05\/20101315\/122316132004Tesi-Marco-Maffioletti-1-3.jpg\",\"datePublished\":\"2017-02-14T00:00:00+00:00\",\"dateModified\":\"2019-05-09T10:21:57+00:00\",\"author\":{\"@id\":\"https:\/\/www.fondazionepirelli.org\/it\/#\/schema\/person\/f47d097000832c4a6e54538c791fdf25\"},\"breadcrumb\":{\"@id\":\"https:\/\/127.0.0.1\/it\/cultura-dimpresa\/come-nasce-un-uomo-dimpresa\/#breadcrumb\"},\"inLanguage\":\"it-IT\",\"potentialAction\":[{\"@type\":\"ReadAction\",\"target\":[\"https:\/\/127.0.0.1\/it\/cultura-dimpresa\/come-nasce-un-uomo-dimpresa\/\"]}]},{\"@type\":\"ImageObject\",\"inLanguage\":\"it-IT\",\"@id\":\"https:\/\/127.0.0.1\/it\/cultura-dimpresa\/come-nasce-un-uomo-dimpresa\/#primaryimage\",\"url\":\"https:\/\/wpsite-assets.fondazionepirelli.org\/wp-content\/uploads\/2019\/05\/20101315\/122316132004Tesi-Marco-Maffioletti-1-3.jpg\",\"contentUrl\":\"https:\/\/wpsite-assets.fondazionepirelli.org\/wp-content\/uploads\/2019\/05\/20101315\/122316132004Tesi-Marco-Maffioletti-1-3.jpg\",\"width\":345,\"height\":400,\"caption\":\"|||\"},{\"@type\":\"BreadcrumbList\",\"@id\":\"https:\/\/127.0.0.1\/it\/cultura-dimpresa\/come-nasce-un-uomo-dimpresa\/#breadcrumb\",\"itemListElement\":[{\"@type\":\"ListItem\",\"position\":1,\"name\":\"Home\",\"item\":\"https:\/\/www.fondazionepirelli.org\/it\/\"},{\"@type\":\"ListItem\",\"position\":2,\"name\":\"Come nasce un uomo d\u2019impresa\"}]},{\"@type\":\"WebSite\",\"@id\":\"https:\/\/www.fondazionepirelli.org\/it\/#website\",\"url\":\"https:\/\/www.fondazionepirelli.org\/it\/\",\"name\":\"Fondazione Pirelli\",\"description\":\"\",\"potentialAction\":[{\"@type\":\"SearchAction\",\"target\":{\"@type\":\"EntryPoint\",\"urlTemplate\":\"https:\/\/www.fondazionepirelli.org\/it\/?s={search_term_string}\"},\"query-input\":{\"@type\":\"PropertyValueSpecification\",\"valueRequired\":true,\"valueName\":\"search_term_string\"}}],\"inLanguage\":\"it-IT\"},{\"@type\":\"Person\",\"@id\":\"https:\/\/www.fondazionepirelli.org\/it\/#\/schema\/person\/f47d097000832c4a6e54538c791fdf25\",\"name\":\"fondadmin\",\"image\":{\"@type\":\"ImageObject\",\"inLanguage\":\"it-IT\",\"@id\":\"https:\/\/www.fondazionepirelli.org\/it\/#\/schema\/person\/image\/\",\"url\":\"https:\/\/secure.gravatar.com\/avatar\/e69498a9175ca244966e51e53c88712c024fcebe41f9a05f75657f1bb25e489b?s=96&d=mm&r=g\",\"contentUrl\":\"https:\/\/secure.gravatar.com\/avatar\/e69498a9175ca244966e51e53c88712c024fcebe41f9a05f75657f1bb25e489b?s=96&d=mm&r=g\",\"caption\":\"fondadmin\"},\"url\":\"https:\/\/www.fondazionepirelli.org\/it\/author\/fondadmin\/\"}]}<\/script>\n<!-- \/ Yoast SEO plugin. -->","yoast_head_json":{"title":"Come nasce un uomo d\u2019impresa - Fondazione Pirelli","robots":{"index":"index","follow":"follow","max-snippet":"max-snippet:-1","max-image-preview":"max-image-preview:large","max-video-preview":"max-video-preview:-1"},"canonical":"https:\/\/www.fondazionepirelli.org\/it\/cultura-dimpresa\/come-nasce-un-uomo-dimpresa\/","og_locale":"it_IT","og_type":"article","og_title":"Come nasce un uomo d\u2019impresa - Fondazione Pirelli","og_description":"Appena pubblicata una nuova biografia di Adriano Olivetti che esplora la formazione e lo sviluppo della sua originale concezione di fabbrica e di comunit\u00e0 E\u2019 importante capire come nascono le idee e poi come queste crescono e si sviluppano, fino ad arrivare a delinearne il percorso finale. Atteggiamento che vale anche per le imprese e [&hellip;]","og_url":"https:\/\/127.0.0.1\/it\/cultura-dimpresa\/come-nasce-un-uomo-dimpresa\/","og_site_name":"Fondazione Pirelli","article_published_time":"2017-02-14T00:00:00+00:00","article_modified_time":"2019-05-09T10:21:57+00:00","og_image":[{"width":345,"height":400,"url":"https:\/\/wpsite-assets.fondazionepirelli.org\/wp-content\/uploads\/2019\/05\/20101315\/122316132004Tesi-Marco-Maffioletti-1-3.jpg","type":"image\/jpeg"}],"author":"fondadmin","twitter_card":"summary_large_image","twitter_misc":{"Scritto da":"fondadmin","Tempo di lettura stimato":"2 minuti"},"schema":{"@context":"https:\/\/schema.org","@graph":[{"@type":"WebPage","@id":"https:\/\/127.0.0.1\/it\/cultura-dimpresa\/come-nasce-un-uomo-dimpresa\/","url":"https:\/\/127.0.0.1\/it\/cultura-dimpresa\/come-nasce-un-uomo-dimpresa\/","name":"Come nasce un uomo d\u2019impresa - Fondazione Pirelli","isPartOf":{"@id":"https:\/\/www.fondazionepirelli.org\/it\/#website"},"primaryImageOfPage":{"@id":"https:\/\/127.0.0.1\/it\/cultura-dimpresa\/come-nasce-un-uomo-dimpresa\/#primaryimage"},"image":{"@id":"https:\/\/127.0.0.1\/it\/cultura-dimpresa\/come-nasce-un-uomo-dimpresa\/#primaryimage"},"thumbnailUrl":"https:\/\/wpsite-assets.fondazionepirelli.org\/wp-content\/uploads\/2019\/05\/20101315\/122316132004Tesi-Marco-Maffioletti-1-3.jpg","datePublished":"2017-02-14T00:00:00+00:00","dateModified":"2019-05-09T10:21:57+00:00","author":{"@id":"https:\/\/www.fondazionepirelli.org\/it\/#\/schema\/person\/f47d097000832c4a6e54538c791fdf25"},"breadcrumb":{"@id":"https:\/\/127.0.0.1\/it\/cultura-dimpresa\/come-nasce-un-uomo-dimpresa\/#breadcrumb"},"inLanguage":"it-IT","potentialAction":[{"@type":"ReadAction","target":["https:\/\/127.0.0.1\/it\/cultura-dimpresa\/come-nasce-un-uomo-dimpresa\/"]}]},{"@type":"ImageObject","inLanguage":"it-IT","@id":"https:\/\/127.0.0.1\/it\/cultura-dimpresa\/come-nasce-un-uomo-dimpresa\/#primaryimage","url":"https:\/\/wpsite-assets.fondazionepirelli.org\/wp-content\/uploads\/2019\/05\/20101315\/122316132004Tesi-Marco-Maffioletti-1-3.jpg","contentUrl":"https:\/\/wpsite-assets.fondazionepirelli.org\/wp-content\/uploads\/2019\/05\/20101315\/122316132004Tesi-Marco-Maffioletti-1-3.jpg","width":345,"height":400,"caption":"|||"},{"@type":"BreadcrumbList","@id":"https:\/\/127.0.0.1\/it\/cultura-dimpresa\/come-nasce-un-uomo-dimpresa\/#breadcrumb","itemListElement":[{"@type":"ListItem","position":1,"name":"Home","item":"https:\/\/www.fondazionepirelli.org\/it\/"},{"@type":"ListItem","position":2,"name":"Come nasce un uomo d\u2019impresa"}]},{"@type":"WebSite","@id":"https:\/\/www.fondazionepirelli.org\/it\/#website","url":"https:\/\/www.fondazionepirelli.org\/it\/","name":"Fondazione Pirelli","description":"","potentialAction":[{"@type":"SearchAction","target":{"@type":"EntryPoint","urlTemplate":"https:\/\/www.fondazionepirelli.org\/it\/?s={search_term_string}"},"query-input":{"@type":"PropertyValueSpecification","valueRequired":true,"valueName":"search_term_string"}}],"inLanguage":"it-IT"},{"@type":"Person","@id":"https:\/\/www.fondazionepirelli.org\/it\/#\/schema\/person\/f47d097000832c4a6e54538c791fdf25","name":"fondadmin","image":{"@type":"ImageObject","inLanguage":"it-IT","@id":"https:\/\/www.fondazionepirelli.org\/it\/#\/schema\/person\/image\/","url":"https:\/\/secure.gravatar.com\/avatar\/e69498a9175ca244966e51e53c88712c024fcebe41f9a05f75657f1bb25e489b?s=96&d=mm&r=g","contentUrl":"https:\/\/secure.gravatar.com\/avatar\/e69498a9175ca244966e51e53c88712c024fcebe41f9a05f75657f1bb25e489b?s=96&d=mm&r=g","caption":"fondadmin"},"url":"https:\/\/www.fondazionepirelli.org\/it\/author\/fondadmin\/"}]}},"_links":{"self":[{"href":"https:\/\/www.fondazionepirelli.org\/it\/wp-json\/wp\/v2\/posts\/51806\/"}],"collection":[{"href":"https:\/\/www.fondazionepirelli.org\/it\/wp-json\/wp\/v2\/posts\/"}],"about":[{"href":"https:\/\/www.fondazionepirelli.org\/it\/wp-json\/wp\/v2\/types\/post\/"}],"author":[{"embeddable":true,"href":"https:\/\/www.fondazionepirelli.org\/it\/wp-json\/wp\/v2\/users\/1\/"}],"replies":[{"embeddable":true,"href":"https:\/\/www.fondazionepirelli.org\/it\/wp-json\/wp\/v2\/comments\/?post=51806"}],"version-history":[{"count":1,"href":"https:\/\/www.fondazionepirelli.org\/it\/wp-json\/wp\/v2\/posts\/51806\/revisions\/"}],"predecessor-version":[{"id":53406,"href":"https:\/\/www.fondazionepirelli.org\/it\/wp-json\/wp\/v2\/posts\/51806\/revisions\/53406\/"}],"wp:featuredmedia":[{"embeddable":true,"href":"https:\/\/www.fondazionepirelli.org\/it\/wp-json\/wp\/v2\/media\/51807\/"}],"wp:attachment":[{"href":"https:\/\/www.fondazionepirelli.org\/it\/wp-json\/wp\/v2\/media\/?parent=51806"}],"wp:term":[{"taxonomy":"category","embeddable":true,"href":"https:\/\/www.fondazionepirelli.org\/it\/wp-json\/wp\/v2\/categories\/?post=51806"},{"taxonomy":"post_tag","embeddable":true,"href":"https:\/\/www.fondazionepirelli.org\/it\/wp-json\/wp\/v2\/tags\/?post=51806"}],"curies":[{"name":"wp","href":"https:\/\/api.w.org\/{rel}","templated":true}]}}